{"id":20122,"date":"2025-06-25T09:45:12","date_gmt":"2025-06-25T12:45:12","guid":{"rendered":"https:\/\/capivari.sp.gov.br\/portal\/?p=20122"},"modified":"2025-06-25T09:45:27","modified_gmt":"2025-06-25T12:45:27","slug":"capivari-registra-a-menor-temperatura-do-ano-com-04c-nesta-quarta-feira","status":"publish","type":"post","link":"https:\/\/capivari.sp.gov.br\/portal\/capivari-registra-a-menor-temperatura-do-ano-com-04c-nesta-quarta-feira\/","title":{"rendered":"Capivari registra a menor temperatura do ano com 0,4\u00b0C nesta quarta-feira"},"content":{"rendered":"<p><span style=\"font-family: Arial, sans-serif;\"><span style=\"font-size: large;\">A cidade de Capivari registrou na manh\u00e3 desta quarta-feira (25), a menor temperatura de 2025. De acordo com dados da esta\u00e7\u00e3o meteorol\u00f3gica do Centro Integrado de Informa\u00e7\u00f5es Agrometeorol\u00f3gicas (CIIAGRO), instalada nas depend\u00eancias da Canacap, os term\u00f4metros marcaram 0,4\u00b0C \u00e0s 7h da manh\u00e3.<\/span><\/span><\/p>\n<p>A m\u00e9dia das \u00faltimas 24 horas na cidade foi de m\u00ednima de 0,4\u00b0C e m\u00e1xima de 20\u00b0C, confirmando a previs\u00e3o divulgada no in\u00edcio da semana pela Defesa Civil do Estado de S\u00e3o Paulo. Segundo o \u00f3rg\u00e3o, a atua\u00e7\u00e3o de uma massa de ar polar entre os dias 24 e 25 provocaria uma queda acentuada de temperatura na Regi\u00e3o de Campinas, da qual Capivari pertence. A previs\u00e3o inicial indicava m\u00ednimas na casa dos 7\u00b0C, mas os registros foram ainda mais baixos.<\/p>\n<p>Diante das baixas temperaturas, a Prefeitura de Capivari refor\u00e7a a import\u00e2ncia de cuidados redobrados com os p\u00fablicos mais vulner\u00e1veis, como idosos, crian\u00e7as e pessoas em situa\u00e7\u00e3o de rua. A orienta\u00e7\u00e3o \u00e9 manter-se agasalhado, evitar exposi\u00e7\u00e3o prolongada ao frio intenso e colaborar com a rede de prote\u00e7\u00e3o social da cidade sempre que necess\u00e1rio.<\/p>\n<p>A Defesa Civil de Capivari permanece em alerta e pode ser acionada a qualquer momento pelo telefone 153, dispon\u00edvel 24 horas por dia, sete dias por semana. A popula\u00e7\u00e3o tamb\u00e9m pode utilizar o aplicativo \u201c153 Capivari\u201d, dispon\u00edvel para download gratuito em dispositivos Android e iOS. J\u00e1 o Corpo de Bombeiros pode ser contatado pelo n\u00famero 193, em caso de emerg\u00eancias.<\/p>\n<p>A Prefeitura segue monitorando as condi\u00e7\u00f5es clim\u00e1ticas e manter\u00e1 a popula\u00e7\u00e3o informada sobre qualquer nova mudan\u00e7a nas temperaturas nos pr\u00f3ximos dias.<\/p>\n","protected":false},"excerpt":{"rendered":"<p>A cidade de Capivari registrou na manh\u00e3 desta quarta-feira (25), a menor temperatura de 2025. De acordo com dados da esta\u00e7\u00e3o meteorol\u00f3gica do Centro Integrado de Informa\u00e7\u00f5es Agrometeorol\u00f3gicas (CIIAGRO), instalada nas depend\u00eancias da Canacap, os term\u00f4metros marcaram 0,4\u00b0C \u00e0s 7h da manh\u00e3. A m\u00e9dia das \u00faltimas 24 horas na cidade foi de m\u00ednima de 0,4\u00b0C [&hellip;]<\/p>\n","protected":false},"author":15,"featured_media":20123,"comment_status":"open","ping_status":"open","sticky":false,"template":"","format":"standard","meta":{"ocean_post_layout":"","ocean_both_sidebars_style":"","ocean_both_sidebars_content_width":0,"ocean_both_sidebars_sidebars_width":0,"ocean_sidebar":"","ocean_second_sidebar":"","ocean_disable_margins":"enable","ocean_add_body_class":"","ocean_shortcode_before_top_bar":"","ocean_shortcode_after_top_bar":"","ocean_shortcode_before_header":"","ocean_shortcode_after_header":"","ocean_has_shortcode":"","ocean_shortcode_after_title":"","ocean_shortcode_before_footer_widgets":"","ocean_shortcode_after_footer_widgets":"","ocean_shortcode_before_footer_bottom":"","ocean_shortcode_after_footer_bottom":"","ocean_display_top_bar":"default","ocean_display_header":"default","ocean_header_style":"","ocean_center_header_left_menu":"","ocean_custom_header_template":"","ocean_custom_logo":0,"ocean_custom_retina_logo":0,"ocean_custom_logo_max_width":0,"ocean_custom_logo_tablet_max_width":0,"ocean_custom_logo_mobile_max_width":0,"ocean_custom_logo_max_height":0,"ocean_custom_logo_tablet_max_height":0,"ocean_custom_logo_mobile_max_height":0,"ocean_header_custom_menu":"","ocean_menu_typo_font_family":"","ocean_menu_typo_font_subset":"","ocean_menu_typo_font_size":0,"ocean_menu_typo_font_size_tablet":0,"ocean_menu_typo_font_size_mobile":0,"ocean_menu_typo_font_size_unit":"px","ocean_menu_typo_font_weight":"","ocean_menu_typo_font_weight_tablet":"","ocean_menu_typo_font_weight_mobile":"","ocean_menu_typo_transform":"","ocean_menu_typo_transform_tablet":"","ocean_menu_typo_transform_mobile":"","ocean_menu_typo_line_height":0,"ocean_menu_typo_line_height_tablet":0,"ocean_menu_typo_line_height_mobile":0,"ocean_menu_typo_line_height_unit":"","ocean_menu_typo_spacing":0,"ocean_menu_typo_spacing_tablet":0,"ocean_menu_typo_spacing_mobile":0,"ocean_menu_typo_spacing_unit":"","ocean_menu_link_color":"","ocean_menu_link_color_hover":"","ocean_menu_link_color_active":"","ocean_menu_link_background":"","ocean_menu_link_hover_background":"","ocean_menu_link_active_background":"","ocean_menu_social_links_bg":"","ocean_menu_social_hover_links_bg":"","ocean_menu_social_links_color":"","ocean_menu_social_hover_links_color":"","ocean_disable_title":"default","ocean_disable_heading":"default","ocean_post_title":"","ocean_post_subheading":"","ocean_post_title_style":"","ocean_post_title_background_color":"","ocean_post_title_background":0,"ocean_post_title_bg_image_position":"","ocean_post_title_bg_image_attachment":"","ocean_post_title_bg_image_repeat":"","ocean_post_title_bg_image_size":"","ocean_post_title_height":0,"ocean_post_title_bg_overlay":0.5,"ocean_post_title_bg_overlay_color":"","ocean_disable_breadcrumbs":"default","ocean_breadcrumbs_color":"","ocean_breadcrumbs_separator_color":"","ocean_breadcrumbs_links_color":"","ocean_breadcrumbs_links_hover_color":"","ocean_display_footer_widgets":"default","ocean_display_footer_bottom":"default","ocean_custom_footer_template":"","ocean_post_oembed":"","ocean_post_self_hosted_media":"","ocean_post_video_embed":"","ocean_link_format":"","ocean_link_format_target":"self","ocean_quote_format":"","ocean_quote_format_link":"post","ocean_gallery_link_images":"on","ocean_gallery_id":[],"footnotes":""},"categories":[4,5,32],"tags":[],"class_list":["post-20122","post","type-post","status-publish","format-standard","has-post-thumbnail","hentry","category-destaque","category-geral","category-seguranca-publica","entry","has-media"],"yoast_head":"<!-- This site is optimized with the Yoast SEO plugin v27.5 - https:\/\/yoast.com\/product\/yoast-seo-wordpress\/ -->\n<title>Capivari registra a menor temperatura do ano com 0,4\u00b0C nesta quarta-feira - Prefeitura de Capivari<\/title>\n<meta name=\"robots\" content=\"index, follow, max-snippet:-1, max-image-preview:large, max-video-preview:-1\" \/>\n<link rel=\"canonical\" href=\"https:\/\/capivari.sp.gov.br\/portal\/capivari-registra-a-menor-temperatura-do-ano-com-04c-nesta-quarta-feira\/\" \/>\n<meta property=\"og:locale\" content=\"pt_BR\" \/>\n<meta property=\"og:type\" content=\"article\" \/>\n<meta property=\"og:title\" content=\"Capivari registra a menor temperatura do ano com 0,4\u00b0C nesta quarta-feira - Prefeitura de Capivari\" \/>\n<meta property=\"og:description\" content=\"A cidade de Capivari registrou na manh\u00e3 desta quarta-feira (25), a menor temperatura de 2025. De acordo com dados da esta\u00e7\u00e3o meteorol\u00f3gica do Centro Integrado de Informa\u00e7\u00f5es Agrometeorol\u00f3gicas (CIIAGRO), instalada nas depend\u00eancias da Canacap, os term\u00f4metros marcaram 0,4\u00b0C \u00e0s 7h da manh\u00e3. A m\u00e9dia das \u00faltimas 24 horas na cidade foi de m\u00ednima de 0,4\u00b0C [&hellip;]\" \/>\n<meta property=\"og:url\" content=\"https:\/\/capivari.sp.gov.br\/portal\/capivari-registra-a-menor-temperatura-do-ano-com-04c-nesta-quarta-feira\/\" \/>\n<meta property=\"og:site_name\" content=\"Prefeitura de Capivari\" \/>\n<meta property=\"article:publisher\" content=\"https:\/\/www.facebook.com\/PrefeituradeCapivari\/\" \/>\n<meta property=\"article:published_time\" content=\"2025-06-25T12:45:12+00:00\" \/>\n<meta property=\"article:modified_time\" content=\"2025-06-25T12:45:27+00:00\" \/>\n<meta property=\"og:image\" content=\"https:\/\/capivari.sp.gov.br\/portal\/wp-content\/uploads\/2025\/06\/Capivari-Registrou-0.4-graus-819x1024.png\" \/>\n\t<meta property=\"og:image:width\" content=\"819\" \/>\n\t<meta property=\"og:image:height\" content=\"1024\" \/>\n\t<meta property=\"og:image:type\" content=\"image\/png\" \/>\n<meta name=\"author\" content=\"Luciano Assis\" \/>\n<meta name=\"twitter:card\" content=\"summary_large_image\" \/>\n<meta name=\"twitter:creator\" content=\"@PrefCapivari\" \/>\n<meta name=\"twitter:site\" content=\"@PrefCapivari\" \/>\n<meta name=\"twitter:label1\" content=\"Escrito por\" \/>\n\t<meta name=\"twitter:data1\" content=\"Luciano Assis\" \/>\n\t<meta name=\"twitter:label2\" content=\"Est. tempo de leitura\" \/>\n\t<meta name=\"twitter:data2\" content=\"2 minutos\" \/>\n<script type=\"application\/ld+json\" class=\"yoast-schema-graph\">{\"@context\":\"https:\\\/\\\/schema.org\",\"@graph\":[{\"@type\":\"Article\",\"@id\":\"https:\\\/\\\/capivari.sp.gov.br\\\/portal\\\/capivari-registra-a-menor-temperatura-do-ano-com-04c-nesta-quarta-feira\\\/#article\",\"isPartOf\":{\"@id\":\"https:\\\/\\\/capivari.sp.gov.br\\\/portal\\\/capivari-registra-a-menor-temperatura-do-ano-com-04c-nesta-quarta-feira\\\/\"},\"author\":{\"name\":\"Luciano Assis\",\"@id\":\"https:\\\/\\\/capivari.sp.gov.br\\\/portal\\\/#\\\/schema\\\/person\\\/ac37113577adfc1517e0cfa854b830b4\"},\"headline\":\"Capivari registra a menor temperatura do ano com 0,4\u00b0C nesta quarta-feira\",\"datePublished\":\"2025-06-25T12:45:12+00:00\",\"dateModified\":\"2025-06-25T12:45:27+00:00\",\"mainEntityOfPage\":{\"@id\":\"https:\\\/\\\/capivari.sp.gov.br\\\/portal\\\/capivari-registra-a-menor-temperatura-do-ano-com-04c-nesta-quarta-feira\\\/\"},\"wordCount\":294,\"commentCount\":0,\"publisher\":{\"@id\":\"https:\\\/\\\/capivari.sp.gov.br\\\/portal\\\/#organization\"},\"image\":{\"@id\":\"https:\\\/\\\/capivari.sp.gov.br\\\/portal\\\/capivari-registra-a-menor-temperatura-do-ano-com-04c-nesta-quarta-feira\\\/#primaryimage\"},\"thumbnailUrl\":\"https:\\\/\\\/capivari.sp.gov.br\\\/portal\\\/wp-content\\\/uploads\\\/2025\\\/06\\\/Capivari-Registrou-0.4-graus.png\",\"articleSection\":[\"Destaque\",\"Geral\",\"Seguran\u00e7a P\u00fablica\"],\"inLanguage\":\"pt-BR\",\"potentialAction\":[{\"@type\":\"CommentAction\",\"name\":\"Comment\",\"target\":[\"https:\\\/\\\/capivari.sp.gov.br\\\/portal\\\/capivari-registra-a-menor-temperatura-do-ano-com-04c-nesta-quarta-feira\\\/#respond\"]}]},{\"@type\":\"WebPage\",\"@id\":\"https:\\\/\\\/capivari.sp.gov.br\\\/portal\\\/capivari-registra-a-menor-temperatura-do-ano-com-04c-nesta-quarta-feira\\\/\",\"url\":\"https:\\\/\\\/capivari.sp.gov.br\\\/portal\\\/capivari-registra-a-menor-temperatura-do-ano-com-04c-nesta-quarta-feira\\\/\",\"name\":\"Capivari registra a menor temperatura do ano com 0,4\u00b0C nesta quarta-feira - Prefeitura de Capivari\",\"isPartOf\":{\"@id\":\"https:\\\/\\\/capivari.sp.gov.br\\\/portal\\\/#website\"},\"primaryImageOfPage\":{\"@id\":\"https:\\\/\\\/capivari.sp.gov.br\\\/portal\\\/capivari-registra-a-menor-temperatura-do-ano-com-04c-nesta-quarta-feira\\\/#primaryimage\"},\"image\":{\"@id\":\"https:\\\/\\\/capivari.sp.gov.br\\\/portal\\\/capivari-registra-a-menor-temperatura-do-ano-com-04c-nesta-quarta-feira\\\/#primaryimage\"},\"thumbnailUrl\":\"https:\\\/\\\/capivari.sp.gov.br\\\/portal\\\/wp-content\\\/uploads\\\/2025\\\/06\\\/Capivari-Registrou-0.4-graus.png\",\"datePublished\":\"2025-06-25T12:45:12+00:00\",\"dateModified\":\"2025-06-25T12:45:27+00:00\",\"breadcrumb\":{\"@id\":\"https:\\\/\\\/capivari.sp.gov.br\\\/portal\\\/capivari-registra-a-menor-temperatura-do-ano-com-04c-nesta-quarta-feira\\\/#breadcrumb\"},\"inLanguage\":\"pt-BR\",\"potentialAction\":[{\"@type\":\"ReadAction\",\"target\":[\"https:\\\/\\\/capivari.sp.gov.br\\\/portal\\\/capivari-registra-a-menor-temperatura-do-ano-com-04c-nesta-quarta-feira\\\/\"]}]},{\"@type\":\"ImageObject\",\"inLanguage\":\"pt-BR\",\"@id\":\"https:\\\/\\\/capivari.sp.gov.br\\\/portal\\\/capivari-registra-a-menor-temperatura-do-ano-com-04c-nesta-quarta-feira\\\/#primaryimage\",\"url\":\"https:\\\/\\\/capivari.sp.gov.br\\\/portal\\\/wp-content\\\/uploads\\\/2025\\\/06\\\/Capivari-Registrou-0.4-graus.png\",\"contentUrl\":\"https:\\\/\\\/capivari.sp.gov.br\\\/portal\\\/wp-content\\\/uploads\\\/2025\\\/06\\\/Capivari-Registrou-0.4-graus.png\",\"width\":1080,\"height\":1350},{\"@type\":\"BreadcrumbList\",\"@id\":\"https:\\\/\\\/capivari.sp.gov.br\\\/portal\\\/capivari-registra-a-menor-temperatura-do-ano-com-04c-nesta-quarta-feira\\\/#breadcrumb\",\"itemListElement\":[{\"@type\":\"ListItem\",\"position\":1,\"name\":\"In\u00edcio\",\"item\":\"https:\\\/\\\/capivari.sp.gov.br\\\/portal\\\/\"},{\"@type\":\"ListItem\",\"position\":2,\"name\":\"Capivari registra a menor temperatura do ano com 0,4\u00b0C nesta quarta-feira\"}]},{\"@type\":\"WebSite\",\"@id\":\"https:\\\/\\\/capivari.sp.gov.br\\\/portal\\\/#website\",\"url\":\"https:\\\/\\\/capivari.sp.gov.br\\\/portal\\\/\",\"name\":\"Prefeitura de Capivari\",\"description\":\"Prefeitura de Capivari\",\"publisher\":{\"@id\":\"https:\\\/\\\/capivari.sp.gov.br\\\/portal\\\/#organization\"},\"potentialAction\":[{\"@type\":\"SearchAction\",\"target\":{\"@type\":\"EntryPoint\",\"urlTemplate\":\"https:\\\/\\\/capivari.sp.gov.br\\\/portal\\\/?s={search_term_string}\"},\"query-input\":{\"@type\":\"PropertyValueSpecification\",\"valueRequired\":true,\"valueName\":\"search_term_string\"}}],\"inLanguage\":\"pt-BR\"},{\"@type\":\"Organization\",\"@id\":\"https:\\\/\\\/capivari.sp.gov.br\\\/portal\\\/#organization\",\"name\":\"Prefeitura de Capivari\",\"url\":\"https:\\\/\\\/capivari.sp.gov.br\\\/portal\\\/\",\"logo\":{\"@type\":\"ImageObject\",\"inLanguage\":\"pt-BR\",\"@id\":\"https:\\\/\\\/capivari.sp.gov.br\\\/portal\\\/#\\\/schema\\\/logo\\\/image\\\/\",\"url\":\"https:\\\/\\\/capivari.sp.gov.br\\\/portal\\\/wp-content\\\/uploads\\\/2021\\\/09\\\/logo-prefeitura-de-capivari.png\",\"contentUrl\":\"https:\\\/\\\/capivari.sp.gov.br\\\/portal\\\/wp-content\\\/uploads\\\/2021\\\/09\\\/logo-prefeitura-de-capivari.png\",\"width\":200,\"height\":147,\"caption\":\"Prefeitura de Capivari\"},\"image\":{\"@id\":\"https:\\\/\\\/capivari.sp.gov.br\\\/portal\\\/#\\\/schema\\\/logo\\\/image\\\/\"},\"sameAs\":[\"https:\\\/\\\/www.facebook.com\\\/PrefeituradeCapivari\\\/\",\"https:\\\/\\\/x.com\\\/PrefCapivari\",\"https:\\\/\\\/www.instagram.com\\\/prefeituracapivari\\\/\"]},{\"@type\":\"Person\",\"@id\":\"https:\\\/\\\/capivari.sp.gov.br\\\/portal\\\/#\\\/schema\\\/person\\\/ac37113577adfc1517e0cfa854b830b4\",\"name\":\"Luciano Assis\",\"image\":{\"@type\":\"ImageObject\",\"inLanguage\":\"pt-BR\",\"@id\":\"https:\\\/\\\/secure.gravatar.com\\\/avatar\\\/ec163f977a02ac195ce6085f5110a8c4c8c6cc357c134002f73b4664772e79a5?s=96&d=mm&r=g\",\"url\":\"https:\\\/\\\/secure.gravatar.com\\\/avatar\\\/ec163f977a02ac195ce6085f5110a8c4c8c6cc357c134002f73b4664772e79a5?s=96&d=mm&r=g\",\"contentUrl\":\"https:\\\/\\\/secure.gravatar.com\\\/avatar\\\/ec163f977a02ac195ce6085f5110a8c4c8c6cc357c134002f73b4664772e79a5?s=96&d=mm&r=g\",\"caption\":\"Luciano Assis\"},\"url\":\"https:\\\/\\\/capivari.sp.gov.br\\\/portal\\\/author\\\/luciano-assis\\\/\"}]}<\/script>\n<!-- \/ Yoast SEO plugin. -->","yoast_head_json":{"title":"Capivari registra a menor temperatura do ano com 0,4\u00b0C nesta quarta-feira - Prefeitura de Capivari","robots":{"index":"index","follow":"follow","max-snippet":"max-snippet:-1","max-image-preview":"max-image-preview:large","max-video-preview":"max-video-preview:-1"},"canonical":"https:\/\/capivari.sp.gov.br\/portal\/capivari-registra-a-menor-temperatura-do-ano-com-04c-nesta-quarta-feira\/","og_locale":"pt_BR","og_type":"article","og_title":"Capivari registra a menor temperatura do ano com 0,4\u00b0C nesta quarta-feira - Prefeitura de Capivari","og_description":"A cidade de Capivari registrou na manh\u00e3 desta quarta-feira (25), a menor temperatura de 2025. De acordo com dados da esta\u00e7\u00e3o meteorol\u00f3gica do Centro Integrado de Informa\u00e7\u00f5es Agrometeorol\u00f3gicas (CIIAGRO), instalada nas depend\u00eancias da Canacap, os term\u00f4metros marcaram 0,4\u00b0C \u00e0s 7h da manh\u00e3. A m\u00e9dia das \u00faltimas 24 horas na cidade foi de m\u00ednima de 0,4\u00b0C [&hellip;]","og_url":"https:\/\/capivari.sp.gov.br\/portal\/capivari-registra-a-menor-temperatura-do-ano-com-04c-nesta-quarta-feira\/","og_site_name":"Prefeitura de Capivari","article_publisher":"https:\/\/www.facebook.com\/PrefeituradeCapivari\/","article_published_time":"2025-06-25T12:45:12+00:00","article_modified_time":"2025-06-25T12:45:27+00:00","og_image":[{"width":819,"height":1024,"url":"https:\/\/capivari.sp.gov.br\/portal\/wp-content\/uploads\/2025\/06\/Capivari-Registrou-0.4-graus-819x1024.png","type":"image\/png"}],"author":"Luciano Assis","twitter_card":"summary_large_image","twitter_creator":"@PrefCapivari","twitter_site":"@PrefCapivari","twitter_misc":{"Escrito por":"Luciano Assis","Est. tempo de leitura":"2 minutos"},"schema":{"@context":"https:\/\/schema.org","@graph":[{"@type":"Article","@id":"https:\/\/capivari.sp.gov.br\/portal\/capivari-registra-a-menor-temperatura-do-ano-com-04c-nesta-quarta-feira\/#article","isPartOf":{"@id":"https:\/\/capivari.sp.gov.br\/portal\/capivari-registra-a-menor-temperatura-do-ano-com-04c-nesta-quarta-feira\/"},"author":{"name":"Luciano Assis","@id":"https:\/\/capivari.sp.gov.br\/portal\/#\/schema\/person\/ac37113577adfc1517e0cfa854b830b4"},"headline":"Capivari registra a menor temperatura do ano com 0,4\u00b0C nesta quarta-feira","datePublished":"2025-06-25T12:45:12+00:00","dateModified":"2025-06-25T12:45:27+00:00","mainEntityOfPage":{"@id":"https:\/\/capivari.sp.gov.br\/portal\/capivari-registra-a-menor-temperatura-do-ano-com-04c-nesta-quarta-feira\/"},"wordCount":294,"commentCount":0,"publisher":{"@id":"https:\/\/capivari.sp.gov.br\/portal\/#organization"},"image":{"@id":"https:\/\/capivari.sp.gov.br\/portal\/capivari-registra-a-menor-temperatura-do-ano-com-04c-nesta-quarta-feira\/#primaryimage"},"thumbnailUrl":"https:\/\/capivari.sp.gov.br\/portal\/wp-content\/uploads\/2025\/06\/Capivari-Registrou-0.4-graus.png","articleSection":["Destaque","Geral","Seguran\u00e7a P\u00fablica"],"inLanguage":"pt-BR","potentialAction":[{"@type":"CommentAction","name":"Comment","target":["https:\/\/capivari.sp.gov.br\/portal\/capivari-registra-a-menor-temperatura-do-ano-com-04c-nesta-quarta-feira\/#respond"]}]},{"@type":"WebPage","@id":"https:\/\/capivari.sp.gov.br\/portal\/capivari-registra-a-menor-temperatura-do-ano-com-04c-nesta-quarta-feira\/","url":"https:\/\/capivari.sp.gov.br\/portal\/capivari-registra-a-menor-temperatura-do-ano-com-04c-nesta-quarta-feira\/","name":"Capivari registra a menor temperatura do ano com 0,4\u00b0C nesta quarta-feira - Prefeitura de Capivari","isPartOf":{"@id":"https:\/\/capivari.sp.gov.br\/portal\/#website"},"primaryImageOfPage":{"@id":"https:\/\/capivari.sp.gov.br\/portal\/capivari-registra-a-menor-temperatura-do-ano-com-04c-nesta-quarta-feira\/#primaryimage"},"image":{"@id":"https:\/\/capivari.sp.gov.br\/portal\/capivari-registra-a-menor-temperatura-do-ano-com-04c-nesta-quarta-feira\/#primaryimage"},"thumbnailUrl":"https:\/\/capivari.sp.gov.br\/portal\/wp-content\/uploads\/2025\/06\/Capivari-Registrou-0.4-graus.png","datePublished":"2025-06-25T12:45:12+00:00","dateModified":"2025-06-25T12:45:27+00:00","breadcrumb":{"@id":"https:\/\/capivari.sp.gov.br\/portal\/capivari-registra-a-menor-temperatura-do-ano-com-04c-nesta-quarta-feira\/#breadcrumb"},"inLanguage":"pt-BR","potentialAction":[{"@type":"ReadAction","target":["https:\/\/capivari.sp.gov.br\/portal\/capivari-registra-a-menor-temperatura-do-ano-com-04c-nesta-quarta-feira\/"]}]},{"@type":"ImageObject","inLanguage":"pt-BR","@id":"https:\/\/capivari.sp.gov.br\/portal\/capivari-registra-a-menor-temperatura-do-ano-com-04c-nesta-quarta-feira\/#primaryimage","url":"https:\/\/capivari.sp.gov.br\/portal\/wp-content\/uploads\/2025\/06\/Capivari-Registrou-0.4-graus.png","contentUrl":"https:\/\/capivari.sp.gov.br\/portal\/wp-content\/uploads\/2025\/06\/Capivari-Registrou-0.4-graus.png","width":1080,"height":1350},{"@type":"BreadcrumbList","@id":"https:\/\/capivari.sp.gov.br\/portal\/capivari-registra-a-menor-temperatura-do-ano-com-04c-nesta-quarta-feira\/#breadcrumb","itemListElement":[{"@type":"ListItem","position":1,"name":"In\u00edcio","item":"https:\/\/capivari.sp.gov.br\/portal\/"},{"@type":"ListItem","position":2,"name":"Capivari registra a menor temperatura do ano com 0,4\u00b0C nesta quarta-feira"}]},{"@type":"WebSite","@id":"https:\/\/capivari.sp.gov.br\/portal\/#website","url":"https:\/\/capivari.sp.gov.br\/portal\/","name":"Prefeitura de Capivari","description":"Prefeitura de Capivari","publisher":{"@id":"https:\/\/capivari.sp.gov.br\/portal\/#organization"},"potentialAction":[{"@type":"SearchAction","target":{"@type":"EntryPoint","urlTemplate":"https:\/\/capivari.sp.gov.br\/portal\/?s={search_term_string}"},"query-input":{"@type":"PropertyValueSpecification","valueRequired":true,"valueName":"search_term_string"}}],"inLanguage":"pt-BR"},{"@type":"Organization","@id":"https:\/\/capivari.sp.gov.br\/portal\/#organization","name":"Prefeitura de Capivari","url":"https:\/\/capivari.sp.gov.br\/portal\/","logo":{"@type":"ImageObject","inLanguage":"pt-BR","@id":"https:\/\/capivari.sp.gov.br\/portal\/#\/schema\/logo\/image\/","url":"https:\/\/capivari.sp.gov.br\/portal\/wp-content\/uploads\/2021\/09\/logo-prefeitura-de-capivari.png","contentUrl":"https:\/\/capivari.sp.gov.br\/portal\/wp-content\/uploads\/2021\/09\/logo-prefeitura-de-capivari.png","width":200,"height":147,"caption":"Prefeitura de Capivari"},"image":{"@id":"https:\/\/capivari.sp.gov.br\/portal\/#\/schema\/logo\/image\/"},"sameAs":["https:\/\/www.facebook.com\/PrefeituradeCapivari\/","https:\/\/x.com\/PrefCapivari","https:\/\/www.instagram.com\/prefeituracapivari\/"]},{"@type":"Person","@id":"https:\/\/capivari.sp.gov.br\/portal\/#\/schema\/person\/ac37113577adfc1517e0cfa854b830b4","name":"Luciano Assis","image":{"@type":"ImageObject","inLanguage":"pt-BR","@id":"https:\/\/secure.gravatar.com\/avatar\/ec163f977a02ac195ce6085f5110a8c4c8c6cc357c134002f73b4664772e79a5?s=96&d=mm&r=g","url":"https:\/\/secure.gravatar.com\/avatar\/ec163f977a02ac195ce6085f5110a8c4c8c6cc357c134002f73b4664772e79a5?s=96&d=mm&r=g","contentUrl":"https:\/\/secure.gravatar.com\/avatar\/ec163f977a02ac195ce6085f5110a8c4c8c6cc357c134002f73b4664772e79a5?s=96&d=mm&r=g","caption":"Luciano Assis"},"url":"https:\/\/capivari.sp.gov.br\/portal\/author\/luciano-assis\/"}]}},"_links":{"self":[{"href":"https:\/\/capivari.sp.gov.br\/portal\/wp-json\/wp\/v2\/posts\/20122","targetHints":{"allow":["GET"]}}],"collection":[{"href":"https:\/\/capivari.sp.gov.br\/portal\/wp-json\/wp\/v2\/posts"}],"about":[{"href":"https:\/\/capivari.sp.gov.br\/portal\/wp-json\/wp\/v2\/types\/post"}],"author":[{"embeddable":true,"href":"https:\/\/capivari.sp.gov.br\/portal\/wp-json\/wp\/v2\/users\/15"}],"replies":[{"embeddable":true,"href":"https:\/\/capivari.sp.gov.br\/portal\/wp-json\/wp\/v2\/comments?post=20122"}],"version-history":[{"count":2,"href":"https:\/\/capivari.sp.gov.br\/portal\/wp-json\/wp\/v2\/posts\/20122\/revisions"}],"predecessor-version":[{"id":20125,"href":"https:\/\/capivari.sp.gov.br\/portal\/wp-json\/wp\/v2\/posts\/20122\/revisions\/20125"}],"wp:featuredmedia":[{"embeddable":true,"href":"https:\/\/capivari.sp.gov.br\/portal\/wp-json\/wp\/v2\/media\/20123"}],"wp:attachment":[{"href":"https:\/\/capivari.sp.gov.br\/portal\/wp-json\/wp\/v2\/media?parent=20122"}],"wp:term":[{"taxonomy":"category","embeddable":true,"href":"https:\/\/capivari.sp.gov.br\/portal\/wp-json\/wp\/v2\/categories?post=20122"},{"taxonomy":"post_tag","embeddable":true,"href":"https:\/\/capivari.sp.gov.br\/portal\/wp-json\/wp\/v2\/tags?post=20122"}],"curies":[{"name":"wp","href":"https:\/\/api.w.org\/{rel}","templated":true}]}}