{"id":20133,"date":"2025-06-26T16:07:16","date_gmt":"2025-06-26T19:07:16","guid":{"rendered":"https:\/\/capivari.sp.gov.br\/portal\/?p=20133"},"modified":"2025-06-26T16:07:16","modified_gmt":"2025-06-26T19:07:16","slug":"secretaria-de-desenvolvimento-economico-turismo-e-inovacao-marca-presenca-na-hortitec-2025","status":"publish","type":"post","link":"https:\/\/capivari.sp.gov.br\/portal\/secretaria-de-desenvolvimento-economico-turismo-e-inovacao-marca-presenca-na-hortitec-2025\/","title":{"rendered":"Secretaria de Desenvolvimento Econ\u00f4mico, Turismo e Inova\u00e7\u00e3o marca presen\u00e7a na \u2018Hortitec\u2019 2025"},"content":{"rendered":"<p>Acontece nesta semana na cidade de Holambra, a 30\u00aa edi\u00e7\u00e3o da Hortitec, uma das maiores exposi\u00e7\u00f5es t\u00e9cnicas do segmento agro em todo o pa\u00eds. Pensando em planejamentos futuros para a pasta, a Prefeitura de Capivari esteve presente atrav\u00e9s do secret\u00e1rio de Desenvolvimento Econ\u00f4mico, Turismo e Inova\u00e7\u00e3o, Jos\u00e9 Murilo Castellani, al\u00e9m da diretora de Turismo, Valquiria Schincariol, a diretora de Inova\u00e7\u00e3o Thamires Correia e a diretora Geral, Rebeca Nichols.<\/p>\n<p>O intuito da visita, al\u00e9m de prestigiar a empresa capivariana Sicoob Cooplivre que \u00e9 uma das expositoras da \u2018Hortitec\u2019, foi observar detalhes de estrutura, layout, atra\u00e7\u00f5es e poss\u00edveis expositores para a terceira edi\u00e7\u00e3o da Expo Agro, evento que acontece em novembro e todos os anos move multid\u00f5es, movimentando milh\u00f5es na \u00e1rea do agroneg\u00f3cio para o munic\u00edpio.<\/p>\n<p>\u201cA visita a esse grandioso evento \u00e9 fundamental para nosso planejamento, com foco maior a Expo Agro que acontece no fim deste ano. Muitos dos expositores aqui presentes podem possivelmente estar presentes em novembro em Capivari, ent\u00e3o \u00e9 importante coletarmos informa\u00e7\u00f5es sobre eles al\u00e9m de coletar dados sobre o layout que podemos montar para melhor atender a todos. Aproveitamos a oportunidade para prestigiar e parabenizar a Sicoob Cooplivre pelo trabalho que vem desempenhando, representados aqui atrav\u00e9s do diretor de neg\u00f3cios Jo\u00e3o Santos e do superintendente Felipe Diogo Assalin\u201d, destacou o secret\u00e1rio Jos\u00e9 Murilo Castellani.<\/p>\n<p>A \u2018Hortitec\u2019 tr\u00e1s para o Brasil um evento nos moldes das principais exposi\u00e7\u00f5es do segmento que j\u00e1 aconteciam no exterior h\u00e1 muitos anos, com o objetivo principal de reunir empresas que atuam na mesma \u00e1rea para que possam realizar neg\u00f3cios entre si. Na \u00faltima edi\u00e7\u00e3o em 2024, o evento contou com um p\u00fablico total de 30 mil visitantes em todos os dias, com mais de 500 expositores das \u00e1reas do Agro, Horticultura e Fruticultura.<\/p>\n<p>Para mais informa\u00e7\u00f5es sobre a Secretaria de Desenvolvimento Econ\u00f4mico, Turismo e Inova\u00e7\u00e3o, a pasta atende presencialmente no GanhaTempo Municipal, situado na rua Tiradentes, 283, Centro, ou atrav\u00e9s do telefone (19) 3492-8870, que funciona de segunda a sexta-feira, das 8h30 \u00e0s 16h30.<\/p>\n","protected":false},"excerpt":{"rendered":"<p>Acontece nesta semana na cidade de Holambra, a 30\u00aa edi\u00e7\u00e3o da Hortitec, uma das maiores exposi\u00e7\u00f5es t\u00e9cnicas do segmento agro em todo o pa\u00eds. Pensando em planejamentos futuros para a pasta, a Prefeitura de Capivari esteve presente atrav\u00e9s do secret\u00e1rio de Desenvolvimento Econ\u00f4mico, Turismo e Inova\u00e7\u00e3o, Jos\u00e9 Murilo Castellani, al\u00e9m da diretora de Turismo, Valquiria [&hellip;]<\/p>\n","protected":false},"author":2,"featured_media":20134,"comment_status":"open","ping_status":"open","sticky":false,"template":"","format":"standard","meta":{"ocean_post_layout":"","ocean_both_sidebars_style":"","ocean_both_sidebars_content_width":0,"ocean_both_sidebars_sidebars_width":0,"ocean_sidebar":"","ocean_second_sidebar":"","ocean_disable_margins":"enable","ocean_add_body_class":"","ocean_shortcode_before_top_bar":"","ocean_shortcode_after_top_bar":"","ocean_shortcode_before_header":"","ocean_shortcode_after_header":"","ocean_has_shortcode":"","ocean_shortcode_after_title":"","ocean_shortcode_before_footer_widgets":"","ocean_shortcode_after_footer_widgets":"","ocean_shortcode_before_footer_bottom":"","ocean_shortcode_after_footer_bottom":"","ocean_display_top_bar":"default","ocean_display_header":"default","ocean_header_style":"","ocean_center_header_left_menu":"","ocean_custom_header_template":"","ocean_custom_logo":0,"ocean_custom_retina_logo":0,"ocean_custom_logo_max_width":0,"ocean_custom_logo_tablet_max_width":0,"ocean_custom_logo_mobile_max_width":0,"ocean_custom_logo_max_height":0,"ocean_custom_logo_tablet_max_height":0,"ocean_custom_logo_mobile_max_height":0,"ocean_header_custom_menu":"","ocean_menu_typo_font_family":"","ocean_menu_typo_font_subset":"","ocean_menu_typo_font_size":0,"ocean_menu_typo_font_size_tablet":0,"ocean_menu_typo_font_size_mobile":0,"ocean_menu_typo_font_size_unit":"px","ocean_menu_typo_font_weight":"","ocean_menu_typo_font_weight_tablet":"","ocean_menu_typo_font_weight_mobile":"","ocean_menu_typo_transform":"","ocean_menu_typo_transform_tablet":"","ocean_menu_typo_transform_mobile":"","ocean_menu_typo_line_height":0,"ocean_menu_typo_line_height_tablet":0,"ocean_menu_typo_line_height_mobile":0,"ocean_menu_typo_line_height_unit":"","ocean_menu_typo_spacing":0,"ocean_menu_typo_spacing_tablet":0,"ocean_menu_typo_spacing_mobile":0,"ocean_menu_typo_spacing_unit":"","ocean_menu_link_color":"","ocean_menu_link_color_hover":"","ocean_menu_link_color_active":"","ocean_menu_link_background":"","ocean_menu_link_hover_background":"","ocean_menu_link_active_background":"","ocean_menu_social_links_bg":"","ocean_menu_social_hover_links_bg":"","ocean_menu_social_links_color":"","ocean_menu_social_hover_links_color":"","ocean_disable_title":"default","ocean_disable_heading":"default","ocean_post_title":"","ocean_post_subheading":"","ocean_post_title_style":"","ocean_post_title_background_color":"","ocean_post_title_background":0,"ocean_post_title_bg_image_position":"","ocean_post_title_bg_image_attachment":"","ocean_post_title_bg_image_repeat":"","ocean_post_title_bg_image_size":"","ocean_post_title_height":0,"ocean_post_title_bg_overlay":0.5,"ocean_post_title_bg_overlay_color":"","ocean_disable_breadcrumbs":"default","ocean_breadcrumbs_color":"","ocean_breadcrumbs_separator_color":"","ocean_breadcrumbs_links_color":"","ocean_breadcrumbs_links_hover_color":"","ocean_display_footer_widgets":"default","ocean_display_footer_bottom":"default","ocean_custom_footer_template":"","ocean_post_oembed":"","ocean_post_self_hosted_media":"","ocean_post_video_embed":"","ocean_link_format":"","ocean_link_format_target":"self","ocean_quote_format":"","ocean_quote_format_link":"post","ocean_gallery_link_images":"on","ocean_gallery_id":[],"footnotes":""},"categories":[18,4,5],"tags":[],"class_list":["post-20133","post","type-post","status-publish","format-standard","has-post-thumbnail","hentry","category-desenvolvimento-economico-turismo-e-inovacao","category-destaque","category-geral","entry","has-media"],"yoast_head":"<!-- This site is optimized with the Yoast SEO plugin v27.5 - https:\/\/yoast.com\/product\/yoast-seo-wordpress\/ -->\n<title>Secretaria de Desenvolvimento Econ\u00f4mico, Turismo e Inova\u00e7\u00e3o marca presen\u00e7a na \u2018Hortitec\u2019 2025 - Prefeitura de Capivari<\/title>\n<meta name=\"robots\" content=\"index, follow, max-snippet:-1, max-image-preview:large, max-video-preview:-1\" \/>\n<link rel=\"canonical\" href=\"https:\/\/capivari.sp.gov.br\/portal\/secretaria-de-desenvolvimento-economico-turismo-e-inovacao-marca-presenca-na-hortitec-2025\/\" \/>\n<meta property=\"og:locale\" content=\"pt_BR\" \/>\n<meta property=\"og:type\" content=\"article\" \/>\n<meta property=\"og:title\" content=\"Secretaria de Desenvolvimento Econ\u00f4mico, Turismo e Inova\u00e7\u00e3o marca presen\u00e7a na \u2018Hortitec\u2019 2025 - Prefeitura de Capivari\" \/>\n<meta property=\"og:description\" content=\"Acontece nesta semana na cidade de Holambra, a 30\u00aa edi\u00e7\u00e3o da Hortitec, uma das maiores exposi\u00e7\u00f5es t\u00e9cnicas do segmento agro em todo o pa\u00eds. Pensando em planejamentos futuros para a pasta, a Prefeitura de Capivari esteve presente atrav\u00e9s do secret\u00e1rio de Desenvolvimento Econ\u00f4mico, Turismo e Inova\u00e7\u00e3o, Jos\u00e9 Murilo Castellani, al\u00e9m da diretora de Turismo, Valquiria [&hellip;]\" \/>\n<meta property=\"og:url\" content=\"https:\/\/capivari.sp.gov.br\/portal\/secretaria-de-desenvolvimento-economico-turismo-e-inovacao-marca-presenca-na-hortitec-2025\/\" \/>\n<meta property=\"og:site_name\" content=\"Prefeitura de Capivari\" \/>\n<meta property=\"article:publisher\" content=\"https:\/\/www.facebook.com\/PrefeituradeCapivari\/\" \/>\n<meta property=\"article:published_time\" content=\"2025-06-26T19:07:16+00:00\" \/>\n<meta property=\"og:image\" content=\"https:\/\/capivari.sp.gov.br\/portal\/wp-content\/uploads\/2025\/06\/WhatsApp-Image-2025-06-26-at-08.41.00-2-scaled.jpeg\" \/>\n\t<meta property=\"og:image:width\" content=\"1920\" \/>\n\t<meta property=\"og:image:height\" content=\"2560\" \/>\n\t<meta property=\"og:image:type\" content=\"image\/jpeg\" \/>\n<meta name=\"author\" content=\"Thalles Cristiano\" \/>\n<meta name=\"twitter:card\" content=\"summary_large_image\" \/>\n<meta name=\"twitter:creator\" content=\"@PrefCapivari\" \/>\n<meta name=\"twitter:site\" content=\"@PrefCapivari\" \/>\n<meta name=\"twitter:label1\" content=\"Escrito por\" \/>\n\t<meta name=\"twitter:data1\" content=\"Thalles Cristiano\" \/>\n\t<meta name=\"twitter:label2\" content=\"Est. tempo de leitura\" \/>\n\t<meta name=\"twitter:data2\" content=\"3 minutos\" \/>\n<script type=\"application\/ld+json\" class=\"yoast-schema-graph\">{\"@context\":\"https:\\\/\\\/schema.org\",\"@graph\":[{\"@type\":\"Article\",\"@id\":\"https:\\\/\\\/capivari.sp.gov.br\\\/portal\\\/secretaria-de-desenvolvimento-economico-turismo-e-inovacao-marca-presenca-na-hortitec-2025\\\/#article\",\"isPartOf\":{\"@id\":\"https:\\\/\\\/capivari.sp.gov.br\\\/portal\\\/secretaria-de-desenvolvimento-economico-turismo-e-inovacao-marca-presenca-na-hortitec-2025\\\/\"},\"author\":{\"name\":\"Thalles Cristiano\",\"@id\":\"https:\\\/\\\/capivari.sp.gov.br\\\/portal\\\/#\\\/schema\\\/person\\\/98801614a91d449946b0687ae2db9f29\"},\"headline\":\"Secretaria de Desenvolvimento Econ\u00f4mico, Turismo e Inova\u00e7\u00e3o marca presen\u00e7a na \u2018Hortitec\u2019 2025\",\"datePublished\":\"2025-06-26T19:07:16+00:00\",\"mainEntityOfPage\":{\"@id\":\"https:\\\/\\\/capivari.sp.gov.br\\\/portal\\\/secretaria-de-desenvolvimento-economico-turismo-e-inovacao-marca-presenca-na-hortitec-2025\\\/\"},\"wordCount\":372,\"commentCount\":0,\"publisher\":{\"@id\":\"https:\\\/\\\/capivari.sp.gov.br\\\/portal\\\/#organization\"},\"image\":{\"@id\":\"https:\\\/\\\/capivari.sp.gov.br\\\/portal\\\/secretaria-de-desenvolvimento-economico-turismo-e-inovacao-marca-presenca-na-hortitec-2025\\\/#primaryimage\"},\"thumbnailUrl\":\"https:\\\/\\\/capivari.sp.gov.br\\\/portal\\\/wp-content\\\/uploads\\\/2025\\\/06\\\/WhatsApp-Image-2025-06-26-at-08.41.00-2-scaled.jpeg\",\"articleSection\":[\"Desenvolvimento Econ\u00f4mico, Turismo e Inova\u00e7\u00e3o\",\"Destaque\",\"Geral\"],\"inLanguage\":\"pt-BR\",\"potentialAction\":[{\"@type\":\"CommentAction\",\"name\":\"Comment\",\"target\":[\"https:\\\/\\\/capivari.sp.gov.br\\\/portal\\\/secretaria-de-desenvolvimento-economico-turismo-e-inovacao-marca-presenca-na-hortitec-2025\\\/#respond\"]}]},{\"@type\":\"WebPage\",\"@id\":\"https:\\\/\\\/capivari.sp.gov.br\\\/portal\\\/secretaria-de-desenvolvimento-economico-turismo-e-inovacao-marca-presenca-na-hortitec-2025\\\/\",\"url\":\"https:\\\/\\\/capivari.sp.gov.br\\\/portal\\\/secretaria-de-desenvolvimento-economico-turismo-e-inovacao-marca-presenca-na-hortitec-2025\\\/\",\"name\":\"Secretaria de Desenvolvimento Econ\u00f4mico, Turismo e Inova\u00e7\u00e3o marca presen\u00e7a na \u2018Hortitec\u2019 2025 - Prefeitura de Capivari\",\"isPartOf\":{\"@id\":\"https:\\\/\\\/capivari.sp.gov.br\\\/portal\\\/#website\"},\"primaryImageOfPage\":{\"@id\":\"https:\\\/\\\/capivari.sp.gov.br\\\/portal\\\/secretaria-de-desenvolvimento-economico-turismo-e-inovacao-marca-presenca-na-hortitec-2025\\\/#primaryimage\"},\"image\":{\"@id\":\"https:\\\/\\\/capivari.sp.gov.br\\\/portal\\\/secretaria-de-desenvolvimento-economico-turismo-e-inovacao-marca-presenca-na-hortitec-2025\\\/#primaryimage\"},\"thumbnailUrl\":\"https:\\\/\\\/capivari.sp.gov.br\\\/portal\\\/wp-content\\\/uploads\\\/2025\\\/06\\\/WhatsApp-Image-2025-06-26-at-08.41.00-2-scaled.jpeg\",\"datePublished\":\"2025-06-26T19:07:16+00:00\",\"breadcrumb\":{\"@id\":\"https:\\\/\\\/capivari.sp.gov.br\\\/portal\\\/secretaria-de-desenvolvimento-economico-turismo-e-inovacao-marca-presenca-na-hortitec-2025\\\/#breadcrumb\"},\"inLanguage\":\"pt-BR\",\"potentialAction\":[{\"@type\":\"ReadAction\",\"target\":[\"https:\\\/\\\/capivari.sp.gov.br\\\/portal\\\/secretaria-de-desenvolvimento-economico-turismo-e-inovacao-marca-presenca-na-hortitec-2025\\\/\"]}]},{\"@type\":\"ImageObject\",\"inLanguage\":\"pt-BR\",\"@id\":\"https:\\\/\\\/capivari.sp.gov.br\\\/portal\\\/secretaria-de-desenvolvimento-economico-turismo-e-inovacao-marca-presenca-na-hortitec-2025\\\/#primaryimage\",\"url\":\"https:\\\/\\\/capivari.sp.gov.br\\\/portal\\\/wp-content\\\/uploads\\\/2025\\\/06\\\/WhatsApp-Image-2025-06-26-at-08.41.00-2-scaled.jpeg\",\"contentUrl\":\"https:\\\/\\\/capivari.sp.gov.br\\\/portal\\\/wp-content\\\/uploads\\\/2025\\\/06\\\/WhatsApp-Image-2025-06-26-at-08.41.00-2-scaled.jpeg\",\"width\":1920,\"height\":2560},{\"@type\":\"BreadcrumbList\",\"@id\":\"https:\\\/\\\/capivari.sp.gov.br\\\/portal\\\/secretaria-de-desenvolvimento-economico-turismo-e-inovacao-marca-presenca-na-hortitec-2025\\\/#breadcrumb\",\"itemListElement\":[{\"@type\":\"ListItem\",\"position\":1,\"name\":\"In\u00edcio\",\"item\":\"https:\\\/\\\/capivari.sp.gov.br\\\/portal\\\/\"},{\"@type\":\"ListItem\",\"position\":2,\"name\":\"Secretaria de Desenvolvimento Econ\u00f4mico, Turismo e Inova\u00e7\u00e3o marca presen\u00e7a na \u2018Hortitec\u2019 2025\"}]},{\"@type\":\"WebSite\",\"@id\":\"https:\\\/\\\/capivari.sp.gov.br\\\/portal\\\/#website\",\"url\":\"https:\\\/\\\/capivari.sp.gov.br\\\/portal\\\/\",\"name\":\"Prefeitura de Capivari\",\"description\":\"Prefeitura de Capivari\",\"publisher\":{\"@id\":\"https:\\\/\\\/capivari.sp.gov.br\\\/portal\\\/#organization\"},\"potentialAction\":[{\"@type\":\"SearchAction\",\"target\":{\"@type\":\"EntryPoint\",\"urlTemplate\":\"https:\\\/\\\/capivari.sp.gov.br\\\/portal\\\/?s={search_term_string}\"},\"query-input\":{\"@type\":\"PropertyValueSpecification\",\"valueRequired\":true,\"valueName\":\"search_term_string\"}}],\"inLanguage\":\"pt-BR\"},{\"@type\":\"Organization\",\"@id\":\"https:\\\/\\\/capivari.sp.gov.br\\\/portal\\\/#organization\",\"name\":\"Prefeitura de Capivari\",\"url\":\"https:\\\/\\\/capivari.sp.gov.br\\\/portal\\\/\",\"logo\":{\"@type\":\"ImageObject\",\"inLanguage\":\"pt-BR\",\"@id\":\"https:\\\/\\\/capivari.sp.gov.br\\\/portal\\\/#\\\/schema\\\/logo\\\/image\\\/\",\"url\":\"https:\\\/\\\/capivari.sp.gov.br\\\/portal\\\/wp-content\\\/uploads\\\/2021\\\/09\\\/logo-prefeitura-de-capivari.png\",\"contentUrl\":\"https:\\\/\\\/capivari.sp.gov.br\\\/portal\\\/wp-content\\\/uploads\\\/2021\\\/09\\\/logo-prefeitura-de-capivari.png\",\"width\":200,\"height\":147,\"caption\":\"Prefeitura de Capivari\"},\"image\":{\"@id\":\"https:\\\/\\\/capivari.sp.gov.br\\\/portal\\\/#\\\/schema\\\/logo\\\/image\\\/\"},\"sameAs\":[\"https:\\\/\\\/www.facebook.com\\\/PrefeituradeCapivari\\\/\",\"https:\\\/\\\/x.com\\\/PrefCapivari\",\"https:\\\/\\\/www.instagram.com\\\/prefeituracapivari\\\/\"]},{\"@type\":\"Person\",\"@id\":\"https:\\\/\\\/capivari.sp.gov.br\\\/portal\\\/#\\\/schema\\\/person\\\/98801614a91d449946b0687ae2db9f29\",\"name\":\"Thalles Cristiano\",\"image\":{\"@type\":\"ImageObject\",\"inLanguage\":\"pt-BR\",\"@id\":\"https:\\\/\\\/secure.gravatar.com\\\/avatar\\\/0d1b9a4bdcde99ab11a8cd27abdcd088993749b82c4355c0301135023dc52b3d?s=96&d=mm&r=g\",\"url\":\"https:\\\/\\\/secure.gravatar.com\\\/avatar\\\/0d1b9a4bdcde99ab11a8cd27abdcd088993749b82c4355c0301135023dc52b3d?s=96&d=mm&r=g\",\"contentUrl\":\"https:\\\/\\\/secure.gravatar.com\\\/avatar\\\/0d1b9a4bdcde99ab11a8cd27abdcd088993749b82c4355c0301135023dc52b3d?s=96&d=mm&r=g\",\"caption\":\"Thalles Cristiano\"},\"url\":\"https:\\\/\\\/capivari.sp.gov.br\\\/portal\\\/author\\\/thalles-cristiano\\\/\"}]}<\/script>\n<!-- \/ Yoast SEO plugin. -->","yoast_head_json":{"title":"Secretaria de Desenvolvimento Econ\u00f4mico, Turismo e Inova\u00e7\u00e3o marca presen\u00e7a na \u2018Hortitec\u2019 2025 - Prefeitura de Capivari","robots":{"index":"index","follow":"follow","max-snippet":"max-snippet:-1","max-image-preview":"max-image-preview:large","max-video-preview":"max-video-preview:-1"},"canonical":"https:\/\/capivari.sp.gov.br\/portal\/secretaria-de-desenvolvimento-economico-turismo-e-inovacao-marca-presenca-na-hortitec-2025\/","og_locale":"pt_BR","og_type":"article","og_title":"Secretaria de Desenvolvimento Econ\u00f4mico, Turismo e Inova\u00e7\u00e3o marca presen\u00e7a na \u2018Hortitec\u2019 2025 - Prefeitura de Capivari","og_description":"Acontece nesta semana na cidade de Holambra, a 30\u00aa edi\u00e7\u00e3o da Hortitec, uma das maiores exposi\u00e7\u00f5es t\u00e9cnicas do segmento agro em todo o pa\u00eds. Pensando em planejamentos futuros para a pasta, a Prefeitura de Capivari esteve presente atrav\u00e9s do secret\u00e1rio de Desenvolvimento Econ\u00f4mico, Turismo e Inova\u00e7\u00e3o, Jos\u00e9 Murilo Castellani, al\u00e9m da diretora de Turismo, Valquiria [&hellip;]","og_url":"https:\/\/capivari.sp.gov.br\/portal\/secretaria-de-desenvolvimento-economico-turismo-e-inovacao-marca-presenca-na-hortitec-2025\/","og_site_name":"Prefeitura de Capivari","article_publisher":"https:\/\/www.facebook.com\/PrefeituradeCapivari\/","article_published_time":"2025-06-26T19:07:16+00:00","og_image":[{"width":1920,"height":2560,"url":"https:\/\/capivari.sp.gov.br\/portal\/wp-content\/uploads\/2025\/06\/WhatsApp-Image-2025-06-26-at-08.41.00-2-scaled.jpeg","type":"image\/jpeg"}],"author":"Thalles Cristiano","twitter_card":"summary_large_image","twitter_creator":"@PrefCapivari","twitter_site":"@PrefCapivari","twitter_misc":{"Escrito por":"Thalles Cristiano","Est. tempo de leitura":"3 minutos"},"schema":{"@context":"https:\/\/schema.org","@graph":[{"@type":"Article","@id":"https:\/\/capivari.sp.gov.br\/portal\/secretaria-de-desenvolvimento-economico-turismo-e-inovacao-marca-presenca-na-hortitec-2025\/#article","isPartOf":{"@id":"https:\/\/capivari.sp.gov.br\/portal\/secretaria-de-desenvolvimento-economico-turismo-e-inovacao-marca-presenca-na-hortitec-2025\/"},"author":{"name":"Thalles Cristiano","@id":"https:\/\/capivari.sp.gov.br\/portal\/#\/schema\/person\/98801614a91d449946b0687ae2db9f29"},"headline":"Secretaria de Desenvolvimento Econ\u00f4mico, Turismo e Inova\u00e7\u00e3o marca presen\u00e7a na \u2018Hortitec\u2019 2025","datePublished":"2025-06-26T19:07:16+00:00","mainEntityOfPage":{"@id":"https:\/\/capivari.sp.gov.br\/portal\/secretaria-de-desenvolvimento-economico-turismo-e-inovacao-marca-presenca-na-hortitec-2025\/"},"wordCount":372,"commentCount":0,"publisher":{"@id":"https:\/\/capivari.sp.gov.br\/portal\/#organization"},"image":{"@id":"https:\/\/capivari.sp.gov.br\/portal\/secretaria-de-desenvolvimento-economico-turismo-e-inovacao-marca-presenca-na-hortitec-2025\/#primaryimage"},"thumbnailUrl":"https:\/\/capivari.sp.gov.br\/portal\/wp-content\/uploads\/2025\/06\/WhatsApp-Image-2025-06-26-at-08.41.00-2-scaled.jpeg","articleSection":["Desenvolvimento Econ\u00f4mico, Turismo e Inova\u00e7\u00e3o","Destaque","Geral"],"inLanguage":"pt-BR","potentialAction":[{"@type":"CommentAction","name":"Comment","target":["https:\/\/capivari.sp.gov.br\/portal\/secretaria-de-desenvolvimento-economico-turismo-e-inovacao-marca-presenca-na-hortitec-2025\/#respond"]}]},{"@type":"WebPage","@id":"https:\/\/capivari.sp.gov.br\/portal\/secretaria-de-desenvolvimento-economico-turismo-e-inovacao-marca-presenca-na-hortitec-2025\/","url":"https:\/\/capivari.sp.gov.br\/portal\/secretaria-de-desenvolvimento-economico-turismo-e-inovacao-marca-presenca-na-hortitec-2025\/","name":"Secretaria de Desenvolvimento Econ\u00f4mico, Turismo e Inova\u00e7\u00e3o marca presen\u00e7a na \u2018Hortitec\u2019 2025 - Prefeitura de Capivari","isPartOf":{"@id":"https:\/\/capivari.sp.gov.br\/portal\/#website"},"primaryImageOfPage":{"@id":"https:\/\/capivari.sp.gov.br\/portal\/secretaria-de-desenvolvimento-economico-turismo-e-inovacao-marca-presenca-na-hortitec-2025\/#primaryimage"},"image":{"@id":"https:\/\/capivari.sp.gov.br\/portal\/secretaria-de-desenvolvimento-economico-turismo-e-inovacao-marca-presenca-na-hortitec-2025\/#primaryimage"},"thumbnailUrl":"https:\/\/capivari.sp.gov.br\/portal\/wp-content\/uploads\/2025\/06\/WhatsApp-Image-2025-06-26-at-08.41.00-2-scaled.jpeg","datePublished":"2025-06-26T19:07:16+00:00","breadcrumb":{"@id":"https:\/\/capivari.sp.gov.br\/portal\/secretaria-de-desenvolvimento-economico-turismo-e-inovacao-marca-presenca-na-hortitec-2025\/#breadcrumb"},"inLanguage":"pt-BR","potentialAction":[{"@type":"ReadAction","target":["https:\/\/capivari.sp.gov.br\/portal\/secretaria-de-desenvolvimento-economico-turismo-e-inovacao-marca-presenca-na-hortitec-2025\/"]}]},{"@type":"ImageObject","inLanguage":"pt-BR","@id":"https:\/\/capivari.sp.gov.br\/portal\/secretaria-de-desenvolvimento-economico-turismo-e-inovacao-marca-presenca-na-hortitec-2025\/#primaryimage","url":"https:\/\/capivari.sp.gov.br\/portal\/wp-content\/uploads\/2025\/06\/WhatsApp-Image-2025-06-26-at-08.41.00-2-scaled.jpeg","contentUrl":"https:\/\/capivari.sp.gov.br\/portal\/wp-content\/uploads\/2025\/06\/WhatsApp-Image-2025-06-26-at-08.41.00-2-scaled.jpeg","width":1920,"height":2560},{"@type":"BreadcrumbList","@id":"https:\/\/capivari.sp.gov.br\/portal\/secretaria-de-desenvolvimento-economico-turismo-e-inovacao-marca-presenca-na-hortitec-2025\/#breadcrumb","itemListElement":[{"@type":"ListItem","position":1,"name":"In\u00edcio","item":"https:\/\/capivari.sp.gov.br\/portal\/"},{"@type":"ListItem","position":2,"name":"Secretaria de Desenvolvimento Econ\u00f4mico, Turismo e Inova\u00e7\u00e3o marca presen\u00e7a na \u2018Hortitec\u2019 2025"}]},{"@type":"WebSite","@id":"https:\/\/capivari.sp.gov.br\/portal\/#website","url":"https:\/\/capivari.sp.gov.br\/portal\/","name":"Prefeitura de Capivari","description":"Prefeitura de Capivari","publisher":{"@id":"https:\/\/capivari.sp.gov.br\/portal\/#organization"},"potentialAction":[{"@type":"SearchAction","target":{"@type":"EntryPoint","urlTemplate":"https:\/\/capivari.sp.gov.br\/portal\/?s={search_term_string}"},"query-input":{"@type":"PropertyValueSpecification","valueRequired":true,"valueName":"search_term_string"}}],"inLanguage":"pt-BR"},{"@type":"Organization","@id":"https:\/\/capivari.sp.gov.br\/portal\/#organization","name":"Prefeitura de Capivari","url":"https:\/\/capivari.sp.gov.br\/portal\/","logo":{"@type":"ImageObject","inLanguage":"pt-BR","@id":"https:\/\/capivari.sp.gov.br\/portal\/#\/schema\/logo\/image\/","url":"https:\/\/capivari.sp.gov.br\/portal\/wp-content\/uploads\/2021\/09\/logo-prefeitura-de-capivari.png","contentUrl":"https:\/\/capivari.sp.gov.br\/portal\/wp-content\/uploads\/2021\/09\/logo-prefeitura-de-capivari.png","width":200,"height":147,"caption":"Prefeitura de Capivari"},"image":{"@id":"https:\/\/capivari.sp.gov.br\/portal\/#\/schema\/logo\/image\/"},"sameAs":["https:\/\/www.facebook.com\/PrefeituradeCapivari\/","https:\/\/x.com\/PrefCapivari","https:\/\/www.instagram.com\/prefeituracapivari\/"]},{"@type":"Person","@id":"https:\/\/capivari.sp.gov.br\/portal\/#\/schema\/person\/98801614a91d449946b0687ae2db9f29","name":"Thalles Cristiano","image":{"@type":"ImageObject","inLanguage":"pt-BR","@id":"https:\/\/secure.gravatar.com\/avatar\/0d1b9a4bdcde99ab11a8cd27abdcd088993749b82c4355c0301135023dc52b3d?s=96&d=mm&r=g","url":"https:\/\/secure.gravatar.com\/avatar\/0d1b9a4bdcde99ab11a8cd27abdcd088993749b82c4355c0301135023dc52b3d?s=96&d=mm&r=g","contentUrl":"https:\/\/secure.gravatar.com\/avatar\/0d1b9a4bdcde99ab11a8cd27abdcd088993749b82c4355c0301135023dc52b3d?s=96&d=mm&r=g","caption":"Thalles Cristiano"},"url":"https:\/\/capivari.sp.gov.br\/portal\/author\/thalles-cristiano\/"}]}},"_links":{"self":[{"href":"https:\/\/capivari.sp.gov.br\/portal\/wp-json\/wp\/v2\/posts\/20133","targetHints":{"allow":["GET"]}}],"collection":[{"href":"https:\/\/capivari.sp.gov.br\/portal\/wp-json\/wp\/v2\/posts"}],"about":[{"href":"https:\/\/capivari.sp.gov.br\/portal\/wp-json\/wp\/v2\/types\/post"}],"author":[{"embeddable":true,"href":"https:\/\/capivari.sp.gov.br\/portal\/wp-json\/wp\/v2\/users\/2"}],"replies":[{"embeddable":true,"href":"https:\/\/capivari.sp.gov.br\/portal\/wp-json\/wp\/v2\/comments?post=20133"}],"version-history":[{"count":1,"href":"https:\/\/capivari.sp.gov.br\/portal\/wp-json\/wp\/v2\/posts\/20133\/revisions"}],"predecessor-version":[{"id":20135,"href":"https:\/\/capivari.sp.gov.br\/portal\/wp-json\/wp\/v2\/posts\/20133\/revisions\/20135"}],"wp:featuredmedia":[{"embeddable":true,"href":"https:\/\/capivari.sp.gov.br\/portal\/wp-json\/wp\/v2\/media\/20134"}],"wp:attachment":[{"href":"https:\/\/capivari.sp.gov.br\/portal\/wp-json\/wp\/v2\/media?parent=20133"}],"wp:term":[{"taxonomy":"category","embeddable":true,"href":"https:\/\/capivari.sp.gov.br\/portal\/wp-json\/wp\/v2\/categories?post=20133"},{"taxonomy":"post_tag","embeddable":true,"href":"https:\/\/capivari.sp.gov.br\/portal\/wp-json\/wp\/v2\/tags?post=20133"}],"curies":[{"name":"wp","href":"https:\/\/api.w.org\/{rel}","templated":true}]}}