{"id":20138,"date":"2025-06-26T16:17:12","date_gmt":"2025-06-26T19:17:12","guid":{"rendered":"https:\/\/capivari.sp.gov.br\/portal\/?p=20138"},"modified":"2025-06-26T16:17:12","modified_gmt":"2025-06-26T19:17:12","slug":"saude-divulga-recomendacoes-a-populacao-no-dia-internacional-de-combate-as-drogas","status":"publish","type":"post","link":"https:\/\/capivari.sp.gov.br\/portal\/saude-divulga-recomendacoes-a-populacao-no-dia-internacional-de-combate-as-drogas\/","title":{"rendered":"Sa\u00fade divulga recomenda\u00e7\u00f5es \u00e0 popula\u00e7\u00e3o no Dia Internacional de combate as Drogas"},"content":{"rendered":"<p>A Secretaria da Sa\u00fade divulgou na manh\u00e3 desta quinta-feira, 26, uma s\u00e9rie de dicas e recomenda\u00e7\u00f5es em alus\u00e3o ao Dia Internacional de combate as Drogas. A data \u00e9 importante para conscientizar a popula\u00e7\u00e3o sobre os problemas relacionados ao uso dessas subst\u00e2ncias e como procurar ajuda.<\/p>\n<p>Segundo o setor CAPS AD &#8211; Centro de Aten\u00e7\u00e3o Psicossocial \u2013 \u00e1lcool e drogas, \u2018Droga\u2019 \u00e9 toda e qualquer subst\u00e2ncia natural ou sint\u00e9tica, que introduzida no organismo, modifica suas fun\u00e7\u00f5es. Existem dois tipos de drogas, as l\u00edcitas, que s\u00e3o aquelas que podem ser comercializadas como cigarros, bebidas alco\u00f3licas e medicamentos, e as il\u00edcitas que s\u00e3o aquelas que tem a venda proibida, como maconha, coca\u00edna, crack, entre outras.<\/p>\n<p>As drogas podem ser classificadas como depressivas, estimulantes ou perturbadoras no sistema nervoso central. \u00c9 um problema de sa\u00fade s\u00e9rio e destrutivo, que pode comprometer todo o organismo, levando a doen\u00e7as cardiovasculares, respirat\u00f3rias, doen\u00e7as no f\u00edgado, comprometimento neurol\u00f3gico e transtornos psiqui\u00e1tricos como depress\u00e3o, ansiedade entre outros.<\/p>\n<p>Ap\u00f3s o uso excessivo de um determinado componente psicoativo, o organismo desenvolve um conjunto de ocorr\u00eancias fisiol\u00f3gicas, emocionais e comportamentais que consiste em uma depend\u00eancia qu\u00edmica. A depend\u00eancia qu\u00edmica pode levar a crise de abstin\u00eancia, onde apresenta sinais e sintomas, causando desconforto ps\u00edquico, irrita\u00e7\u00e3o, ang\u00fastia, depress\u00e3o, agita\u00e7\u00e3o e alucina\u00e7\u00f5es.<\/p>\n<p>O Caps AD atende pessoas que necessitem de tratamento de forma presencial localizado na Rua Bar\u00e3o do Rio Branco, 43, Centro, com hor\u00e1rio de atendimento das 07h \u00e0s 17h. Mais informa\u00e7\u00f5es dispon\u00edveis pelo telefone (19) 3492-8202.<\/p>\n","protected":false},"excerpt":{"rendered":"<p>A Secretaria da Sa\u00fade divulgou na manh\u00e3 desta quinta-feira, 26, uma s\u00e9rie de dicas e recomenda\u00e7\u00f5es em alus\u00e3o ao Dia Internacional de combate as Drogas. A data \u00e9 importante para conscientizar a popula\u00e7\u00e3o sobre os problemas relacionados ao uso dessas subst\u00e2ncias e como procurar ajuda. Segundo o setor CAPS AD &#8211; Centro de Aten\u00e7\u00e3o Psicossocial [&hellip;]<\/p>\n","protected":false},"author":2,"featured_media":20139,"comment_status":"open","ping_status":"open","sticky":false,"template":"","format":"standard","meta":{"ocean_post_layout":"","ocean_both_sidebars_style":"","ocean_both_sidebars_content_width":0,"ocean_both_sidebars_sidebars_width":0,"ocean_sidebar":"","ocean_second_sidebar":"","ocean_disable_margins":"enable","ocean_add_body_class":"","ocean_shortcode_before_top_bar":"","ocean_shortcode_after_top_bar":"","ocean_shortcode_before_header":"","ocean_shortcode_after_header":"","ocean_has_shortcode":"","ocean_shortcode_after_title":"","ocean_shortcode_before_footer_widgets":"","ocean_shortcode_after_footer_widgets":"","ocean_shortcode_before_footer_bottom":"","ocean_shortcode_after_footer_bottom":"","ocean_display_top_bar":"default","ocean_display_header":"default","ocean_header_style":"","ocean_center_header_left_menu":"","ocean_custom_header_template":"","ocean_custom_logo":0,"ocean_custom_retina_logo":0,"ocean_custom_logo_max_width":0,"ocean_custom_logo_tablet_max_width":0,"ocean_custom_logo_mobile_max_width":0,"ocean_custom_logo_max_height":0,"ocean_custom_logo_tablet_max_height":0,"ocean_custom_logo_mobile_max_height":0,"ocean_header_custom_menu":"","ocean_menu_typo_font_family":"","ocean_menu_typo_font_subset":"","ocean_menu_typo_font_size":0,"ocean_menu_typo_font_size_tablet":0,"ocean_menu_typo_font_size_mobile":0,"ocean_menu_typo_font_size_unit":"px","ocean_menu_typo_font_weight":"","ocean_menu_typo_font_weight_tablet":"","ocean_menu_typo_font_weight_mobile":"","ocean_menu_typo_transform":"","ocean_menu_typo_transform_tablet":"","ocean_menu_typo_transform_mobile":"","ocean_menu_typo_line_height":0,"ocean_menu_typo_line_height_tablet":0,"ocean_menu_typo_line_height_mobile":0,"ocean_menu_typo_line_height_unit":"","ocean_menu_typo_spacing":0,"ocean_menu_typo_spacing_tablet":0,"ocean_menu_typo_spacing_mobile":0,"ocean_menu_typo_spacing_unit":"","ocean_menu_link_color":"","ocean_menu_link_color_hover":"","ocean_menu_link_color_active":"","ocean_menu_link_background":"","ocean_menu_link_hover_background":"","ocean_menu_link_active_background":"","ocean_menu_social_links_bg":"","ocean_menu_social_hover_links_bg":"","ocean_menu_social_links_color":"","ocean_menu_social_hover_links_color":"","ocean_disable_title":"default","ocean_disable_heading":"default","ocean_post_title":"","ocean_post_subheading":"","ocean_post_title_style":"","ocean_post_title_background_color":"","ocean_post_title_background":0,"ocean_post_title_bg_image_position":"","ocean_post_title_bg_image_attachment":"","ocean_post_title_bg_image_repeat":"","ocean_post_title_bg_image_size":"","ocean_post_title_height":0,"ocean_post_title_bg_overlay":0.5,"ocean_post_title_bg_overlay_color":"","ocean_disable_breadcrumbs":"default","ocean_breadcrumbs_color":"","ocean_breadcrumbs_separator_color":"","ocean_breadcrumbs_links_color":"","ocean_breadcrumbs_links_hover_color":"","ocean_display_footer_widgets":"default","ocean_display_footer_bottom":"default","ocean_custom_footer_template":"","ocean_post_oembed":"","ocean_post_self_hosted_media":"","ocean_post_video_embed":"","ocean_link_format":"","ocean_link_format_target":"self","ocean_quote_format":"","ocean_quote_format_link":"post","ocean_gallery_link_images":"on","ocean_gallery_id":[],"footnotes":""},"categories":[4,5,31],"tags":[],"class_list":["post-20138","post","type-post","status-publish","format-standard","has-post-thumbnail","hentry","category-destaque","category-geral","category-saude","entry","has-media"],"yoast_head":"<!-- This site is optimized with the Yoast SEO plugin v27.5 - https:\/\/yoast.com\/product\/yoast-seo-wordpress\/ -->\n<title>Sa\u00fade divulga recomenda\u00e7\u00f5es \u00e0 popula\u00e7\u00e3o no Dia Internacional de combate as Drogas - Prefeitura de Capivari<\/title>\n<meta name=\"robots\" content=\"index, follow, max-snippet:-1, max-image-preview:large, max-video-preview:-1\" \/>\n<link rel=\"canonical\" href=\"https:\/\/capivari.sp.gov.br\/portal\/saude-divulga-recomendacoes-a-populacao-no-dia-internacional-de-combate-as-drogas\/\" \/>\n<meta property=\"og:locale\" content=\"pt_BR\" \/>\n<meta property=\"og:type\" content=\"article\" \/>\n<meta property=\"og:title\" content=\"Sa\u00fade divulga recomenda\u00e7\u00f5es \u00e0 popula\u00e7\u00e3o no Dia Internacional de combate as Drogas - Prefeitura de Capivari\" \/>\n<meta property=\"og:description\" content=\"A Secretaria da Sa\u00fade divulgou na manh\u00e3 desta quinta-feira, 26, uma s\u00e9rie de dicas e recomenda\u00e7\u00f5es em alus\u00e3o ao Dia Internacional de combate as Drogas. A data \u00e9 importante para conscientizar a popula\u00e7\u00e3o sobre os problemas relacionados ao uso dessas subst\u00e2ncias e como procurar ajuda. Segundo o setor CAPS AD &#8211; Centro de Aten\u00e7\u00e3o Psicossocial [&hellip;]\" \/>\n<meta property=\"og:url\" content=\"https:\/\/capivari.sp.gov.br\/portal\/saude-divulga-recomendacoes-a-populacao-no-dia-internacional-de-combate-as-drogas\/\" \/>\n<meta property=\"og:site_name\" content=\"Prefeitura de Capivari\" \/>\n<meta property=\"article:publisher\" content=\"https:\/\/www.facebook.com\/PrefeituradeCapivari\/\" \/>\n<meta property=\"article:published_time\" content=\"2025-06-26T19:17:12+00:00\" \/>\n<meta property=\"og:image\" content=\"https:\/\/capivari.sp.gov.br\/portal\/wp-content\/uploads\/2025\/06\/WhatsApp-Image-2024-03-08-at-17.15.36.jpeg\" \/>\n\t<meta property=\"og:image:width\" content=\"1280\" \/>\n\t<meta property=\"og:image:height\" content=\"853\" \/>\n\t<meta property=\"og:image:type\" content=\"image\/jpeg\" \/>\n<meta name=\"author\" content=\"Thalles Cristiano\" \/>\n<meta name=\"twitter:card\" content=\"summary_large_image\" \/>\n<meta name=\"twitter:creator\" content=\"@PrefCapivari\" \/>\n<meta name=\"twitter:site\" content=\"@PrefCapivari\" \/>\n<meta name=\"twitter:label1\" content=\"Escrito por\" \/>\n\t<meta name=\"twitter:data1\" content=\"Thalles Cristiano\" \/>\n\t<meta name=\"twitter:label2\" content=\"Est. tempo de leitura\" \/>\n\t<meta name=\"twitter:data2\" content=\"2 minutos\" \/>\n<script type=\"application\/ld+json\" class=\"yoast-schema-graph\">{\"@context\":\"https:\\\/\\\/schema.org\",\"@graph\":[{\"@type\":\"Article\",\"@id\":\"https:\\\/\\\/capivari.sp.gov.br\\\/portal\\\/saude-divulga-recomendacoes-a-populacao-no-dia-internacional-de-combate-as-drogas\\\/#article\",\"isPartOf\":{\"@id\":\"https:\\\/\\\/capivari.sp.gov.br\\\/portal\\\/saude-divulga-recomendacoes-a-populacao-no-dia-internacional-de-combate-as-drogas\\\/\"},\"author\":{\"name\":\"Thalles Cristiano\",\"@id\":\"https:\\\/\\\/capivari.sp.gov.br\\\/portal\\\/#\\\/schema\\\/person\\\/98801614a91d449946b0687ae2db9f29\"},\"headline\":\"Sa\u00fade divulga recomenda\u00e7\u00f5es \u00e0 popula\u00e7\u00e3o no Dia Internacional de combate as Drogas\",\"datePublished\":\"2025-06-26T19:17:12+00:00\",\"mainEntityOfPage\":{\"@id\":\"https:\\\/\\\/capivari.sp.gov.br\\\/portal\\\/saude-divulga-recomendacoes-a-populacao-no-dia-internacional-de-combate-as-drogas\\\/\"},\"wordCount\":293,\"commentCount\":0,\"publisher\":{\"@id\":\"https:\\\/\\\/capivari.sp.gov.br\\\/portal\\\/#organization\"},\"image\":{\"@id\":\"https:\\\/\\\/capivari.sp.gov.br\\\/portal\\\/saude-divulga-recomendacoes-a-populacao-no-dia-internacional-de-combate-as-drogas\\\/#primaryimage\"},\"thumbnailUrl\":\"https:\\\/\\\/capivari.sp.gov.br\\\/portal\\\/wp-content\\\/uploads\\\/2025\\\/06\\\/WhatsApp-Image-2024-03-08-at-17.15.36.jpeg\",\"articleSection\":[\"Destaque\",\"Geral\",\"Sa\u00fade\"],\"inLanguage\":\"pt-BR\",\"potentialAction\":[{\"@type\":\"CommentAction\",\"name\":\"Comment\",\"target\":[\"https:\\\/\\\/capivari.sp.gov.br\\\/portal\\\/saude-divulga-recomendacoes-a-populacao-no-dia-internacional-de-combate-as-drogas\\\/#respond\"]}]},{\"@type\":\"WebPage\",\"@id\":\"https:\\\/\\\/capivari.sp.gov.br\\\/portal\\\/saude-divulga-recomendacoes-a-populacao-no-dia-internacional-de-combate-as-drogas\\\/\",\"url\":\"https:\\\/\\\/capivari.sp.gov.br\\\/portal\\\/saude-divulga-recomendacoes-a-populacao-no-dia-internacional-de-combate-as-drogas\\\/\",\"name\":\"Sa\u00fade divulga recomenda\u00e7\u00f5es \u00e0 popula\u00e7\u00e3o no Dia Internacional de combate as Drogas - Prefeitura de Capivari\",\"isPartOf\":{\"@id\":\"https:\\\/\\\/capivari.sp.gov.br\\\/portal\\\/#website\"},\"primaryImageOfPage\":{\"@id\":\"https:\\\/\\\/capivari.sp.gov.br\\\/portal\\\/saude-divulga-recomendacoes-a-populacao-no-dia-internacional-de-combate-as-drogas\\\/#primaryimage\"},\"image\":{\"@id\":\"https:\\\/\\\/capivari.sp.gov.br\\\/portal\\\/saude-divulga-recomendacoes-a-populacao-no-dia-internacional-de-combate-as-drogas\\\/#primaryimage\"},\"thumbnailUrl\":\"https:\\\/\\\/capivari.sp.gov.br\\\/portal\\\/wp-content\\\/uploads\\\/2025\\\/06\\\/WhatsApp-Image-2024-03-08-at-17.15.36.jpeg\",\"datePublished\":\"2025-06-26T19:17:12+00:00\",\"breadcrumb\":{\"@id\":\"https:\\\/\\\/capivari.sp.gov.br\\\/portal\\\/saude-divulga-recomendacoes-a-populacao-no-dia-internacional-de-combate-as-drogas\\\/#breadcrumb\"},\"inLanguage\":\"pt-BR\",\"potentialAction\":[{\"@type\":\"ReadAction\",\"target\":[\"https:\\\/\\\/capivari.sp.gov.br\\\/portal\\\/saude-divulga-recomendacoes-a-populacao-no-dia-internacional-de-combate-as-drogas\\\/\"]}]},{\"@type\":\"ImageObject\",\"inLanguage\":\"pt-BR\",\"@id\":\"https:\\\/\\\/capivari.sp.gov.br\\\/portal\\\/saude-divulga-recomendacoes-a-populacao-no-dia-internacional-de-combate-as-drogas\\\/#primaryimage\",\"url\":\"https:\\\/\\\/capivari.sp.gov.br\\\/portal\\\/wp-content\\\/uploads\\\/2025\\\/06\\\/WhatsApp-Image-2024-03-08-at-17.15.36.jpeg\",\"contentUrl\":\"https:\\\/\\\/capivari.sp.gov.br\\\/portal\\\/wp-content\\\/uploads\\\/2025\\\/06\\\/WhatsApp-Image-2024-03-08-at-17.15.36.jpeg\",\"width\":1280,\"height\":853},{\"@type\":\"BreadcrumbList\",\"@id\":\"https:\\\/\\\/capivari.sp.gov.br\\\/portal\\\/saude-divulga-recomendacoes-a-populacao-no-dia-internacional-de-combate-as-drogas\\\/#breadcrumb\",\"itemListElement\":[{\"@type\":\"ListItem\",\"position\":1,\"name\":\"In\u00edcio\",\"item\":\"https:\\\/\\\/capivari.sp.gov.br\\\/portal\\\/\"},{\"@type\":\"ListItem\",\"position\":2,\"name\":\"Sa\u00fade divulga recomenda\u00e7\u00f5es \u00e0 popula\u00e7\u00e3o no Dia Internacional de combate as Drogas\"}]},{\"@type\":\"WebSite\",\"@id\":\"https:\\\/\\\/capivari.sp.gov.br\\\/portal\\\/#website\",\"url\":\"https:\\\/\\\/capivari.sp.gov.br\\\/portal\\\/\",\"name\":\"Prefeitura de Capivari\",\"description\":\"Prefeitura de Capivari\",\"publisher\":{\"@id\":\"https:\\\/\\\/capivari.sp.gov.br\\\/portal\\\/#organization\"},\"potentialAction\":[{\"@type\":\"SearchAction\",\"target\":{\"@type\":\"EntryPoint\",\"urlTemplate\":\"https:\\\/\\\/capivari.sp.gov.br\\\/portal\\\/?s={search_term_string}\"},\"query-input\":{\"@type\":\"PropertyValueSpecification\",\"valueRequired\":true,\"valueName\":\"search_term_string\"}}],\"inLanguage\":\"pt-BR\"},{\"@type\":\"Organization\",\"@id\":\"https:\\\/\\\/capivari.sp.gov.br\\\/portal\\\/#organization\",\"name\":\"Prefeitura de Capivari\",\"url\":\"https:\\\/\\\/capivari.sp.gov.br\\\/portal\\\/\",\"logo\":{\"@type\":\"ImageObject\",\"inLanguage\":\"pt-BR\",\"@id\":\"https:\\\/\\\/capivari.sp.gov.br\\\/portal\\\/#\\\/schema\\\/logo\\\/image\\\/\",\"url\":\"https:\\\/\\\/capivari.sp.gov.br\\\/portal\\\/wp-content\\\/uploads\\\/2021\\\/09\\\/logo-prefeitura-de-capivari.png\",\"contentUrl\":\"https:\\\/\\\/capivari.sp.gov.br\\\/portal\\\/wp-content\\\/uploads\\\/2021\\\/09\\\/logo-prefeitura-de-capivari.png\",\"width\":200,\"height\":147,\"caption\":\"Prefeitura de Capivari\"},\"image\":{\"@id\":\"https:\\\/\\\/capivari.sp.gov.br\\\/portal\\\/#\\\/schema\\\/logo\\\/image\\\/\"},\"sameAs\":[\"https:\\\/\\\/www.facebook.com\\\/PrefeituradeCapivari\\\/\",\"https:\\\/\\\/x.com\\\/PrefCapivari\",\"https:\\\/\\\/www.instagram.com\\\/prefeituracapivari\\\/\"]},{\"@type\":\"Person\",\"@id\":\"https:\\\/\\\/capivari.sp.gov.br\\\/portal\\\/#\\\/schema\\\/person\\\/98801614a91d449946b0687ae2db9f29\",\"name\":\"Thalles Cristiano\",\"image\":{\"@type\":\"ImageObject\",\"inLanguage\":\"pt-BR\",\"@id\":\"https:\\\/\\\/secure.gravatar.com\\\/avatar\\\/0d1b9a4bdcde99ab11a8cd27abdcd088993749b82c4355c0301135023dc52b3d?s=96&d=mm&r=g\",\"url\":\"https:\\\/\\\/secure.gravatar.com\\\/avatar\\\/0d1b9a4bdcde99ab11a8cd27abdcd088993749b82c4355c0301135023dc52b3d?s=96&d=mm&r=g\",\"contentUrl\":\"https:\\\/\\\/secure.gravatar.com\\\/avatar\\\/0d1b9a4bdcde99ab11a8cd27abdcd088993749b82c4355c0301135023dc52b3d?s=96&d=mm&r=g\",\"caption\":\"Thalles Cristiano\"},\"url\":\"https:\\\/\\\/capivari.sp.gov.br\\\/portal\\\/author\\\/thalles-cristiano\\\/\"}]}<\/script>\n<!-- \/ Yoast SEO plugin. -->","yoast_head_json":{"title":"Sa\u00fade divulga recomenda\u00e7\u00f5es \u00e0 popula\u00e7\u00e3o no Dia Internacional de combate as Drogas - Prefeitura de Capivari","robots":{"index":"index","follow":"follow","max-snippet":"max-snippet:-1","max-image-preview":"max-image-preview:large","max-video-preview":"max-video-preview:-1"},"canonical":"https:\/\/capivari.sp.gov.br\/portal\/saude-divulga-recomendacoes-a-populacao-no-dia-internacional-de-combate-as-drogas\/","og_locale":"pt_BR","og_type":"article","og_title":"Sa\u00fade divulga recomenda\u00e7\u00f5es \u00e0 popula\u00e7\u00e3o no Dia Internacional de combate as Drogas - Prefeitura de Capivari","og_description":"A Secretaria da Sa\u00fade divulgou na manh\u00e3 desta quinta-feira, 26, uma s\u00e9rie de dicas e recomenda\u00e7\u00f5es em alus\u00e3o ao Dia Internacional de combate as Drogas. A data \u00e9 importante para conscientizar a popula\u00e7\u00e3o sobre os problemas relacionados ao uso dessas subst\u00e2ncias e como procurar ajuda. Segundo o setor CAPS AD &#8211; Centro de Aten\u00e7\u00e3o Psicossocial [&hellip;]","og_url":"https:\/\/capivari.sp.gov.br\/portal\/saude-divulga-recomendacoes-a-populacao-no-dia-internacional-de-combate-as-drogas\/","og_site_name":"Prefeitura de Capivari","article_publisher":"https:\/\/www.facebook.com\/PrefeituradeCapivari\/","article_published_time":"2025-06-26T19:17:12+00:00","og_image":[{"width":1280,"height":853,"url":"https:\/\/capivari.sp.gov.br\/portal\/wp-content\/uploads\/2025\/06\/WhatsApp-Image-2024-03-08-at-17.15.36.jpeg","type":"image\/jpeg"}],"author":"Thalles Cristiano","twitter_card":"summary_large_image","twitter_creator":"@PrefCapivari","twitter_site":"@PrefCapivari","twitter_misc":{"Escrito por":"Thalles Cristiano","Est. tempo de leitura":"2 minutos"},"schema":{"@context":"https:\/\/schema.org","@graph":[{"@type":"Article","@id":"https:\/\/capivari.sp.gov.br\/portal\/saude-divulga-recomendacoes-a-populacao-no-dia-internacional-de-combate-as-drogas\/#article","isPartOf":{"@id":"https:\/\/capivari.sp.gov.br\/portal\/saude-divulga-recomendacoes-a-populacao-no-dia-internacional-de-combate-as-drogas\/"},"author":{"name":"Thalles Cristiano","@id":"https:\/\/capivari.sp.gov.br\/portal\/#\/schema\/person\/98801614a91d449946b0687ae2db9f29"},"headline":"Sa\u00fade divulga recomenda\u00e7\u00f5es \u00e0 popula\u00e7\u00e3o no Dia Internacional de combate as Drogas","datePublished":"2025-06-26T19:17:12+00:00","mainEntityOfPage":{"@id":"https:\/\/capivari.sp.gov.br\/portal\/saude-divulga-recomendacoes-a-populacao-no-dia-internacional-de-combate-as-drogas\/"},"wordCount":293,"commentCount":0,"publisher":{"@id":"https:\/\/capivari.sp.gov.br\/portal\/#organization"},"image":{"@id":"https:\/\/capivari.sp.gov.br\/portal\/saude-divulga-recomendacoes-a-populacao-no-dia-internacional-de-combate-as-drogas\/#primaryimage"},"thumbnailUrl":"https:\/\/capivari.sp.gov.br\/portal\/wp-content\/uploads\/2025\/06\/WhatsApp-Image-2024-03-08-at-17.15.36.jpeg","articleSection":["Destaque","Geral","Sa\u00fade"],"inLanguage":"pt-BR","potentialAction":[{"@type":"CommentAction","name":"Comment","target":["https:\/\/capivari.sp.gov.br\/portal\/saude-divulga-recomendacoes-a-populacao-no-dia-internacional-de-combate-as-drogas\/#respond"]}]},{"@type":"WebPage","@id":"https:\/\/capivari.sp.gov.br\/portal\/saude-divulga-recomendacoes-a-populacao-no-dia-internacional-de-combate-as-drogas\/","url":"https:\/\/capivari.sp.gov.br\/portal\/saude-divulga-recomendacoes-a-populacao-no-dia-internacional-de-combate-as-drogas\/","name":"Sa\u00fade divulga recomenda\u00e7\u00f5es \u00e0 popula\u00e7\u00e3o no Dia Internacional de combate as Drogas - Prefeitura de Capivari","isPartOf":{"@id":"https:\/\/capivari.sp.gov.br\/portal\/#website"},"primaryImageOfPage":{"@id":"https:\/\/capivari.sp.gov.br\/portal\/saude-divulga-recomendacoes-a-populacao-no-dia-internacional-de-combate-as-drogas\/#primaryimage"},"image":{"@id":"https:\/\/capivari.sp.gov.br\/portal\/saude-divulga-recomendacoes-a-populacao-no-dia-internacional-de-combate-as-drogas\/#primaryimage"},"thumbnailUrl":"https:\/\/capivari.sp.gov.br\/portal\/wp-content\/uploads\/2025\/06\/WhatsApp-Image-2024-03-08-at-17.15.36.jpeg","datePublished":"2025-06-26T19:17:12+00:00","breadcrumb":{"@id":"https:\/\/capivari.sp.gov.br\/portal\/saude-divulga-recomendacoes-a-populacao-no-dia-internacional-de-combate-as-drogas\/#breadcrumb"},"inLanguage":"pt-BR","potentialAction":[{"@type":"ReadAction","target":["https:\/\/capivari.sp.gov.br\/portal\/saude-divulga-recomendacoes-a-populacao-no-dia-internacional-de-combate-as-drogas\/"]}]},{"@type":"ImageObject","inLanguage":"pt-BR","@id":"https:\/\/capivari.sp.gov.br\/portal\/saude-divulga-recomendacoes-a-populacao-no-dia-internacional-de-combate-as-drogas\/#primaryimage","url":"https:\/\/capivari.sp.gov.br\/portal\/wp-content\/uploads\/2025\/06\/WhatsApp-Image-2024-03-08-at-17.15.36.jpeg","contentUrl":"https:\/\/capivari.sp.gov.br\/portal\/wp-content\/uploads\/2025\/06\/WhatsApp-Image-2024-03-08-at-17.15.36.jpeg","width":1280,"height":853},{"@type":"BreadcrumbList","@id":"https:\/\/capivari.sp.gov.br\/portal\/saude-divulga-recomendacoes-a-populacao-no-dia-internacional-de-combate-as-drogas\/#breadcrumb","itemListElement":[{"@type":"ListItem","position":1,"name":"In\u00edcio","item":"https:\/\/capivari.sp.gov.br\/portal\/"},{"@type":"ListItem","position":2,"name":"Sa\u00fade divulga recomenda\u00e7\u00f5es \u00e0 popula\u00e7\u00e3o no Dia Internacional de combate as Drogas"}]},{"@type":"WebSite","@id":"https:\/\/capivari.sp.gov.br\/portal\/#website","url":"https:\/\/capivari.sp.gov.br\/portal\/","name":"Prefeitura de Capivari","description":"Prefeitura de Capivari","publisher":{"@id":"https:\/\/capivari.sp.gov.br\/portal\/#organization"},"potentialAction":[{"@type":"SearchAction","target":{"@type":"EntryPoint","urlTemplate":"https:\/\/capivari.sp.gov.br\/portal\/?s={search_term_string}"},"query-input":{"@type":"PropertyValueSpecification","valueRequired":true,"valueName":"search_term_string"}}],"inLanguage":"pt-BR"},{"@type":"Organization","@id":"https:\/\/capivari.sp.gov.br\/portal\/#organization","name":"Prefeitura de Capivari","url":"https:\/\/capivari.sp.gov.br\/portal\/","logo":{"@type":"ImageObject","inLanguage":"pt-BR","@id":"https:\/\/capivari.sp.gov.br\/portal\/#\/schema\/logo\/image\/","url":"https:\/\/capivari.sp.gov.br\/portal\/wp-content\/uploads\/2021\/09\/logo-prefeitura-de-capivari.png","contentUrl":"https:\/\/capivari.sp.gov.br\/portal\/wp-content\/uploads\/2021\/09\/logo-prefeitura-de-capivari.png","width":200,"height":147,"caption":"Prefeitura de Capivari"},"image":{"@id":"https:\/\/capivari.sp.gov.br\/portal\/#\/schema\/logo\/image\/"},"sameAs":["https:\/\/www.facebook.com\/PrefeituradeCapivari\/","https:\/\/x.com\/PrefCapivari","https:\/\/www.instagram.com\/prefeituracapivari\/"]},{"@type":"Person","@id":"https:\/\/capivari.sp.gov.br\/portal\/#\/schema\/person\/98801614a91d449946b0687ae2db9f29","name":"Thalles Cristiano","image":{"@type":"ImageObject","inLanguage":"pt-BR","@id":"https:\/\/secure.gravatar.com\/avatar\/0d1b9a4bdcde99ab11a8cd27abdcd088993749b82c4355c0301135023dc52b3d?s=96&d=mm&r=g","url":"https:\/\/secure.gravatar.com\/avatar\/0d1b9a4bdcde99ab11a8cd27abdcd088993749b82c4355c0301135023dc52b3d?s=96&d=mm&r=g","contentUrl":"https:\/\/secure.gravatar.com\/avatar\/0d1b9a4bdcde99ab11a8cd27abdcd088993749b82c4355c0301135023dc52b3d?s=96&d=mm&r=g","caption":"Thalles Cristiano"},"url":"https:\/\/capivari.sp.gov.br\/portal\/author\/thalles-cristiano\/"}]}},"_links":{"self":[{"href":"https:\/\/capivari.sp.gov.br\/portal\/wp-json\/wp\/v2\/posts\/20138","targetHints":{"allow":["GET"]}}],"collection":[{"href":"https:\/\/capivari.sp.gov.br\/portal\/wp-json\/wp\/v2\/posts"}],"about":[{"href":"https:\/\/capivari.sp.gov.br\/portal\/wp-json\/wp\/v2\/types\/post"}],"author":[{"embeddable":true,"href":"https:\/\/capivari.sp.gov.br\/portal\/wp-json\/wp\/v2\/users\/2"}],"replies":[{"embeddable":true,"href":"https:\/\/capivari.sp.gov.br\/portal\/wp-json\/wp\/v2\/comments?post=20138"}],"version-history":[{"count":1,"href":"https:\/\/capivari.sp.gov.br\/portal\/wp-json\/wp\/v2\/posts\/20138\/revisions"}],"predecessor-version":[{"id":20140,"href":"https:\/\/capivari.sp.gov.br\/portal\/wp-json\/wp\/v2\/posts\/20138\/revisions\/20140"}],"wp:featuredmedia":[{"embeddable":true,"href":"https:\/\/capivari.sp.gov.br\/portal\/wp-json\/wp\/v2\/media\/20139"}],"wp:attachment":[{"href":"https:\/\/capivari.sp.gov.br\/portal\/wp-json\/wp\/v2\/media?parent=20138"}],"wp:term":[{"taxonomy":"category","embeddable":true,"href":"https:\/\/capivari.sp.gov.br\/portal\/wp-json\/wp\/v2\/categories?post=20138"},{"taxonomy":"post_tag","embeddable":true,"href":"https:\/\/capivari.sp.gov.br\/portal\/wp-json\/wp\/v2\/tags?post=20138"}],"curies":[{"name":"wp","href":"https:\/\/api.w.org\/{rel}","templated":true}]}}