{"id":20401,"date":"2025-08-06T09:02:53","date_gmt":"2025-08-06T12:02:53","guid":{"rendered":"https:\/\/capivari.sp.gov.br\/portal\/?p=20401"},"modified":"2025-08-06T09:02:53","modified_gmt":"2025-08-06T12:02:53","slug":"educadores-de-capivari-tem-palestras-sobre-programa-que-visa-implementar-acoes-para-a-superacao-das-diferencas-etnico-raciais","status":"publish","type":"post","link":"https:\/\/capivari.sp.gov.br\/portal\/educadores-de-capivari-tem-palestras-sobre-programa-que-visa-implementar-acoes-para-a-superacao-das-diferencas-etnico-raciais\/","title":{"rendered":"Educadores de Capivari t\u00eam palestras sobre programa que visa implementar a\u00e7\u00f5es para a supera\u00e7\u00e3o das diferen\u00e7as \u00e9tnico-raciais"},"content":{"rendered":"<p><span style=\"font-family: Arial, sans-serif;\"><span style=\"font-size: large;\">O audit\u00f3rio da Secretaria da Educa\u00e7\u00e3o de Capivari recebeu na tarde da \u00faltima sexta-feira (01) uma palestra sobre a Pol\u00edtica Nacional de Equidade, Educa\u00e7\u00e3o para as Rela\u00e7\u00f5es \u00c9tnico-Raciais e Educa\u00e7\u00e3o Escolar Quilombola (PNEERQ), programa do Governo Federal que visa equiparar o aprendizado no meio educacional entre crian\u00e7as de diferentes etnias.<\/p>\n<p>A respons\u00e1vel pela palestra na cidade foi a articuladora Regional do PNEERQ, a Diretora de Supervis\u00e3o e Administra\u00e7\u00e3o Escolar de Capivari, Adriana Costa Martins Melichenco. Segundo ela, a Pneerq tem o objetivo de implementar a\u00e7\u00f5es e programas educacionais voltados \u00e0 supera\u00e7\u00e3o das desigualdades \u00e9tnico-raciais e do racismo nos ambientes de ensino, bem como \u00e0 promo\u00e7\u00e3o da pol\u00edtica educacional para a popula\u00e7\u00e3o quilombola. O p\u00fablico priorit\u00e1rio \u00e9 formado por gestores, professores, funcion\u00e1rios e estudantes, ou seja, a Pneerq abrange toda a comunidade escolar,<\/p>\n<p>O material de divulga\u00e7\u00e3o do programa explica que a iniciativa segue a Lei n\u00ba 10.639\/2003, que alterou o art. 26 da Lei de Diretrizes e Bases da Educa\u00e7\u00e3o (LDB). O documento afirma que gra\u00e7as a esta lei, a educa\u00e7\u00e3o brasileira apresentou melhora consider\u00e1vel ao longo dos anos, mas n\u00e3o garantiu devidamente o direito \u00e0 educa\u00e7\u00e3o a todos, j\u00e1 que h\u00e1 ainda profunda desigualdade de aprendizagem entre negros e brancos na educa\u00e7\u00e3o b\u00e1sica.<\/p>\n<p>O Secret\u00e1rio da Educa\u00e7\u00e3o de Capivari, Jos\u00e9 Lucas de Moraes, destaca que a\u00e7\u00f5es como essa est\u00e3o alinhadas com a proposta da atual gest\u00e3o do prefeito Vit\u00e3o, que desde o in\u00edcio tem priorizado a promo\u00e7\u00e3o da equidade no ambiente escolar e em toda a cidade. \u201cNosso compromisso \u00e9 garantir que todas as crian\u00e7a<\/span><\/span><span style=\"font-family: Arial, sans-serif;\"><span style=\"font-size: large;\">s<\/span><\/span><span style=\"font-family: Arial, sans-serif;\"><span style=\"font-size: large;\"> tenham acesso a oportunidades educacionais de qualidade. Isso inclui tamb\u00e9m o enfrentamento de desigualdades relacionadas para al\u00e9m da etnia, como as mais diversas defici\u00eancias e outros fatores que historicamente impactam o acesso e a perman\u00eancia dos estudantes na escola\u201d, enfatizou o <\/span><\/span><span style=\"font-family: Arial, sans-serif;\"><span style=\"font-size: large;\">s<\/span><\/span><span style=\"font-family: Arial, sans-serif;\"><span style=\"font-size: large;\">ecret\u00e1rio.<\/span><\/span><\/p>\n","protected":false},"excerpt":{"rendered":"<p>O audit\u00f3rio da Secretaria da Educa\u00e7\u00e3o de Capivari recebeu na tarde da \u00faltima sexta-feira (01) uma palestra sobre a Pol\u00edtica Nacional de Equidade, Educa\u00e7\u00e3o para as Rela\u00e7\u00f5es \u00c9tnico-Raciais e Educa\u00e7\u00e3o Escolar Quilombola (PNEERQ), programa do Governo Federal que visa equiparar o aprendizado no meio educacional entre crian\u00e7as de diferentes etnias. A respons\u00e1vel pela palestra na [&hellip;]<\/p>\n","protected":false},"author":15,"featured_media":20402,"comment_status":"open","ping_status":"open","sticky":false,"template":"","format":"standard","meta":{"ocean_post_layout":"","ocean_both_sidebars_style":"","ocean_both_sidebars_content_width":0,"ocean_both_sidebars_sidebars_width":0,"ocean_sidebar":"","ocean_second_sidebar":"","ocean_disable_margins":"enable","ocean_add_body_class":"","ocean_shortcode_before_top_bar":"","ocean_shortcode_after_top_bar":"","ocean_shortcode_before_header":"","ocean_shortcode_after_header":"","ocean_has_shortcode":"","ocean_shortcode_after_title":"","ocean_shortcode_before_footer_widgets":"","ocean_shortcode_after_footer_widgets":"","ocean_shortcode_before_footer_bottom":"","ocean_shortcode_after_footer_bottom":"","ocean_display_top_bar":"default","ocean_display_header":"default","ocean_header_style":"","ocean_center_header_left_menu":"","ocean_custom_header_template":"","ocean_custom_logo":0,"ocean_custom_retina_logo":0,"ocean_custom_logo_max_width":0,"ocean_custom_logo_tablet_max_width":0,"ocean_custom_logo_mobile_max_width":0,"ocean_custom_logo_max_height":0,"ocean_custom_logo_tablet_max_height":0,"ocean_custom_logo_mobile_max_height":0,"ocean_header_custom_menu":"","ocean_menu_typo_font_family":"","ocean_menu_typo_font_subset":"","ocean_menu_typo_font_size":0,"ocean_menu_typo_font_size_tablet":0,"ocean_menu_typo_font_size_mobile":0,"ocean_menu_typo_font_size_unit":"px","ocean_menu_typo_font_weight":"","ocean_menu_typo_font_weight_tablet":"","ocean_menu_typo_font_weight_mobile":"","ocean_menu_typo_transform":"","ocean_menu_typo_transform_tablet":"","ocean_menu_typo_transform_mobile":"","ocean_menu_typo_line_height":0,"ocean_menu_typo_line_height_tablet":0,"ocean_menu_typo_line_height_mobile":0,"ocean_menu_typo_line_height_unit":"","ocean_menu_typo_spacing":0,"ocean_menu_typo_spacing_tablet":0,"ocean_menu_typo_spacing_mobile":0,"ocean_menu_typo_spacing_unit":"","ocean_menu_link_color":"","ocean_menu_link_color_hover":"","ocean_menu_link_color_active":"","ocean_menu_link_background":"","ocean_menu_link_hover_background":"","ocean_menu_link_active_background":"","ocean_menu_social_links_bg":"","ocean_menu_social_hover_links_bg":"","ocean_menu_social_links_color":"","ocean_menu_social_hover_links_color":"","ocean_disable_title":"default","ocean_disable_heading":"default","ocean_post_title":"","ocean_post_subheading":"","ocean_post_title_style":"","ocean_post_title_background_color":"","ocean_post_title_background":0,"ocean_post_title_bg_image_position":"","ocean_post_title_bg_image_attachment":"","ocean_post_title_bg_image_repeat":"","ocean_post_title_bg_image_size":"","ocean_post_title_height":0,"ocean_post_title_bg_overlay":0.5,"ocean_post_title_bg_overlay_color":"","ocean_disable_breadcrumbs":"default","ocean_breadcrumbs_color":"","ocean_breadcrumbs_separator_color":"","ocean_breadcrumbs_links_color":"","ocean_breadcrumbs_links_hover_color":"","ocean_display_footer_widgets":"default","ocean_display_footer_bottom":"default","ocean_custom_footer_template":"","ocean_post_oembed":"","ocean_post_self_hosted_media":"","ocean_post_video_embed":"","ocean_link_format":"","ocean_link_format_target":"self","ocean_quote_format":"","ocean_quote_format_link":"post","ocean_gallery_link_images":"on","ocean_gallery_id":[],"footnotes":""},"categories":[4,21,5],"tags":[],"class_list":["post-20401","post","type-post","status-publish","format-standard","has-post-thumbnail","hentry","category-destaque","category-educacao","category-geral","entry","has-media"],"yoast_head":"<!-- This site is optimized with the Yoast SEO plugin v27.5 - https:\/\/yoast.com\/product\/yoast-seo-wordpress\/ -->\n<title>Educadores de Capivari t\u00eam palestras sobre programa que visa implementar a\u00e7\u00f5es para a supera\u00e7\u00e3o das diferen\u00e7as \u00e9tnico-raciais - Prefeitura de Capivari<\/title>\n<meta name=\"robots\" content=\"index, follow, max-snippet:-1, max-image-preview:large, max-video-preview:-1\" \/>\n<link rel=\"canonical\" href=\"https:\/\/capivari.sp.gov.br\/portal\/educadores-de-capivari-tem-palestras-sobre-programa-que-visa-implementar-acoes-para-a-superacao-das-diferencas-etnico-raciais\/\" \/>\n<meta property=\"og:locale\" content=\"pt_BR\" \/>\n<meta property=\"og:type\" content=\"article\" \/>\n<meta property=\"og:title\" content=\"Educadores de Capivari t\u00eam palestras sobre programa que visa implementar a\u00e7\u00f5es para a supera\u00e7\u00e3o das diferen\u00e7as \u00e9tnico-raciais - Prefeitura de Capivari\" \/>\n<meta property=\"og:description\" content=\"O audit\u00f3rio da Secretaria da Educa\u00e7\u00e3o de Capivari recebeu na tarde da \u00faltima sexta-feira (01) uma palestra sobre a Pol\u00edtica Nacional de Equidade, Educa\u00e7\u00e3o para as Rela\u00e7\u00f5es \u00c9tnico-Raciais e Educa\u00e7\u00e3o Escolar Quilombola (PNEERQ), programa do Governo Federal que visa equiparar o aprendizado no meio educacional entre crian\u00e7as de diferentes etnias. A respons\u00e1vel pela palestra na [&hellip;]\" \/>\n<meta property=\"og:url\" content=\"https:\/\/capivari.sp.gov.br\/portal\/educadores-de-capivari-tem-palestras-sobre-programa-que-visa-implementar-acoes-para-a-superacao-das-diferencas-etnico-raciais\/\" \/>\n<meta property=\"og:site_name\" content=\"Prefeitura de Capivari\" \/>\n<meta property=\"article:publisher\" content=\"https:\/\/www.facebook.com\/PrefeituradeCapivari\/\" \/>\n<meta property=\"article:published_time\" content=\"2025-08-06T12:02:53+00:00\" \/>\n<meta property=\"og:image\" content=\"https:\/\/capivari.sp.gov.br\/portal\/wp-content\/uploads\/2025\/08\/IMG_8065-scaled.jpg\" \/>\n\t<meta property=\"og:image:width\" content=\"2560\" \/>\n\t<meta property=\"og:image:height\" content=\"1707\" \/>\n\t<meta property=\"og:image:type\" content=\"image\/jpeg\" \/>\n<meta name=\"author\" content=\"Luciano Assis\" \/>\n<meta name=\"twitter:card\" content=\"summary_large_image\" \/>\n<meta name=\"twitter:creator\" content=\"@PrefCapivari\" \/>\n<meta name=\"twitter:site\" content=\"@PrefCapivari\" \/>\n<meta name=\"twitter:label1\" content=\"Escrito por\" \/>\n\t<meta name=\"twitter:data1\" content=\"Luciano Assis\" \/>\n\t<meta name=\"twitter:label2\" content=\"Est. tempo de leitura\" \/>\n\t<meta name=\"twitter:data2\" content=\"2 minutos\" \/>\n<script type=\"application\/ld+json\" class=\"yoast-schema-graph\">{\"@context\":\"https:\\\/\\\/schema.org\",\"@graph\":[{\"@type\":\"Article\",\"@id\":\"https:\\\/\\\/capivari.sp.gov.br\\\/portal\\\/educadores-de-capivari-tem-palestras-sobre-programa-que-visa-implementar-acoes-para-a-superacao-das-diferencas-etnico-raciais\\\/#article\",\"isPartOf\":{\"@id\":\"https:\\\/\\\/capivari.sp.gov.br\\\/portal\\\/educadores-de-capivari-tem-palestras-sobre-programa-que-visa-implementar-acoes-para-a-superacao-das-diferencas-etnico-raciais\\\/\"},\"author\":{\"name\":\"Luciano Assis\",\"@id\":\"https:\\\/\\\/capivari.sp.gov.br\\\/portal\\\/#\\\/schema\\\/person\\\/ac37113577adfc1517e0cfa854b830b4\"},\"headline\":\"Educadores de Capivari t\u00eam palestras sobre programa que visa implementar a\u00e7\u00f5es para a supera\u00e7\u00e3o das diferen\u00e7as \u00e9tnico-raciais\",\"datePublished\":\"2025-08-06T12:02:53+00:00\",\"mainEntityOfPage\":{\"@id\":\"https:\\\/\\\/capivari.sp.gov.br\\\/portal\\\/educadores-de-capivari-tem-palestras-sobre-programa-que-visa-implementar-acoes-para-a-superacao-das-diferencas-etnico-raciais\\\/\"},\"wordCount\":354,\"commentCount\":0,\"publisher\":{\"@id\":\"https:\\\/\\\/capivari.sp.gov.br\\\/portal\\\/#organization\"},\"image\":{\"@id\":\"https:\\\/\\\/capivari.sp.gov.br\\\/portal\\\/educadores-de-capivari-tem-palestras-sobre-programa-que-visa-implementar-acoes-para-a-superacao-das-diferencas-etnico-raciais\\\/#primaryimage\"},\"thumbnailUrl\":\"https:\\\/\\\/capivari.sp.gov.br\\\/portal\\\/wp-content\\\/uploads\\\/2025\\\/08\\\/IMG_8065-scaled.jpg\",\"articleSection\":[\"Destaque\",\"Educa\u00e7\u00e3o\",\"Geral\"],\"inLanguage\":\"pt-BR\",\"potentialAction\":[{\"@type\":\"CommentAction\",\"name\":\"Comment\",\"target\":[\"https:\\\/\\\/capivari.sp.gov.br\\\/portal\\\/educadores-de-capivari-tem-palestras-sobre-programa-que-visa-implementar-acoes-para-a-superacao-das-diferencas-etnico-raciais\\\/#respond\"]}]},{\"@type\":\"WebPage\",\"@id\":\"https:\\\/\\\/capivari.sp.gov.br\\\/portal\\\/educadores-de-capivari-tem-palestras-sobre-programa-que-visa-implementar-acoes-para-a-superacao-das-diferencas-etnico-raciais\\\/\",\"url\":\"https:\\\/\\\/capivari.sp.gov.br\\\/portal\\\/educadores-de-capivari-tem-palestras-sobre-programa-que-visa-implementar-acoes-para-a-superacao-das-diferencas-etnico-raciais\\\/\",\"name\":\"Educadores de Capivari t\u00eam palestras sobre programa que visa implementar a\u00e7\u00f5es para a supera\u00e7\u00e3o das diferen\u00e7as \u00e9tnico-raciais - Prefeitura de Capivari\",\"isPartOf\":{\"@id\":\"https:\\\/\\\/capivari.sp.gov.br\\\/portal\\\/#website\"},\"primaryImageOfPage\":{\"@id\":\"https:\\\/\\\/capivari.sp.gov.br\\\/portal\\\/educadores-de-capivari-tem-palestras-sobre-programa-que-visa-implementar-acoes-para-a-superacao-das-diferencas-etnico-raciais\\\/#primaryimage\"},\"image\":{\"@id\":\"https:\\\/\\\/capivari.sp.gov.br\\\/portal\\\/educadores-de-capivari-tem-palestras-sobre-programa-que-visa-implementar-acoes-para-a-superacao-das-diferencas-etnico-raciais\\\/#primaryimage\"},\"thumbnailUrl\":\"https:\\\/\\\/capivari.sp.gov.br\\\/portal\\\/wp-content\\\/uploads\\\/2025\\\/08\\\/IMG_8065-scaled.jpg\",\"datePublished\":\"2025-08-06T12:02:53+00:00\",\"breadcrumb\":{\"@id\":\"https:\\\/\\\/capivari.sp.gov.br\\\/portal\\\/educadores-de-capivari-tem-palestras-sobre-programa-que-visa-implementar-acoes-para-a-superacao-das-diferencas-etnico-raciais\\\/#breadcrumb\"},\"inLanguage\":\"pt-BR\",\"potentialAction\":[{\"@type\":\"ReadAction\",\"target\":[\"https:\\\/\\\/capivari.sp.gov.br\\\/portal\\\/educadores-de-capivari-tem-palestras-sobre-programa-que-visa-implementar-acoes-para-a-superacao-das-diferencas-etnico-raciais\\\/\"]}]},{\"@type\":\"ImageObject\",\"inLanguage\":\"pt-BR\",\"@id\":\"https:\\\/\\\/capivari.sp.gov.br\\\/portal\\\/educadores-de-capivari-tem-palestras-sobre-programa-que-visa-implementar-acoes-para-a-superacao-das-diferencas-etnico-raciais\\\/#primaryimage\",\"url\":\"https:\\\/\\\/capivari.sp.gov.br\\\/portal\\\/wp-content\\\/uploads\\\/2025\\\/08\\\/IMG_8065-scaled.jpg\",\"contentUrl\":\"https:\\\/\\\/capivari.sp.gov.br\\\/portal\\\/wp-content\\\/uploads\\\/2025\\\/08\\\/IMG_8065-scaled.jpg\",\"width\":2560,\"height\":1707},{\"@type\":\"BreadcrumbList\",\"@id\":\"https:\\\/\\\/capivari.sp.gov.br\\\/portal\\\/educadores-de-capivari-tem-palestras-sobre-programa-que-visa-implementar-acoes-para-a-superacao-das-diferencas-etnico-raciais\\\/#breadcrumb\",\"itemListElement\":[{\"@type\":\"ListItem\",\"position\":1,\"name\":\"In\u00edcio\",\"item\":\"https:\\\/\\\/capivari.sp.gov.br\\\/portal\\\/\"},{\"@type\":\"ListItem\",\"position\":2,\"name\":\"Educadores de Capivari t\u00eam palestras sobre programa que visa implementar a\u00e7\u00f5es para a supera\u00e7\u00e3o das diferen\u00e7as \u00e9tnico-raciais\"}]},{\"@type\":\"WebSite\",\"@id\":\"https:\\\/\\\/capivari.sp.gov.br\\\/portal\\\/#website\",\"url\":\"https:\\\/\\\/capivari.sp.gov.br\\\/portal\\\/\",\"name\":\"Prefeitura de Capivari\",\"description\":\"Prefeitura de Capivari\",\"publisher\":{\"@id\":\"https:\\\/\\\/capivari.sp.gov.br\\\/portal\\\/#organization\"},\"potentialAction\":[{\"@type\":\"SearchAction\",\"target\":{\"@type\":\"EntryPoint\",\"urlTemplate\":\"https:\\\/\\\/capivari.sp.gov.br\\\/portal\\\/?s={search_term_string}\"},\"query-input\":{\"@type\":\"PropertyValueSpecification\",\"valueRequired\":true,\"valueName\":\"search_term_string\"}}],\"inLanguage\":\"pt-BR\"},{\"@type\":\"Organization\",\"@id\":\"https:\\\/\\\/capivari.sp.gov.br\\\/portal\\\/#organization\",\"name\":\"Prefeitura de Capivari\",\"url\":\"https:\\\/\\\/capivari.sp.gov.br\\\/portal\\\/\",\"logo\":{\"@type\":\"ImageObject\",\"inLanguage\":\"pt-BR\",\"@id\":\"https:\\\/\\\/capivari.sp.gov.br\\\/portal\\\/#\\\/schema\\\/logo\\\/image\\\/\",\"url\":\"https:\\\/\\\/capivari.sp.gov.br\\\/portal\\\/wp-content\\\/uploads\\\/2021\\\/09\\\/logo-prefeitura-de-capivari.png\",\"contentUrl\":\"https:\\\/\\\/capivari.sp.gov.br\\\/portal\\\/wp-content\\\/uploads\\\/2021\\\/09\\\/logo-prefeitura-de-capivari.png\",\"width\":200,\"height\":147,\"caption\":\"Prefeitura de Capivari\"},\"image\":{\"@id\":\"https:\\\/\\\/capivari.sp.gov.br\\\/portal\\\/#\\\/schema\\\/logo\\\/image\\\/\"},\"sameAs\":[\"https:\\\/\\\/www.facebook.com\\\/PrefeituradeCapivari\\\/\",\"https:\\\/\\\/x.com\\\/PrefCapivari\",\"https:\\\/\\\/www.instagram.com\\\/prefeituracapivari\\\/\"]},{\"@type\":\"Person\",\"@id\":\"https:\\\/\\\/capivari.sp.gov.br\\\/portal\\\/#\\\/schema\\\/person\\\/ac37113577adfc1517e0cfa854b830b4\",\"name\":\"Luciano Assis\",\"image\":{\"@type\":\"ImageObject\",\"inLanguage\":\"pt-BR\",\"@id\":\"https:\\\/\\\/secure.gravatar.com\\\/avatar\\\/ec163f977a02ac195ce6085f5110a8c4c8c6cc357c134002f73b4664772e79a5?s=96&d=mm&r=g\",\"url\":\"https:\\\/\\\/secure.gravatar.com\\\/avatar\\\/ec163f977a02ac195ce6085f5110a8c4c8c6cc357c134002f73b4664772e79a5?s=96&d=mm&r=g\",\"contentUrl\":\"https:\\\/\\\/secure.gravatar.com\\\/avatar\\\/ec163f977a02ac195ce6085f5110a8c4c8c6cc357c134002f73b4664772e79a5?s=96&d=mm&r=g\",\"caption\":\"Luciano Assis\"},\"url\":\"https:\\\/\\\/capivari.sp.gov.br\\\/portal\\\/author\\\/luciano-assis\\\/\"}]}<\/script>\n<!-- \/ Yoast SEO plugin. -->","yoast_head_json":{"title":"Educadores de Capivari t\u00eam palestras sobre programa que visa implementar a\u00e7\u00f5es para a supera\u00e7\u00e3o das diferen\u00e7as \u00e9tnico-raciais - Prefeitura de Capivari","robots":{"index":"index","follow":"follow","max-snippet":"max-snippet:-1","max-image-preview":"max-image-preview:large","max-video-preview":"max-video-preview:-1"},"canonical":"https:\/\/capivari.sp.gov.br\/portal\/educadores-de-capivari-tem-palestras-sobre-programa-que-visa-implementar-acoes-para-a-superacao-das-diferencas-etnico-raciais\/","og_locale":"pt_BR","og_type":"article","og_title":"Educadores de Capivari t\u00eam palestras sobre programa que visa implementar a\u00e7\u00f5es para a supera\u00e7\u00e3o das diferen\u00e7as \u00e9tnico-raciais - Prefeitura de Capivari","og_description":"O audit\u00f3rio da Secretaria da Educa\u00e7\u00e3o de Capivari recebeu na tarde da \u00faltima sexta-feira (01) uma palestra sobre a Pol\u00edtica Nacional de Equidade, Educa\u00e7\u00e3o para as Rela\u00e7\u00f5es \u00c9tnico-Raciais e Educa\u00e7\u00e3o Escolar Quilombola (PNEERQ), programa do Governo Federal que visa equiparar o aprendizado no meio educacional entre crian\u00e7as de diferentes etnias. A respons\u00e1vel pela palestra na [&hellip;]","og_url":"https:\/\/capivari.sp.gov.br\/portal\/educadores-de-capivari-tem-palestras-sobre-programa-que-visa-implementar-acoes-para-a-superacao-das-diferencas-etnico-raciais\/","og_site_name":"Prefeitura de Capivari","article_publisher":"https:\/\/www.facebook.com\/PrefeituradeCapivari\/","article_published_time":"2025-08-06T12:02:53+00:00","og_image":[{"width":2560,"height":1707,"url":"https:\/\/capivari.sp.gov.br\/portal\/wp-content\/uploads\/2025\/08\/IMG_8065-scaled.jpg","type":"image\/jpeg"}],"author":"Luciano Assis","twitter_card":"summary_large_image","twitter_creator":"@PrefCapivari","twitter_site":"@PrefCapivari","twitter_misc":{"Escrito por":"Luciano Assis","Est. tempo de leitura":"2 minutos"},"schema":{"@context":"https:\/\/schema.org","@graph":[{"@type":"Article","@id":"https:\/\/capivari.sp.gov.br\/portal\/educadores-de-capivari-tem-palestras-sobre-programa-que-visa-implementar-acoes-para-a-superacao-das-diferencas-etnico-raciais\/#article","isPartOf":{"@id":"https:\/\/capivari.sp.gov.br\/portal\/educadores-de-capivari-tem-palestras-sobre-programa-que-visa-implementar-acoes-para-a-superacao-das-diferencas-etnico-raciais\/"},"author":{"name":"Luciano Assis","@id":"https:\/\/capivari.sp.gov.br\/portal\/#\/schema\/person\/ac37113577adfc1517e0cfa854b830b4"},"headline":"Educadores de Capivari t\u00eam palestras sobre programa que visa implementar a\u00e7\u00f5es para a supera\u00e7\u00e3o das diferen\u00e7as \u00e9tnico-raciais","datePublished":"2025-08-06T12:02:53+00:00","mainEntityOfPage":{"@id":"https:\/\/capivari.sp.gov.br\/portal\/educadores-de-capivari-tem-palestras-sobre-programa-que-visa-implementar-acoes-para-a-superacao-das-diferencas-etnico-raciais\/"},"wordCount":354,"commentCount":0,"publisher":{"@id":"https:\/\/capivari.sp.gov.br\/portal\/#organization"},"image":{"@id":"https:\/\/capivari.sp.gov.br\/portal\/educadores-de-capivari-tem-palestras-sobre-programa-que-visa-implementar-acoes-para-a-superacao-das-diferencas-etnico-raciais\/#primaryimage"},"thumbnailUrl":"https:\/\/capivari.sp.gov.br\/portal\/wp-content\/uploads\/2025\/08\/IMG_8065-scaled.jpg","articleSection":["Destaque","Educa\u00e7\u00e3o","Geral"],"inLanguage":"pt-BR","potentialAction":[{"@type":"CommentAction","name":"Comment","target":["https:\/\/capivari.sp.gov.br\/portal\/educadores-de-capivari-tem-palestras-sobre-programa-que-visa-implementar-acoes-para-a-superacao-das-diferencas-etnico-raciais\/#respond"]}]},{"@type":"WebPage","@id":"https:\/\/capivari.sp.gov.br\/portal\/educadores-de-capivari-tem-palestras-sobre-programa-que-visa-implementar-acoes-para-a-superacao-das-diferencas-etnico-raciais\/","url":"https:\/\/capivari.sp.gov.br\/portal\/educadores-de-capivari-tem-palestras-sobre-programa-que-visa-implementar-acoes-para-a-superacao-das-diferencas-etnico-raciais\/","name":"Educadores de Capivari t\u00eam palestras sobre programa que visa implementar a\u00e7\u00f5es para a supera\u00e7\u00e3o das diferen\u00e7as \u00e9tnico-raciais - Prefeitura de Capivari","isPartOf":{"@id":"https:\/\/capivari.sp.gov.br\/portal\/#website"},"primaryImageOfPage":{"@id":"https:\/\/capivari.sp.gov.br\/portal\/educadores-de-capivari-tem-palestras-sobre-programa-que-visa-implementar-acoes-para-a-superacao-das-diferencas-etnico-raciais\/#primaryimage"},"image":{"@id":"https:\/\/capivari.sp.gov.br\/portal\/educadores-de-capivari-tem-palestras-sobre-programa-que-visa-implementar-acoes-para-a-superacao-das-diferencas-etnico-raciais\/#primaryimage"},"thumbnailUrl":"https:\/\/capivari.sp.gov.br\/portal\/wp-content\/uploads\/2025\/08\/IMG_8065-scaled.jpg","datePublished":"2025-08-06T12:02:53+00:00","breadcrumb":{"@id":"https:\/\/capivari.sp.gov.br\/portal\/educadores-de-capivari-tem-palestras-sobre-programa-que-visa-implementar-acoes-para-a-superacao-das-diferencas-etnico-raciais\/#breadcrumb"},"inLanguage":"pt-BR","potentialAction":[{"@type":"ReadAction","target":["https:\/\/capivari.sp.gov.br\/portal\/educadores-de-capivari-tem-palestras-sobre-programa-que-visa-implementar-acoes-para-a-superacao-das-diferencas-etnico-raciais\/"]}]},{"@type":"ImageObject","inLanguage":"pt-BR","@id":"https:\/\/capivari.sp.gov.br\/portal\/educadores-de-capivari-tem-palestras-sobre-programa-que-visa-implementar-acoes-para-a-superacao-das-diferencas-etnico-raciais\/#primaryimage","url":"https:\/\/capivari.sp.gov.br\/portal\/wp-content\/uploads\/2025\/08\/IMG_8065-scaled.jpg","contentUrl":"https:\/\/capivari.sp.gov.br\/portal\/wp-content\/uploads\/2025\/08\/IMG_8065-scaled.jpg","width":2560,"height":1707},{"@type":"BreadcrumbList","@id":"https:\/\/capivari.sp.gov.br\/portal\/educadores-de-capivari-tem-palestras-sobre-programa-que-visa-implementar-acoes-para-a-superacao-das-diferencas-etnico-raciais\/#breadcrumb","itemListElement":[{"@type":"ListItem","position":1,"name":"In\u00edcio","item":"https:\/\/capivari.sp.gov.br\/portal\/"},{"@type":"ListItem","position":2,"name":"Educadores de Capivari t\u00eam palestras sobre programa que visa implementar a\u00e7\u00f5es para a supera\u00e7\u00e3o das diferen\u00e7as \u00e9tnico-raciais"}]},{"@type":"WebSite","@id":"https:\/\/capivari.sp.gov.br\/portal\/#website","url":"https:\/\/capivari.sp.gov.br\/portal\/","name":"Prefeitura de Capivari","description":"Prefeitura de Capivari","publisher":{"@id":"https:\/\/capivari.sp.gov.br\/portal\/#organization"},"potentialAction":[{"@type":"SearchAction","target":{"@type":"EntryPoint","urlTemplate":"https:\/\/capivari.sp.gov.br\/portal\/?s={search_term_string}"},"query-input":{"@type":"PropertyValueSpecification","valueRequired":true,"valueName":"search_term_string"}}],"inLanguage":"pt-BR"},{"@type":"Organization","@id":"https:\/\/capivari.sp.gov.br\/portal\/#organization","name":"Prefeitura de Capivari","url":"https:\/\/capivari.sp.gov.br\/portal\/","logo":{"@type":"ImageObject","inLanguage":"pt-BR","@id":"https:\/\/capivari.sp.gov.br\/portal\/#\/schema\/logo\/image\/","url":"https:\/\/capivari.sp.gov.br\/portal\/wp-content\/uploads\/2021\/09\/logo-prefeitura-de-capivari.png","contentUrl":"https:\/\/capivari.sp.gov.br\/portal\/wp-content\/uploads\/2021\/09\/logo-prefeitura-de-capivari.png","width":200,"height":147,"caption":"Prefeitura de Capivari"},"image":{"@id":"https:\/\/capivari.sp.gov.br\/portal\/#\/schema\/logo\/image\/"},"sameAs":["https:\/\/www.facebook.com\/PrefeituradeCapivari\/","https:\/\/x.com\/PrefCapivari","https:\/\/www.instagram.com\/prefeituracapivari\/"]},{"@type":"Person","@id":"https:\/\/capivari.sp.gov.br\/portal\/#\/schema\/person\/ac37113577adfc1517e0cfa854b830b4","name":"Luciano Assis","image":{"@type":"ImageObject","inLanguage":"pt-BR","@id":"https:\/\/secure.gravatar.com\/avatar\/ec163f977a02ac195ce6085f5110a8c4c8c6cc357c134002f73b4664772e79a5?s=96&d=mm&r=g","url":"https:\/\/secure.gravatar.com\/avatar\/ec163f977a02ac195ce6085f5110a8c4c8c6cc357c134002f73b4664772e79a5?s=96&d=mm&r=g","contentUrl":"https:\/\/secure.gravatar.com\/avatar\/ec163f977a02ac195ce6085f5110a8c4c8c6cc357c134002f73b4664772e79a5?s=96&d=mm&r=g","caption":"Luciano Assis"},"url":"https:\/\/capivari.sp.gov.br\/portal\/author\/luciano-assis\/"}]}},"_links":{"self":[{"href":"https:\/\/capivari.sp.gov.br\/portal\/wp-json\/wp\/v2\/posts\/20401","targetHints":{"allow":["GET"]}}],"collection":[{"href":"https:\/\/capivari.sp.gov.br\/portal\/wp-json\/wp\/v2\/posts"}],"about":[{"href":"https:\/\/capivari.sp.gov.br\/portal\/wp-json\/wp\/v2\/types\/post"}],"author":[{"embeddable":true,"href":"https:\/\/capivari.sp.gov.br\/portal\/wp-json\/wp\/v2\/users\/15"}],"replies":[{"embeddable":true,"href":"https:\/\/capivari.sp.gov.br\/portal\/wp-json\/wp\/v2\/comments?post=20401"}],"version-history":[{"count":1,"href":"https:\/\/capivari.sp.gov.br\/portal\/wp-json\/wp\/v2\/posts\/20401\/revisions"}],"predecessor-version":[{"id":20403,"href":"https:\/\/capivari.sp.gov.br\/portal\/wp-json\/wp\/v2\/posts\/20401\/revisions\/20403"}],"wp:featuredmedia":[{"embeddable":true,"href":"https:\/\/capivari.sp.gov.br\/portal\/wp-json\/wp\/v2\/media\/20402"}],"wp:attachment":[{"href":"https:\/\/capivari.sp.gov.br\/portal\/wp-json\/wp\/v2\/media?parent=20401"}],"wp:term":[{"taxonomy":"category","embeddable":true,"href":"https:\/\/capivari.sp.gov.br\/portal\/wp-json\/wp\/v2\/categories?post=20401"},{"taxonomy":"post_tag","embeddable":true,"href":"https:\/\/capivari.sp.gov.br\/portal\/wp-json\/wp\/v2\/tags?post=20401"}],"curies":[{"name":"wp","href":"https:\/\/api.w.org\/{rel}","templated":true}]}}