{"id":20895,"date":"2025-09-29T16:54:36","date_gmt":"2025-09-29T19:54:36","guid":{"rendered":"https:\/\/capivari.sp.gov.br\/portal\/?p=20895"},"modified":"2025-09-29T16:54:36","modified_gmt":"2025-09-29T19:54:36","slug":"dia-d-descobrir-habilidades-gerar-oportunidades-reuniu-mais-de-120-pessoas-no-ultimo-sabado","status":"publish","type":"post","link":"https:\/\/capivari.sp.gov.br\/portal\/dia-d-descobrir-habilidades-gerar-oportunidades-reuniu-mais-de-120-pessoas-no-ultimo-sabado\/","title":{"rendered":"\u2018Dia D \u2013 Descobrir habilidades, gerar oportunidades\u2019 reuniu mais de 120 pessoas no \u00faltimo s\u00e1bado"},"content":{"rendered":"<p>No \u00faltimo s\u00e1bado, 28, aconteceu no GanhaTempo Municipal o evento \u2018Dia D \u2013 Descobrir habilidades, gerar oportunidades\u2019, a\u00e7\u00e3o que nasceu a partir de uma a\u00e7\u00e3o conjunta das Secretarias de Desenvolvimento Econ\u00f4mico, Turismo e Inova\u00e7\u00e3o e tamb\u00e9m da de Pessoa com Defici\u00eancia, da Cidadania e da Mulher. O evento foi voltado ao p\u00fablico de todas as idades e ofereceu diversas atividades dos mais diversos tipos, contando com a participa\u00e7\u00e3o de aproximadamente 120 pessoas.<\/p>\n<p>O \u2018Dia D\u2019 teve como principal objetivo promover a inclus\u00e3o social e econ\u00f4mica das pessoas com defici\u00eancia em todas as idades, combinando oficinas para desenvolvimento sensorial dos participantes mais jovens e presen\u00e7a de empres\u00e1rios para o p\u00fablico interessado a ingressar no mercado de trabalho, proporcionando dessa forma uma excelente oportunidade para se conectarem a esse universo.<\/p>\n<p>Todos os presentes, fizeram parte de mais um evento hist\u00f3rico para as pessoas com algum tipo de defici\u00eancia da cidade, com uma gama de atividades exclusiva para cada tipo de condi\u00e7\u00e3o. Para mais informa\u00e7\u00f5es sobre a\u00e7\u00f5es semelhantes, a Secretaria da Pessoa com Defici\u00eancia, da Cidadania e da Mulher, fica localizada no GanhaTempo, localizado na rua Tiradentes, 283, no Centro. O hor\u00e1rio de atendimento \u00e9 das 8h30 \u00e0s 16h30, de segunda a sexta-feira. Os telefones s\u00e3o (19) 2146-1525 e (19) 3491-1314, ambos WhatsApp.<\/p>\n","protected":false},"excerpt":{"rendered":"<p>No \u00faltimo s\u00e1bado, 28, aconteceu no GanhaTempo Municipal o evento \u2018Dia D \u2013 Descobrir habilidades, gerar oportunidades\u2019, a\u00e7\u00e3o que nasceu a partir de uma a\u00e7\u00e3o conjunta das Secretarias de Desenvolvimento Econ\u00f4mico, Turismo e Inova\u00e7\u00e3o e tamb\u00e9m da de Pessoa com Defici\u00eancia, da Cidadania e da Mulher. O evento foi voltado ao p\u00fablico de todas as [&hellip;]<\/p>\n","protected":false},"author":2,"featured_media":20896,"comment_status":"open","ping_status":"open","sticky":false,"template":"","format":"standard","meta":{"ocean_post_layout":"","ocean_both_sidebars_style":"","ocean_both_sidebars_content_width":0,"ocean_both_sidebars_sidebars_width":0,"ocean_sidebar":"","ocean_second_sidebar":"","ocean_disable_margins":"enable","ocean_add_body_class":"","ocean_shortcode_before_top_bar":"","ocean_shortcode_after_top_bar":"","ocean_shortcode_before_header":"","ocean_shortcode_after_header":"","ocean_has_shortcode":"","ocean_shortcode_after_title":"","ocean_shortcode_before_footer_widgets":"","ocean_shortcode_after_footer_widgets":"","ocean_shortcode_before_footer_bottom":"","ocean_shortcode_after_footer_bottom":"","ocean_display_top_bar":"default","ocean_display_header":"default","ocean_header_style":"","ocean_center_header_left_menu":"","ocean_custom_header_template":"","ocean_custom_logo":0,"ocean_custom_retina_logo":0,"ocean_custom_logo_max_width":0,"ocean_custom_logo_tablet_max_width":0,"ocean_custom_logo_mobile_max_width":0,"ocean_custom_logo_max_height":0,"ocean_custom_logo_tablet_max_height":0,"ocean_custom_logo_mobile_max_height":0,"ocean_header_custom_menu":"","ocean_menu_typo_font_family":"","ocean_menu_typo_font_subset":"","ocean_menu_typo_font_size":0,"ocean_menu_typo_font_size_tablet":0,"ocean_menu_typo_font_size_mobile":0,"ocean_menu_typo_font_size_unit":"px","ocean_menu_typo_font_weight":"","ocean_menu_typo_font_weight_tablet":"","ocean_menu_typo_font_weight_mobile":"","ocean_menu_typo_transform":"","ocean_menu_typo_transform_tablet":"","ocean_menu_typo_transform_mobile":"","ocean_menu_typo_line_height":0,"ocean_menu_typo_line_height_tablet":0,"ocean_menu_typo_line_height_mobile":0,"ocean_menu_typo_line_height_unit":"","ocean_menu_typo_spacing":0,"ocean_menu_typo_spacing_tablet":0,"ocean_menu_typo_spacing_mobile":0,"ocean_menu_typo_spacing_unit":"","ocean_menu_link_color":"","ocean_menu_link_color_hover":"","ocean_menu_link_color_active":"","ocean_menu_link_background":"","ocean_menu_link_hover_background":"","ocean_menu_link_active_background":"","ocean_menu_social_links_bg":"","ocean_menu_social_hover_links_bg":"","ocean_menu_social_links_color":"","ocean_menu_social_hover_links_color":"","ocean_disable_title":"default","ocean_disable_heading":"default","ocean_post_title":"","ocean_post_subheading":"","ocean_post_title_style":"","ocean_post_title_background_color":"","ocean_post_title_background":0,"ocean_post_title_bg_image_position":"","ocean_post_title_bg_image_attachment":"","ocean_post_title_bg_image_repeat":"","ocean_post_title_bg_image_size":"","ocean_post_title_height":0,"ocean_post_title_bg_overlay":0.5,"ocean_post_title_bg_overlay_color":"","ocean_disable_breadcrumbs":"default","ocean_breadcrumbs_color":"","ocean_breadcrumbs_separator_color":"","ocean_breadcrumbs_links_color":"","ocean_breadcrumbs_links_hover_color":"","ocean_display_footer_widgets":"default","ocean_display_footer_bottom":"default","ocean_custom_footer_template":"","ocean_post_oembed":"","ocean_post_self_hosted_media":"","ocean_post_video_embed":"","ocean_link_format":"","ocean_link_format_target":"self","ocean_quote_format":"","ocean_quote_format_link":"post","ocean_gallery_link_images":"on","ocean_gallery_id":[],"footnotes":""},"categories":[18,4,5,26],"tags":[],"class_list":["post-20895","post","type-post","status-publish","format-standard","has-post-thumbnail","hentry","category-desenvolvimento-economico-turismo-e-inovacao","category-destaque","category-geral","category-pessoa-com-deficiencia-da-cidadania-e-da-mulher","entry","has-media"],"yoast_head":"<!-- This site is optimized with the Yoast SEO plugin v27.4 - https:\/\/yoast.com\/product\/yoast-seo-wordpress\/ -->\n<title>\u2018Dia D \u2013 Descobrir habilidades, gerar oportunidades\u2019 reuniu mais de 120 pessoas no \u00faltimo s\u00e1bado - Prefeitura de Capivari<\/title>\n<meta name=\"robots\" content=\"index, follow, max-snippet:-1, max-image-preview:large, max-video-preview:-1\" \/>\n<link rel=\"canonical\" href=\"https:\/\/capivari.sp.gov.br\/portal\/dia-d-descobrir-habilidades-gerar-oportunidades-reuniu-mais-de-120-pessoas-no-ultimo-sabado\/\" \/>\n<meta property=\"og:locale\" content=\"pt_BR\" \/>\n<meta property=\"og:type\" content=\"article\" \/>\n<meta property=\"og:title\" content=\"\u2018Dia D \u2013 Descobrir habilidades, gerar oportunidades\u2019 reuniu mais de 120 pessoas no \u00faltimo s\u00e1bado - Prefeitura de Capivari\" \/>\n<meta property=\"og:description\" content=\"No \u00faltimo s\u00e1bado, 28, aconteceu no GanhaTempo Municipal o evento \u2018Dia D \u2013 Descobrir habilidades, gerar oportunidades\u2019, a\u00e7\u00e3o que nasceu a partir de uma a\u00e7\u00e3o conjunta das Secretarias de Desenvolvimento Econ\u00f4mico, Turismo e Inova\u00e7\u00e3o e tamb\u00e9m da de Pessoa com Defici\u00eancia, da Cidadania e da Mulher. O evento foi voltado ao p\u00fablico de todas as [&hellip;]\" \/>\n<meta property=\"og:url\" content=\"https:\/\/capivari.sp.gov.br\/portal\/dia-d-descobrir-habilidades-gerar-oportunidades-reuniu-mais-de-120-pessoas-no-ultimo-sabado\/\" \/>\n<meta property=\"og:site_name\" content=\"Prefeitura de Capivari\" \/>\n<meta property=\"article:publisher\" content=\"https:\/\/www.facebook.com\/PrefeituradeCapivari\/\" \/>\n<meta property=\"article:published_time\" content=\"2025-09-29T19:54:36+00:00\" \/>\n<meta property=\"og:image\" content=\"https:\/\/capivari.sp.gov.br\/portal\/wp-content\/uploads\/2025\/09\/IMG_2054-scaled.jpg\" \/>\n\t<meta property=\"og:image:width\" content=\"2560\" \/>\n\t<meta property=\"og:image:height\" content=\"1707\" \/>\n\t<meta property=\"og:image:type\" content=\"image\/jpeg\" \/>\n<meta name=\"author\" content=\"Thalles Cristiano\" \/>\n<meta name=\"twitter:card\" content=\"summary_large_image\" \/>\n<meta name=\"twitter:creator\" content=\"@PrefCapivari\" \/>\n<meta name=\"twitter:site\" content=\"@PrefCapivari\" \/>\n<meta name=\"twitter:label1\" content=\"Escrito por\" \/>\n\t<meta name=\"twitter:data1\" content=\"Thalles Cristiano\" \/>\n\t<meta name=\"twitter:label2\" content=\"Est. tempo de leitura\" \/>\n\t<meta name=\"twitter:data2\" content=\"2 minutos\" \/>\n<script type=\"application\/ld+json\" class=\"yoast-schema-graph\">{\"@context\":\"https:\\\/\\\/schema.org\",\"@graph\":[{\"@type\":\"Article\",\"@id\":\"https:\\\/\\\/capivari.sp.gov.br\\\/portal\\\/dia-d-descobrir-habilidades-gerar-oportunidades-reuniu-mais-de-120-pessoas-no-ultimo-sabado\\\/#article\",\"isPartOf\":{\"@id\":\"https:\\\/\\\/capivari.sp.gov.br\\\/portal\\\/dia-d-descobrir-habilidades-gerar-oportunidades-reuniu-mais-de-120-pessoas-no-ultimo-sabado\\\/\"},\"author\":{\"name\":\"Thalles Cristiano\",\"@id\":\"https:\\\/\\\/capivari.sp.gov.br\\\/portal\\\/#\\\/schema\\\/person\\\/98801614a91d449946b0687ae2db9f29\"},\"headline\":\"\u2018Dia D \u2013 Descobrir habilidades, gerar oportunidades\u2019 reuniu mais de 120 pessoas no \u00faltimo s\u00e1bado\",\"datePublished\":\"2025-09-29T19:54:36+00:00\",\"mainEntityOfPage\":{\"@id\":\"https:\\\/\\\/capivari.sp.gov.br\\\/portal\\\/dia-d-descobrir-habilidades-gerar-oportunidades-reuniu-mais-de-120-pessoas-no-ultimo-sabado\\\/\"},\"wordCount\":240,\"commentCount\":0,\"publisher\":{\"@id\":\"https:\\\/\\\/capivari.sp.gov.br\\\/portal\\\/#organization\"},\"image\":{\"@id\":\"https:\\\/\\\/capivari.sp.gov.br\\\/portal\\\/dia-d-descobrir-habilidades-gerar-oportunidades-reuniu-mais-de-120-pessoas-no-ultimo-sabado\\\/#primaryimage\"},\"thumbnailUrl\":\"https:\\\/\\\/capivari.sp.gov.br\\\/portal\\\/wp-content\\\/uploads\\\/2025\\\/09\\\/IMG_2054-scaled.jpg\",\"articleSection\":[\"Desenvolvimento Econ\u00f4mico, Turismo e Inova\u00e7\u00e3o\",\"Destaque\",\"Geral\",\"Pessoa com Defici\u00eancia, da Cidadania e da Mulher\"],\"inLanguage\":\"pt-BR\",\"potentialAction\":[{\"@type\":\"CommentAction\",\"name\":\"Comment\",\"target\":[\"https:\\\/\\\/capivari.sp.gov.br\\\/portal\\\/dia-d-descobrir-habilidades-gerar-oportunidades-reuniu-mais-de-120-pessoas-no-ultimo-sabado\\\/#respond\"]}]},{\"@type\":\"WebPage\",\"@id\":\"https:\\\/\\\/capivari.sp.gov.br\\\/portal\\\/dia-d-descobrir-habilidades-gerar-oportunidades-reuniu-mais-de-120-pessoas-no-ultimo-sabado\\\/\",\"url\":\"https:\\\/\\\/capivari.sp.gov.br\\\/portal\\\/dia-d-descobrir-habilidades-gerar-oportunidades-reuniu-mais-de-120-pessoas-no-ultimo-sabado\\\/\",\"name\":\"\u2018Dia D \u2013 Descobrir habilidades, gerar oportunidades\u2019 reuniu mais de 120 pessoas no \u00faltimo s\u00e1bado - Prefeitura de Capivari\",\"isPartOf\":{\"@id\":\"https:\\\/\\\/capivari.sp.gov.br\\\/portal\\\/#website\"},\"primaryImageOfPage\":{\"@id\":\"https:\\\/\\\/capivari.sp.gov.br\\\/portal\\\/dia-d-descobrir-habilidades-gerar-oportunidades-reuniu-mais-de-120-pessoas-no-ultimo-sabado\\\/#primaryimage\"},\"image\":{\"@id\":\"https:\\\/\\\/capivari.sp.gov.br\\\/portal\\\/dia-d-descobrir-habilidades-gerar-oportunidades-reuniu-mais-de-120-pessoas-no-ultimo-sabado\\\/#primaryimage\"},\"thumbnailUrl\":\"https:\\\/\\\/capivari.sp.gov.br\\\/portal\\\/wp-content\\\/uploads\\\/2025\\\/09\\\/IMG_2054-scaled.jpg\",\"datePublished\":\"2025-09-29T19:54:36+00:00\",\"breadcrumb\":{\"@id\":\"https:\\\/\\\/capivari.sp.gov.br\\\/portal\\\/dia-d-descobrir-habilidades-gerar-oportunidades-reuniu-mais-de-120-pessoas-no-ultimo-sabado\\\/#breadcrumb\"},\"inLanguage\":\"pt-BR\",\"potentialAction\":[{\"@type\":\"ReadAction\",\"target\":[\"https:\\\/\\\/capivari.sp.gov.br\\\/portal\\\/dia-d-descobrir-habilidades-gerar-oportunidades-reuniu-mais-de-120-pessoas-no-ultimo-sabado\\\/\"]}]},{\"@type\":\"ImageObject\",\"inLanguage\":\"pt-BR\",\"@id\":\"https:\\\/\\\/capivari.sp.gov.br\\\/portal\\\/dia-d-descobrir-habilidades-gerar-oportunidades-reuniu-mais-de-120-pessoas-no-ultimo-sabado\\\/#primaryimage\",\"url\":\"https:\\\/\\\/capivari.sp.gov.br\\\/portal\\\/wp-content\\\/uploads\\\/2025\\\/09\\\/IMG_2054-scaled.jpg\",\"contentUrl\":\"https:\\\/\\\/capivari.sp.gov.br\\\/portal\\\/wp-content\\\/uploads\\\/2025\\\/09\\\/IMG_2054-scaled.jpg\",\"width\":2560,\"height\":1707},{\"@type\":\"BreadcrumbList\",\"@id\":\"https:\\\/\\\/capivari.sp.gov.br\\\/portal\\\/dia-d-descobrir-habilidades-gerar-oportunidades-reuniu-mais-de-120-pessoas-no-ultimo-sabado\\\/#breadcrumb\",\"itemListElement\":[{\"@type\":\"ListItem\",\"position\":1,\"name\":\"In\u00edcio\",\"item\":\"https:\\\/\\\/capivari.sp.gov.br\\\/portal\\\/\"},{\"@type\":\"ListItem\",\"position\":2,\"name\":\"\u2018Dia D \u2013 Descobrir habilidades, gerar oportunidades\u2019 reuniu mais de 120 pessoas no \u00faltimo s\u00e1bado\"}]},{\"@type\":\"WebSite\",\"@id\":\"https:\\\/\\\/capivari.sp.gov.br\\\/portal\\\/#website\",\"url\":\"https:\\\/\\\/capivari.sp.gov.br\\\/portal\\\/\",\"name\":\"Prefeitura de Capivari\",\"description\":\"Prefeitura de Capivari\",\"publisher\":{\"@id\":\"https:\\\/\\\/capivari.sp.gov.br\\\/portal\\\/#organization\"},\"potentialAction\":[{\"@type\":\"SearchAction\",\"target\":{\"@type\":\"EntryPoint\",\"urlTemplate\":\"https:\\\/\\\/capivari.sp.gov.br\\\/portal\\\/?s={search_term_string}\"},\"query-input\":{\"@type\":\"PropertyValueSpecification\",\"valueRequired\":true,\"valueName\":\"search_term_string\"}}],\"inLanguage\":\"pt-BR\"},{\"@type\":\"Organization\",\"@id\":\"https:\\\/\\\/capivari.sp.gov.br\\\/portal\\\/#organization\",\"name\":\"Prefeitura de Capivari\",\"url\":\"https:\\\/\\\/capivari.sp.gov.br\\\/portal\\\/\",\"logo\":{\"@type\":\"ImageObject\",\"inLanguage\":\"pt-BR\",\"@id\":\"https:\\\/\\\/capivari.sp.gov.br\\\/portal\\\/#\\\/schema\\\/logo\\\/image\\\/\",\"url\":\"https:\\\/\\\/capivari.sp.gov.br\\\/portal\\\/wp-content\\\/uploads\\\/2021\\\/09\\\/logo-prefeitura-de-capivari.png\",\"contentUrl\":\"https:\\\/\\\/capivari.sp.gov.br\\\/portal\\\/wp-content\\\/uploads\\\/2021\\\/09\\\/logo-prefeitura-de-capivari.png\",\"width\":200,\"height\":147,\"caption\":\"Prefeitura de Capivari\"},\"image\":{\"@id\":\"https:\\\/\\\/capivari.sp.gov.br\\\/portal\\\/#\\\/schema\\\/logo\\\/image\\\/\"},\"sameAs\":[\"https:\\\/\\\/www.facebook.com\\\/PrefeituradeCapivari\\\/\",\"https:\\\/\\\/x.com\\\/PrefCapivari\",\"https:\\\/\\\/www.instagram.com\\\/prefeituracapivari\\\/\"]},{\"@type\":\"Person\",\"@id\":\"https:\\\/\\\/capivari.sp.gov.br\\\/portal\\\/#\\\/schema\\\/person\\\/98801614a91d449946b0687ae2db9f29\",\"name\":\"Thalles Cristiano\",\"image\":{\"@type\":\"ImageObject\",\"inLanguage\":\"pt-BR\",\"@id\":\"https:\\\/\\\/secure.gravatar.com\\\/avatar\\\/0d1b9a4bdcde99ab11a8cd27abdcd088993749b82c4355c0301135023dc52b3d?s=96&d=mm&r=g\",\"url\":\"https:\\\/\\\/secure.gravatar.com\\\/avatar\\\/0d1b9a4bdcde99ab11a8cd27abdcd088993749b82c4355c0301135023dc52b3d?s=96&d=mm&r=g\",\"contentUrl\":\"https:\\\/\\\/secure.gravatar.com\\\/avatar\\\/0d1b9a4bdcde99ab11a8cd27abdcd088993749b82c4355c0301135023dc52b3d?s=96&d=mm&r=g\",\"caption\":\"Thalles Cristiano\"},\"url\":\"https:\\\/\\\/capivari.sp.gov.br\\\/portal\\\/author\\\/thalles-cristiano\\\/\"}]}<\/script>\n<!-- \/ Yoast SEO plugin. -->","yoast_head_json":{"title":"\u2018Dia D \u2013 Descobrir habilidades, gerar oportunidades\u2019 reuniu mais de 120 pessoas no \u00faltimo s\u00e1bado - Prefeitura de Capivari","robots":{"index":"index","follow":"follow","max-snippet":"max-snippet:-1","max-image-preview":"max-image-preview:large","max-video-preview":"max-video-preview:-1"},"canonical":"https:\/\/capivari.sp.gov.br\/portal\/dia-d-descobrir-habilidades-gerar-oportunidades-reuniu-mais-de-120-pessoas-no-ultimo-sabado\/","og_locale":"pt_BR","og_type":"article","og_title":"\u2018Dia D \u2013 Descobrir habilidades, gerar oportunidades\u2019 reuniu mais de 120 pessoas no \u00faltimo s\u00e1bado - Prefeitura de Capivari","og_description":"No \u00faltimo s\u00e1bado, 28, aconteceu no GanhaTempo Municipal o evento \u2018Dia D \u2013 Descobrir habilidades, gerar oportunidades\u2019, a\u00e7\u00e3o que nasceu a partir de uma a\u00e7\u00e3o conjunta das Secretarias de Desenvolvimento Econ\u00f4mico, Turismo e Inova\u00e7\u00e3o e tamb\u00e9m da de Pessoa com Defici\u00eancia, da Cidadania e da Mulher. O evento foi voltado ao p\u00fablico de todas as [&hellip;]","og_url":"https:\/\/capivari.sp.gov.br\/portal\/dia-d-descobrir-habilidades-gerar-oportunidades-reuniu-mais-de-120-pessoas-no-ultimo-sabado\/","og_site_name":"Prefeitura de Capivari","article_publisher":"https:\/\/www.facebook.com\/PrefeituradeCapivari\/","article_published_time":"2025-09-29T19:54:36+00:00","og_image":[{"width":2560,"height":1707,"url":"https:\/\/capivari.sp.gov.br\/portal\/wp-content\/uploads\/2025\/09\/IMG_2054-scaled.jpg","type":"image\/jpeg"}],"author":"Thalles Cristiano","twitter_card":"summary_large_image","twitter_creator":"@PrefCapivari","twitter_site":"@PrefCapivari","twitter_misc":{"Escrito por":"Thalles Cristiano","Est. tempo de leitura":"2 minutos"},"schema":{"@context":"https:\/\/schema.org","@graph":[{"@type":"Article","@id":"https:\/\/capivari.sp.gov.br\/portal\/dia-d-descobrir-habilidades-gerar-oportunidades-reuniu-mais-de-120-pessoas-no-ultimo-sabado\/#article","isPartOf":{"@id":"https:\/\/capivari.sp.gov.br\/portal\/dia-d-descobrir-habilidades-gerar-oportunidades-reuniu-mais-de-120-pessoas-no-ultimo-sabado\/"},"author":{"name":"Thalles Cristiano","@id":"https:\/\/capivari.sp.gov.br\/portal\/#\/schema\/person\/98801614a91d449946b0687ae2db9f29"},"headline":"\u2018Dia D \u2013 Descobrir habilidades, gerar oportunidades\u2019 reuniu mais de 120 pessoas no \u00faltimo s\u00e1bado","datePublished":"2025-09-29T19:54:36+00:00","mainEntityOfPage":{"@id":"https:\/\/capivari.sp.gov.br\/portal\/dia-d-descobrir-habilidades-gerar-oportunidades-reuniu-mais-de-120-pessoas-no-ultimo-sabado\/"},"wordCount":240,"commentCount":0,"publisher":{"@id":"https:\/\/capivari.sp.gov.br\/portal\/#organization"},"image":{"@id":"https:\/\/capivari.sp.gov.br\/portal\/dia-d-descobrir-habilidades-gerar-oportunidades-reuniu-mais-de-120-pessoas-no-ultimo-sabado\/#primaryimage"},"thumbnailUrl":"https:\/\/capivari.sp.gov.br\/portal\/wp-content\/uploads\/2025\/09\/IMG_2054-scaled.jpg","articleSection":["Desenvolvimento Econ\u00f4mico, Turismo e Inova\u00e7\u00e3o","Destaque","Geral","Pessoa com Defici\u00eancia, da Cidadania e da Mulher"],"inLanguage":"pt-BR","potentialAction":[{"@type":"CommentAction","name":"Comment","target":["https:\/\/capivari.sp.gov.br\/portal\/dia-d-descobrir-habilidades-gerar-oportunidades-reuniu-mais-de-120-pessoas-no-ultimo-sabado\/#respond"]}]},{"@type":"WebPage","@id":"https:\/\/capivari.sp.gov.br\/portal\/dia-d-descobrir-habilidades-gerar-oportunidades-reuniu-mais-de-120-pessoas-no-ultimo-sabado\/","url":"https:\/\/capivari.sp.gov.br\/portal\/dia-d-descobrir-habilidades-gerar-oportunidades-reuniu-mais-de-120-pessoas-no-ultimo-sabado\/","name":"\u2018Dia D \u2013 Descobrir habilidades, gerar oportunidades\u2019 reuniu mais de 120 pessoas no \u00faltimo s\u00e1bado - Prefeitura de Capivari","isPartOf":{"@id":"https:\/\/capivari.sp.gov.br\/portal\/#website"},"primaryImageOfPage":{"@id":"https:\/\/capivari.sp.gov.br\/portal\/dia-d-descobrir-habilidades-gerar-oportunidades-reuniu-mais-de-120-pessoas-no-ultimo-sabado\/#primaryimage"},"image":{"@id":"https:\/\/capivari.sp.gov.br\/portal\/dia-d-descobrir-habilidades-gerar-oportunidades-reuniu-mais-de-120-pessoas-no-ultimo-sabado\/#primaryimage"},"thumbnailUrl":"https:\/\/capivari.sp.gov.br\/portal\/wp-content\/uploads\/2025\/09\/IMG_2054-scaled.jpg","datePublished":"2025-09-29T19:54:36+00:00","breadcrumb":{"@id":"https:\/\/capivari.sp.gov.br\/portal\/dia-d-descobrir-habilidades-gerar-oportunidades-reuniu-mais-de-120-pessoas-no-ultimo-sabado\/#breadcrumb"},"inLanguage":"pt-BR","potentialAction":[{"@type":"ReadAction","target":["https:\/\/capivari.sp.gov.br\/portal\/dia-d-descobrir-habilidades-gerar-oportunidades-reuniu-mais-de-120-pessoas-no-ultimo-sabado\/"]}]},{"@type":"ImageObject","inLanguage":"pt-BR","@id":"https:\/\/capivari.sp.gov.br\/portal\/dia-d-descobrir-habilidades-gerar-oportunidades-reuniu-mais-de-120-pessoas-no-ultimo-sabado\/#primaryimage","url":"https:\/\/capivari.sp.gov.br\/portal\/wp-content\/uploads\/2025\/09\/IMG_2054-scaled.jpg","contentUrl":"https:\/\/capivari.sp.gov.br\/portal\/wp-content\/uploads\/2025\/09\/IMG_2054-scaled.jpg","width":2560,"height":1707},{"@type":"BreadcrumbList","@id":"https:\/\/capivari.sp.gov.br\/portal\/dia-d-descobrir-habilidades-gerar-oportunidades-reuniu-mais-de-120-pessoas-no-ultimo-sabado\/#breadcrumb","itemListElement":[{"@type":"ListItem","position":1,"name":"In\u00edcio","item":"https:\/\/capivari.sp.gov.br\/portal\/"},{"@type":"ListItem","position":2,"name":"\u2018Dia D \u2013 Descobrir habilidades, gerar oportunidades\u2019 reuniu mais de 120 pessoas no \u00faltimo s\u00e1bado"}]},{"@type":"WebSite","@id":"https:\/\/capivari.sp.gov.br\/portal\/#website","url":"https:\/\/capivari.sp.gov.br\/portal\/","name":"Prefeitura de Capivari","description":"Prefeitura de Capivari","publisher":{"@id":"https:\/\/capivari.sp.gov.br\/portal\/#organization"},"potentialAction":[{"@type":"SearchAction","target":{"@type":"EntryPoint","urlTemplate":"https:\/\/capivari.sp.gov.br\/portal\/?s={search_term_string}"},"query-input":{"@type":"PropertyValueSpecification","valueRequired":true,"valueName":"search_term_string"}}],"inLanguage":"pt-BR"},{"@type":"Organization","@id":"https:\/\/capivari.sp.gov.br\/portal\/#organization","name":"Prefeitura de Capivari","url":"https:\/\/capivari.sp.gov.br\/portal\/","logo":{"@type":"ImageObject","inLanguage":"pt-BR","@id":"https:\/\/capivari.sp.gov.br\/portal\/#\/schema\/logo\/image\/","url":"https:\/\/capivari.sp.gov.br\/portal\/wp-content\/uploads\/2021\/09\/logo-prefeitura-de-capivari.png","contentUrl":"https:\/\/capivari.sp.gov.br\/portal\/wp-content\/uploads\/2021\/09\/logo-prefeitura-de-capivari.png","width":200,"height":147,"caption":"Prefeitura de Capivari"},"image":{"@id":"https:\/\/capivari.sp.gov.br\/portal\/#\/schema\/logo\/image\/"},"sameAs":["https:\/\/www.facebook.com\/PrefeituradeCapivari\/","https:\/\/x.com\/PrefCapivari","https:\/\/www.instagram.com\/prefeituracapivari\/"]},{"@type":"Person","@id":"https:\/\/capivari.sp.gov.br\/portal\/#\/schema\/person\/98801614a91d449946b0687ae2db9f29","name":"Thalles Cristiano","image":{"@type":"ImageObject","inLanguage":"pt-BR","@id":"https:\/\/secure.gravatar.com\/avatar\/0d1b9a4bdcde99ab11a8cd27abdcd088993749b82c4355c0301135023dc52b3d?s=96&d=mm&r=g","url":"https:\/\/secure.gravatar.com\/avatar\/0d1b9a4bdcde99ab11a8cd27abdcd088993749b82c4355c0301135023dc52b3d?s=96&d=mm&r=g","contentUrl":"https:\/\/secure.gravatar.com\/avatar\/0d1b9a4bdcde99ab11a8cd27abdcd088993749b82c4355c0301135023dc52b3d?s=96&d=mm&r=g","caption":"Thalles Cristiano"},"url":"https:\/\/capivari.sp.gov.br\/portal\/author\/thalles-cristiano\/"}]}},"_links":{"self":[{"href":"https:\/\/capivari.sp.gov.br\/portal\/wp-json\/wp\/v2\/posts\/20895","targetHints":{"allow":["GET"]}}],"collection":[{"href":"https:\/\/capivari.sp.gov.br\/portal\/wp-json\/wp\/v2\/posts"}],"about":[{"href":"https:\/\/capivari.sp.gov.br\/portal\/wp-json\/wp\/v2\/types\/post"}],"author":[{"embeddable":true,"href":"https:\/\/capivari.sp.gov.br\/portal\/wp-json\/wp\/v2\/users\/2"}],"replies":[{"embeddable":true,"href":"https:\/\/capivari.sp.gov.br\/portal\/wp-json\/wp\/v2\/comments?post=20895"}],"version-history":[{"count":1,"href":"https:\/\/capivari.sp.gov.br\/portal\/wp-json\/wp\/v2\/posts\/20895\/revisions"}],"predecessor-version":[{"id":20897,"href":"https:\/\/capivari.sp.gov.br\/portal\/wp-json\/wp\/v2\/posts\/20895\/revisions\/20897"}],"wp:featuredmedia":[{"embeddable":true,"href":"https:\/\/capivari.sp.gov.br\/portal\/wp-json\/wp\/v2\/media\/20896"}],"wp:attachment":[{"href":"https:\/\/capivari.sp.gov.br\/portal\/wp-json\/wp\/v2\/media?parent=20895"}],"wp:term":[{"taxonomy":"category","embeddable":true,"href":"https:\/\/capivari.sp.gov.br\/portal\/wp-json\/wp\/v2\/categories?post=20895"},{"taxonomy":"post_tag","embeddable":true,"href":"https:\/\/capivari.sp.gov.br\/portal\/wp-json\/wp\/v2\/tags?post=20895"}],"curies":[{"name":"wp","href":"https:\/\/api.w.org\/{rel}","templated":true}]}}