{"id":21313,"date":"2025-11-18T16:24:51","date_gmt":"2025-11-18T19:24:51","guid":{"rendered":"https:\/\/capivari.sp.gov.br\/portal\/?p=21313"},"modified":"2025-11-18T16:24:51","modified_gmt":"2025-11-18T19:24:51","slug":"palmeirinha-perde-mais-uma-e-e-o-terceiro-rebaixado-na-primeira-divisao-do-futebol-amador","status":"publish","type":"post","link":"https:\/\/capivari.sp.gov.br\/portal\/palmeirinha-perde-mais-uma-e-e-o-terceiro-rebaixado-na-primeira-divisao-do-futebol-amador\/","title":{"rendered":"Palmeirinha perde mais uma e \u00e9 o terceiro rebaixado na primeira divis\u00e3o do Futebol Amador"},"content":{"rendered":"<p>A s\u00e9tima e pen\u00faltima rodada do Campeonato Amador de Futebol da Primeira Divis\u00e3o teve seu in\u00edcio no \u00faltimo domingo (16), com quatro jogos acontecendo de forma dividida nos est\u00e1dios Fernando de Marco, no bairro Esta\u00e7\u00e3o e Jair Forti, na cidade de Rafard. Os principais destaques ficaram por conta das classifica\u00e7\u00f5es asseguradas do Deportivo Rafard e Nova Esperan\u00e7a enquanto o Palmeirinha teve o rebaixamento confirmado para a segundona de 2026.<\/p>\n<p>Confira os resultados:<\/p>\n<p>Deportivo Rafard 1 x 1 Internacionali \u2013 08h20 \u2013 Est. Fernando de Marco \u2013 Bairro: Esta\u00e7\u00e3o \u2013 Grupo A<\/p>\n<p>O empate entre ambas equipes foi o suficiente para classificar matematicamente o Deportivo Rafard. J\u00e1 a equipe da Internacionali, ap\u00f3s uma excelente temporada em 2024 e depender apenas de si para avan\u00e7ar ao mata-mata, n\u00e3o foi capaz de conquistar a vit\u00f3ria e consequentemente deu adeus a competi\u00e7\u00e3o com nove pontos ganhos em sete partidas.<\/p>\n<p>Nova Esperan\u00e7a 1 x 0 Boca Juniors \u2013 08h20 \u2013 Est. Jair Forti \u2013 Rafard \u2013 Grupo A<\/p>\n<p>No duelo diante o j\u00e1 rebaixado Boca Juniors, a equipe do Nova Esperan\u00e7a precisava de uma vit\u00f3ria simples para poder carimbar o passaporte rumo \u00e0 segunda fase e foi exatamente isso que aconteceu. Com a vit\u00f3ria de 1-0 a equipe chega a 13 pontos ganhos em sete partidas e garante tamb\u00e9m o segundo lugar no grupo A.<\/p>\n<p>S\u00e3o Jo\u00e3o 3 x 1 Palmeirinha \u2013 10h00 \u2013 Est. Jair Forti \u2013 Rafard \u2013 Grupo B<\/p>\n<p>A equipe do Palmeirinha precisava vencer o duelo diante do j\u00e1 classificado S\u00e3o Jo\u00e3o para seguir com chances de perman\u00eancia na primeira divis\u00e3o do amador de Capivari. Entretanto, nova derrota, dessa vez por 3-1, fez com a equipe verde e branca que foi campe\u00e3 da segundona em 2024, voltasse para l\u00e1 em 2026 com a esquec\u00edvel campanha de quatro pontos ganhos em sete partidas.<\/p>\n<p>Vera Cruz 4 x 1 Atl\u00e9tico Guerreiros \u2013 10h00 \u2013 Est. Fernando de Marco \u2013 Bairro: Esta\u00e7\u00e3o \u2013 Grupo B<\/p>\n<p>O Vera Cruz atropelou a equipe do Atl\u00e9tico Guerreiros e manteve a boa fase na competi\u00e7\u00e3o. Em sete jogos da primeira fase, os atuais campe\u00f5es venceram seis e tiveram um empate com apenas dois gols sofridos nesse per\u00edodo, al\u00e9m de incr\u00edveis 27 anotados. Isso faz com que o Vera v\u00e1 at\u00e9 o mata-mata com o melhor ataque e melhor defesa do campeonato.<\/p>\n<p>Os quatro melhores de cada chave se classificar\u00e3o para as quartas de finais do torneio, onde se enfrentar\u00e3o em duelos eliminat\u00f3rios at\u00e9 a grande final. At\u00e9 o momento, Vera Cruz, S\u00e3o Jo\u00e3o, Esta\u00e7\u00e3o, Nova Esperan\u00e7a e Deportivo Rafard j\u00e1 asseguraram a classifica\u00e7\u00e3o para as quartas de finais. \u00c9 importante destacar que as seis melhores equipes da primeira fase garantem participa\u00e7\u00e3o na Copa \u2018Pedro Irineu\u2019 de 2026.<\/p>\n<p>Quanto a disputa contra o rebaixamento, tr\u00eas das quatro vagas j\u00e1 est\u00e3o definidas. Alian\u00e7a Rafardense, Boca Juniors e Palmeirinha est\u00e3o matematicamente rebaixados na classifica\u00e7\u00e3o geral. S\u00e3o Lu\u00eds, Central e Santa Rita s\u00e3o as equipes que ainda possuem chances de serem a \u00faltima a receber a amarga not\u00edcia da degola.<\/p>\n<p>A s\u00e9tima rodada da competi\u00e7\u00e3o ser\u00e1 conclu\u00edda com outros quatro jogos organizados no domingo, (23), nos mesmos locais e hor\u00e1rios. Para saber mais sobre outros projetos e torneios organizados pela Secretaria de Esportes, os telefones (19) 2146-1525 e (19) 3492-8881 (WhatsApp) est\u00e3o dispon\u00edveis de segunda a sexta-feira, das 8h30 \u00e0s 16h30.<\/p>\n","protected":false},"excerpt":{"rendered":"<p>A s\u00e9tima e pen\u00faltima rodada do Campeonato Amador de Futebol da Primeira Divis\u00e3o teve seu in\u00edcio no \u00faltimo domingo (16), com quatro jogos acontecendo de forma dividida nos est\u00e1dios Fernando de Marco, no bairro Esta\u00e7\u00e3o e Jair Forti, na cidade de Rafard. Os principais destaques ficaram por conta das classifica\u00e7\u00f5es asseguradas do Deportivo Rafard e [&hellip;]<\/p>\n","protected":false},"author":2,"featured_media":21302,"comment_status":"open","ping_status":"open","sticky":false,"template":"","format":"standard","meta":{"ocean_post_layout":"","ocean_both_sidebars_style":"","ocean_both_sidebars_content_width":0,"ocean_both_sidebars_sidebars_width":0,"ocean_sidebar":"","ocean_second_sidebar":"","ocean_disable_margins":"enable","ocean_add_body_class":"","ocean_shortcode_before_top_bar":"","ocean_shortcode_after_top_bar":"","ocean_shortcode_before_header":"","ocean_shortcode_after_header":"","ocean_has_shortcode":"","ocean_shortcode_after_title":"","ocean_shortcode_before_footer_widgets":"","ocean_shortcode_after_footer_widgets":"","ocean_shortcode_before_footer_bottom":"","ocean_shortcode_after_footer_bottom":"","ocean_display_top_bar":"default","ocean_display_header":"default","ocean_header_style":"","ocean_center_header_left_menu":"","ocean_custom_header_template":"","ocean_custom_logo":0,"ocean_custom_retina_logo":0,"ocean_custom_logo_max_width":0,"ocean_custom_logo_tablet_max_width":0,"ocean_custom_logo_mobile_max_width":0,"ocean_custom_logo_max_height":0,"ocean_custom_logo_tablet_max_height":0,"ocean_custom_logo_mobile_max_height":0,"ocean_header_custom_menu":"","ocean_menu_typo_font_family":"","ocean_menu_typo_font_subset":"","ocean_menu_typo_font_size":0,"ocean_menu_typo_font_size_tablet":0,"ocean_menu_typo_font_size_mobile":0,"ocean_menu_typo_font_size_unit":"px","ocean_menu_typo_font_weight":"","ocean_menu_typo_font_weight_tablet":"","ocean_menu_typo_font_weight_mobile":"","ocean_menu_typo_transform":"","ocean_menu_typo_transform_tablet":"","ocean_menu_typo_transform_mobile":"","ocean_menu_typo_line_height":0,"ocean_menu_typo_line_height_tablet":0,"ocean_menu_typo_line_height_mobile":0,"ocean_menu_typo_line_height_unit":"","ocean_menu_typo_spacing":0,"ocean_menu_typo_spacing_tablet":0,"ocean_menu_typo_spacing_mobile":0,"ocean_menu_typo_spacing_unit":"","ocean_menu_link_color":"","ocean_menu_link_color_hover":"","ocean_menu_link_color_active":"","ocean_menu_link_background":"","ocean_menu_link_hover_background":"","ocean_menu_link_active_background":"","ocean_menu_social_links_bg":"","ocean_menu_social_hover_links_bg":"","ocean_menu_social_links_color":"","ocean_menu_social_hover_links_color":"","ocean_disable_title":"default","ocean_disable_heading":"default","ocean_post_title":"","ocean_post_subheading":"","ocean_post_title_style":"","ocean_post_title_background_color":"","ocean_post_title_background":0,"ocean_post_title_bg_image_position":"","ocean_post_title_bg_image_attachment":"","ocean_post_title_bg_image_repeat":"","ocean_post_title_bg_image_size":"","ocean_post_title_height":0,"ocean_post_title_bg_overlay":0.5,"ocean_post_title_bg_overlay_color":"","ocean_disable_breadcrumbs":"default","ocean_breadcrumbs_color":"","ocean_breadcrumbs_separator_color":"","ocean_breadcrumbs_links_color":"","ocean_breadcrumbs_links_hover_color":"","ocean_display_footer_widgets":"default","ocean_display_footer_bottom":"default","ocean_custom_footer_template":"","ocean_post_oembed":"","ocean_post_self_hosted_media":"","ocean_post_video_embed":"","ocean_link_format":"","ocean_link_format_target":"self","ocean_quote_format":"","ocean_quote_format_link":"post","ocean_gallery_link_images":"on","ocean_gallery_id":[],"footnotes":""},"categories":[4,25,5],"tags":[],"class_list":["post-21313","post","type-post","status-publish","format-standard","has-post-thumbnail","hentry","category-destaque","category-esporte","category-geral","entry","has-media"],"yoast_head":"<!-- This site is optimized with the Yoast SEO plugin v27.5 - https:\/\/yoast.com\/product\/yoast-seo-wordpress\/ -->\n<title>Palmeirinha perde mais uma e \u00e9 o terceiro rebaixado na primeira divis\u00e3o do Futebol Amador - Prefeitura de Capivari<\/title>\n<meta name=\"robots\" content=\"index, follow, max-snippet:-1, max-image-preview:large, max-video-preview:-1\" \/>\n<link rel=\"canonical\" href=\"https:\/\/capivari.sp.gov.br\/portal\/palmeirinha-perde-mais-uma-e-e-o-terceiro-rebaixado-na-primeira-divisao-do-futebol-amador\/\" \/>\n<meta property=\"og:locale\" content=\"pt_BR\" \/>\n<meta property=\"og:type\" content=\"article\" \/>\n<meta property=\"og:title\" content=\"Palmeirinha perde mais uma e \u00e9 o terceiro rebaixado na primeira divis\u00e3o do Futebol Amador - Prefeitura de Capivari\" \/>\n<meta property=\"og:description\" content=\"A s\u00e9tima e pen\u00faltima rodada do Campeonato Amador de Futebol da Primeira Divis\u00e3o teve seu in\u00edcio no \u00faltimo domingo (16), com quatro jogos acontecendo de forma dividida nos est\u00e1dios Fernando de Marco, no bairro Esta\u00e7\u00e3o e Jair Forti, na cidade de Rafard. Os principais destaques ficaram por conta das classifica\u00e7\u00f5es asseguradas do Deportivo Rafard e [&hellip;]\" \/>\n<meta property=\"og:url\" content=\"https:\/\/capivari.sp.gov.br\/portal\/palmeirinha-perde-mais-uma-e-e-o-terceiro-rebaixado-na-primeira-divisao-do-futebol-amador\/\" \/>\n<meta property=\"og:site_name\" content=\"Prefeitura de Capivari\" \/>\n<meta property=\"article:publisher\" content=\"https:\/\/www.facebook.com\/PrefeituradeCapivari\/\" \/>\n<meta property=\"article:published_time\" content=\"2025-11-18T19:24:51+00:00\" \/>\n<meta property=\"og:image\" content=\"https:\/\/capivari.sp.gov.br\/portal\/wp-content\/uploads\/2025\/11\/IMG_8516-2-scaled.jpg\" \/>\n\t<meta property=\"og:image:width\" content=\"2560\" \/>\n\t<meta property=\"og:image:height\" content=\"1707\" \/>\n\t<meta property=\"og:image:type\" content=\"image\/jpeg\" \/>\n<meta name=\"author\" content=\"Thalles Cristiano\" \/>\n<meta name=\"twitter:card\" content=\"summary_large_image\" \/>\n<meta name=\"twitter:creator\" content=\"@PrefCapivari\" \/>\n<meta name=\"twitter:site\" content=\"@PrefCapivari\" \/>\n<meta name=\"twitter:label1\" content=\"Escrito por\" \/>\n\t<meta name=\"twitter:data1\" content=\"Thalles Cristiano\" \/>\n\t<meta name=\"twitter:label2\" content=\"Est. tempo de leitura\" \/>\n\t<meta name=\"twitter:data2\" content=\"4 minutos\" \/>\n<script type=\"application\/ld+json\" class=\"yoast-schema-graph\">{\"@context\":\"https:\\\/\\\/schema.org\",\"@graph\":[{\"@type\":\"Article\",\"@id\":\"https:\\\/\\\/capivari.sp.gov.br\\\/portal\\\/palmeirinha-perde-mais-uma-e-e-o-terceiro-rebaixado-na-primeira-divisao-do-futebol-amador\\\/#article\",\"isPartOf\":{\"@id\":\"https:\\\/\\\/capivari.sp.gov.br\\\/portal\\\/palmeirinha-perde-mais-uma-e-e-o-terceiro-rebaixado-na-primeira-divisao-do-futebol-amador\\\/\"},\"author\":{\"name\":\"Thalles Cristiano\",\"@id\":\"https:\\\/\\\/capivari.sp.gov.br\\\/portal\\\/#\\\/schema\\\/person\\\/98801614a91d449946b0687ae2db9f29\"},\"headline\":\"Palmeirinha perde mais uma e \u00e9 o terceiro rebaixado na primeira divis\u00e3o do Futebol Amador\",\"datePublished\":\"2025-11-18T19:24:51+00:00\",\"mainEntityOfPage\":{\"@id\":\"https:\\\/\\\/capivari.sp.gov.br\\\/portal\\\/palmeirinha-perde-mais-uma-e-e-o-terceiro-rebaixado-na-primeira-divisao-do-futebol-amador\\\/\"},\"wordCount\":585,\"commentCount\":0,\"publisher\":{\"@id\":\"https:\\\/\\\/capivari.sp.gov.br\\\/portal\\\/#organization\"},\"image\":{\"@id\":\"https:\\\/\\\/capivari.sp.gov.br\\\/portal\\\/palmeirinha-perde-mais-uma-e-e-o-terceiro-rebaixado-na-primeira-divisao-do-futebol-amador\\\/#primaryimage\"},\"thumbnailUrl\":\"https:\\\/\\\/capivari.sp.gov.br\\\/portal\\\/wp-content\\\/uploads\\\/2025\\\/11\\\/IMG_8516-2-scaled.jpg\",\"articleSection\":[\"Destaque\",\"Esporte\",\"Geral\"],\"inLanguage\":\"pt-BR\",\"potentialAction\":[{\"@type\":\"CommentAction\",\"name\":\"Comment\",\"target\":[\"https:\\\/\\\/capivari.sp.gov.br\\\/portal\\\/palmeirinha-perde-mais-uma-e-e-o-terceiro-rebaixado-na-primeira-divisao-do-futebol-amador\\\/#respond\"]}]},{\"@type\":\"WebPage\",\"@id\":\"https:\\\/\\\/capivari.sp.gov.br\\\/portal\\\/palmeirinha-perde-mais-uma-e-e-o-terceiro-rebaixado-na-primeira-divisao-do-futebol-amador\\\/\",\"url\":\"https:\\\/\\\/capivari.sp.gov.br\\\/portal\\\/palmeirinha-perde-mais-uma-e-e-o-terceiro-rebaixado-na-primeira-divisao-do-futebol-amador\\\/\",\"name\":\"Palmeirinha perde mais uma e \u00e9 o terceiro rebaixado na primeira divis\u00e3o do Futebol Amador - Prefeitura de Capivari\",\"isPartOf\":{\"@id\":\"https:\\\/\\\/capivari.sp.gov.br\\\/portal\\\/#website\"},\"primaryImageOfPage\":{\"@id\":\"https:\\\/\\\/capivari.sp.gov.br\\\/portal\\\/palmeirinha-perde-mais-uma-e-e-o-terceiro-rebaixado-na-primeira-divisao-do-futebol-amador\\\/#primaryimage\"},\"image\":{\"@id\":\"https:\\\/\\\/capivari.sp.gov.br\\\/portal\\\/palmeirinha-perde-mais-uma-e-e-o-terceiro-rebaixado-na-primeira-divisao-do-futebol-amador\\\/#primaryimage\"},\"thumbnailUrl\":\"https:\\\/\\\/capivari.sp.gov.br\\\/portal\\\/wp-content\\\/uploads\\\/2025\\\/11\\\/IMG_8516-2-scaled.jpg\",\"datePublished\":\"2025-11-18T19:24:51+00:00\",\"breadcrumb\":{\"@id\":\"https:\\\/\\\/capivari.sp.gov.br\\\/portal\\\/palmeirinha-perde-mais-uma-e-e-o-terceiro-rebaixado-na-primeira-divisao-do-futebol-amador\\\/#breadcrumb\"},\"inLanguage\":\"pt-BR\",\"potentialAction\":[{\"@type\":\"ReadAction\",\"target\":[\"https:\\\/\\\/capivari.sp.gov.br\\\/portal\\\/palmeirinha-perde-mais-uma-e-e-o-terceiro-rebaixado-na-primeira-divisao-do-futebol-amador\\\/\"]}]},{\"@type\":\"ImageObject\",\"inLanguage\":\"pt-BR\",\"@id\":\"https:\\\/\\\/capivari.sp.gov.br\\\/portal\\\/palmeirinha-perde-mais-uma-e-e-o-terceiro-rebaixado-na-primeira-divisao-do-futebol-amador\\\/#primaryimage\",\"url\":\"https:\\\/\\\/capivari.sp.gov.br\\\/portal\\\/wp-content\\\/uploads\\\/2025\\\/11\\\/IMG_8516-2-scaled.jpg\",\"contentUrl\":\"https:\\\/\\\/capivari.sp.gov.br\\\/portal\\\/wp-content\\\/uploads\\\/2025\\\/11\\\/IMG_8516-2-scaled.jpg\",\"width\":2560,\"height\":1707},{\"@type\":\"BreadcrumbList\",\"@id\":\"https:\\\/\\\/capivari.sp.gov.br\\\/portal\\\/palmeirinha-perde-mais-uma-e-e-o-terceiro-rebaixado-na-primeira-divisao-do-futebol-amador\\\/#breadcrumb\",\"itemListElement\":[{\"@type\":\"ListItem\",\"position\":1,\"name\":\"In\u00edcio\",\"item\":\"https:\\\/\\\/capivari.sp.gov.br\\\/portal\\\/\"},{\"@type\":\"ListItem\",\"position\":2,\"name\":\"Palmeirinha perde mais uma e \u00e9 o terceiro rebaixado na primeira divis\u00e3o do Futebol Amador\"}]},{\"@type\":\"WebSite\",\"@id\":\"https:\\\/\\\/capivari.sp.gov.br\\\/portal\\\/#website\",\"url\":\"https:\\\/\\\/capivari.sp.gov.br\\\/portal\\\/\",\"name\":\"Prefeitura de Capivari\",\"description\":\"Prefeitura de Capivari\",\"publisher\":{\"@id\":\"https:\\\/\\\/capivari.sp.gov.br\\\/portal\\\/#organization\"},\"potentialAction\":[{\"@type\":\"SearchAction\",\"target\":{\"@type\":\"EntryPoint\",\"urlTemplate\":\"https:\\\/\\\/capivari.sp.gov.br\\\/portal\\\/?s={search_term_string}\"},\"query-input\":{\"@type\":\"PropertyValueSpecification\",\"valueRequired\":true,\"valueName\":\"search_term_string\"}}],\"inLanguage\":\"pt-BR\"},{\"@type\":\"Organization\",\"@id\":\"https:\\\/\\\/capivari.sp.gov.br\\\/portal\\\/#organization\",\"name\":\"Prefeitura de Capivari\",\"url\":\"https:\\\/\\\/capivari.sp.gov.br\\\/portal\\\/\",\"logo\":{\"@type\":\"ImageObject\",\"inLanguage\":\"pt-BR\",\"@id\":\"https:\\\/\\\/capivari.sp.gov.br\\\/portal\\\/#\\\/schema\\\/logo\\\/image\\\/\",\"url\":\"https:\\\/\\\/capivari.sp.gov.br\\\/portal\\\/wp-content\\\/uploads\\\/2021\\\/09\\\/logo-prefeitura-de-capivari.png\",\"contentUrl\":\"https:\\\/\\\/capivari.sp.gov.br\\\/portal\\\/wp-content\\\/uploads\\\/2021\\\/09\\\/logo-prefeitura-de-capivari.png\",\"width\":200,\"height\":147,\"caption\":\"Prefeitura de Capivari\"},\"image\":{\"@id\":\"https:\\\/\\\/capivari.sp.gov.br\\\/portal\\\/#\\\/schema\\\/logo\\\/image\\\/\"},\"sameAs\":[\"https:\\\/\\\/www.facebook.com\\\/PrefeituradeCapivari\\\/\",\"https:\\\/\\\/x.com\\\/PrefCapivari\",\"https:\\\/\\\/www.instagram.com\\\/prefeituracapivari\\\/\"]},{\"@type\":\"Person\",\"@id\":\"https:\\\/\\\/capivari.sp.gov.br\\\/portal\\\/#\\\/schema\\\/person\\\/98801614a91d449946b0687ae2db9f29\",\"name\":\"Thalles Cristiano\",\"image\":{\"@type\":\"ImageObject\",\"inLanguage\":\"pt-BR\",\"@id\":\"https:\\\/\\\/secure.gravatar.com\\\/avatar\\\/0d1b9a4bdcde99ab11a8cd27abdcd088993749b82c4355c0301135023dc52b3d?s=96&d=mm&r=g\",\"url\":\"https:\\\/\\\/secure.gravatar.com\\\/avatar\\\/0d1b9a4bdcde99ab11a8cd27abdcd088993749b82c4355c0301135023dc52b3d?s=96&d=mm&r=g\",\"contentUrl\":\"https:\\\/\\\/secure.gravatar.com\\\/avatar\\\/0d1b9a4bdcde99ab11a8cd27abdcd088993749b82c4355c0301135023dc52b3d?s=96&d=mm&r=g\",\"caption\":\"Thalles Cristiano\"},\"url\":\"https:\\\/\\\/capivari.sp.gov.br\\\/portal\\\/author\\\/thalles-cristiano\\\/\"}]}<\/script>\n<!-- \/ Yoast SEO plugin. -->","yoast_head_json":{"title":"Palmeirinha perde mais uma e \u00e9 o terceiro rebaixado na primeira divis\u00e3o do Futebol Amador - Prefeitura de Capivari","robots":{"index":"index","follow":"follow","max-snippet":"max-snippet:-1","max-image-preview":"max-image-preview:large","max-video-preview":"max-video-preview:-1"},"canonical":"https:\/\/capivari.sp.gov.br\/portal\/palmeirinha-perde-mais-uma-e-e-o-terceiro-rebaixado-na-primeira-divisao-do-futebol-amador\/","og_locale":"pt_BR","og_type":"article","og_title":"Palmeirinha perde mais uma e \u00e9 o terceiro rebaixado na primeira divis\u00e3o do Futebol Amador - Prefeitura de Capivari","og_description":"A s\u00e9tima e pen\u00faltima rodada do Campeonato Amador de Futebol da Primeira Divis\u00e3o teve seu in\u00edcio no \u00faltimo domingo (16), com quatro jogos acontecendo de forma dividida nos est\u00e1dios Fernando de Marco, no bairro Esta\u00e7\u00e3o e Jair Forti, na cidade de Rafard. Os principais destaques ficaram por conta das classifica\u00e7\u00f5es asseguradas do Deportivo Rafard e [&hellip;]","og_url":"https:\/\/capivari.sp.gov.br\/portal\/palmeirinha-perde-mais-uma-e-e-o-terceiro-rebaixado-na-primeira-divisao-do-futebol-amador\/","og_site_name":"Prefeitura de Capivari","article_publisher":"https:\/\/www.facebook.com\/PrefeituradeCapivari\/","article_published_time":"2025-11-18T19:24:51+00:00","og_image":[{"width":2560,"height":1707,"url":"https:\/\/capivari.sp.gov.br\/portal\/wp-content\/uploads\/2025\/11\/IMG_8516-2-scaled.jpg","type":"image\/jpeg"}],"author":"Thalles Cristiano","twitter_card":"summary_large_image","twitter_creator":"@PrefCapivari","twitter_site":"@PrefCapivari","twitter_misc":{"Escrito por":"Thalles Cristiano","Est. tempo de leitura":"4 minutos"},"schema":{"@context":"https:\/\/schema.org","@graph":[{"@type":"Article","@id":"https:\/\/capivari.sp.gov.br\/portal\/palmeirinha-perde-mais-uma-e-e-o-terceiro-rebaixado-na-primeira-divisao-do-futebol-amador\/#article","isPartOf":{"@id":"https:\/\/capivari.sp.gov.br\/portal\/palmeirinha-perde-mais-uma-e-e-o-terceiro-rebaixado-na-primeira-divisao-do-futebol-amador\/"},"author":{"name":"Thalles Cristiano","@id":"https:\/\/capivari.sp.gov.br\/portal\/#\/schema\/person\/98801614a91d449946b0687ae2db9f29"},"headline":"Palmeirinha perde mais uma e \u00e9 o terceiro rebaixado na primeira divis\u00e3o do Futebol Amador","datePublished":"2025-11-18T19:24:51+00:00","mainEntityOfPage":{"@id":"https:\/\/capivari.sp.gov.br\/portal\/palmeirinha-perde-mais-uma-e-e-o-terceiro-rebaixado-na-primeira-divisao-do-futebol-amador\/"},"wordCount":585,"commentCount":0,"publisher":{"@id":"https:\/\/capivari.sp.gov.br\/portal\/#organization"},"image":{"@id":"https:\/\/capivari.sp.gov.br\/portal\/palmeirinha-perde-mais-uma-e-e-o-terceiro-rebaixado-na-primeira-divisao-do-futebol-amador\/#primaryimage"},"thumbnailUrl":"https:\/\/capivari.sp.gov.br\/portal\/wp-content\/uploads\/2025\/11\/IMG_8516-2-scaled.jpg","articleSection":["Destaque","Esporte","Geral"],"inLanguage":"pt-BR","potentialAction":[{"@type":"CommentAction","name":"Comment","target":["https:\/\/capivari.sp.gov.br\/portal\/palmeirinha-perde-mais-uma-e-e-o-terceiro-rebaixado-na-primeira-divisao-do-futebol-amador\/#respond"]}]},{"@type":"WebPage","@id":"https:\/\/capivari.sp.gov.br\/portal\/palmeirinha-perde-mais-uma-e-e-o-terceiro-rebaixado-na-primeira-divisao-do-futebol-amador\/","url":"https:\/\/capivari.sp.gov.br\/portal\/palmeirinha-perde-mais-uma-e-e-o-terceiro-rebaixado-na-primeira-divisao-do-futebol-amador\/","name":"Palmeirinha perde mais uma e \u00e9 o terceiro rebaixado na primeira divis\u00e3o do Futebol Amador - Prefeitura de Capivari","isPartOf":{"@id":"https:\/\/capivari.sp.gov.br\/portal\/#website"},"primaryImageOfPage":{"@id":"https:\/\/capivari.sp.gov.br\/portal\/palmeirinha-perde-mais-uma-e-e-o-terceiro-rebaixado-na-primeira-divisao-do-futebol-amador\/#primaryimage"},"image":{"@id":"https:\/\/capivari.sp.gov.br\/portal\/palmeirinha-perde-mais-uma-e-e-o-terceiro-rebaixado-na-primeira-divisao-do-futebol-amador\/#primaryimage"},"thumbnailUrl":"https:\/\/capivari.sp.gov.br\/portal\/wp-content\/uploads\/2025\/11\/IMG_8516-2-scaled.jpg","datePublished":"2025-11-18T19:24:51+00:00","breadcrumb":{"@id":"https:\/\/capivari.sp.gov.br\/portal\/palmeirinha-perde-mais-uma-e-e-o-terceiro-rebaixado-na-primeira-divisao-do-futebol-amador\/#breadcrumb"},"inLanguage":"pt-BR","potentialAction":[{"@type":"ReadAction","target":["https:\/\/capivari.sp.gov.br\/portal\/palmeirinha-perde-mais-uma-e-e-o-terceiro-rebaixado-na-primeira-divisao-do-futebol-amador\/"]}]},{"@type":"ImageObject","inLanguage":"pt-BR","@id":"https:\/\/capivari.sp.gov.br\/portal\/palmeirinha-perde-mais-uma-e-e-o-terceiro-rebaixado-na-primeira-divisao-do-futebol-amador\/#primaryimage","url":"https:\/\/capivari.sp.gov.br\/portal\/wp-content\/uploads\/2025\/11\/IMG_8516-2-scaled.jpg","contentUrl":"https:\/\/capivari.sp.gov.br\/portal\/wp-content\/uploads\/2025\/11\/IMG_8516-2-scaled.jpg","width":2560,"height":1707},{"@type":"BreadcrumbList","@id":"https:\/\/capivari.sp.gov.br\/portal\/palmeirinha-perde-mais-uma-e-e-o-terceiro-rebaixado-na-primeira-divisao-do-futebol-amador\/#breadcrumb","itemListElement":[{"@type":"ListItem","position":1,"name":"In\u00edcio","item":"https:\/\/capivari.sp.gov.br\/portal\/"},{"@type":"ListItem","position":2,"name":"Palmeirinha perde mais uma e \u00e9 o terceiro rebaixado na primeira divis\u00e3o do Futebol Amador"}]},{"@type":"WebSite","@id":"https:\/\/capivari.sp.gov.br\/portal\/#website","url":"https:\/\/capivari.sp.gov.br\/portal\/","name":"Prefeitura de Capivari","description":"Prefeitura de Capivari","publisher":{"@id":"https:\/\/capivari.sp.gov.br\/portal\/#organization"},"potentialAction":[{"@type":"SearchAction","target":{"@type":"EntryPoint","urlTemplate":"https:\/\/capivari.sp.gov.br\/portal\/?s={search_term_string}"},"query-input":{"@type":"PropertyValueSpecification","valueRequired":true,"valueName":"search_term_string"}}],"inLanguage":"pt-BR"},{"@type":"Organization","@id":"https:\/\/capivari.sp.gov.br\/portal\/#organization","name":"Prefeitura de Capivari","url":"https:\/\/capivari.sp.gov.br\/portal\/","logo":{"@type":"ImageObject","inLanguage":"pt-BR","@id":"https:\/\/capivari.sp.gov.br\/portal\/#\/schema\/logo\/image\/","url":"https:\/\/capivari.sp.gov.br\/portal\/wp-content\/uploads\/2021\/09\/logo-prefeitura-de-capivari.png","contentUrl":"https:\/\/capivari.sp.gov.br\/portal\/wp-content\/uploads\/2021\/09\/logo-prefeitura-de-capivari.png","width":200,"height":147,"caption":"Prefeitura de Capivari"},"image":{"@id":"https:\/\/capivari.sp.gov.br\/portal\/#\/schema\/logo\/image\/"},"sameAs":["https:\/\/www.facebook.com\/PrefeituradeCapivari\/","https:\/\/x.com\/PrefCapivari","https:\/\/www.instagram.com\/prefeituracapivari\/"]},{"@type":"Person","@id":"https:\/\/capivari.sp.gov.br\/portal\/#\/schema\/person\/98801614a91d449946b0687ae2db9f29","name":"Thalles Cristiano","image":{"@type":"ImageObject","inLanguage":"pt-BR","@id":"https:\/\/secure.gravatar.com\/avatar\/0d1b9a4bdcde99ab11a8cd27abdcd088993749b82c4355c0301135023dc52b3d?s=96&d=mm&r=g","url":"https:\/\/secure.gravatar.com\/avatar\/0d1b9a4bdcde99ab11a8cd27abdcd088993749b82c4355c0301135023dc52b3d?s=96&d=mm&r=g","contentUrl":"https:\/\/secure.gravatar.com\/avatar\/0d1b9a4bdcde99ab11a8cd27abdcd088993749b82c4355c0301135023dc52b3d?s=96&d=mm&r=g","caption":"Thalles Cristiano"},"url":"https:\/\/capivari.sp.gov.br\/portal\/author\/thalles-cristiano\/"}]}},"_links":{"self":[{"href":"https:\/\/capivari.sp.gov.br\/portal\/wp-json\/wp\/v2\/posts\/21313","targetHints":{"allow":["GET"]}}],"collection":[{"href":"https:\/\/capivari.sp.gov.br\/portal\/wp-json\/wp\/v2\/posts"}],"about":[{"href":"https:\/\/capivari.sp.gov.br\/portal\/wp-json\/wp\/v2\/types\/post"}],"author":[{"embeddable":true,"href":"https:\/\/capivari.sp.gov.br\/portal\/wp-json\/wp\/v2\/users\/2"}],"replies":[{"embeddable":true,"href":"https:\/\/capivari.sp.gov.br\/portal\/wp-json\/wp\/v2\/comments?post=21313"}],"version-history":[{"count":1,"href":"https:\/\/capivari.sp.gov.br\/portal\/wp-json\/wp\/v2\/posts\/21313\/revisions"}],"predecessor-version":[{"id":21314,"href":"https:\/\/capivari.sp.gov.br\/portal\/wp-json\/wp\/v2\/posts\/21313\/revisions\/21314"}],"wp:featuredmedia":[{"embeddable":true,"href":"https:\/\/capivari.sp.gov.br\/portal\/wp-json\/wp\/v2\/media\/21302"}],"wp:attachment":[{"href":"https:\/\/capivari.sp.gov.br\/portal\/wp-json\/wp\/v2\/media?parent=21313"}],"wp:term":[{"taxonomy":"category","embeddable":true,"href":"https:\/\/capivari.sp.gov.br\/portal\/wp-json\/wp\/v2\/categories?post=21313"},{"taxonomy":"post_tag","embeddable":true,"href":"https:\/\/capivari.sp.gov.br\/portal\/wp-json\/wp\/v2\/tags?post=21313"}],"curies":[{"name":"wp","href":"https:\/\/api.w.org\/{rel}","templated":true}]}}