{"id":21316,"date":"2025-11-19T08:52:54","date_gmt":"2025-11-19T11:52:54","guid":{"rendered":"https:\/\/capivari.sp.gov.br\/portal\/?p=21316"},"modified":"2025-11-19T08:52:54","modified_gmt":"2025-11-19T11:52:54","slug":"etec-capivari-anuncia-convocacao-para-vagas-remanescentes-dos-cursos-de-tecnico-em-administracao-e-qualidade","status":"publish","type":"post","link":"https:\/\/capivari.sp.gov.br\/portal\/etec-capivari-anuncia-convocacao-para-vagas-remanescentes-dos-cursos-de-tecnico-em-administracao-e-qualidade\/","title":{"rendered":"Etec Capivari anuncia convoca\u00e7\u00e3o para vagas remanescentes dos cursos de T\u00e9cnico em Administra\u00e7\u00e3o e Qualidade"},"content":{"rendered":"<p>A classe descentralizada da Etec em Capivari anunciou o per\u00edodo de efetiva\u00e7\u00e3o das matr\u00edculas dos candidatos aprovados na segunda chamada do \u00faltimo processo seletivo da institui\u00e7\u00e3o, popularmente conhecido como \u2018Vestibulinho\u2019. Os alunos devem comparecer presencialmente na Escola Municipal Augusto Castanho, local que sedia as aulas da Etec Capivari, at\u00e9 o dia 28 de novembro com a documenta\u00e7\u00e3o necess\u00e1ria. A iniciativa visa o ingresso de novos alunos no segundo m\u00f3dulo dos cursos de T\u00e9cnico em Qualidade e T\u00e9cnico em Administra\u00e7\u00e3o.<\/p>\n<p>\u00c9 importante destacar que a chamada nesse per\u00edodo engloba apenas os candidatos que fizeram o Vestibulinho e n\u00e3o foram convocados. Todos os alunos aprovados nos exames receber\u00e3o mensagens de texto (SMS) no n\u00famero cadastrado no ato da inscri\u00e7\u00e3o, com as instru\u00e7\u00f5es exatas de como efetivar sua matr\u00edcula presencialmente. Al\u00e9m disso, informa\u00e7\u00f5es sobre o t\u00f3pico est\u00e3o dispon\u00edveis nos murais da Escola Municipal \u2018Augusto Castanho\u2019 que serve de sede para as aulas da institui\u00e7\u00e3o em Capivari.<\/p>\n<p>A Etec recomenda aos alunos que se atentem tamb\u00e9m \u00e0 caixa de Spam dos celulares para que essas mensagens de texto n\u00e3o passem despercebidas. A Escola Municipal Augusto Castanho fica localizada na rua General Os\u00f3rio, 551, Centro. Para mais informa\u00e7\u00f5es sobre a matr\u00edcula, o n\u00famero (19) 99496-2291 est\u00e1 dispon\u00edvel pelo WhatsApp.<\/p>\n","protected":false},"excerpt":{"rendered":"<p>A classe descentralizada da Etec em Capivari anunciou o per\u00edodo de efetiva\u00e7\u00e3o das matr\u00edculas dos candidatos aprovados na segunda chamada do \u00faltimo processo seletivo da institui\u00e7\u00e3o, popularmente conhecido como \u2018Vestibulinho\u2019. Os alunos devem comparecer presencialmente na Escola Municipal Augusto Castanho, local que sedia as aulas da Etec Capivari, at\u00e9 o dia 28 de novembro com [&hellip;]<\/p>\n","protected":false},"author":2,"featured_media":21317,"comment_status":"open","ping_status":"open","sticky":false,"template":"","format":"standard","meta":{"ocean_post_layout":"","ocean_both_sidebars_style":"","ocean_both_sidebars_content_width":0,"ocean_both_sidebars_sidebars_width":0,"ocean_sidebar":"","ocean_second_sidebar":"","ocean_disable_margins":"enable","ocean_add_body_class":"","ocean_shortcode_before_top_bar":"","ocean_shortcode_after_top_bar":"","ocean_shortcode_before_header":"","ocean_shortcode_after_header":"","ocean_has_shortcode":"","ocean_shortcode_after_title":"","ocean_shortcode_before_footer_widgets":"","ocean_shortcode_after_footer_widgets":"","ocean_shortcode_before_footer_bottom":"","ocean_shortcode_after_footer_bottom":"","ocean_display_top_bar":"default","ocean_display_header":"default","ocean_header_style":"","ocean_center_header_left_menu":"","ocean_custom_header_template":"","ocean_custom_logo":0,"ocean_custom_retina_logo":0,"ocean_custom_logo_max_width":0,"ocean_custom_logo_tablet_max_width":0,"ocean_custom_logo_mobile_max_width":0,"ocean_custom_logo_max_height":0,"ocean_custom_logo_tablet_max_height":0,"ocean_custom_logo_mobile_max_height":0,"ocean_header_custom_menu":"","ocean_menu_typo_font_family":"","ocean_menu_typo_font_subset":"","ocean_menu_typo_font_size":0,"ocean_menu_typo_font_size_tablet":0,"ocean_menu_typo_font_size_mobile":0,"ocean_menu_typo_font_size_unit":"px","ocean_menu_typo_font_weight":"","ocean_menu_typo_font_weight_tablet":"","ocean_menu_typo_font_weight_mobile":"","ocean_menu_typo_transform":"","ocean_menu_typo_transform_tablet":"","ocean_menu_typo_transform_mobile":"","ocean_menu_typo_line_height":0,"ocean_menu_typo_line_height_tablet":0,"ocean_menu_typo_line_height_mobile":0,"ocean_menu_typo_line_height_unit":"","ocean_menu_typo_spacing":0,"ocean_menu_typo_spacing_tablet":0,"ocean_menu_typo_spacing_mobile":0,"ocean_menu_typo_spacing_unit":"","ocean_menu_link_color":"","ocean_menu_link_color_hover":"","ocean_menu_link_color_active":"","ocean_menu_link_background":"","ocean_menu_link_hover_background":"","ocean_menu_link_active_background":"","ocean_menu_social_links_bg":"","ocean_menu_social_hover_links_bg":"","ocean_menu_social_links_color":"","ocean_menu_social_hover_links_color":"","ocean_disable_title":"default","ocean_disable_heading":"default","ocean_post_title":"","ocean_post_subheading":"","ocean_post_title_style":"","ocean_post_title_background_color":"","ocean_post_title_background":0,"ocean_post_title_bg_image_position":"","ocean_post_title_bg_image_attachment":"","ocean_post_title_bg_image_repeat":"","ocean_post_title_bg_image_size":"","ocean_post_title_height":0,"ocean_post_title_bg_overlay":0.5,"ocean_post_title_bg_overlay_color":"","ocean_disable_breadcrumbs":"default","ocean_breadcrumbs_color":"","ocean_breadcrumbs_separator_color":"","ocean_breadcrumbs_links_color":"","ocean_breadcrumbs_links_hover_color":"","ocean_display_footer_widgets":"default","ocean_display_footer_bottom":"default","ocean_custom_footer_template":"","ocean_post_oembed":"","ocean_post_self_hosted_media":"","ocean_post_video_embed":"","ocean_link_format":"","ocean_link_format_target":"self","ocean_quote_format":"","ocean_quote_format_link":"post","ocean_gallery_link_images":"on","ocean_gallery_id":[],"footnotes":""},"categories":[18,4,5],"tags":[],"class_list":["post-21316","post","type-post","status-publish","format-standard","has-post-thumbnail","hentry","category-desenvolvimento-economico-turismo-e-inovacao","category-destaque","category-geral","entry","has-media"],"yoast_head":"<!-- This site is optimized with the Yoast SEO plugin v27.5 - https:\/\/yoast.com\/product\/yoast-seo-wordpress\/ -->\n<title>Etec Capivari anuncia convoca\u00e7\u00e3o para vagas remanescentes dos cursos de T\u00e9cnico em Administra\u00e7\u00e3o e Qualidade - Prefeitura de Capivari<\/title>\n<meta name=\"robots\" content=\"index, follow, max-snippet:-1, max-image-preview:large, max-video-preview:-1\" \/>\n<link rel=\"canonical\" href=\"https:\/\/capivari.sp.gov.br\/portal\/etec-capivari-anuncia-convocacao-para-vagas-remanescentes-dos-cursos-de-tecnico-em-administracao-e-qualidade\/\" \/>\n<meta property=\"og:locale\" content=\"pt_BR\" \/>\n<meta property=\"og:type\" content=\"article\" \/>\n<meta property=\"og:title\" content=\"Etec Capivari anuncia convoca\u00e7\u00e3o para vagas remanescentes dos cursos de T\u00e9cnico em Administra\u00e7\u00e3o e Qualidade - Prefeitura de Capivari\" \/>\n<meta property=\"og:description\" content=\"A classe descentralizada da Etec em Capivari anunciou o per\u00edodo de efetiva\u00e7\u00e3o das matr\u00edculas dos candidatos aprovados na segunda chamada do \u00faltimo processo seletivo da institui\u00e7\u00e3o, popularmente conhecido como \u2018Vestibulinho\u2019. Os alunos devem comparecer presencialmente na Escola Municipal Augusto Castanho, local que sedia as aulas da Etec Capivari, at\u00e9 o dia 28 de novembro com [&hellip;]\" \/>\n<meta property=\"og:url\" content=\"https:\/\/capivari.sp.gov.br\/portal\/etec-capivari-anuncia-convocacao-para-vagas-remanescentes-dos-cursos-de-tecnico-em-administracao-e-qualidade\/\" \/>\n<meta property=\"og:site_name\" content=\"Prefeitura de Capivari\" \/>\n<meta property=\"article:publisher\" content=\"https:\/\/www.facebook.com\/PrefeituradeCapivari\/\" \/>\n<meta property=\"article:published_time\" content=\"2025-11-19T11:52:54+00:00\" \/>\n<meta property=\"og:image\" content=\"https:\/\/capivari.sp.gov.br\/portal\/wp-content\/uploads\/2025\/11\/WhatsApp-Image-2025-11-19-at-08.43.10.jpeg\" \/>\n\t<meta property=\"og:image:width\" content=\"1080\" \/>\n\t<meta property=\"og:image:height\" content=\"1080\" \/>\n\t<meta property=\"og:image:type\" content=\"image\/jpeg\" \/>\n<meta name=\"author\" content=\"Thalles Cristiano\" \/>\n<meta name=\"twitter:card\" content=\"summary_large_image\" \/>\n<meta name=\"twitter:creator\" content=\"@PrefCapivari\" \/>\n<meta name=\"twitter:site\" content=\"@PrefCapivari\" \/>\n<meta name=\"twitter:label1\" content=\"Escrito por\" \/>\n\t<meta name=\"twitter:data1\" content=\"Thalles Cristiano\" \/>\n\t<meta name=\"twitter:label2\" content=\"Est. tempo de leitura\" \/>\n\t<meta name=\"twitter:data2\" content=\"2 minutos\" \/>\n<script type=\"application\/ld+json\" class=\"yoast-schema-graph\">{\"@context\":\"https:\\\/\\\/schema.org\",\"@graph\":[{\"@type\":\"Article\",\"@id\":\"https:\\\/\\\/capivari.sp.gov.br\\\/portal\\\/etec-capivari-anuncia-convocacao-para-vagas-remanescentes-dos-cursos-de-tecnico-em-administracao-e-qualidade\\\/#article\",\"isPartOf\":{\"@id\":\"https:\\\/\\\/capivari.sp.gov.br\\\/portal\\\/etec-capivari-anuncia-convocacao-para-vagas-remanescentes-dos-cursos-de-tecnico-em-administracao-e-qualidade\\\/\"},\"author\":{\"name\":\"Thalles Cristiano\",\"@id\":\"https:\\\/\\\/capivari.sp.gov.br\\\/portal\\\/#\\\/schema\\\/person\\\/98801614a91d449946b0687ae2db9f29\"},\"headline\":\"Etec Capivari anuncia convoca\u00e7\u00e3o para vagas remanescentes dos cursos de T\u00e9cnico em Administra\u00e7\u00e3o e Qualidade\",\"datePublished\":\"2025-11-19T11:52:54+00:00\",\"mainEntityOfPage\":{\"@id\":\"https:\\\/\\\/capivari.sp.gov.br\\\/portal\\\/etec-capivari-anuncia-convocacao-para-vagas-remanescentes-dos-cursos-de-tecnico-em-administracao-e-qualidade\\\/\"},\"wordCount\":247,\"commentCount\":0,\"publisher\":{\"@id\":\"https:\\\/\\\/capivari.sp.gov.br\\\/portal\\\/#organization\"},\"image\":{\"@id\":\"https:\\\/\\\/capivari.sp.gov.br\\\/portal\\\/etec-capivari-anuncia-convocacao-para-vagas-remanescentes-dos-cursos-de-tecnico-em-administracao-e-qualidade\\\/#primaryimage\"},\"thumbnailUrl\":\"https:\\\/\\\/capivari.sp.gov.br\\\/portal\\\/wp-content\\\/uploads\\\/2025\\\/11\\\/WhatsApp-Image-2025-11-19-at-08.43.10.jpeg\",\"articleSection\":[\"Desenvolvimento Econ\u00f4mico, Turismo e Inova\u00e7\u00e3o\",\"Destaque\",\"Geral\"],\"inLanguage\":\"pt-BR\",\"potentialAction\":[{\"@type\":\"CommentAction\",\"name\":\"Comment\",\"target\":[\"https:\\\/\\\/capivari.sp.gov.br\\\/portal\\\/etec-capivari-anuncia-convocacao-para-vagas-remanescentes-dos-cursos-de-tecnico-em-administracao-e-qualidade\\\/#respond\"]}]},{\"@type\":\"WebPage\",\"@id\":\"https:\\\/\\\/capivari.sp.gov.br\\\/portal\\\/etec-capivari-anuncia-convocacao-para-vagas-remanescentes-dos-cursos-de-tecnico-em-administracao-e-qualidade\\\/\",\"url\":\"https:\\\/\\\/capivari.sp.gov.br\\\/portal\\\/etec-capivari-anuncia-convocacao-para-vagas-remanescentes-dos-cursos-de-tecnico-em-administracao-e-qualidade\\\/\",\"name\":\"Etec Capivari anuncia convoca\u00e7\u00e3o para vagas remanescentes dos cursos de T\u00e9cnico em Administra\u00e7\u00e3o e Qualidade - Prefeitura de Capivari\",\"isPartOf\":{\"@id\":\"https:\\\/\\\/capivari.sp.gov.br\\\/portal\\\/#website\"},\"primaryImageOfPage\":{\"@id\":\"https:\\\/\\\/capivari.sp.gov.br\\\/portal\\\/etec-capivari-anuncia-convocacao-para-vagas-remanescentes-dos-cursos-de-tecnico-em-administracao-e-qualidade\\\/#primaryimage\"},\"image\":{\"@id\":\"https:\\\/\\\/capivari.sp.gov.br\\\/portal\\\/etec-capivari-anuncia-convocacao-para-vagas-remanescentes-dos-cursos-de-tecnico-em-administracao-e-qualidade\\\/#primaryimage\"},\"thumbnailUrl\":\"https:\\\/\\\/capivari.sp.gov.br\\\/portal\\\/wp-content\\\/uploads\\\/2025\\\/11\\\/WhatsApp-Image-2025-11-19-at-08.43.10.jpeg\",\"datePublished\":\"2025-11-19T11:52:54+00:00\",\"breadcrumb\":{\"@id\":\"https:\\\/\\\/capivari.sp.gov.br\\\/portal\\\/etec-capivari-anuncia-convocacao-para-vagas-remanescentes-dos-cursos-de-tecnico-em-administracao-e-qualidade\\\/#breadcrumb\"},\"inLanguage\":\"pt-BR\",\"potentialAction\":[{\"@type\":\"ReadAction\",\"target\":[\"https:\\\/\\\/capivari.sp.gov.br\\\/portal\\\/etec-capivari-anuncia-convocacao-para-vagas-remanescentes-dos-cursos-de-tecnico-em-administracao-e-qualidade\\\/\"]}]},{\"@type\":\"ImageObject\",\"inLanguage\":\"pt-BR\",\"@id\":\"https:\\\/\\\/capivari.sp.gov.br\\\/portal\\\/etec-capivari-anuncia-convocacao-para-vagas-remanescentes-dos-cursos-de-tecnico-em-administracao-e-qualidade\\\/#primaryimage\",\"url\":\"https:\\\/\\\/capivari.sp.gov.br\\\/portal\\\/wp-content\\\/uploads\\\/2025\\\/11\\\/WhatsApp-Image-2025-11-19-at-08.43.10.jpeg\",\"contentUrl\":\"https:\\\/\\\/capivari.sp.gov.br\\\/portal\\\/wp-content\\\/uploads\\\/2025\\\/11\\\/WhatsApp-Image-2025-11-19-at-08.43.10.jpeg\",\"width\":1080,\"height\":1080},{\"@type\":\"BreadcrumbList\",\"@id\":\"https:\\\/\\\/capivari.sp.gov.br\\\/portal\\\/etec-capivari-anuncia-convocacao-para-vagas-remanescentes-dos-cursos-de-tecnico-em-administracao-e-qualidade\\\/#breadcrumb\",\"itemListElement\":[{\"@type\":\"ListItem\",\"position\":1,\"name\":\"In\u00edcio\",\"item\":\"https:\\\/\\\/capivari.sp.gov.br\\\/portal\\\/\"},{\"@type\":\"ListItem\",\"position\":2,\"name\":\"Etec Capivari anuncia convoca\u00e7\u00e3o para vagas remanescentes dos cursos de T\u00e9cnico em Administra\u00e7\u00e3o e Qualidade\"}]},{\"@type\":\"WebSite\",\"@id\":\"https:\\\/\\\/capivari.sp.gov.br\\\/portal\\\/#website\",\"url\":\"https:\\\/\\\/capivari.sp.gov.br\\\/portal\\\/\",\"name\":\"Prefeitura de Capivari\",\"description\":\"Prefeitura de Capivari\",\"publisher\":{\"@id\":\"https:\\\/\\\/capivari.sp.gov.br\\\/portal\\\/#organization\"},\"potentialAction\":[{\"@type\":\"SearchAction\",\"target\":{\"@type\":\"EntryPoint\",\"urlTemplate\":\"https:\\\/\\\/capivari.sp.gov.br\\\/portal\\\/?s={search_term_string}\"},\"query-input\":{\"@type\":\"PropertyValueSpecification\",\"valueRequired\":true,\"valueName\":\"search_term_string\"}}],\"inLanguage\":\"pt-BR\"},{\"@type\":\"Organization\",\"@id\":\"https:\\\/\\\/capivari.sp.gov.br\\\/portal\\\/#organization\",\"name\":\"Prefeitura de Capivari\",\"url\":\"https:\\\/\\\/capivari.sp.gov.br\\\/portal\\\/\",\"logo\":{\"@type\":\"ImageObject\",\"inLanguage\":\"pt-BR\",\"@id\":\"https:\\\/\\\/capivari.sp.gov.br\\\/portal\\\/#\\\/schema\\\/logo\\\/image\\\/\",\"url\":\"https:\\\/\\\/capivari.sp.gov.br\\\/portal\\\/wp-content\\\/uploads\\\/2021\\\/09\\\/logo-prefeitura-de-capivari.png\",\"contentUrl\":\"https:\\\/\\\/capivari.sp.gov.br\\\/portal\\\/wp-content\\\/uploads\\\/2021\\\/09\\\/logo-prefeitura-de-capivari.png\",\"width\":200,\"height\":147,\"caption\":\"Prefeitura de Capivari\"},\"image\":{\"@id\":\"https:\\\/\\\/capivari.sp.gov.br\\\/portal\\\/#\\\/schema\\\/logo\\\/image\\\/\"},\"sameAs\":[\"https:\\\/\\\/www.facebook.com\\\/PrefeituradeCapivari\\\/\",\"https:\\\/\\\/x.com\\\/PrefCapivari\",\"https:\\\/\\\/www.instagram.com\\\/prefeituracapivari\\\/\"]},{\"@type\":\"Person\",\"@id\":\"https:\\\/\\\/capivari.sp.gov.br\\\/portal\\\/#\\\/schema\\\/person\\\/98801614a91d449946b0687ae2db9f29\",\"name\":\"Thalles Cristiano\",\"image\":{\"@type\":\"ImageObject\",\"inLanguage\":\"pt-BR\",\"@id\":\"https:\\\/\\\/secure.gravatar.com\\\/avatar\\\/0d1b9a4bdcde99ab11a8cd27abdcd088993749b82c4355c0301135023dc52b3d?s=96&d=mm&r=g\",\"url\":\"https:\\\/\\\/secure.gravatar.com\\\/avatar\\\/0d1b9a4bdcde99ab11a8cd27abdcd088993749b82c4355c0301135023dc52b3d?s=96&d=mm&r=g\",\"contentUrl\":\"https:\\\/\\\/secure.gravatar.com\\\/avatar\\\/0d1b9a4bdcde99ab11a8cd27abdcd088993749b82c4355c0301135023dc52b3d?s=96&d=mm&r=g\",\"caption\":\"Thalles Cristiano\"},\"url\":\"https:\\\/\\\/capivari.sp.gov.br\\\/portal\\\/author\\\/thalles-cristiano\\\/\"}]}<\/script>\n<!-- \/ Yoast SEO plugin. -->","yoast_head_json":{"title":"Etec Capivari anuncia convoca\u00e7\u00e3o para vagas remanescentes dos cursos de T\u00e9cnico em Administra\u00e7\u00e3o e Qualidade - Prefeitura de Capivari","robots":{"index":"index","follow":"follow","max-snippet":"max-snippet:-1","max-image-preview":"max-image-preview:large","max-video-preview":"max-video-preview:-1"},"canonical":"https:\/\/capivari.sp.gov.br\/portal\/etec-capivari-anuncia-convocacao-para-vagas-remanescentes-dos-cursos-de-tecnico-em-administracao-e-qualidade\/","og_locale":"pt_BR","og_type":"article","og_title":"Etec Capivari anuncia convoca\u00e7\u00e3o para vagas remanescentes dos cursos de T\u00e9cnico em Administra\u00e7\u00e3o e Qualidade - Prefeitura de Capivari","og_description":"A classe descentralizada da Etec em Capivari anunciou o per\u00edodo de efetiva\u00e7\u00e3o das matr\u00edculas dos candidatos aprovados na segunda chamada do \u00faltimo processo seletivo da institui\u00e7\u00e3o, popularmente conhecido como \u2018Vestibulinho\u2019. Os alunos devem comparecer presencialmente na Escola Municipal Augusto Castanho, local que sedia as aulas da Etec Capivari, at\u00e9 o dia 28 de novembro com [&hellip;]","og_url":"https:\/\/capivari.sp.gov.br\/portal\/etec-capivari-anuncia-convocacao-para-vagas-remanescentes-dos-cursos-de-tecnico-em-administracao-e-qualidade\/","og_site_name":"Prefeitura de Capivari","article_publisher":"https:\/\/www.facebook.com\/PrefeituradeCapivari\/","article_published_time":"2025-11-19T11:52:54+00:00","og_image":[{"width":1080,"height":1080,"url":"https:\/\/capivari.sp.gov.br\/portal\/wp-content\/uploads\/2025\/11\/WhatsApp-Image-2025-11-19-at-08.43.10.jpeg","type":"image\/jpeg"}],"author":"Thalles Cristiano","twitter_card":"summary_large_image","twitter_creator":"@PrefCapivari","twitter_site":"@PrefCapivari","twitter_misc":{"Escrito por":"Thalles Cristiano","Est. tempo de leitura":"2 minutos"},"schema":{"@context":"https:\/\/schema.org","@graph":[{"@type":"Article","@id":"https:\/\/capivari.sp.gov.br\/portal\/etec-capivari-anuncia-convocacao-para-vagas-remanescentes-dos-cursos-de-tecnico-em-administracao-e-qualidade\/#article","isPartOf":{"@id":"https:\/\/capivari.sp.gov.br\/portal\/etec-capivari-anuncia-convocacao-para-vagas-remanescentes-dos-cursos-de-tecnico-em-administracao-e-qualidade\/"},"author":{"name":"Thalles Cristiano","@id":"https:\/\/capivari.sp.gov.br\/portal\/#\/schema\/person\/98801614a91d449946b0687ae2db9f29"},"headline":"Etec Capivari anuncia convoca\u00e7\u00e3o para vagas remanescentes dos cursos de T\u00e9cnico em Administra\u00e7\u00e3o e Qualidade","datePublished":"2025-11-19T11:52:54+00:00","mainEntityOfPage":{"@id":"https:\/\/capivari.sp.gov.br\/portal\/etec-capivari-anuncia-convocacao-para-vagas-remanescentes-dos-cursos-de-tecnico-em-administracao-e-qualidade\/"},"wordCount":247,"commentCount":0,"publisher":{"@id":"https:\/\/capivari.sp.gov.br\/portal\/#organization"},"image":{"@id":"https:\/\/capivari.sp.gov.br\/portal\/etec-capivari-anuncia-convocacao-para-vagas-remanescentes-dos-cursos-de-tecnico-em-administracao-e-qualidade\/#primaryimage"},"thumbnailUrl":"https:\/\/capivari.sp.gov.br\/portal\/wp-content\/uploads\/2025\/11\/WhatsApp-Image-2025-11-19-at-08.43.10.jpeg","articleSection":["Desenvolvimento Econ\u00f4mico, Turismo e Inova\u00e7\u00e3o","Destaque","Geral"],"inLanguage":"pt-BR","potentialAction":[{"@type":"CommentAction","name":"Comment","target":["https:\/\/capivari.sp.gov.br\/portal\/etec-capivari-anuncia-convocacao-para-vagas-remanescentes-dos-cursos-de-tecnico-em-administracao-e-qualidade\/#respond"]}]},{"@type":"WebPage","@id":"https:\/\/capivari.sp.gov.br\/portal\/etec-capivari-anuncia-convocacao-para-vagas-remanescentes-dos-cursos-de-tecnico-em-administracao-e-qualidade\/","url":"https:\/\/capivari.sp.gov.br\/portal\/etec-capivari-anuncia-convocacao-para-vagas-remanescentes-dos-cursos-de-tecnico-em-administracao-e-qualidade\/","name":"Etec Capivari anuncia convoca\u00e7\u00e3o para vagas remanescentes dos cursos de T\u00e9cnico em Administra\u00e7\u00e3o e Qualidade - Prefeitura de Capivari","isPartOf":{"@id":"https:\/\/capivari.sp.gov.br\/portal\/#website"},"primaryImageOfPage":{"@id":"https:\/\/capivari.sp.gov.br\/portal\/etec-capivari-anuncia-convocacao-para-vagas-remanescentes-dos-cursos-de-tecnico-em-administracao-e-qualidade\/#primaryimage"},"image":{"@id":"https:\/\/capivari.sp.gov.br\/portal\/etec-capivari-anuncia-convocacao-para-vagas-remanescentes-dos-cursos-de-tecnico-em-administracao-e-qualidade\/#primaryimage"},"thumbnailUrl":"https:\/\/capivari.sp.gov.br\/portal\/wp-content\/uploads\/2025\/11\/WhatsApp-Image-2025-11-19-at-08.43.10.jpeg","datePublished":"2025-11-19T11:52:54+00:00","breadcrumb":{"@id":"https:\/\/capivari.sp.gov.br\/portal\/etec-capivari-anuncia-convocacao-para-vagas-remanescentes-dos-cursos-de-tecnico-em-administracao-e-qualidade\/#breadcrumb"},"inLanguage":"pt-BR","potentialAction":[{"@type":"ReadAction","target":["https:\/\/capivari.sp.gov.br\/portal\/etec-capivari-anuncia-convocacao-para-vagas-remanescentes-dos-cursos-de-tecnico-em-administracao-e-qualidade\/"]}]},{"@type":"ImageObject","inLanguage":"pt-BR","@id":"https:\/\/capivari.sp.gov.br\/portal\/etec-capivari-anuncia-convocacao-para-vagas-remanescentes-dos-cursos-de-tecnico-em-administracao-e-qualidade\/#primaryimage","url":"https:\/\/capivari.sp.gov.br\/portal\/wp-content\/uploads\/2025\/11\/WhatsApp-Image-2025-11-19-at-08.43.10.jpeg","contentUrl":"https:\/\/capivari.sp.gov.br\/portal\/wp-content\/uploads\/2025\/11\/WhatsApp-Image-2025-11-19-at-08.43.10.jpeg","width":1080,"height":1080},{"@type":"BreadcrumbList","@id":"https:\/\/capivari.sp.gov.br\/portal\/etec-capivari-anuncia-convocacao-para-vagas-remanescentes-dos-cursos-de-tecnico-em-administracao-e-qualidade\/#breadcrumb","itemListElement":[{"@type":"ListItem","position":1,"name":"In\u00edcio","item":"https:\/\/capivari.sp.gov.br\/portal\/"},{"@type":"ListItem","position":2,"name":"Etec Capivari anuncia convoca\u00e7\u00e3o para vagas remanescentes dos cursos de T\u00e9cnico em Administra\u00e7\u00e3o e Qualidade"}]},{"@type":"WebSite","@id":"https:\/\/capivari.sp.gov.br\/portal\/#website","url":"https:\/\/capivari.sp.gov.br\/portal\/","name":"Prefeitura de Capivari","description":"Prefeitura de Capivari","publisher":{"@id":"https:\/\/capivari.sp.gov.br\/portal\/#organization"},"potentialAction":[{"@type":"SearchAction","target":{"@type":"EntryPoint","urlTemplate":"https:\/\/capivari.sp.gov.br\/portal\/?s={search_term_string}"},"query-input":{"@type":"PropertyValueSpecification","valueRequired":true,"valueName":"search_term_string"}}],"inLanguage":"pt-BR"},{"@type":"Organization","@id":"https:\/\/capivari.sp.gov.br\/portal\/#organization","name":"Prefeitura de Capivari","url":"https:\/\/capivari.sp.gov.br\/portal\/","logo":{"@type":"ImageObject","inLanguage":"pt-BR","@id":"https:\/\/capivari.sp.gov.br\/portal\/#\/schema\/logo\/image\/","url":"https:\/\/capivari.sp.gov.br\/portal\/wp-content\/uploads\/2021\/09\/logo-prefeitura-de-capivari.png","contentUrl":"https:\/\/capivari.sp.gov.br\/portal\/wp-content\/uploads\/2021\/09\/logo-prefeitura-de-capivari.png","width":200,"height":147,"caption":"Prefeitura de Capivari"},"image":{"@id":"https:\/\/capivari.sp.gov.br\/portal\/#\/schema\/logo\/image\/"},"sameAs":["https:\/\/www.facebook.com\/PrefeituradeCapivari\/","https:\/\/x.com\/PrefCapivari","https:\/\/www.instagram.com\/prefeituracapivari\/"]},{"@type":"Person","@id":"https:\/\/capivari.sp.gov.br\/portal\/#\/schema\/person\/98801614a91d449946b0687ae2db9f29","name":"Thalles Cristiano","image":{"@type":"ImageObject","inLanguage":"pt-BR","@id":"https:\/\/secure.gravatar.com\/avatar\/0d1b9a4bdcde99ab11a8cd27abdcd088993749b82c4355c0301135023dc52b3d?s=96&d=mm&r=g","url":"https:\/\/secure.gravatar.com\/avatar\/0d1b9a4bdcde99ab11a8cd27abdcd088993749b82c4355c0301135023dc52b3d?s=96&d=mm&r=g","contentUrl":"https:\/\/secure.gravatar.com\/avatar\/0d1b9a4bdcde99ab11a8cd27abdcd088993749b82c4355c0301135023dc52b3d?s=96&d=mm&r=g","caption":"Thalles Cristiano"},"url":"https:\/\/capivari.sp.gov.br\/portal\/author\/thalles-cristiano\/"}]}},"_links":{"self":[{"href":"https:\/\/capivari.sp.gov.br\/portal\/wp-json\/wp\/v2\/posts\/21316","targetHints":{"allow":["GET"]}}],"collection":[{"href":"https:\/\/capivari.sp.gov.br\/portal\/wp-json\/wp\/v2\/posts"}],"about":[{"href":"https:\/\/capivari.sp.gov.br\/portal\/wp-json\/wp\/v2\/types\/post"}],"author":[{"embeddable":true,"href":"https:\/\/capivari.sp.gov.br\/portal\/wp-json\/wp\/v2\/users\/2"}],"replies":[{"embeddable":true,"href":"https:\/\/capivari.sp.gov.br\/portal\/wp-json\/wp\/v2\/comments?post=21316"}],"version-history":[{"count":1,"href":"https:\/\/capivari.sp.gov.br\/portal\/wp-json\/wp\/v2\/posts\/21316\/revisions"}],"predecessor-version":[{"id":21318,"href":"https:\/\/capivari.sp.gov.br\/portal\/wp-json\/wp\/v2\/posts\/21316\/revisions\/21318"}],"wp:featuredmedia":[{"embeddable":true,"href":"https:\/\/capivari.sp.gov.br\/portal\/wp-json\/wp\/v2\/media\/21317"}],"wp:attachment":[{"href":"https:\/\/capivari.sp.gov.br\/portal\/wp-json\/wp\/v2\/media?parent=21316"}],"wp:term":[{"taxonomy":"category","embeddable":true,"href":"https:\/\/capivari.sp.gov.br\/portal\/wp-json\/wp\/v2\/categories?post=21316"},{"taxonomy":"post_tag","embeddable":true,"href":"https:\/\/capivari.sp.gov.br\/portal\/wp-json\/wp\/v2\/tags?post=21316"}],"curies":[{"name":"wp","href":"https:\/\/api.w.org\/{rel}","templated":true}]}}