{"id":21383,"date":"2025-12-01T11:09:40","date_gmt":"2025-12-01T14:09:40","guid":{"rendered":"https:\/\/capivari.sp.gov.br\/portal\/?p=21383"},"modified":"2025-12-01T11:09:40","modified_gmt":"2025-12-01T14:09:40","slug":"dejair-alves-mazaia-e-o-grande-vencedor-da-primeira-edicao-da-vamos-correr-5k","status":"publish","type":"post","link":"https:\/\/capivari.sp.gov.br\/portal\/dejair-alves-mazaia-e-o-grande-vencedor-da-primeira-edicao-da-vamos-correr-5k\/","title":{"rendered":"Dejair Alves Mazaia \u00e9 o grande vencedor da primeira edi\u00e7\u00e3o da \u2018Vamos Correr 5K\u2019"},"content":{"rendered":"<p>Na manh\u00e3 do \u00faltimo domingo (30), aconteceu na regi\u00e3o central da cidade, a primeira edi\u00e7\u00e3o da \u2018Vamos Correr 5K\u2019, primeira corrida de rua organizada pela Prefeitura de Capivari. Em uma prova eletrizante com mais de 600 competidores, Dejair Alves Mazaia foi o vencedor do evento na categoria geral, completando o trajeto de 5km no tempo de 17\u201923\u201d969. Entre as mulheres, Elisete Ribeiro foi a primeira a cruzar a linha de chegada com o tempo de 22\u201907\u201d230.<\/p>\n<p>Com a largada dada \u00e0s 7h, o percurso teve in\u00edcio e fim em frente ao plat\u00f4 da Pra\u00e7a Central, passando tamb\u00e9m por vias importantes da cidade, tais como as ruas Regente Feij\u00f3, Tiradentes, Padre Fabiano, avenida C\u00e2ndido Motta, rua dos Geradores, da Liberdade, Ant\u00f4nio Frederico Ozanan, avenida Marlene do Carmo Rossi, Ponte Santoro, Andr\u00e9 de Mello, Fernando de Barros e General Os\u00f3rio.<\/p>\n<p>\u201c\u00c9 um privil\u00e9gio prestigiar um evento esportivo de tanto sucesso quanto a \u2018Vamos Correr 5K\u2019. Parabenizo a todos os envolvidos na organiza\u00e7\u00e3o para que tudo pudesse acontecer conforme o planejado e adianto que a partir de agora, a corrida far\u00e1 parte do calend\u00e1rio oficial de eventos de Capivari. Sempre no \u00faltimo domingo de novembro, esse evento acontecer\u00e1 e quem sabe at\u00e9 em dist\u00e2ncias maiores nos seus percursos\u201d, afirmou o prefeito Vit\u00e3o Riccomini.<\/p>\n<p>Completando o top 5 da categoria masculina, tivemos Evandro Figueiredo de Souza na segunda posi\u00e7\u00e3o, Adelson Bispo dos Santos em terceiro, Alessandro Nunes em quarto e Paulo Eduardo Batista de Lima na quinta coloca\u00e7\u00e3o, todos separados por menos de 50 segundos, o que mostra o alto grau de competitividade que o evento trouxe aos atletas.<\/p>\n<p>J\u00e1 na categoria feminina, Marcela Raissa Brand\u00e3o dos Santos cruzou a linha na segunda posi\u00e7\u00e3o, Neiva Andrea da Silva chegou em terceiro, Carla Fernanda Caldeira Arruda terminou em quarto e Giovana Loreto Londero completou o top 5, que tamb\u00e9m teve grande ades\u00e3o entre as mulheres com mais de 250 competidoras inscritas.<\/p>\n<p>A corrida \u2018Vamos Correr 5K\u2019 foi de realiza\u00e7\u00e3o da Prefeitura de Capivari, atrav\u00e9s das Secretarias de Rela\u00e7\u00f5es P\u00fablicas, Esportes e Desenvolvimento Econ\u00f4mico, Turismo e Inova\u00e7\u00e3o. A organiza\u00e7\u00e3o ficou por conta da Raveli Sports e supervisionada pela Federa\u00e7\u00e3o Paulista de Atletismo, contando tamb\u00e9m com o apoio dos patrocinadores Drylock Technologies, Emp\u00f3rio Armaz\u00e9m da Terra, Supermercado Pare Aqui, Academia Lady Fitness e Sicoob Cooplivre que ap\u00f3s o fim da prova sortearam brindes para os competidores. Al\u00e9m disso, gra\u00e7as as doa\u00e7\u00f5es feitas pelos competidores no ato da inscri\u00e7\u00e3o, mais de uma tonelada de ra\u00e7\u00e3o para pets foram arrecadadas e ser\u00e3o direcionadas para institui\u00e7\u00f5es em prol da causa animal.<\/p>\n","protected":false},"excerpt":{"rendered":"<p>Na manh\u00e3 do \u00faltimo domingo (30), aconteceu na regi\u00e3o central da cidade, a primeira edi\u00e7\u00e3o da \u2018Vamos Correr 5K\u2019, primeira corrida de rua organizada pela Prefeitura de Capivari. Em uma prova eletrizante com mais de 600 competidores, Dejair Alves Mazaia foi o vencedor do evento na categoria geral, completando o trajeto de 5km no tempo [&hellip;]<\/p>\n","protected":false},"author":2,"featured_media":21385,"comment_status":"open","ping_status":"open","sticky":false,"template":"","format":"standard","meta":{"ocean_post_layout":"","ocean_both_sidebars_style":"","ocean_both_sidebars_content_width":0,"ocean_both_sidebars_sidebars_width":0,"ocean_sidebar":"","ocean_second_sidebar":"","ocean_disable_margins":"enable","ocean_add_body_class":"","ocean_shortcode_before_top_bar":"","ocean_shortcode_after_top_bar":"","ocean_shortcode_before_header":"","ocean_shortcode_after_header":"","ocean_has_shortcode":"","ocean_shortcode_after_title":"","ocean_shortcode_before_footer_widgets":"","ocean_shortcode_after_footer_widgets":"","ocean_shortcode_before_footer_bottom":"","ocean_shortcode_after_footer_bottom":"","ocean_display_top_bar":"default","ocean_display_header":"default","ocean_header_style":"","ocean_center_header_left_menu":"","ocean_custom_header_template":"","ocean_custom_logo":0,"ocean_custom_retina_logo":0,"ocean_custom_logo_max_width":0,"ocean_custom_logo_tablet_max_width":0,"ocean_custom_logo_mobile_max_width":0,"ocean_custom_logo_max_height":0,"ocean_custom_logo_tablet_max_height":0,"ocean_custom_logo_mobile_max_height":0,"ocean_header_custom_menu":"","ocean_menu_typo_font_family":"","ocean_menu_typo_font_subset":"","ocean_menu_typo_font_size":0,"ocean_menu_typo_font_size_tablet":0,"ocean_menu_typo_font_size_mobile":0,"ocean_menu_typo_font_size_unit":"px","ocean_menu_typo_font_weight":"","ocean_menu_typo_font_weight_tablet":"","ocean_menu_typo_font_weight_mobile":"","ocean_menu_typo_transform":"","ocean_menu_typo_transform_tablet":"","ocean_menu_typo_transform_mobile":"","ocean_menu_typo_line_height":0,"ocean_menu_typo_line_height_tablet":0,"ocean_menu_typo_line_height_mobile":0,"ocean_menu_typo_line_height_unit":"","ocean_menu_typo_spacing":0,"ocean_menu_typo_spacing_tablet":0,"ocean_menu_typo_spacing_mobile":0,"ocean_menu_typo_spacing_unit":"","ocean_menu_link_color":"","ocean_menu_link_color_hover":"","ocean_menu_link_color_active":"","ocean_menu_link_background":"","ocean_menu_link_hover_background":"","ocean_menu_link_active_background":"","ocean_menu_social_links_bg":"","ocean_menu_social_hover_links_bg":"","ocean_menu_social_links_color":"","ocean_menu_social_hover_links_color":"","ocean_disable_title":"default","ocean_disable_heading":"default","ocean_post_title":"","ocean_post_subheading":"","ocean_post_title_style":"","ocean_post_title_background_color":"","ocean_post_title_background":0,"ocean_post_title_bg_image_position":"","ocean_post_title_bg_image_attachment":"","ocean_post_title_bg_image_repeat":"","ocean_post_title_bg_image_size":"","ocean_post_title_height":0,"ocean_post_title_bg_overlay":0.5,"ocean_post_title_bg_overlay_color":"","ocean_disable_breadcrumbs":"default","ocean_breadcrumbs_color":"","ocean_breadcrumbs_separator_color":"","ocean_breadcrumbs_links_color":"","ocean_breadcrumbs_links_hover_color":"","ocean_display_footer_widgets":"default","ocean_display_footer_bottom":"default","ocean_custom_footer_template":"","ocean_post_oembed":"","ocean_post_self_hosted_media":"","ocean_post_video_embed":"","ocean_link_format":"","ocean_link_format_target":"self","ocean_quote_format":"","ocean_quote_format_link":"post","ocean_gallery_link_images":"on","ocean_gallery_id":[],"footnotes":""},"categories":[4,25,5],"tags":[],"class_list":["post-21383","post","type-post","status-publish","format-standard","has-post-thumbnail","hentry","category-destaque","category-esporte","category-geral","entry","has-media"],"yoast_head":"<!-- This site is optimized with the Yoast SEO plugin v27.5 - https:\/\/yoast.com\/product\/yoast-seo-wordpress\/ -->\n<title>Dejair Alves Mazaia \u00e9 o grande vencedor da primeira edi\u00e7\u00e3o da \u2018Vamos Correr 5K\u2019 - Prefeitura de Capivari<\/title>\n<meta name=\"robots\" content=\"index, follow, max-snippet:-1, max-image-preview:large, max-video-preview:-1\" \/>\n<link rel=\"canonical\" href=\"https:\/\/capivari.sp.gov.br\/portal\/dejair-alves-mazaia-e-o-grande-vencedor-da-primeira-edicao-da-vamos-correr-5k\/\" \/>\n<meta property=\"og:locale\" content=\"pt_BR\" \/>\n<meta property=\"og:type\" content=\"article\" \/>\n<meta property=\"og:title\" content=\"Dejair Alves Mazaia \u00e9 o grande vencedor da primeira edi\u00e7\u00e3o da \u2018Vamos Correr 5K\u2019 - Prefeitura de Capivari\" \/>\n<meta property=\"og:description\" content=\"Na manh\u00e3 do \u00faltimo domingo (30), aconteceu na regi\u00e3o central da cidade, a primeira edi\u00e7\u00e3o da \u2018Vamos Correr 5K\u2019, primeira corrida de rua organizada pela Prefeitura de Capivari. Em uma prova eletrizante com mais de 600 competidores, Dejair Alves Mazaia foi o vencedor do evento na categoria geral, completando o trajeto de 5km no tempo [&hellip;]\" \/>\n<meta property=\"og:url\" content=\"https:\/\/capivari.sp.gov.br\/portal\/dejair-alves-mazaia-e-o-grande-vencedor-da-primeira-edicao-da-vamos-correr-5k\/\" \/>\n<meta property=\"og:site_name\" content=\"Prefeitura de Capivari\" \/>\n<meta property=\"article:publisher\" content=\"https:\/\/www.facebook.com\/PrefeituradeCapivari\/\" \/>\n<meta property=\"article:published_time\" content=\"2025-12-01T14:09:40+00:00\" \/>\n<meta property=\"og:image\" content=\"https:\/\/capivari.sp.gov.br\/portal\/wp-content\/uploads\/2025\/12\/WhatsApp-Image-2025-12-01-at-11.08.42.jpeg\" \/>\n\t<meta property=\"og:image:width\" content=\"1600\" \/>\n\t<meta property=\"og:image:height\" content=\"1066\" \/>\n\t<meta property=\"og:image:type\" content=\"image\/jpeg\" \/>\n<meta name=\"author\" content=\"Thalles Cristiano\" \/>\n<meta name=\"twitter:card\" content=\"summary_large_image\" \/>\n<meta name=\"twitter:creator\" content=\"@PrefCapivari\" \/>\n<meta name=\"twitter:site\" content=\"@PrefCapivari\" \/>\n<meta name=\"twitter:label1\" content=\"Escrito por\" \/>\n\t<meta name=\"twitter:data1\" content=\"Thalles Cristiano\" \/>\n\t<meta name=\"twitter:label2\" content=\"Est. tempo de leitura\" \/>\n\t<meta name=\"twitter:data2\" content=\"3 minutos\" \/>\n<script type=\"application\/ld+json\" class=\"yoast-schema-graph\">{\"@context\":\"https:\\\/\\\/schema.org\",\"@graph\":[{\"@type\":\"Article\",\"@id\":\"https:\\\/\\\/capivari.sp.gov.br\\\/portal\\\/dejair-alves-mazaia-e-o-grande-vencedor-da-primeira-edicao-da-vamos-correr-5k\\\/#article\",\"isPartOf\":{\"@id\":\"https:\\\/\\\/capivari.sp.gov.br\\\/portal\\\/dejair-alves-mazaia-e-o-grande-vencedor-da-primeira-edicao-da-vamos-correr-5k\\\/\"},\"author\":{\"name\":\"Thalles Cristiano\",\"@id\":\"https:\\\/\\\/capivari.sp.gov.br\\\/portal\\\/#\\\/schema\\\/person\\\/98801614a91d449946b0687ae2db9f29\"},\"headline\":\"Dejair Alves Mazaia \u00e9 o grande vencedor da primeira edi\u00e7\u00e3o da \u2018Vamos Correr 5K\u2019\",\"datePublished\":\"2025-12-01T14:09:40+00:00\",\"mainEntityOfPage\":{\"@id\":\"https:\\\/\\\/capivari.sp.gov.br\\\/portal\\\/dejair-alves-mazaia-e-o-grande-vencedor-da-primeira-edicao-da-vamos-correr-5k\\\/\"},\"wordCount\":464,\"commentCount\":0,\"publisher\":{\"@id\":\"https:\\\/\\\/capivari.sp.gov.br\\\/portal\\\/#organization\"},\"image\":{\"@id\":\"https:\\\/\\\/capivari.sp.gov.br\\\/portal\\\/dejair-alves-mazaia-e-o-grande-vencedor-da-primeira-edicao-da-vamos-correr-5k\\\/#primaryimage\"},\"thumbnailUrl\":\"https:\\\/\\\/capivari.sp.gov.br\\\/portal\\\/wp-content\\\/uploads\\\/2025\\\/12\\\/WhatsApp-Image-2025-12-01-at-11.08.42.jpeg\",\"articleSection\":[\"Destaque\",\"Esporte\",\"Geral\"],\"inLanguage\":\"pt-BR\",\"potentialAction\":[{\"@type\":\"CommentAction\",\"name\":\"Comment\",\"target\":[\"https:\\\/\\\/capivari.sp.gov.br\\\/portal\\\/dejair-alves-mazaia-e-o-grande-vencedor-da-primeira-edicao-da-vamos-correr-5k\\\/#respond\"]}]},{\"@type\":\"WebPage\",\"@id\":\"https:\\\/\\\/capivari.sp.gov.br\\\/portal\\\/dejair-alves-mazaia-e-o-grande-vencedor-da-primeira-edicao-da-vamos-correr-5k\\\/\",\"url\":\"https:\\\/\\\/capivari.sp.gov.br\\\/portal\\\/dejair-alves-mazaia-e-o-grande-vencedor-da-primeira-edicao-da-vamos-correr-5k\\\/\",\"name\":\"Dejair Alves Mazaia \u00e9 o grande vencedor da primeira edi\u00e7\u00e3o da \u2018Vamos Correr 5K\u2019 - Prefeitura de Capivari\",\"isPartOf\":{\"@id\":\"https:\\\/\\\/capivari.sp.gov.br\\\/portal\\\/#website\"},\"primaryImageOfPage\":{\"@id\":\"https:\\\/\\\/capivari.sp.gov.br\\\/portal\\\/dejair-alves-mazaia-e-o-grande-vencedor-da-primeira-edicao-da-vamos-correr-5k\\\/#primaryimage\"},\"image\":{\"@id\":\"https:\\\/\\\/capivari.sp.gov.br\\\/portal\\\/dejair-alves-mazaia-e-o-grande-vencedor-da-primeira-edicao-da-vamos-correr-5k\\\/#primaryimage\"},\"thumbnailUrl\":\"https:\\\/\\\/capivari.sp.gov.br\\\/portal\\\/wp-content\\\/uploads\\\/2025\\\/12\\\/WhatsApp-Image-2025-12-01-at-11.08.42.jpeg\",\"datePublished\":\"2025-12-01T14:09:40+00:00\",\"breadcrumb\":{\"@id\":\"https:\\\/\\\/capivari.sp.gov.br\\\/portal\\\/dejair-alves-mazaia-e-o-grande-vencedor-da-primeira-edicao-da-vamos-correr-5k\\\/#breadcrumb\"},\"inLanguage\":\"pt-BR\",\"potentialAction\":[{\"@type\":\"ReadAction\",\"target\":[\"https:\\\/\\\/capivari.sp.gov.br\\\/portal\\\/dejair-alves-mazaia-e-o-grande-vencedor-da-primeira-edicao-da-vamos-correr-5k\\\/\"]}]},{\"@type\":\"ImageObject\",\"inLanguage\":\"pt-BR\",\"@id\":\"https:\\\/\\\/capivari.sp.gov.br\\\/portal\\\/dejair-alves-mazaia-e-o-grande-vencedor-da-primeira-edicao-da-vamos-correr-5k\\\/#primaryimage\",\"url\":\"https:\\\/\\\/capivari.sp.gov.br\\\/portal\\\/wp-content\\\/uploads\\\/2025\\\/12\\\/WhatsApp-Image-2025-12-01-at-11.08.42.jpeg\",\"contentUrl\":\"https:\\\/\\\/capivari.sp.gov.br\\\/portal\\\/wp-content\\\/uploads\\\/2025\\\/12\\\/WhatsApp-Image-2025-12-01-at-11.08.42.jpeg\",\"width\":1600,\"height\":1066},{\"@type\":\"BreadcrumbList\",\"@id\":\"https:\\\/\\\/capivari.sp.gov.br\\\/portal\\\/dejair-alves-mazaia-e-o-grande-vencedor-da-primeira-edicao-da-vamos-correr-5k\\\/#breadcrumb\",\"itemListElement\":[{\"@type\":\"ListItem\",\"position\":1,\"name\":\"In\u00edcio\",\"item\":\"https:\\\/\\\/capivari.sp.gov.br\\\/portal\\\/\"},{\"@type\":\"ListItem\",\"position\":2,\"name\":\"Dejair Alves Mazaia \u00e9 o grande vencedor da primeira edi\u00e7\u00e3o da \u2018Vamos Correr 5K\u2019\"}]},{\"@type\":\"WebSite\",\"@id\":\"https:\\\/\\\/capivari.sp.gov.br\\\/portal\\\/#website\",\"url\":\"https:\\\/\\\/capivari.sp.gov.br\\\/portal\\\/\",\"name\":\"Prefeitura de Capivari\",\"description\":\"Prefeitura de Capivari\",\"publisher\":{\"@id\":\"https:\\\/\\\/capivari.sp.gov.br\\\/portal\\\/#organization\"},\"potentialAction\":[{\"@type\":\"SearchAction\",\"target\":{\"@type\":\"EntryPoint\",\"urlTemplate\":\"https:\\\/\\\/capivari.sp.gov.br\\\/portal\\\/?s={search_term_string}\"},\"query-input\":{\"@type\":\"PropertyValueSpecification\",\"valueRequired\":true,\"valueName\":\"search_term_string\"}}],\"inLanguage\":\"pt-BR\"},{\"@type\":\"Organization\",\"@id\":\"https:\\\/\\\/capivari.sp.gov.br\\\/portal\\\/#organization\",\"name\":\"Prefeitura de Capivari\",\"url\":\"https:\\\/\\\/capivari.sp.gov.br\\\/portal\\\/\",\"logo\":{\"@type\":\"ImageObject\",\"inLanguage\":\"pt-BR\",\"@id\":\"https:\\\/\\\/capivari.sp.gov.br\\\/portal\\\/#\\\/schema\\\/logo\\\/image\\\/\",\"url\":\"https:\\\/\\\/capivari.sp.gov.br\\\/portal\\\/wp-content\\\/uploads\\\/2021\\\/09\\\/logo-prefeitura-de-capivari.png\",\"contentUrl\":\"https:\\\/\\\/capivari.sp.gov.br\\\/portal\\\/wp-content\\\/uploads\\\/2021\\\/09\\\/logo-prefeitura-de-capivari.png\",\"width\":200,\"height\":147,\"caption\":\"Prefeitura de Capivari\"},\"image\":{\"@id\":\"https:\\\/\\\/capivari.sp.gov.br\\\/portal\\\/#\\\/schema\\\/logo\\\/image\\\/\"},\"sameAs\":[\"https:\\\/\\\/www.facebook.com\\\/PrefeituradeCapivari\\\/\",\"https:\\\/\\\/x.com\\\/PrefCapivari\",\"https:\\\/\\\/www.instagram.com\\\/prefeituracapivari\\\/\"]},{\"@type\":\"Person\",\"@id\":\"https:\\\/\\\/capivari.sp.gov.br\\\/portal\\\/#\\\/schema\\\/person\\\/98801614a91d449946b0687ae2db9f29\",\"name\":\"Thalles Cristiano\",\"image\":{\"@type\":\"ImageObject\",\"inLanguage\":\"pt-BR\",\"@id\":\"https:\\\/\\\/secure.gravatar.com\\\/avatar\\\/0d1b9a4bdcde99ab11a8cd27abdcd088993749b82c4355c0301135023dc52b3d?s=96&d=mm&r=g\",\"url\":\"https:\\\/\\\/secure.gravatar.com\\\/avatar\\\/0d1b9a4bdcde99ab11a8cd27abdcd088993749b82c4355c0301135023dc52b3d?s=96&d=mm&r=g\",\"contentUrl\":\"https:\\\/\\\/secure.gravatar.com\\\/avatar\\\/0d1b9a4bdcde99ab11a8cd27abdcd088993749b82c4355c0301135023dc52b3d?s=96&d=mm&r=g\",\"caption\":\"Thalles Cristiano\"},\"url\":\"https:\\\/\\\/capivari.sp.gov.br\\\/portal\\\/author\\\/thalles-cristiano\\\/\"}]}<\/script>\n<!-- \/ Yoast SEO plugin. -->","yoast_head_json":{"title":"Dejair Alves Mazaia \u00e9 o grande vencedor da primeira edi\u00e7\u00e3o da \u2018Vamos Correr 5K\u2019 - Prefeitura de Capivari","robots":{"index":"index","follow":"follow","max-snippet":"max-snippet:-1","max-image-preview":"max-image-preview:large","max-video-preview":"max-video-preview:-1"},"canonical":"https:\/\/capivari.sp.gov.br\/portal\/dejair-alves-mazaia-e-o-grande-vencedor-da-primeira-edicao-da-vamos-correr-5k\/","og_locale":"pt_BR","og_type":"article","og_title":"Dejair Alves Mazaia \u00e9 o grande vencedor da primeira edi\u00e7\u00e3o da \u2018Vamos Correr 5K\u2019 - Prefeitura de Capivari","og_description":"Na manh\u00e3 do \u00faltimo domingo (30), aconteceu na regi\u00e3o central da cidade, a primeira edi\u00e7\u00e3o da \u2018Vamos Correr 5K\u2019, primeira corrida de rua organizada pela Prefeitura de Capivari. Em uma prova eletrizante com mais de 600 competidores, Dejair Alves Mazaia foi o vencedor do evento na categoria geral, completando o trajeto de 5km no tempo [&hellip;]","og_url":"https:\/\/capivari.sp.gov.br\/portal\/dejair-alves-mazaia-e-o-grande-vencedor-da-primeira-edicao-da-vamos-correr-5k\/","og_site_name":"Prefeitura de Capivari","article_publisher":"https:\/\/www.facebook.com\/PrefeituradeCapivari\/","article_published_time":"2025-12-01T14:09:40+00:00","og_image":[{"width":1600,"height":1066,"url":"https:\/\/capivari.sp.gov.br\/portal\/wp-content\/uploads\/2025\/12\/WhatsApp-Image-2025-12-01-at-11.08.42.jpeg","type":"image\/jpeg"}],"author":"Thalles Cristiano","twitter_card":"summary_large_image","twitter_creator":"@PrefCapivari","twitter_site":"@PrefCapivari","twitter_misc":{"Escrito por":"Thalles Cristiano","Est. tempo de leitura":"3 minutos"},"schema":{"@context":"https:\/\/schema.org","@graph":[{"@type":"Article","@id":"https:\/\/capivari.sp.gov.br\/portal\/dejair-alves-mazaia-e-o-grande-vencedor-da-primeira-edicao-da-vamos-correr-5k\/#article","isPartOf":{"@id":"https:\/\/capivari.sp.gov.br\/portal\/dejair-alves-mazaia-e-o-grande-vencedor-da-primeira-edicao-da-vamos-correr-5k\/"},"author":{"name":"Thalles Cristiano","@id":"https:\/\/capivari.sp.gov.br\/portal\/#\/schema\/person\/98801614a91d449946b0687ae2db9f29"},"headline":"Dejair Alves Mazaia \u00e9 o grande vencedor da primeira edi\u00e7\u00e3o da \u2018Vamos Correr 5K\u2019","datePublished":"2025-12-01T14:09:40+00:00","mainEntityOfPage":{"@id":"https:\/\/capivari.sp.gov.br\/portal\/dejair-alves-mazaia-e-o-grande-vencedor-da-primeira-edicao-da-vamos-correr-5k\/"},"wordCount":464,"commentCount":0,"publisher":{"@id":"https:\/\/capivari.sp.gov.br\/portal\/#organization"},"image":{"@id":"https:\/\/capivari.sp.gov.br\/portal\/dejair-alves-mazaia-e-o-grande-vencedor-da-primeira-edicao-da-vamos-correr-5k\/#primaryimage"},"thumbnailUrl":"https:\/\/capivari.sp.gov.br\/portal\/wp-content\/uploads\/2025\/12\/WhatsApp-Image-2025-12-01-at-11.08.42.jpeg","articleSection":["Destaque","Esporte","Geral"],"inLanguage":"pt-BR","potentialAction":[{"@type":"CommentAction","name":"Comment","target":["https:\/\/capivari.sp.gov.br\/portal\/dejair-alves-mazaia-e-o-grande-vencedor-da-primeira-edicao-da-vamos-correr-5k\/#respond"]}]},{"@type":"WebPage","@id":"https:\/\/capivari.sp.gov.br\/portal\/dejair-alves-mazaia-e-o-grande-vencedor-da-primeira-edicao-da-vamos-correr-5k\/","url":"https:\/\/capivari.sp.gov.br\/portal\/dejair-alves-mazaia-e-o-grande-vencedor-da-primeira-edicao-da-vamos-correr-5k\/","name":"Dejair Alves Mazaia \u00e9 o grande vencedor da primeira edi\u00e7\u00e3o da \u2018Vamos Correr 5K\u2019 - Prefeitura de Capivari","isPartOf":{"@id":"https:\/\/capivari.sp.gov.br\/portal\/#website"},"primaryImageOfPage":{"@id":"https:\/\/capivari.sp.gov.br\/portal\/dejair-alves-mazaia-e-o-grande-vencedor-da-primeira-edicao-da-vamos-correr-5k\/#primaryimage"},"image":{"@id":"https:\/\/capivari.sp.gov.br\/portal\/dejair-alves-mazaia-e-o-grande-vencedor-da-primeira-edicao-da-vamos-correr-5k\/#primaryimage"},"thumbnailUrl":"https:\/\/capivari.sp.gov.br\/portal\/wp-content\/uploads\/2025\/12\/WhatsApp-Image-2025-12-01-at-11.08.42.jpeg","datePublished":"2025-12-01T14:09:40+00:00","breadcrumb":{"@id":"https:\/\/capivari.sp.gov.br\/portal\/dejair-alves-mazaia-e-o-grande-vencedor-da-primeira-edicao-da-vamos-correr-5k\/#breadcrumb"},"inLanguage":"pt-BR","potentialAction":[{"@type":"ReadAction","target":["https:\/\/capivari.sp.gov.br\/portal\/dejair-alves-mazaia-e-o-grande-vencedor-da-primeira-edicao-da-vamos-correr-5k\/"]}]},{"@type":"ImageObject","inLanguage":"pt-BR","@id":"https:\/\/capivari.sp.gov.br\/portal\/dejair-alves-mazaia-e-o-grande-vencedor-da-primeira-edicao-da-vamos-correr-5k\/#primaryimage","url":"https:\/\/capivari.sp.gov.br\/portal\/wp-content\/uploads\/2025\/12\/WhatsApp-Image-2025-12-01-at-11.08.42.jpeg","contentUrl":"https:\/\/capivari.sp.gov.br\/portal\/wp-content\/uploads\/2025\/12\/WhatsApp-Image-2025-12-01-at-11.08.42.jpeg","width":1600,"height":1066},{"@type":"BreadcrumbList","@id":"https:\/\/capivari.sp.gov.br\/portal\/dejair-alves-mazaia-e-o-grande-vencedor-da-primeira-edicao-da-vamos-correr-5k\/#breadcrumb","itemListElement":[{"@type":"ListItem","position":1,"name":"In\u00edcio","item":"https:\/\/capivari.sp.gov.br\/portal\/"},{"@type":"ListItem","position":2,"name":"Dejair Alves Mazaia \u00e9 o grande vencedor da primeira edi\u00e7\u00e3o da \u2018Vamos Correr 5K\u2019"}]},{"@type":"WebSite","@id":"https:\/\/capivari.sp.gov.br\/portal\/#website","url":"https:\/\/capivari.sp.gov.br\/portal\/","name":"Prefeitura de Capivari","description":"Prefeitura de Capivari","publisher":{"@id":"https:\/\/capivari.sp.gov.br\/portal\/#organization"},"potentialAction":[{"@type":"SearchAction","target":{"@type":"EntryPoint","urlTemplate":"https:\/\/capivari.sp.gov.br\/portal\/?s={search_term_string}"},"query-input":{"@type":"PropertyValueSpecification","valueRequired":true,"valueName":"search_term_string"}}],"inLanguage":"pt-BR"},{"@type":"Organization","@id":"https:\/\/capivari.sp.gov.br\/portal\/#organization","name":"Prefeitura de Capivari","url":"https:\/\/capivari.sp.gov.br\/portal\/","logo":{"@type":"ImageObject","inLanguage":"pt-BR","@id":"https:\/\/capivari.sp.gov.br\/portal\/#\/schema\/logo\/image\/","url":"https:\/\/capivari.sp.gov.br\/portal\/wp-content\/uploads\/2021\/09\/logo-prefeitura-de-capivari.png","contentUrl":"https:\/\/capivari.sp.gov.br\/portal\/wp-content\/uploads\/2021\/09\/logo-prefeitura-de-capivari.png","width":200,"height":147,"caption":"Prefeitura de Capivari"},"image":{"@id":"https:\/\/capivari.sp.gov.br\/portal\/#\/schema\/logo\/image\/"},"sameAs":["https:\/\/www.facebook.com\/PrefeituradeCapivari\/","https:\/\/x.com\/PrefCapivari","https:\/\/www.instagram.com\/prefeituracapivari\/"]},{"@type":"Person","@id":"https:\/\/capivari.sp.gov.br\/portal\/#\/schema\/person\/98801614a91d449946b0687ae2db9f29","name":"Thalles Cristiano","image":{"@type":"ImageObject","inLanguage":"pt-BR","@id":"https:\/\/secure.gravatar.com\/avatar\/0d1b9a4bdcde99ab11a8cd27abdcd088993749b82c4355c0301135023dc52b3d?s=96&d=mm&r=g","url":"https:\/\/secure.gravatar.com\/avatar\/0d1b9a4bdcde99ab11a8cd27abdcd088993749b82c4355c0301135023dc52b3d?s=96&d=mm&r=g","contentUrl":"https:\/\/secure.gravatar.com\/avatar\/0d1b9a4bdcde99ab11a8cd27abdcd088993749b82c4355c0301135023dc52b3d?s=96&d=mm&r=g","caption":"Thalles Cristiano"},"url":"https:\/\/capivari.sp.gov.br\/portal\/author\/thalles-cristiano\/"}]}},"_links":{"self":[{"href":"https:\/\/capivari.sp.gov.br\/portal\/wp-json\/wp\/v2\/posts\/21383","targetHints":{"allow":["GET"]}}],"collection":[{"href":"https:\/\/capivari.sp.gov.br\/portal\/wp-json\/wp\/v2\/posts"}],"about":[{"href":"https:\/\/capivari.sp.gov.br\/portal\/wp-json\/wp\/v2\/types\/post"}],"author":[{"embeddable":true,"href":"https:\/\/capivari.sp.gov.br\/portal\/wp-json\/wp\/v2\/users\/2"}],"replies":[{"embeddable":true,"href":"https:\/\/capivari.sp.gov.br\/portal\/wp-json\/wp\/v2\/comments?post=21383"}],"version-history":[{"count":1,"href":"https:\/\/capivari.sp.gov.br\/portal\/wp-json\/wp\/v2\/posts\/21383\/revisions"}],"predecessor-version":[{"id":21386,"href":"https:\/\/capivari.sp.gov.br\/portal\/wp-json\/wp\/v2\/posts\/21383\/revisions\/21386"}],"wp:featuredmedia":[{"embeddable":true,"href":"https:\/\/capivari.sp.gov.br\/portal\/wp-json\/wp\/v2\/media\/21385"}],"wp:attachment":[{"href":"https:\/\/capivari.sp.gov.br\/portal\/wp-json\/wp\/v2\/media?parent=21383"}],"wp:term":[{"taxonomy":"category","embeddable":true,"href":"https:\/\/capivari.sp.gov.br\/portal\/wp-json\/wp\/v2\/categories?post=21383"},{"taxonomy":"post_tag","embeddable":true,"href":"https:\/\/capivari.sp.gov.br\/portal\/wp-json\/wp\/v2\/tags?post=21383"}],"curies":[{"name":"wp","href":"https:\/\/api.w.org\/{rel}","templated":true}]}}