{"id":21441,"date":"2025-12-09T14:23:36","date_gmt":"2025-12-09T17:23:36","guid":{"rendered":"https:\/\/capivari.sp.gov.br\/portal\/?p=21441"},"modified":"2025-12-09T14:23:36","modified_gmt":"2025-12-09T17:23:36","slug":"apos-triunfo-nos-penaltis-ativa-e-sao-joao-vao-decidir-titulo-da-primeira-divisao-do-amador-de-capivari","status":"publish","type":"post","link":"https:\/\/capivari.sp.gov.br\/portal\/apos-triunfo-nos-penaltis-ativa-e-sao-joao-vao-decidir-titulo-da-primeira-divisao-do-amador-de-capivari\/","title":{"rendered":"Ap\u00f3s triunfo nos p\u00eanaltis, Ativa e S\u00e3o Jo\u00e3o v\u00e3o decidir t\u00edtulo da primeira divis\u00e3o do amador de Capivari"},"content":{"rendered":"<p>Na manh\u00e3 do \u00faltimo domingo (07) aconteceram as semifinais da primeira divis\u00e3o do futebol amador de Capivari no Est\u00e1dio Fernando de Marco no bairro Esta\u00e7\u00e3o. Em duas disputas de p\u00eanaltis de tirar o f\u00f4lego, Ativa e S\u00e3o Jo\u00e3o triunfaram e v\u00e3o decidir o t\u00edtulo de 2025 no pr\u00f3ximo domingo.<\/p>\n<p>Confira o resumo das partidas:<\/p>\n<p>S\u00e3o Jo\u00e3o 2 (7) x (6) 2 Esta\u00e7\u00e3o<\/p>\n<p>No primeiro jogo do dia, S\u00e3o Jo\u00e3o e Esta\u00e7\u00e3o tiveram um embate \u00e9pico que ficar\u00e1 na mem\u00f3ria dos torcedores de ambas equipes. Ap\u00f3s empate por 2-2 no tempo normal, a decis\u00e3o da vaga na final foi para os p\u00eanaltis, onde a equipe do S\u00e3o Jo\u00e3o venceu por 7-6 em uma disputa repleta de altos e baixos. Ap\u00f3s jogar a final da segunda divis\u00e3o em 2024, a equipe do S\u00e3o Jo\u00e3o j\u00e1 chega a grande final do principal torneio de futebol da regi\u00e3o no seu primeiro ano na elite.<\/p>\n<p>Vera Cruz 1 (8) x (9) Ativa<\/p>\n<p>Na sequ\u00eancia, foi a vez de Vera Cruz e Ativa protagonizarem o jogo detentor da maior zebra do ano at\u00e9 aqui. Invicta na primeira fase e detentora do melhor ataque e melhor defesa, a equipe do Vera Cruz parecia em voo de cruzeiro rumo ao bicampeonato consecutivo, mesmo com a vit\u00f3ria suada diante do Atl\u00e9tico Mombuca nas quartas. Mesmo com boa parte do p\u00fablico esperando uma reedi\u00e7\u00e3o do que foi visto no primeiro duelo entre Vera Cruz e Ativa, onde os atuais campe\u00f5es venceram por 6-0 em jogo v\u00e1lido pela primeira fase, quando a bola rolou um cen\u00e1rio totalmente diferente foi visto. Ap\u00f3s empate em 1-1 no tempo normal, o duelo tamb\u00e9m foi para os p\u00eanaltis, onde em disputa ainda mais arrastada que a do primeiro jogo, o Ativa saiu com a vit\u00f3ria e se classificou para a sua segunda final em tr\u00eas anos.<\/p>\n<p>O S\u00e3o Jo\u00e3o chega a sua primeira decis\u00e3o na elite do futebol amador neste novo formato e enfrenta uma valente equipe do Ativa, que embora tenha tido alguns obst\u00e1culos durante a caminhada, chega mais determinado do que nunca para apagar a m\u00e1 lembran\u00e7a da final de 2023, onde foram superados pelo Am\u00e9rica na grande decis\u00e3o. O jogo acontece no pr\u00f3ximo domingo (14) com o hor\u00e1rio da partida sendo divulgado ainda nesta semana pela Secretaria de Esportes.<\/p>\n<p>Para saber mais sobre outros projetos e torneios organizados pela Secretaria de Esportes, os telefones (19) 2146-1525 e (19) 3492-8881 (WhatsApp) est\u00e3o dispon\u00edveis de segunda a sexta-feira, das 8h30 \u00e0s 16h30.<\/p>\n","protected":false},"excerpt":{"rendered":"<p>Na manh\u00e3 do \u00faltimo domingo (07) aconteceram as semifinais da primeira divis\u00e3o do futebol amador de Capivari no Est\u00e1dio Fernando de Marco no bairro Esta\u00e7\u00e3o. Em duas disputas de p\u00eanaltis de tirar o f\u00f4lego, Ativa e S\u00e3o Jo\u00e3o triunfaram e v\u00e3o decidir o t\u00edtulo de 2025 no pr\u00f3ximo domingo. Confira o resumo das partidas: S\u00e3o [&hellip;]<\/p>\n","protected":false},"author":2,"featured_media":21423,"comment_status":"open","ping_status":"open","sticky":false,"template":"","format":"standard","meta":{"ocean_post_layout":"","ocean_both_sidebars_style":"","ocean_both_sidebars_content_width":0,"ocean_both_sidebars_sidebars_width":0,"ocean_sidebar":"","ocean_second_sidebar":"","ocean_disable_margins":"enable","ocean_add_body_class":"","ocean_shortcode_before_top_bar":"","ocean_shortcode_after_top_bar":"","ocean_shortcode_before_header":"","ocean_shortcode_after_header":"","ocean_has_shortcode":"","ocean_shortcode_after_title":"","ocean_shortcode_before_footer_widgets":"","ocean_shortcode_after_footer_widgets":"","ocean_shortcode_before_footer_bottom":"","ocean_shortcode_after_footer_bottom":"","ocean_display_top_bar":"default","ocean_display_header":"default","ocean_header_style":"","ocean_center_header_left_menu":"","ocean_custom_header_template":"","ocean_custom_logo":0,"ocean_custom_retina_logo":0,"ocean_custom_logo_max_width":0,"ocean_custom_logo_tablet_max_width":0,"ocean_custom_logo_mobile_max_width":0,"ocean_custom_logo_max_height":0,"ocean_custom_logo_tablet_max_height":0,"ocean_custom_logo_mobile_max_height":0,"ocean_header_custom_menu":"","ocean_menu_typo_font_family":"","ocean_menu_typo_font_subset":"","ocean_menu_typo_font_size":0,"ocean_menu_typo_font_size_tablet":0,"ocean_menu_typo_font_size_mobile":0,"ocean_menu_typo_font_size_unit":"px","ocean_menu_typo_font_weight":"","ocean_menu_typo_font_weight_tablet":"","ocean_menu_typo_font_weight_mobile":"","ocean_menu_typo_transform":"","ocean_menu_typo_transform_tablet":"","ocean_menu_typo_transform_mobile":"","ocean_menu_typo_line_height":0,"ocean_menu_typo_line_height_tablet":0,"ocean_menu_typo_line_height_mobile":0,"ocean_menu_typo_line_height_unit":"","ocean_menu_typo_spacing":0,"ocean_menu_typo_spacing_tablet":0,"ocean_menu_typo_spacing_mobile":0,"ocean_menu_typo_spacing_unit":"","ocean_menu_link_color":"","ocean_menu_link_color_hover":"","ocean_menu_link_color_active":"","ocean_menu_link_background":"","ocean_menu_link_hover_background":"","ocean_menu_link_active_background":"","ocean_menu_social_links_bg":"","ocean_menu_social_hover_links_bg":"","ocean_menu_social_links_color":"","ocean_menu_social_hover_links_color":"","ocean_disable_title":"default","ocean_disable_heading":"default","ocean_post_title":"","ocean_post_subheading":"","ocean_post_title_style":"","ocean_post_title_background_color":"","ocean_post_title_background":0,"ocean_post_title_bg_image_position":"","ocean_post_title_bg_image_attachment":"","ocean_post_title_bg_image_repeat":"","ocean_post_title_bg_image_size":"","ocean_post_title_height":0,"ocean_post_title_bg_overlay":0.5,"ocean_post_title_bg_overlay_color":"","ocean_disable_breadcrumbs":"default","ocean_breadcrumbs_color":"","ocean_breadcrumbs_separator_color":"","ocean_breadcrumbs_links_color":"","ocean_breadcrumbs_links_hover_color":"","ocean_display_footer_widgets":"default","ocean_display_footer_bottom":"default","ocean_custom_footer_template":"","ocean_post_oembed":"","ocean_post_self_hosted_media":"","ocean_post_video_embed":"","ocean_link_format":"","ocean_link_format_target":"self","ocean_quote_format":"","ocean_quote_format_link":"post","ocean_gallery_link_images":"on","ocean_gallery_id":[],"footnotes":""},"categories":[4,25,5],"tags":[],"class_list":["post-21441","post","type-post","status-publish","format-standard","has-post-thumbnail","hentry","category-destaque","category-esporte","category-geral","entry","has-media"],"yoast_head":"<!-- This site is optimized with the Yoast SEO plugin v27.4 - https:\/\/yoast.com\/product\/yoast-seo-wordpress\/ -->\n<title>Ap\u00f3s triunfo nos p\u00eanaltis, Ativa e S\u00e3o Jo\u00e3o v\u00e3o decidir t\u00edtulo da primeira divis\u00e3o do amador de Capivari - Prefeitura de Capivari<\/title>\n<meta name=\"robots\" content=\"index, follow, max-snippet:-1, max-image-preview:large, max-video-preview:-1\" \/>\n<link rel=\"canonical\" href=\"https:\/\/capivari.sp.gov.br\/portal\/apos-triunfo-nos-penaltis-ativa-e-sao-joao-vao-decidir-titulo-da-primeira-divisao-do-amador-de-capivari\/\" \/>\n<meta property=\"og:locale\" content=\"pt_BR\" \/>\n<meta property=\"og:type\" content=\"article\" \/>\n<meta property=\"og:title\" content=\"Ap\u00f3s triunfo nos p\u00eanaltis, Ativa e S\u00e3o Jo\u00e3o v\u00e3o decidir t\u00edtulo da primeira divis\u00e3o do amador de Capivari - Prefeitura de Capivari\" \/>\n<meta property=\"og:description\" content=\"Na manh\u00e3 do \u00faltimo domingo (07) aconteceram as semifinais da primeira divis\u00e3o do futebol amador de Capivari no Est\u00e1dio Fernando de Marco no bairro Esta\u00e7\u00e3o. Em duas disputas de p\u00eanaltis de tirar o f\u00f4lego, Ativa e S\u00e3o Jo\u00e3o triunfaram e v\u00e3o decidir o t\u00edtulo de 2025 no pr\u00f3ximo domingo. Confira o resumo das partidas: S\u00e3o [&hellip;]\" \/>\n<meta property=\"og:url\" content=\"https:\/\/capivari.sp.gov.br\/portal\/apos-triunfo-nos-penaltis-ativa-e-sao-joao-vao-decidir-titulo-da-primeira-divisao-do-amador-de-capivari\/\" \/>\n<meta property=\"og:site_name\" content=\"Prefeitura de Capivari\" \/>\n<meta property=\"article:publisher\" content=\"https:\/\/www.facebook.com\/PrefeituradeCapivari\/\" \/>\n<meta property=\"article:published_time\" content=\"2025-12-09T17:23:36+00:00\" \/>\n<meta property=\"og:image\" content=\"https:\/\/capivari.sp.gov.br\/portal\/wp-content\/uploads\/2025\/12\/fernando-de-marco.jpg\" \/>\n\t<meta property=\"og:image:width\" content=\"1840\" \/>\n\t<meta property=\"og:image:height\" content=\"1004\" \/>\n\t<meta property=\"og:image:type\" content=\"image\/jpeg\" \/>\n<meta name=\"author\" content=\"Thalles Cristiano\" \/>\n<meta name=\"twitter:card\" content=\"summary_large_image\" \/>\n<meta name=\"twitter:creator\" content=\"@PrefCapivari\" \/>\n<meta name=\"twitter:site\" content=\"@PrefCapivari\" \/>\n<meta name=\"twitter:label1\" content=\"Escrito por\" \/>\n\t<meta name=\"twitter:data1\" content=\"Thalles Cristiano\" \/>\n\t<meta name=\"twitter:label2\" content=\"Est. tempo de leitura\" \/>\n\t<meta name=\"twitter:data2\" content=\"3 minutos\" \/>\n<script type=\"application\/ld+json\" class=\"yoast-schema-graph\">{\"@context\":\"https:\\\/\\\/schema.org\",\"@graph\":[{\"@type\":\"Article\",\"@id\":\"https:\\\/\\\/capivari.sp.gov.br\\\/portal\\\/apos-triunfo-nos-penaltis-ativa-e-sao-joao-vao-decidir-titulo-da-primeira-divisao-do-amador-de-capivari\\\/#article\",\"isPartOf\":{\"@id\":\"https:\\\/\\\/capivari.sp.gov.br\\\/portal\\\/apos-triunfo-nos-penaltis-ativa-e-sao-joao-vao-decidir-titulo-da-primeira-divisao-do-amador-de-capivari\\\/\"},\"author\":{\"name\":\"Thalles Cristiano\",\"@id\":\"https:\\\/\\\/capivari.sp.gov.br\\\/portal\\\/#\\\/schema\\\/person\\\/98801614a91d449946b0687ae2db9f29\"},\"headline\":\"Ap\u00f3s triunfo nos p\u00eanaltis, Ativa e S\u00e3o Jo\u00e3o v\u00e3o decidir t\u00edtulo da primeira divis\u00e3o do amador de Capivari\",\"datePublished\":\"2025-12-09T17:23:36+00:00\",\"mainEntityOfPage\":{\"@id\":\"https:\\\/\\\/capivari.sp.gov.br\\\/portal\\\/apos-triunfo-nos-penaltis-ativa-e-sao-joao-vao-decidir-titulo-da-primeira-divisao-do-amador-de-capivari\\\/\"},\"wordCount\":470,\"commentCount\":0,\"publisher\":{\"@id\":\"https:\\\/\\\/capivari.sp.gov.br\\\/portal\\\/#organization\"},\"image\":{\"@id\":\"https:\\\/\\\/capivari.sp.gov.br\\\/portal\\\/apos-triunfo-nos-penaltis-ativa-e-sao-joao-vao-decidir-titulo-da-primeira-divisao-do-amador-de-capivari\\\/#primaryimage\"},\"thumbnailUrl\":\"https:\\\/\\\/capivari.sp.gov.br\\\/portal\\\/wp-content\\\/uploads\\\/2025\\\/12\\\/fernando-de-marco.jpg\",\"articleSection\":[\"Destaque\",\"Esporte\",\"Geral\"],\"inLanguage\":\"pt-BR\",\"potentialAction\":[{\"@type\":\"CommentAction\",\"name\":\"Comment\",\"target\":[\"https:\\\/\\\/capivari.sp.gov.br\\\/portal\\\/apos-triunfo-nos-penaltis-ativa-e-sao-joao-vao-decidir-titulo-da-primeira-divisao-do-amador-de-capivari\\\/#respond\"]}]},{\"@type\":\"WebPage\",\"@id\":\"https:\\\/\\\/capivari.sp.gov.br\\\/portal\\\/apos-triunfo-nos-penaltis-ativa-e-sao-joao-vao-decidir-titulo-da-primeira-divisao-do-amador-de-capivari\\\/\",\"url\":\"https:\\\/\\\/capivari.sp.gov.br\\\/portal\\\/apos-triunfo-nos-penaltis-ativa-e-sao-joao-vao-decidir-titulo-da-primeira-divisao-do-amador-de-capivari\\\/\",\"name\":\"Ap\u00f3s triunfo nos p\u00eanaltis, Ativa e S\u00e3o Jo\u00e3o v\u00e3o decidir t\u00edtulo da primeira divis\u00e3o do amador de Capivari - Prefeitura de Capivari\",\"isPartOf\":{\"@id\":\"https:\\\/\\\/capivari.sp.gov.br\\\/portal\\\/#website\"},\"primaryImageOfPage\":{\"@id\":\"https:\\\/\\\/capivari.sp.gov.br\\\/portal\\\/apos-triunfo-nos-penaltis-ativa-e-sao-joao-vao-decidir-titulo-da-primeira-divisao-do-amador-de-capivari\\\/#primaryimage\"},\"image\":{\"@id\":\"https:\\\/\\\/capivari.sp.gov.br\\\/portal\\\/apos-triunfo-nos-penaltis-ativa-e-sao-joao-vao-decidir-titulo-da-primeira-divisao-do-amador-de-capivari\\\/#primaryimage\"},\"thumbnailUrl\":\"https:\\\/\\\/capivari.sp.gov.br\\\/portal\\\/wp-content\\\/uploads\\\/2025\\\/12\\\/fernando-de-marco.jpg\",\"datePublished\":\"2025-12-09T17:23:36+00:00\",\"breadcrumb\":{\"@id\":\"https:\\\/\\\/capivari.sp.gov.br\\\/portal\\\/apos-triunfo-nos-penaltis-ativa-e-sao-joao-vao-decidir-titulo-da-primeira-divisao-do-amador-de-capivari\\\/#breadcrumb\"},\"inLanguage\":\"pt-BR\",\"potentialAction\":[{\"@type\":\"ReadAction\",\"target\":[\"https:\\\/\\\/capivari.sp.gov.br\\\/portal\\\/apos-triunfo-nos-penaltis-ativa-e-sao-joao-vao-decidir-titulo-da-primeira-divisao-do-amador-de-capivari\\\/\"]}]},{\"@type\":\"ImageObject\",\"inLanguage\":\"pt-BR\",\"@id\":\"https:\\\/\\\/capivari.sp.gov.br\\\/portal\\\/apos-triunfo-nos-penaltis-ativa-e-sao-joao-vao-decidir-titulo-da-primeira-divisao-do-amador-de-capivari\\\/#primaryimage\",\"url\":\"https:\\\/\\\/capivari.sp.gov.br\\\/portal\\\/wp-content\\\/uploads\\\/2025\\\/12\\\/fernando-de-marco.jpg\",\"contentUrl\":\"https:\\\/\\\/capivari.sp.gov.br\\\/portal\\\/wp-content\\\/uploads\\\/2025\\\/12\\\/fernando-de-marco.jpg\",\"width\":1840,\"height\":1004},{\"@type\":\"BreadcrumbList\",\"@id\":\"https:\\\/\\\/capivari.sp.gov.br\\\/portal\\\/apos-triunfo-nos-penaltis-ativa-e-sao-joao-vao-decidir-titulo-da-primeira-divisao-do-amador-de-capivari\\\/#breadcrumb\",\"itemListElement\":[{\"@type\":\"ListItem\",\"position\":1,\"name\":\"In\u00edcio\",\"item\":\"https:\\\/\\\/capivari.sp.gov.br\\\/portal\\\/\"},{\"@type\":\"ListItem\",\"position\":2,\"name\":\"Ap\u00f3s triunfo nos p\u00eanaltis, Ativa e S\u00e3o Jo\u00e3o v\u00e3o decidir t\u00edtulo da primeira divis\u00e3o do amador de Capivari\"}]},{\"@type\":\"WebSite\",\"@id\":\"https:\\\/\\\/capivari.sp.gov.br\\\/portal\\\/#website\",\"url\":\"https:\\\/\\\/capivari.sp.gov.br\\\/portal\\\/\",\"name\":\"Prefeitura de Capivari\",\"description\":\"Prefeitura de Capivari\",\"publisher\":{\"@id\":\"https:\\\/\\\/capivari.sp.gov.br\\\/portal\\\/#organization\"},\"potentialAction\":[{\"@type\":\"SearchAction\",\"target\":{\"@type\":\"EntryPoint\",\"urlTemplate\":\"https:\\\/\\\/capivari.sp.gov.br\\\/portal\\\/?s={search_term_string}\"},\"query-input\":{\"@type\":\"PropertyValueSpecification\",\"valueRequired\":true,\"valueName\":\"search_term_string\"}}],\"inLanguage\":\"pt-BR\"},{\"@type\":\"Organization\",\"@id\":\"https:\\\/\\\/capivari.sp.gov.br\\\/portal\\\/#organization\",\"name\":\"Prefeitura de Capivari\",\"url\":\"https:\\\/\\\/capivari.sp.gov.br\\\/portal\\\/\",\"logo\":{\"@type\":\"ImageObject\",\"inLanguage\":\"pt-BR\",\"@id\":\"https:\\\/\\\/capivari.sp.gov.br\\\/portal\\\/#\\\/schema\\\/logo\\\/image\\\/\",\"url\":\"https:\\\/\\\/capivari.sp.gov.br\\\/portal\\\/wp-content\\\/uploads\\\/2021\\\/09\\\/logo-prefeitura-de-capivari.png\",\"contentUrl\":\"https:\\\/\\\/capivari.sp.gov.br\\\/portal\\\/wp-content\\\/uploads\\\/2021\\\/09\\\/logo-prefeitura-de-capivari.png\",\"width\":200,\"height\":147,\"caption\":\"Prefeitura de Capivari\"},\"image\":{\"@id\":\"https:\\\/\\\/capivari.sp.gov.br\\\/portal\\\/#\\\/schema\\\/logo\\\/image\\\/\"},\"sameAs\":[\"https:\\\/\\\/www.facebook.com\\\/PrefeituradeCapivari\\\/\",\"https:\\\/\\\/x.com\\\/PrefCapivari\",\"https:\\\/\\\/www.instagram.com\\\/prefeituracapivari\\\/\"]},{\"@type\":\"Person\",\"@id\":\"https:\\\/\\\/capivari.sp.gov.br\\\/portal\\\/#\\\/schema\\\/person\\\/98801614a91d449946b0687ae2db9f29\",\"name\":\"Thalles Cristiano\",\"image\":{\"@type\":\"ImageObject\",\"inLanguage\":\"pt-BR\",\"@id\":\"https:\\\/\\\/secure.gravatar.com\\\/avatar\\\/0d1b9a4bdcde99ab11a8cd27abdcd088993749b82c4355c0301135023dc52b3d?s=96&d=mm&r=g\",\"url\":\"https:\\\/\\\/secure.gravatar.com\\\/avatar\\\/0d1b9a4bdcde99ab11a8cd27abdcd088993749b82c4355c0301135023dc52b3d?s=96&d=mm&r=g\",\"contentUrl\":\"https:\\\/\\\/secure.gravatar.com\\\/avatar\\\/0d1b9a4bdcde99ab11a8cd27abdcd088993749b82c4355c0301135023dc52b3d?s=96&d=mm&r=g\",\"caption\":\"Thalles Cristiano\"},\"url\":\"https:\\\/\\\/capivari.sp.gov.br\\\/portal\\\/author\\\/thalles-cristiano\\\/\"}]}<\/script>\n<!-- \/ Yoast SEO plugin. -->","yoast_head_json":{"title":"Ap\u00f3s triunfo nos p\u00eanaltis, Ativa e S\u00e3o Jo\u00e3o v\u00e3o decidir t\u00edtulo da primeira divis\u00e3o do amador de Capivari - Prefeitura de Capivari","robots":{"index":"index","follow":"follow","max-snippet":"max-snippet:-1","max-image-preview":"max-image-preview:large","max-video-preview":"max-video-preview:-1"},"canonical":"https:\/\/capivari.sp.gov.br\/portal\/apos-triunfo-nos-penaltis-ativa-e-sao-joao-vao-decidir-titulo-da-primeira-divisao-do-amador-de-capivari\/","og_locale":"pt_BR","og_type":"article","og_title":"Ap\u00f3s triunfo nos p\u00eanaltis, Ativa e S\u00e3o Jo\u00e3o v\u00e3o decidir t\u00edtulo da primeira divis\u00e3o do amador de Capivari - Prefeitura de Capivari","og_description":"Na manh\u00e3 do \u00faltimo domingo (07) aconteceram as semifinais da primeira divis\u00e3o do futebol amador de Capivari no Est\u00e1dio Fernando de Marco no bairro Esta\u00e7\u00e3o. Em duas disputas de p\u00eanaltis de tirar o f\u00f4lego, Ativa e S\u00e3o Jo\u00e3o triunfaram e v\u00e3o decidir o t\u00edtulo de 2025 no pr\u00f3ximo domingo. Confira o resumo das partidas: S\u00e3o [&hellip;]","og_url":"https:\/\/capivari.sp.gov.br\/portal\/apos-triunfo-nos-penaltis-ativa-e-sao-joao-vao-decidir-titulo-da-primeira-divisao-do-amador-de-capivari\/","og_site_name":"Prefeitura de Capivari","article_publisher":"https:\/\/www.facebook.com\/PrefeituradeCapivari\/","article_published_time":"2025-12-09T17:23:36+00:00","og_image":[{"width":1840,"height":1004,"url":"https:\/\/capivari.sp.gov.br\/portal\/wp-content\/uploads\/2025\/12\/fernando-de-marco.jpg","type":"image\/jpeg"}],"author":"Thalles Cristiano","twitter_card":"summary_large_image","twitter_creator":"@PrefCapivari","twitter_site":"@PrefCapivari","twitter_misc":{"Escrito por":"Thalles Cristiano","Est. tempo de leitura":"3 minutos"},"schema":{"@context":"https:\/\/schema.org","@graph":[{"@type":"Article","@id":"https:\/\/capivari.sp.gov.br\/portal\/apos-triunfo-nos-penaltis-ativa-e-sao-joao-vao-decidir-titulo-da-primeira-divisao-do-amador-de-capivari\/#article","isPartOf":{"@id":"https:\/\/capivari.sp.gov.br\/portal\/apos-triunfo-nos-penaltis-ativa-e-sao-joao-vao-decidir-titulo-da-primeira-divisao-do-amador-de-capivari\/"},"author":{"name":"Thalles Cristiano","@id":"https:\/\/capivari.sp.gov.br\/portal\/#\/schema\/person\/98801614a91d449946b0687ae2db9f29"},"headline":"Ap\u00f3s triunfo nos p\u00eanaltis, Ativa e S\u00e3o Jo\u00e3o v\u00e3o decidir t\u00edtulo da primeira divis\u00e3o do amador de Capivari","datePublished":"2025-12-09T17:23:36+00:00","mainEntityOfPage":{"@id":"https:\/\/capivari.sp.gov.br\/portal\/apos-triunfo-nos-penaltis-ativa-e-sao-joao-vao-decidir-titulo-da-primeira-divisao-do-amador-de-capivari\/"},"wordCount":470,"commentCount":0,"publisher":{"@id":"https:\/\/capivari.sp.gov.br\/portal\/#organization"},"image":{"@id":"https:\/\/capivari.sp.gov.br\/portal\/apos-triunfo-nos-penaltis-ativa-e-sao-joao-vao-decidir-titulo-da-primeira-divisao-do-amador-de-capivari\/#primaryimage"},"thumbnailUrl":"https:\/\/capivari.sp.gov.br\/portal\/wp-content\/uploads\/2025\/12\/fernando-de-marco.jpg","articleSection":["Destaque","Esporte","Geral"],"inLanguage":"pt-BR","potentialAction":[{"@type":"CommentAction","name":"Comment","target":["https:\/\/capivari.sp.gov.br\/portal\/apos-triunfo-nos-penaltis-ativa-e-sao-joao-vao-decidir-titulo-da-primeira-divisao-do-amador-de-capivari\/#respond"]}]},{"@type":"WebPage","@id":"https:\/\/capivari.sp.gov.br\/portal\/apos-triunfo-nos-penaltis-ativa-e-sao-joao-vao-decidir-titulo-da-primeira-divisao-do-amador-de-capivari\/","url":"https:\/\/capivari.sp.gov.br\/portal\/apos-triunfo-nos-penaltis-ativa-e-sao-joao-vao-decidir-titulo-da-primeira-divisao-do-amador-de-capivari\/","name":"Ap\u00f3s triunfo nos p\u00eanaltis, Ativa e S\u00e3o Jo\u00e3o v\u00e3o decidir t\u00edtulo da primeira divis\u00e3o do amador de Capivari - Prefeitura de Capivari","isPartOf":{"@id":"https:\/\/capivari.sp.gov.br\/portal\/#website"},"primaryImageOfPage":{"@id":"https:\/\/capivari.sp.gov.br\/portal\/apos-triunfo-nos-penaltis-ativa-e-sao-joao-vao-decidir-titulo-da-primeira-divisao-do-amador-de-capivari\/#primaryimage"},"image":{"@id":"https:\/\/capivari.sp.gov.br\/portal\/apos-triunfo-nos-penaltis-ativa-e-sao-joao-vao-decidir-titulo-da-primeira-divisao-do-amador-de-capivari\/#primaryimage"},"thumbnailUrl":"https:\/\/capivari.sp.gov.br\/portal\/wp-content\/uploads\/2025\/12\/fernando-de-marco.jpg","datePublished":"2025-12-09T17:23:36+00:00","breadcrumb":{"@id":"https:\/\/capivari.sp.gov.br\/portal\/apos-triunfo-nos-penaltis-ativa-e-sao-joao-vao-decidir-titulo-da-primeira-divisao-do-amador-de-capivari\/#breadcrumb"},"inLanguage":"pt-BR","potentialAction":[{"@type":"ReadAction","target":["https:\/\/capivari.sp.gov.br\/portal\/apos-triunfo-nos-penaltis-ativa-e-sao-joao-vao-decidir-titulo-da-primeira-divisao-do-amador-de-capivari\/"]}]},{"@type":"ImageObject","inLanguage":"pt-BR","@id":"https:\/\/capivari.sp.gov.br\/portal\/apos-triunfo-nos-penaltis-ativa-e-sao-joao-vao-decidir-titulo-da-primeira-divisao-do-amador-de-capivari\/#primaryimage","url":"https:\/\/capivari.sp.gov.br\/portal\/wp-content\/uploads\/2025\/12\/fernando-de-marco.jpg","contentUrl":"https:\/\/capivari.sp.gov.br\/portal\/wp-content\/uploads\/2025\/12\/fernando-de-marco.jpg","width":1840,"height":1004},{"@type":"BreadcrumbList","@id":"https:\/\/capivari.sp.gov.br\/portal\/apos-triunfo-nos-penaltis-ativa-e-sao-joao-vao-decidir-titulo-da-primeira-divisao-do-amador-de-capivari\/#breadcrumb","itemListElement":[{"@type":"ListItem","position":1,"name":"In\u00edcio","item":"https:\/\/capivari.sp.gov.br\/portal\/"},{"@type":"ListItem","position":2,"name":"Ap\u00f3s triunfo nos p\u00eanaltis, Ativa e S\u00e3o Jo\u00e3o v\u00e3o decidir t\u00edtulo da primeira divis\u00e3o do amador de Capivari"}]},{"@type":"WebSite","@id":"https:\/\/capivari.sp.gov.br\/portal\/#website","url":"https:\/\/capivari.sp.gov.br\/portal\/","name":"Prefeitura de Capivari","description":"Prefeitura de Capivari","publisher":{"@id":"https:\/\/capivari.sp.gov.br\/portal\/#organization"},"potentialAction":[{"@type":"SearchAction","target":{"@type":"EntryPoint","urlTemplate":"https:\/\/capivari.sp.gov.br\/portal\/?s={search_term_string}"},"query-input":{"@type":"PropertyValueSpecification","valueRequired":true,"valueName":"search_term_string"}}],"inLanguage":"pt-BR"},{"@type":"Organization","@id":"https:\/\/capivari.sp.gov.br\/portal\/#organization","name":"Prefeitura de Capivari","url":"https:\/\/capivari.sp.gov.br\/portal\/","logo":{"@type":"ImageObject","inLanguage":"pt-BR","@id":"https:\/\/capivari.sp.gov.br\/portal\/#\/schema\/logo\/image\/","url":"https:\/\/capivari.sp.gov.br\/portal\/wp-content\/uploads\/2021\/09\/logo-prefeitura-de-capivari.png","contentUrl":"https:\/\/capivari.sp.gov.br\/portal\/wp-content\/uploads\/2021\/09\/logo-prefeitura-de-capivari.png","width":200,"height":147,"caption":"Prefeitura de Capivari"},"image":{"@id":"https:\/\/capivari.sp.gov.br\/portal\/#\/schema\/logo\/image\/"},"sameAs":["https:\/\/www.facebook.com\/PrefeituradeCapivari\/","https:\/\/x.com\/PrefCapivari","https:\/\/www.instagram.com\/prefeituracapivari\/"]},{"@type":"Person","@id":"https:\/\/capivari.sp.gov.br\/portal\/#\/schema\/person\/98801614a91d449946b0687ae2db9f29","name":"Thalles Cristiano","image":{"@type":"ImageObject","inLanguage":"pt-BR","@id":"https:\/\/secure.gravatar.com\/avatar\/0d1b9a4bdcde99ab11a8cd27abdcd088993749b82c4355c0301135023dc52b3d?s=96&d=mm&r=g","url":"https:\/\/secure.gravatar.com\/avatar\/0d1b9a4bdcde99ab11a8cd27abdcd088993749b82c4355c0301135023dc52b3d?s=96&d=mm&r=g","contentUrl":"https:\/\/secure.gravatar.com\/avatar\/0d1b9a4bdcde99ab11a8cd27abdcd088993749b82c4355c0301135023dc52b3d?s=96&d=mm&r=g","caption":"Thalles Cristiano"},"url":"https:\/\/capivari.sp.gov.br\/portal\/author\/thalles-cristiano\/"}]}},"_links":{"self":[{"href":"https:\/\/capivari.sp.gov.br\/portal\/wp-json\/wp\/v2\/posts\/21441","targetHints":{"allow":["GET"]}}],"collection":[{"href":"https:\/\/capivari.sp.gov.br\/portal\/wp-json\/wp\/v2\/posts"}],"about":[{"href":"https:\/\/capivari.sp.gov.br\/portal\/wp-json\/wp\/v2\/types\/post"}],"author":[{"embeddable":true,"href":"https:\/\/capivari.sp.gov.br\/portal\/wp-json\/wp\/v2\/users\/2"}],"replies":[{"embeddable":true,"href":"https:\/\/capivari.sp.gov.br\/portal\/wp-json\/wp\/v2\/comments?post=21441"}],"version-history":[{"count":1,"href":"https:\/\/capivari.sp.gov.br\/portal\/wp-json\/wp\/v2\/posts\/21441\/revisions"}],"predecessor-version":[{"id":21442,"href":"https:\/\/capivari.sp.gov.br\/portal\/wp-json\/wp\/v2\/posts\/21441\/revisions\/21442"}],"wp:featuredmedia":[{"embeddable":true,"href":"https:\/\/capivari.sp.gov.br\/portal\/wp-json\/wp\/v2\/media\/21423"}],"wp:attachment":[{"href":"https:\/\/capivari.sp.gov.br\/portal\/wp-json\/wp\/v2\/media?parent=21441"}],"wp:term":[{"taxonomy":"category","embeddable":true,"href":"https:\/\/capivari.sp.gov.br\/portal\/wp-json\/wp\/v2\/categories?post=21441"},{"taxonomy":"post_tag","embeddable":true,"href":"https:\/\/capivari.sp.gov.br\/portal\/wp-json\/wp\/v2\/tags?post=21441"}],"curies":[{"name":"wp","href":"https:\/\/api.w.org\/{rel}","templated":true}]}}