{"id":21453,"date":"2025-12-11T10:52:09","date_gmt":"2025-12-11T13:52:09","guid":{"rendered":"https:\/\/capivari.sp.gov.br\/portal\/?p=21453"},"modified":"2025-12-18T10:33:22","modified_gmt":"2025-12-18T13:33:22","slug":"sao-joao-e-ativa-fazem-grande-decisao-do-futebol-amador-neste-domingo","status":"publish","type":"post","link":"https:\/\/capivari.sp.gov.br\/portal\/sao-joao-e-ativa-fazem-grande-decisao-do-futebol-amador-neste-domingo\/","title":{"rendered":"S\u00e3o Jo\u00e3o e Ativa fazem grande decis\u00e3o do Futebol Amador neste domingo"},"content":{"rendered":"<p>Na manh\u00e3 deste domingo (21), acontece o jogo mais importante do calend\u00e1rio do futebol amador capivariano. A grande final da primeira divis\u00e3o entre S\u00e3o Jo\u00e3o e Ativa tem in\u00edcio \u00e0s 09h no Est\u00e1dio Fernando de Marco no bairro Esta\u00e7\u00e3o, onde o campe\u00e3o do torneio mais competitivo da temporada ser\u00e1 coroado.<\/p>\n<p>As duas equipes fizeram parte do mesmo grupo na primeira fase do torneio, com o S\u00e3o Jo\u00e3o conquistando 16 pontos e o Ativa 12, por\u00e9m a primeira vez que ambos cruzaram caminhos foi na quinta rodada da fase inicial, onde o S\u00e3o Jo\u00e3o acabou levando a melhor por 2-0, com gols anotados por Luan e Venancio. O jogo naquela ocasi\u00e3o foi repleto de cart\u00f5es amarelos, seis ao todo, al\u00e9m de uma expuls\u00e3o de um atleta do Ativa.<\/p>\n<p>Por\u00e9m, tanto o S\u00e3o Jo\u00e3o quanto o Ativa engataram uma boa sequ\u00eancia depois daquela ocasi\u00e3o. Ambos venceram os seus dois \u00faltimos jogos da fase de grupos, assim como os seus respectivos duelos nas quartas de finais diante de Deportivo Rafard e Nova Esperan\u00e7a. Nas semifinais, mostraram garra e derrubaram duas das equipes cotadas como favoritas antes do campeonato come\u00e7ar, Vera Cruz e Esta\u00e7\u00e3o, para assegurar as suas vagas na t\u00e3o sonhada final.<\/p>\n<p>No ataque, o S\u00e3o Jo\u00e3o anotou 20 gols na competi\u00e7\u00e3o at\u00e9 aqui enquanto o Ativa balan\u00e7ou as redes 16 vezes, por\u00e9m no lado defensivo, \u00e9 o Ativa que tem a vantagem, com 13 gols sofridos at\u00e9 aqui diante dos 14 pela equipe do S\u00e3o Jo\u00e3o. Al\u00e9m de gravar o nome da equipe vencedora no pante\u00e3o dos campe\u00f5es do torneio, a grande final tamb\u00e9m premia a equipe vencedora com o valor de R$7 mil, enquanto o vice receber\u00e1 R$3 mil.<\/p>\n<p>Para saber mais sobre outros projetos e torneios organizados pela Secretaria de Esportes, os telefones (19) 2146-1525 e (19) 3492-8881 (WhatsApp) est\u00e3o dispon\u00edveis de segunda a sexta-feira, das 8h30 \u00e0s 16h30.<\/p>\n","protected":false},"excerpt":{"rendered":"<p>Na manh\u00e3 deste domingo (21), acontece o jogo mais importante do calend\u00e1rio do futebol amador capivariano. A grande final da primeira divis\u00e3o entre S\u00e3o Jo\u00e3o e Ativa tem in\u00edcio \u00e0s 09h no Est\u00e1dio Fernando de Marco no bairro Esta\u00e7\u00e3o, onde o campe\u00e3o do torneio mais competitivo da temporada ser\u00e1 coroado. As duas equipes fizeram parte [&hellip;]<\/p>\n","protected":false},"author":2,"featured_media":21455,"comment_status":"open","ping_status":"open","sticky":false,"template":"","format":"standard","meta":{"ocean_post_layout":"","ocean_both_sidebars_style":"","ocean_both_sidebars_content_width":0,"ocean_both_sidebars_sidebars_width":0,"ocean_sidebar":"","ocean_second_sidebar":"","ocean_disable_margins":"enable","ocean_add_body_class":"","ocean_shortcode_before_top_bar":"","ocean_shortcode_after_top_bar":"","ocean_shortcode_before_header":"","ocean_shortcode_after_header":"","ocean_has_shortcode":"","ocean_shortcode_after_title":"","ocean_shortcode_before_footer_widgets":"","ocean_shortcode_after_footer_widgets":"","ocean_shortcode_before_footer_bottom":"","ocean_shortcode_after_footer_bottom":"","ocean_display_top_bar":"default","ocean_display_header":"default","ocean_header_style":"","ocean_center_header_left_menu":"","ocean_custom_header_template":"","ocean_custom_logo":0,"ocean_custom_retina_logo":0,"ocean_custom_logo_max_width":0,"ocean_custom_logo_tablet_max_width":0,"ocean_custom_logo_mobile_max_width":0,"ocean_custom_logo_max_height":0,"ocean_custom_logo_tablet_max_height":0,"ocean_custom_logo_mobile_max_height":0,"ocean_header_custom_menu":"","ocean_menu_typo_font_family":"","ocean_menu_typo_font_subset":"","ocean_menu_typo_font_size":0,"ocean_menu_typo_font_size_tablet":0,"ocean_menu_typo_font_size_mobile":0,"ocean_menu_typo_font_size_unit":"px","ocean_menu_typo_font_weight":"","ocean_menu_typo_font_weight_tablet":"","ocean_menu_typo_font_weight_mobile":"","ocean_menu_typo_transform":"","ocean_menu_typo_transform_tablet":"","ocean_menu_typo_transform_mobile":"","ocean_menu_typo_line_height":0,"ocean_menu_typo_line_height_tablet":0,"ocean_menu_typo_line_height_mobile":0,"ocean_menu_typo_line_height_unit":"","ocean_menu_typo_spacing":0,"ocean_menu_typo_spacing_tablet":0,"ocean_menu_typo_spacing_mobile":0,"ocean_menu_typo_spacing_unit":"","ocean_menu_link_color":"","ocean_menu_link_color_hover":"","ocean_menu_link_color_active":"","ocean_menu_link_background":"","ocean_menu_link_hover_background":"","ocean_menu_link_active_background":"","ocean_menu_social_links_bg":"","ocean_menu_social_hover_links_bg":"","ocean_menu_social_links_color":"","ocean_menu_social_hover_links_color":"","ocean_disable_title":"default","ocean_disable_heading":"default","ocean_post_title":"","ocean_post_subheading":"","ocean_post_title_style":"","ocean_post_title_background_color":"","ocean_post_title_background":0,"ocean_post_title_bg_image_position":"","ocean_post_title_bg_image_attachment":"","ocean_post_title_bg_image_repeat":"","ocean_post_title_bg_image_size":"","ocean_post_title_height":0,"ocean_post_title_bg_overlay":0.5,"ocean_post_title_bg_overlay_color":"","ocean_disable_breadcrumbs":"default","ocean_breadcrumbs_color":"","ocean_breadcrumbs_separator_color":"","ocean_breadcrumbs_links_color":"","ocean_breadcrumbs_links_hover_color":"","ocean_display_footer_widgets":"default","ocean_display_footer_bottom":"default","ocean_custom_footer_template":"","ocean_post_oembed":"","ocean_post_self_hosted_media":"","ocean_post_video_embed":"","ocean_link_format":"","ocean_link_format_target":"self","ocean_quote_format":"","ocean_quote_format_link":"post","ocean_gallery_link_images":"on","ocean_gallery_id":[],"footnotes":""},"categories":[4,25,5],"tags":[],"class_list":["post-21453","post","type-post","status-publish","format-standard","has-post-thumbnail","hentry","category-destaque","category-esporte","category-geral","entry","has-media"],"yoast_head":"<!-- This site is optimized with the Yoast SEO plugin v27.4 - https:\/\/yoast.com\/product\/yoast-seo-wordpress\/ -->\n<title>S\u00e3o Jo\u00e3o e Ativa fazem grande decis\u00e3o do Futebol Amador neste domingo - Prefeitura de Capivari<\/title>\n<meta name=\"robots\" content=\"index, follow, max-snippet:-1, max-image-preview:large, max-video-preview:-1\" \/>\n<link rel=\"canonical\" href=\"https:\/\/capivari.sp.gov.br\/portal\/sao-joao-e-ativa-fazem-grande-decisao-do-futebol-amador-neste-domingo\/\" \/>\n<meta property=\"og:locale\" content=\"pt_BR\" \/>\n<meta property=\"og:type\" content=\"article\" \/>\n<meta property=\"og:title\" content=\"S\u00e3o Jo\u00e3o e Ativa fazem grande decis\u00e3o do Futebol Amador neste domingo - Prefeitura de Capivari\" \/>\n<meta property=\"og:description\" content=\"Na manh\u00e3 deste domingo (21), acontece o jogo mais importante do calend\u00e1rio do futebol amador capivariano. A grande final da primeira divis\u00e3o entre S\u00e3o Jo\u00e3o e Ativa tem in\u00edcio \u00e0s 09h no Est\u00e1dio Fernando de Marco no bairro Esta\u00e7\u00e3o, onde o campe\u00e3o do torneio mais competitivo da temporada ser\u00e1 coroado. As duas equipes fizeram parte [&hellip;]\" \/>\n<meta property=\"og:url\" content=\"https:\/\/capivari.sp.gov.br\/portal\/sao-joao-e-ativa-fazem-grande-decisao-do-futebol-amador-neste-domingo\/\" \/>\n<meta property=\"og:site_name\" content=\"Prefeitura de Capivari\" \/>\n<meta property=\"article:publisher\" content=\"https:\/\/www.facebook.com\/PrefeituradeCapivari\/\" \/>\n<meta property=\"article:published_time\" content=\"2025-12-11T13:52:09+00:00\" \/>\n<meta property=\"article:modified_time\" content=\"2025-12-18T13:33:22+00:00\" \/>\n<meta property=\"og:image\" content=\"https:\/\/capivari.sp.gov.br\/portal\/wp-content\/uploads\/2025\/12\/WhatsApp-Image-2025-12-11-at-10.51.38.jpeg\" \/>\n\t<meta property=\"og:image:width\" content=\"1600\" \/>\n\t<meta property=\"og:image:height\" content=\"1066\" \/>\n\t<meta property=\"og:image:type\" content=\"image\/jpeg\" \/>\n<meta name=\"author\" content=\"Thalles Cristiano\" \/>\n<meta name=\"twitter:card\" content=\"summary_large_image\" \/>\n<meta name=\"twitter:creator\" content=\"@PrefCapivari\" \/>\n<meta name=\"twitter:site\" content=\"@PrefCapivari\" \/>\n<meta name=\"twitter:label1\" content=\"Escrito por\" \/>\n\t<meta name=\"twitter:data1\" content=\"Thalles Cristiano\" \/>\n\t<meta name=\"twitter:label2\" content=\"Est. tempo de leitura\" \/>\n\t<meta name=\"twitter:data2\" content=\"2 minutos\" \/>\n<script type=\"application\/ld+json\" class=\"yoast-schema-graph\">{\"@context\":\"https:\\\/\\\/schema.org\",\"@graph\":[{\"@type\":\"Article\",\"@id\":\"https:\\\/\\\/capivari.sp.gov.br\\\/portal\\\/sao-joao-e-ativa-fazem-grande-decisao-do-futebol-amador-neste-domingo\\\/#article\",\"isPartOf\":{\"@id\":\"https:\\\/\\\/capivari.sp.gov.br\\\/portal\\\/sao-joao-e-ativa-fazem-grande-decisao-do-futebol-amador-neste-domingo\\\/\"},\"author\":{\"name\":\"Thalles Cristiano\",\"@id\":\"https:\\\/\\\/capivari.sp.gov.br\\\/portal\\\/#\\\/schema\\\/person\\\/98801614a91d449946b0687ae2db9f29\"},\"headline\":\"S\u00e3o Jo\u00e3o e Ativa fazem grande decis\u00e3o do Futebol Amador neste domingo\",\"datePublished\":\"2025-12-11T13:52:09+00:00\",\"dateModified\":\"2025-12-18T13:33:22+00:00\",\"mainEntityOfPage\":{\"@id\":\"https:\\\/\\\/capivari.sp.gov.br\\\/portal\\\/sao-joao-e-ativa-fazem-grande-decisao-do-futebol-amador-neste-domingo\\\/\"},\"wordCount\":353,\"commentCount\":0,\"publisher\":{\"@id\":\"https:\\\/\\\/capivari.sp.gov.br\\\/portal\\\/#organization\"},\"image\":{\"@id\":\"https:\\\/\\\/capivari.sp.gov.br\\\/portal\\\/sao-joao-e-ativa-fazem-grande-decisao-do-futebol-amador-neste-domingo\\\/#primaryimage\"},\"thumbnailUrl\":\"https:\\\/\\\/capivari.sp.gov.br\\\/portal\\\/wp-content\\\/uploads\\\/2025\\\/12\\\/WhatsApp-Image-2025-12-11-at-10.51.38.jpeg\",\"articleSection\":[\"Destaque\",\"Esporte\",\"Geral\"],\"inLanguage\":\"pt-BR\",\"potentialAction\":[{\"@type\":\"CommentAction\",\"name\":\"Comment\",\"target\":[\"https:\\\/\\\/capivari.sp.gov.br\\\/portal\\\/sao-joao-e-ativa-fazem-grande-decisao-do-futebol-amador-neste-domingo\\\/#respond\"]}]},{\"@type\":\"WebPage\",\"@id\":\"https:\\\/\\\/capivari.sp.gov.br\\\/portal\\\/sao-joao-e-ativa-fazem-grande-decisao-do-futebol-amador-neste-domingo\\\/\",\"url\":\"https:\\\/\\\/capivari.sp.gov.br\\\/portal\\\/sao-joao-e-ativa-fazem-grande-decisao-do-futebol-amador-neste-domingo\\\/\",\"name\":\"S\u00e3o Jo\u00e3o e Ativa fazem grande decis\u00e3o do Futebol Amador neste domingo - Prefeitura de Capivari\",\"isPartOf\":{\"@id\":\"https:\\\/\\\/capivari.sp.gov.br\\\/portal\\\/#website\"},\"primaryImageOfPage\":{\"@id\":\"https:\\\/\\\/capivari.sp.gov.br\\\/portal\\\/sao-joao-e-ativa-fazem-grande-decisao-do-futebol-amador-neste-domingo\\\/#primaryimage\"},\"image\":{\"@id\":\"https:\\\/\\\/capivari.sp.gov.br\\\/portal\\\/sao-joao-e-ativa-fazem-grande-decisao-do-futebol-amador-neste-domingo\\\/#primaryimage\"},\"thumbnailUrl\":\"https:\\\/\\\/capivari.sp.gov.br\\\/portal\\\/wp-content\\\/uploads\\\/2025\\\/12\\\/WhatsApp-Image-2025-12-11-at-10.51.38.jpeg\",\"datePublished\":\"2025-12-11T13:52:09+00:00\",\"dateModified\":\"2025-12-18T13:33:22+00:00\",\"breadcrumb\":{\"@id\":\"https:\\\/\\\/capivari.sp.gov.br\\\/portal\\\/sao-joao-e-ativa-fazem-grande-decisao-do-futebol-amador-neste-domingo\\\/#breadcrumb\"},\"inLanguage\":\"pt-BR\",\"potentialAction\":[{\"@type\":\"ReadAction\",\"target\":[\"https:\\\/\\\/capivari.sp.gov.br\\\/portal\\\/sao-joao-e-ativa-fazem-grande-decisao-do-futebol-amador-neste-domingo\\\/\"]}]},{\"@type\":\"ImageObject\",\"inLanguage\":\"pt-BR\",\"@id\":\"https:\\\/\\\/capivari.sp.gov.br\\\/portal\\\/sao-joao-e-ativa-fazem-grande-decisao-do-futebol-amador-neste-domingo\\\/#primaryimage\",\"url\":\"https:\\\/\\\/capivari.sp.gov.br\\\/portal\\\/wp-content\\\/uploads\\\/2025\\\/12\\\/WhatsApp-Image-2025-12-11-at-10.51.38.jpeg\",\"contentUrl\":\"https:\\\/\\\/capivari.sp.gov.br\\\/portal\\\/wp-content\\\/uploads\\\/2025\\\/12\\\/WhatsApp-Image-2025-12-11-at-10.51.38.jpeg\",\"width\":1600,\"height\":1066},{\"@type\":\"BreadcrumbList\",\"@id\":\"https:\\\/\\\/capivari.sp.gov.br\\\/portal\\\/sao-joao-e-ativa-fazem-grande-decisao-do-futebol-amador-neste-domingo\\\/#breadcrumb\",\"itemListElement\":[{\"@type\":\"ListItem\",\"position\":1,\"name\":\"In\u00edcio\",\"item\":\"https:\\\/\\\/capivari.sp.gov.br\\\/portal\\\/\"},{\"@type\":\"ListItem\",\"position\":2,\"name\":\"S\u00e3o Jo\u00e3o e Ativa fazem grande decis\u00e3o do Futebol Amador neste domingo\"}]},{\"@type\":\"WebSite\",\"@id\":\"https:\\\/\\\/capivari.sp.gov.br\\\/portal\\\/#website\",\"url\":\"https:\\\/\\\/capivari.sp.gov.br\\\/portal\\\/\",\"name\":\"Prefeitura de Capivari\",\"description\":\"Prefeitura de Capivari\",\"publisher\":{\"@id\":\"https:\\\/\\\/capivari.sp.gov.br\\\/portal\\\/#organization\"},\"potentialAction\":[{\"@type\":\"SearchAction\",\"target\":{\"@type\":\"EntryPoint\",\"urlTemplate\":\"https:\\\/\\\/capivari.sp.gov.br\\\/portal\\\/?s={search_term_string}\"},\"query-input\":{\"@type\":\"PropertyValueSpecification\",\"valueRequired\":true,\"valueName\":\"search_term_string\"}}],\"inLanguage\":\"pt-BR\"},{\"@type\":\"Organization\",\"@id\":\"https:\\\/\\\/capivari.sp.gov.br\\\/portal\\\/#organization\",\"name\":\"Prefeitura de Capivari\",\"url\":\"https:\\\/\\\/capivari.sp.gov.br\\\/portal\\\/\",\"logo\":{\"@type\":\"ImageObject\",\"inLanguage\":\"pt-BR\",\"@id\":\"https:\\\/\\\/capivari.sp.gov.br\\\/portal\\\/#\\\/schema\\\/logo\\\/image\\\/\",\"url\":\"https:\\\/\\\/capivari.sp.gov.br\\\/portal\\\/wp-content\\\/uploads\\\/2021\\\/09\\\/logo-prefeitura-de-capivari.png\",\"contentUrl\":\"https:\\\/\\\/capivari.sp.gov.br\\\/portal\\\/wp-content\\\/uploads\\\/2021\\\/09\\\/logo-prefeitura-de-capivari.png\",\"width\":200,\"height\":147,\"caption\":\"Prefeitura de Capivari\"},\"image\":{\"@id\":\"https:\\\/\\\/capivari.sp.gov.br\\\/portal\\\/#\\\/schema\\\/logo\\\/image\\\/\"},\"sameAs\":[\"https:\\\/\\\/www.facebook.com\\\/PrefeituradeCapivari\\\/\",\"https:\\\/\\\/x.com\\\/PrefCapivari\",\"https:\\\/\\\/www.instagram.com\\\/prefeituracapivari\\\/\"]},{\"@type\":\"Person\",\"@id\":\"https:\\\/\\\/capivari.sp.gov.br\\\/portal\\\/#\\\/schema\\\/person\\\/98801614a91d449946b0687ae2db9f29\",\"name\":\"Thalles Cristiano\",\"image\":{\"@type\":\"ImageObject\",\"inLanguage\":\"pt-BR\",\"@id\":\"https:\\\/\\\/secure.gravatar.com\\\/avatar\\\/0d1b9a4bdcde99ab11a8cd27abdcd088993749b82c4355c0301135023dc52b3d?s=96&d=mm&r=g\",\"url\":\"https:\\\/\\\/secure.gravatar.com\\\/avatar\\\/0d1b9a4bdcde99ab11a8cd27abdcd088993749b82c4355c0301135023dc52b3d?s=96&d=mm&r=g\",\"contentUrl\":\"https:\\\/\\\/secure.gravatar.com\\\/avatar\\\/0d1b9a4bdcde99ab11a8cd27abdcd088993749b82c4355c0301135023dc52b3d?s=96&d=mm&r=g\",\"caption\":\"Thalles Cristiano\"},\"url\":\"https:\\\/\\\/capivari.sp.gov.br\\\/portal\\\/author\\\/thalles-cristiano\\\/\"}]}<\/script>\n<!-- \/ Yoast SEO plugin. -->","yoast_head_json":{"title":"S\u00e3o Jo\u00e3o e Ativa fazem grande decis\u00e3o do Futebol Amador neste domingo - Prefeitura de Capivari","robots":{"index":"index","follow":"follow","max-snippet":"max-snippet:-1","max-image-preview":"max-image-preview:large","max-video-preview":"max-video-preview:-1"},"canonical":"https:\/\/capivari.sp.gov.br\/portal\/sao-joao-e-ativa-fazem-grande-decisao-do-futebol-amador-neste-domingo\/","og_locale":"pt_BR","og_type":"article","og_title":"S\u00e3o Jo\u00e3o e Ativa fazem grande decis\u00e3o do Futebol Amador neste domingo - Prefeitura de Capivari","og_description":"Na manh\u00e3 deste domingo (21), acontece o jogo mais importante do calend\u00e1rio do futebol amador capivariano. A grande final da primeira divis\u00e3o entre S\u00e3o Jo\u00e3o e Ativa tem in\u00edcio \u00e0s 09h no Est\u00e1dio Fernando de Marco no bairro Esta\u00e7\u00e3o, onde o campe\u00e3o do torneio mais competitivo da temporada ser\u00e1 coroado. As duas equipes fizeram parte [&hellip;]","og_url":"https:\/\/capivari.sp.gov.br\/portal\/sao-joao-e-ativa-fazem-grande-decisao-do-futebol-amador-neste-domingo\/","og_site_name":"Prefeitura de Capivari","article_publisher":"https:\/\/www.facebook.com\/PrefeituradeCapivari\/","article_published_time":"2025-12-11T13:52:09+00:00","article_modified_time":"2025-12-18T13:33:22+00:00","og_image":[{"width":1600,"height":1066,"url":"https:\/\/capivari.sp.gov.br\/portal\/wp-content\/uploads\/2025\/12\/WhatsApp-Image-2025-12-11-at-10.51.38.jpeg","type":"image\/jpeg"}],"author":"Thalles Cristiano","twitter_card":"summary_large_image","twitter_creator":"@PrefCapivari","twitter_site":"@PrefCapivari","twitter_misc":{"Escrito por":"Thalles Cristiano","Est. tempo de leitura":"2 minutos"},"schema":{"@context":"https:\/\/schema.org","@graph":[{"@type":"Article","@id":"https:\/\/capivari.sp.gov.br\/portal\/sao-joao-e-ativa-fazem-grande-decisao-do-futebol-amador-neste-domingo\/#article","isPartOf":{"@id":"https:\/\/capivari.sp.gov.br\/portal\/sao-joao-e-ativa-fazem-grande-decisao-do-futebol-amador-neste-domingo\/"},"author":{"name":"Thalles Cristiano","@id":"https:\/\/capivari.sp.gov.br\/portal\/#\/schema\/person\/98801614a91d449946b0687ae2db9f29"},"headline":"S\u00e3o Jo\u00e3o e Ativa fazem grande decis\u00e3o do Futebol Amador neste domingo","datePublished":"2025-12-11T13:52:09+00:00","dateModified":"2025-12-18T13:33:22+00:00","mainEntityOfPage":{"@id":"https:\/\/capivari.sp.gov.br\/portal\/sao-joao-e-ativa-fazem-grande-decisao-do-futebol-amador-neste-domingo\/"},"wordCount":353,"commentCount":0,"publisher":{"@id":"https:\/\/capivari.sp.gov.br\/portal\/#organization"},"image":{"@id":"https:\/\/capivari.sp.gov.br\/portal\/sao-joao-e-ativa-fazem-grande-decisao-do-futebol-amador-neste-domingo\/#primaryimage"},"thumbnailUrl":"https:\/\/capivari.sp.gov.br\/portal\/wp-content\/uploads\/2025\/12\/WhatsApp-Image-2025-12-11-at-10.51.38.jpeg","articleSection":["Destaque","Esporte","Geral"],"inLanguage":"pt-BR","potentialAction":[{"@type":"CommentAction","name":"Comment","target":["https:\/\/capivari.sp.gov.br\/portal\/sao-joao-e-ativa-fazem-grande-decisao-do-futebol-amador-neste-domingo\/#respond"]}]},{"@type":"WebPage","@id":"https:\/\/capivari.sp.gov.br\/portal\/sao-joao-e-ativa-fazem-grande-decisao-do-futebol-amador-neste-domingo\/","url":"https:\/\/capivari.sp.gov.br\/portal\/sao-joao-e-ativa-fazem-grande-decisao-do-futebol-amador-neste-domingo\/","name":"S\u00e3o Jo\u00e3o e Ativa fazem grande decis\u00e3o do Futebol Amador neste domingo - Prefeitura de Capivari","isPartOf":{"@id":"https:\/\/capivari.sp.gov.br\/portal\/#website"},"primaryImageOfPage":{"@id":"https:\/\/capivari.sp.gov.br\/portal\/sao-joao-e-ativa-fazem-grande-decisao-do-futebol-amador-neste-domingo\/#primaryimage"},"image":{"@id":"https:\/\/capivari.sp.gov.br\/portal\/sao-joao-e-ativa-fazem-grande-decisao-do-futebol-amador-neste-domingo\/#primaryimage"},"thumbnailUrl":"https:\/\/capivari.sp.gov.br\/portal\/wp-content\/uploads\/2025\/12\/WhatsApp-Image-2025-12-11-at-10.51.38.jpeg","datePublished":"2025-12-11T13:52:09+00:00","dateModified":"2025-12-18T13:33:22+00:00","breadcrumb":{"@id":"https:\/\/capivari.sp.gov.br\/portal\/sao-joao-e-ativa-fazem-grande-decisao-do-futebol-amador-neste-domingo\/#breadcrumb"},"inLanguage":"pt-BR","potentialAction":[{"@type":"ReadAction","target":["https:\/\/capivari.sp.gov.br\/portal\/sao-joao-e-ativa-fazem-grande-decisao-do-futebol-amador-neste-domingo\/"]}]},{"@type":"ImageObject","inLanguage":"pt-BR","@id":"https:\/\/capivari.sp.gov.br\/portal\/sao-joao-e-ativa-fazem-grande-decisao-do-futebol-amador-neste-domingo\/#primaryimage","url":"https:\/\/capivari.sp.gov.br\/portal\/wp-content\/uploads\/2025\/12\/WhatsApp-Image-2025-12-11-at-10.51.38.jpeg","contentUrl":"https:\/\/capivari.sp.gov.br\/portal\/wp-content\/uploads\/2025\/12\/WhatsApp-Image-2025-12-11-at-10.51.38.jpeg","width":1600,"height":1066},{"@type":"BreadcrumbList","@id":"https:\/\/capivari.sp.gov.br\/portal\/sao-joao-e-ativa-fazem-grande-decisao-do-futebol-amador-neste-domingo\/#breadcrumb","itemListElement":[{"@type":"ListItem","position":1,"name":"In\u00edcio","item":"https:\/\/capivari.sp.gov.br\/portal\/"},{"@type":"ListItem","position":2,"name":"S\u00e3o Jo\u00e3o e Ativa fazem grande decis\u00e3o do Futebol Amador neste domingo"}]},{"@type":"WebSite","@id":"https:\/\/capivari.sp.gov.br\/portal\/#website","url":"https:\/\/capivari.sp.gov.br\/portal\/","name":"Prefeitura de Capivari","description":"Prefeitura de Capivari","publisher":{"@id":"https:\/\/capivari.sp.gov.br\/portal\/#organization"},"potentialAction":[{"@type":"SearchAction","target":{"@type":"EntryPoint","urlTemplate":"https:\/\/capivari.sp.gov.br\/portal\/?s={search_term_string}"},"query-input":{"@type":"PropertyValueSpecification","valueRequired":true,"valueName":"search_term_string"}}],"inLanguage":"pt-BR"},{"@type":"Organization","@id":"https:\/\/capivari.sp.gov.br\/portal\/#organization","name":"Prefeitura de Capivari","url":"https:\/\/capivari.sp.gov.br\/portal\/","logo":{"@type":"ImageObject","inLanguage":"pt-BR","@id":"https:\/\/capivari.sp.gov.br\/portal\/#\/schema\/logo\/image\/","url":"https:\/\/capivari.sp.gov.br\/portal\/wp-content\/uploads\/2021\/09\/logo-prefeitura-de-capivari.png","contentUrl":"https:\/\/capivari.sp.gov.br\/portal\/wp-content\/uploads\/2021\/09\/logo-prefeitura-de-capivari.png","width":200,"height":147,"caption":"Prefeitura de Capivari"},"image":{"@id":"https:\/\/capivari.sp.gov.br\/portal\/#\/schema\/logo\/image\/"},"sameAs":["https:\/\/www.facebook.com\/PrefeituradeCapivari\/","https:\/\/x.com\/PrefCapivari","https:\/\/www.instagram.com\/prefeituracapivari\/"]},{"@type":"Person","@id":"https:\/\/capivari.sp.gov.br\/portal\/#\/schema\/person\/98801614a91d449946b0687ae2db9f29","name":"Thalles Cristiano","image":{"@type":"ImageObject","inLanguage":"pt-BR","@id":"https:\/\/secure.gravatar.com\/avatar\/0d1b9a4bdcde99ab11a8cd27abdcd088993749b82c4355c0301135023dc52b3d?s=96&d=mm&r=g","url":"https:\/\/secure.gravatar.com\/avatar\/0d1b9a4bdcde99ab11a8cd27abdcd088993749b82c4355c0301135023dc52b3d?s=96&d=mm&r=g","contentUrl":"https:\/\/secure.gravatar.com\/avatar\/0d1b9a4bdcde99ab11a8cd27abdcd088993749b82c4355c0301135023dc52b3d?s=96&d=mm&r=g","caption":"Thalles Cristiano"},"url":"https:\/\/capivari.sp.gov.br\/portal\/author\/thalles-cristiano\/"}]}},"_links":{"self":[{"href":"https:\/\/capivari.sp.gov.br\/portal\/wp-json\/wp\/v2\/posts\/21453","targetHints":{"allow":["GET"]}}],"collection":[{"href":"https:\/\/capivari.sp.gov.br\/portal\/wp-json\/wp\/v2\/posts"}],"about":[{"href":"https:\/\/capivari.sp.gov.br\/portal\/wp-json\/wp\/v2\/types\/post"}],"author":[{"embeddable":true,"href":"https:\/\/capivari.sp.gov.br\/portal\/wp-json\/wp\/v2\/users\/2"}],"replies":[{"embeddable":true,"href":"https:\/\/capivari.sp.gov.br\/portal\/wp-json\/wp\/v2\/comments?post=21453"}],"version-history":[{"count":2,"href":"https:\/\/capivari.sp.gov.br\/portal\/wp-json\/wp\/v2\/posts\/21453\/revisions"}],"predecessor-version":[{"id":21466,"href":"https:\/\/capivari.sp.gov.br\/portal\/wp-json\/wp\/v2\/posts\/21453\/revisions\/21466"}],"wp:featuredmedia":[{"embeddable":true,"href":"https:\/\/capivari.sp.gov.br\/portal\/wp-json\/wp\/v2\/media\/21455"}],"wp:attachment":[{"href":"https:\/\/capivari.sp.gov.br\/portal\/wp-json\/wp\/v2\/media?parent=21453"}],"wp:term":[{"taxonomy":"category","embeddable":true,"href":"https:\/\/capivari.sp.gov.br\/portal\/wp-json\/wp\/v2\/categories?post=21453"},{"taxonomy":"post_tag","embeddable":true,"href":"https:\/\/capivari.sp.gov.br\/portal\/wp-json\/wp\/v2\/tags?post=21453"}],"curies":[{"name":"wp","href":"https:\/\/api.w.org\/{rel}","templated":true}]}}