{"id":21648,"date":"2026-01-29T09:01:10","date_gmt":"2026-01-29T12:01:10","guid":{"rendered":"https:\/\/capivari.sp.gov.br\/portal\/?p=21648"},"modified":"2026-01-29T09:01:10","modified_gmt":"2026-01-29T12:01:10","slug":"cerca-de-6-mil-alunos-retornam-as-aulas-no-dia-2-de-fevereiro-na-rede-municipal-de-capivari","status":"publish","type":"post","link":"https:\/\/capivari.sp.gov.br\/portal\/cerca-de-6-mil-alunos-retornam-as-aulas-no-dia-2-de-fevereiro-na-rede-municipal-de-capivari\/","title":{"rendered":"Cerca de 6 mil alunos retornam \u00e0s aulas no dia 2 de fevereiro na Rede Municipal de Capivari"},"content":{"rendered":"<p><span style=\"font-family: Arial, sans-serif;\"><span style=\"font-size: large;\">A Rede Municipal de Ensino de Capivari se prepara para o in\u00edcio de mais um ano letivo, marcado para o pr\u00f3ximo dia 2 de fevereiro, quando cerca de 6 mil alunos da Educa\u00e7\u00e3o Infantil e do Ensino Fundamental retornam \u00e0s escolas. <\/span><\/span><\/p>\n<p><span style=\"font-family: Arial, sans-serif;\"><span style=\"font-size: large;\">Antes do retorno dos estudantes, os professores da rede participaram durante toda esta semana da Forma\u00e7\u00e3o Continuada, pr\u00e1tica que j\u00e1 se tornou tradicional na atual gest\u00e3o e refor\u00e7a a valoriza\u00e7\u00e3o dos profissionais da educa\u00e7\u00e3o. <\/span><\/span><\/p>\n<p><span style=\"font-family: Arial, sans-serif;\"><span style=\"font-size: large;\">Para o secret\u00e1rio municipal de Educa\u00e7\u00e3o, Jos\u00e9 Lucas de Moraes, esse momento \u00e9 essencial para alinhar pr\u00e1ticas pedag\u00f3gicas e fortalecer o trabalho em sala de aula. \u201cA volta \u00e0s aulas \u00e9 sempre um per\u00edodo de muita expectativa. Estamos trabalhando com dedica\u00e7\u00e3o para oferecer um ambiente acolhedor, com qualidade de ensino e aten\u00e7\u00e3o \u00e0s necessidades dos nossos alunos. Nosso objetivo \u00e9 fortalecer ainda mais a educa\u00e7\u00e3o p\u00fablica de Capivari, investindo sempre em estrutura, mas principalmente nas pessoas\u201d, destacou o secret\u00e1rio.<\/p>\n<p>O ano letivo de 2026 ser\u00e1 norteado pelo projeto \u201cConhecendo o Mundo por Meio das Culturas\u201d, que tem como objetivo geral promover o conhecimento, a valoriza\u00e7\u00e3o e o respeito \u00e0 diversidade cultural mundial, desenvolvendo nos estudantes o sentimento de pertencimento, identidade cultural, conviv\u00eancia e compreens\u00e3o das pluralidades que comp\u00f5em as na\u00e7\u00f5es do mundo. A proposta ser\u00e1 trabalhada de forma transversal nas unidades escolares.<\/p>\n<p>Na Educa\u00e7\u00e3o Infantil, a rede municipal avan\u00e7a ainda mais com a expans\u00e3o formativa do programa \u201cCapivari do Amanh\u00e3\u201d, que em 2026 passar\u00e1 a contemplar mais quatro escolas. Atualmente, tr\u00eas unidades j\u00e1 s\u00e3o escolas refer\u00eancia no programa, fundamentado nos princ\u00edpios da Pedagogia Floren\u00e7a, e contam tamb\u00e9m com o inovador Programa de Comunica\u00e7\u00e3o Ativa, fortalecendo o protagonismo infantil, o v\u00ednculo com as fam\u00edlias e pr\u00e1ticas pedag\u00f3gicas de excel\u00eancia.<\/p>\n<p>O prefeito Vit\u00e3o <\/span><\/span><span style=\"font-family: Arial, sans-serif;\"><span style=\"font-size: large;\">Riccomini<\/span><\/span><span style=\"font-family: Arial, sans-serif;\"><span style=\"font-size: large;\"> ressaltou que os investimentos na educa\u00e7\u00e3o refletem uma vis\u00e3o de futuro e cuidado com as novas gera\u00e7\u00f5es. \u201cEduca\u00e7\u00e3o \u00e9 prioridade em nossa gest\u00e3o. Estamos investindo de forma integrada em infraestrutura, no pedag\u00f3gico e, principalmente, na forma\u00e7\u00e3o de pessoas. Programas inovadores, inclus\u00e3o, valoriza\u00e7\u00e3o dos profissionais e projetos que ampliam o olhar das nossas crian\u00e7as para o mundo s\u00e3o marcas do trabalho que estamos construindo em Capivari\u201d, afirmou o prefeito.<\/p>\n<p>Al\u00e9m do planejamento pedag\u00f3gico, as equipes escolares est\u00e3o preparadas para orientar pais e respons\u00e1veis quanto aos hor\u00e1rios, materiais escolares e rotinas do in\u00edcio do ano letivo, refor\u00e7ando o di\u00e1logo e a parceria entre escola e fam\u00edlia.<\/span><\/span><\/p>\n","protected":false},"excerpt":{"rendered":"<p>A Rede Municipal de Ensino de Capivari se prepara para o in\u00edcio de mais um ano letivo, marcado para o pr\u00f3ximo dia 2 de fevereiro, quando cerca de 6 mil alunos da Educa\u00e7\u00e3o Infantil e do Ensino Fundamental retornam \u00e0s escolas. Antes do retorno dos estudantes, os professores da rede participaram durante toda esta semana [&hellip;]<\/p>\n","protected":false},"author":15,"featured_media":21650,"comment_status":"open","ping_status":"open","sticky":false,"template":"","format":"standard","meta":{"ocean_post_layout":"","ocean_both_sidebars_style":"","ocean_both_sidebars_content_width":0,"ocean_both_sidebars_sidebars_width":0,"ocean_sidebar":"","ocean_second_sidebar":"","ocean_disable_margins":"enable","ocean_add_body_class":"","ocean_shortcode_before_top_bar":"","ocean_shortcode_after_top_bar":"","ocean_shortcode_before_header":"","ocean_shortcode_after_header":"","ocean_has_shortcode":"","ocean_shortcode_after_title":"","ocean_shortcode_before_footer_widgets":"","ocean_shortcode_after_footer_widgets":"","ocean_shortcode_before_footer_bottom":"","ocean_shortcode_after_footer_bottom":"","ocean_display_top_bar":"default","ocean_display_header":"default","ocean_header_style":"","ocean_center_header_left_menu":"","ocean_custom_header_template":"","ocean_custom_logo":0,"ocean_custom_retina_logo":0,"ocean_custom_logo_max_width":0,"ocean_custom_logo_tablet_max_width":0,"ocean_custom_logo_mobile_max_width":0,"ocean_custom_logo_max_height":0,"ocean_custom_logo_tablet_max_height":0,"ocean_custom_logo_mobile_max_height":0,"ocean_header_custom_menu":"","ocean_menu_typo_font_family":"","ocean_menu_typo_font_subset":"","ocean_menu_typo_font_size":0,"ocean_menu_typo_font_size_tablet":0,"ocean_menu_typo_font_size_mobile":0,"ocean_menu_typo_font_size_unit":"px","ocean_menu_typo_font_weight":"","ocean_menu_typo_font_weight_tablet":"","ocean_menu_typo_font_weight_mobile":"","ocean_menu_typo_transform":"","ocean_menu_typo_transform_tablet":"","ocean_menu_typo_transform_mobile":"","ocean_menu_typo_line_height":0,"ocean_menu_typo_line_height_tablet":0,"ocean_menu_typo_line_height_mobile":0,"ocean_menu_typo_line_height_unit":"","ocean_menu_typo_spacing":0,"ocean_menu_typo_spacing_tablet":0,"ocean_menu_typo_spacing_mobile":0,"ocean_menu_typo_spacing_unit":"","ocean_menu_link_color":"","ocean_menu_link_color_hover":"","ocean_menu_link_color_active":"","ocean_menu_link_background":"","ocean_menu_link_hover_background":"","ocean_menu_link_active_background":"","ocean_menu_social_links_bg":"","ocean_menu_social_hover_links_bg":"","ocean_menu_social_links_color":"","ocean_menu_social_hover_links_color":"","ocean_disable_title":"default","ocean_disable_heading":"default","ocean_post_title":"","ocean_post_subheading":"","ocean_post_title_style":"","ocean_post_title_background_color":"","ocean_post_title_background":0,"ocean_post_title_bg_image_position":"","ocean_post_title_bg_image_attachment":"","ocean_post_title_bg_image_repeat":"","ocean_post_title_bg_image_size":"","ocean_post_title_height":0,"ocean_post_title_bg_overlay":0.5,"ocean_post_title_bg_overlay_color":"","ocean_disable_breadcrumbs":"default","ocean_breadcrumbs_color":"","ocean_breadcrumbs_separator_color":"","ocean_breadcrumbs_links_color":"","ocean_breadcrumbs_links_hover_color":"","ocean_display_footer_widgets":"default","ocean_display_footer_bottom":"default","ocean_custom_footer_template":"","ocean_post_oembed":"","ocean_post_self_hosted_media":"","ocean_post_video_embed":"","ocean_link_format":"","ocean_link_format_target":"self","ocean_quote_format":"","ocean_quote_format_link":"post","ocean_gallery_link_images":"on","ocean_gallery_id":[],"footnotes":""},"categories":[4,21,5],"tags":[],"class_list":["post-21648","post","type-post","status-publish","format-standard","has-post-thumbnail","hentry","category-destaque","category-educacao","category-geral","entry","has-media"],"yoast_head":"<!-- This site is optimized with the Yoast SEO plugin v27.5 - https:\/\/yoast.com\/product\/yoast-seo-wordpress\/ -->\n<title>Cerca de 6 mil alunos retornam \u00e0s aulas no dia 2 de fevereiro na Rede Municipal de Capivari - Prefeitura de Capivari<\/title>\n<meta name=\"robots\" content=\"index, follow, max-snippet:-1, max-image-preview:large, max-video-preview:-1\" \/>\n<link rel=\"canonical\" href=\"https:\/\/capivari.sp.gov.br\/portal\/cerca-de-6-mil-alunos-retornam-as-aulas-no-dia-2-de-fevereiro-na-rede-municipal-de-capivari\/\" \/>\n<meta property=\"og:locale\" content=\"pt_BR\" \/>\n<meta property=\"og:type\" content=\"article\" \/>\n<meta property=\"og:title\" content=\"Cerca de 6 mil alunos retornam \u00e0s aulas no dia 2 de fevereiro na Rede Municipal de Capivari - Prefeitura de Capivari\" \/>\n<meta property=\"og:description\" content=\"A Rede Municipal de Ensino de Capivari se prepara para o in\u00edcio de mais um ano letivo, marcado para o pr\u00f3ximo dia 2 de fevereiro, quando cerca de 6 mil alunos da Educa\u00e7\u00e3o Infantil e do Ensino Fundamental retornam \u00e0s escolas. Antes do retorno dos estudantes, os professores da rede participaram durante toda esta semana [&hellip;]\" \/>\n<meta property=\"og:url\" content=\"https:\/\/capivari.sp.gov.br\/portal\/cerca-de-6-mil-alunos-retornam-as-aulas-no-dia-2-de-fevereiro-na-rede-municipal-de-capivari\/\" \/>\n<meta property=\"og:site_name\" content=\"Prefeitura de Capivari\" \/>\n<meta property=\"article:publisher\" content=\"https:\/\/www.facebook.com\/PrefeituradeCapivari\/\" \/>\n<meta property=\"article:published_time\" content=\"2026-01-29T12:01:10+00:00\" \/>\n<meta property=\"og:image\" content=\"https:\/\/capivari.sp.gov.br\/portal\/wp-content\/uploads\/2026\/01\/Volta-as-aulas.jpeg\" \/>\n\t<meta property=\"og:image:width\" content=\"1600\" \/>\n\t<meta property=\"og:image:height\" content=\"1066\" \/>\n\t<meta property=\"og:image:type\" content=\"image\/jpeg\" \/>\n<meta name=\"author\" content=\"Luciano Assis\" \/>\n<meta name=\"twitter:card\" content=\"summary_large_image\" \/>\n<meta name=\"twitter:creator\" content=\"@PrefCapivari\" \/>\n<meta name=\"twitter:site\" content=\"@PrefCapivari\" \/>\n<meta name=\"twitter:label1\" content=\"Escrito por\" \/>\n\t<meta name=\"twitter:data1\" content=\"Luciano Assis\" \/>\n\t<meta name=\"twitter:label2\" content=\"Est. tempo de leitura\" \/>\n\t<meta name=\"twitter:data2\" content=\"3 minutos\" \/>\n<script type=\"application\/ld+json\" class=\"yoast-schema-graph\">{\"@context\":\"https:\\\/\\\/schema.org\",\"@graph\":[{\"@type\":\"Article\",\"@id\":\"https:\\\/\\\/capivari.sp.gov.br\\\/portal\\\/cerca-de-6-mil-alunos-retornam-as-aulas-no-dia-2-de-fevereiro-na-rede-municipal-de-capivari\\\/#article\",\"isPartOf\":{\"@id\":\"https:\\\/\\\/capivari.sp.gov.br\\\/portal\\\/cerca-de-6-mil-alunos-retornam-as-aulas-no-dia-2-de-fevereiro-na-rede-municipal-de-capivari\\\/\"},\"author\":{\"name\":\"Luciano Assis\",\"@id\":\"https:\\\/\\\/capivari.sp.gov.br\\\/portal\\\/#\\\/schema\\\/person\\\/ac37113577adfc1517e0cfa854b830b4\"},\"headline\":\"Cerca de 6 mil alunos retornam \u00e0s aulas no dia 2 de fevereiro na Rede Municipal de Capivari\",\"datePublished\":\"2026-01-29T12:01:10+00:00\",\"mainEntityOfPage\":{\"@id\":\"https:\\\/\\\/capivari.sp.gov.br\\\/portal\\\/cerca-de-6-mil-alunos-retornam-as-aulas-no-dia-2-de-fevereiro-na-rede-municipal-de-capivari\\\/\"},\"wordCount\":458,\"commentCount\":0,\"publisher\":{\"@id\":\"https:\\\/\\\/capivari.sp.gov.br\\\/portal\\\/#organization\"},\"image\":{\"@id\":\"https:\\\/\\\/capivari.sp.gov.br\\\/portal\\\/cerca-de-6-mil-alunos-retornam-as-aulas-no-dia-2-de-fevereiro-na-rede-municipal-de-capivari\\\/#primaryimage\"},\"thumbnailUrl\":\"https:\\\/\\\/capivari.sp.gov.br\\\/portal\\\/wp-content\\\/uploads\\\/2026\\\/01\\\/Volta-as-aulas.jpeg\",\"articleSection\":[\"Destaque\",\"Educa\u00e7\u00e3o\",\"Geral\"],\"inLanguage\":\"pt-BR\",\"potentialAction\":[{\"@type\":\"CommentAction\",\"name\":\"Comment\",\"target\":[\"https:\\\/\\\/capivari.sp.gov.br\\\/portal\\\/cerca-de-6-mil-alunos-retornam-as-aulas-no-dia-2-de-fevereiro-na-rede-municipal-de-capivari\\\/#respond\"]}]},{\"@type\":\"WebPage\",\"@id\":\"https:\\\/\\\/capivari.sp.gov.br\\\/portal\\\/cerca-de-6-mil-alunos-retornam-as-aulas-no-dia-2-de-fevereiro-na-rede-municipal-de-capivari\\\/\",\"url\":\"https:\\\/\\\/capivari.sp.gov.br\\\/portal\\\/cerca-de-6-mil-alunos-retornam-as-aulas-no-dia-2-de-fevereiro-na-rede-municipal-de-capivari\\\/\",\"name\":\"Cerca de 6 mil alunos retornam \u00e0s aulas no dia 2 de fevereiro na Rede Municipal de Capivari - Prefeitura de Capivari\",\"isPartOf\":{\"@id\":\"https:\\\/\\\/capivari.sp.gov.br\\\/portal\\\/#website\"},\"primaryImageOfPage\":{\"@id\":\"https:\\\/\\\/capivari.sp.gov.br\\\/portal\\\/cerca-de-6-mil-alunos-retornam-as-aulas-no-dia-2-de-fevereiro-na-rede-municipal-de-capivari\\\/#primaryimage\"},\"image\":{\"@id\":\"https:\\\/\\\/capivari.sp.gov.br\\\/portal\\\/cerca-de-6-mil-alunos-retornam-as-aulas-no-dia-2-de-fevereiro-na-rede-municipal-de-capivari\\\/#primaryimage\"},\"thumbnailUrl\":\"https:\\\/\\\/capivari.sp.gov.br\\\/portal\\\/wp-content\\\/uploads\\\/2026\\\/01\\\/Volta-as-aulas.jpeg\",\"datePublished\":\"2026-01-29T12:01:10+00:00\",\"breadcrumb\":{\"@id\":\"https:\\\/\\\/capivari.sp.gov.br\\\/portal\\\/cerca-de-6-mil-alunos-retornam-as-aulas-no-dia-2-de-fevereiro-na-rede-municipal-de-capivari\\\/#breadcrumb\"},\"inLanguage\":\"pt-BR\",\"potentialAction\":[{\"@type\":\"ReadAction\",\"target\":[\"https:\\\/\\\/capivari.sp.gov.br\\\/portal\\\/cerca-de-6-mil-alunos-retornam-as-aulas-no-dia-2-de-fevereiro-na-rede-municipal-de-capivari\\\/\"]}]},{\"@type\":\"ImageObject\",\"inLanguage\":\"pt-BR\",\"@id\":\"https:\\\/\\\/capivari.sp.gov.br\\\/portal\\\/cerca-de-6-mil-alunos-retornam-as-aulas-no-dia-2-de-fevereiro-na-rede-municipal-de-capivari\\\/#primaryimage\",\"url\":\"https:\\\/\\\/capivari.sp.gov.br\\\/portal\\\/wp-content\\\/uploads\\\/2026\\\/01\\\/Volta-as-aulas.jpeg\",\"contentUrl\":\"https:\\\/\\\/capivari.sp.gov.br\\\/portal\\\/wp-content\\\/uploads\\\/2026\\\/01\\\/Volta-as-aulas.jpeg\",\"width\":1600,\"height\":1066},{\"@type\":\"BreadcrumbList\",\"@id\":\"https:\\\/\\\/capivari.sp.gov.br\\\/portal\\\/cerca-de-6-mil-alunos-retornam-as-aulas-no-dia-2-de-fevereiro-na-rede-municipal-de-capivari\\\/#breadcrumb\",\"itemListElement\":[{\"@type\":\"ListItem\",\"position\":1,\"name\":\"In\u00edcio\",\"item\":\"https:\\\/\\\/capivari.sp.gov.br\\\/portal\\\/\"},{\"@type\":\"ListItem\",\"position\":2,\"name\":\"Cerca de 6 mil alunos retornam \u00e0s aulas no dia 2 de fevereiro na Rede Municipal de Capivari\"}]},{\"@type\":\"WebSite\",\"@id\":\"https:\\\/\\\/capivari.sp.gov.br\\\/portal\\\/#website\",\"url\":\"https:\\\/\\\/capivari.sp.gov.br\\\/portal\\\/\",\"name\":\"Prefeitura de Capivari\",\"description\":\"Prefeitura de Capivari\",\"publisher\":{\"@id\":\"https:\\\/\\\/capivari.sp.gov.br\\\/portal\\\/#organization\"},\"potentialAction\":[{\"@type\":\"SearchAction\",\"target\":{\"@type\":\"EntryPoint\",\"urlTemplate\":\"https:\\\/\\\/capivari.sp.gov.br\\\/portal\\\/?s={search_term_string}\"},\"query-input\":{\"@type\":\"PropertyValueSpecification\",\"valueRequired\":true,\"valueName\":\"search_term_string\"}}],\"inLanguage\":\"pt-BR\"},{\"@type\":\"Organization\",\"@id\":\"https:\\\/\\\/capivari.sp.gov.br\\\/portal\\\/#organization\",\"name\":\"Prefeitura de Capivari\",\"url\":\"https:\\\/\\\/capivari.sp.gov.br\\\/portal\\\/\",\"logo\":{\"@type\":\"ImageObject\",\"inLanguage\":\"pt-BR\",\"@id\":\"https:\\\/\\\/capivari.sp.gov.br\\\/portal\\\/#\\\/schema\\\/logo\\\/image\\\/\",\"url\":\"https:\\\/\\\/capivari.sp.gov.br\\\/portal\\\/wp-content\\\/uploads\\\/2021\\\/09\\\/logo-prefeitura-de-capivari.png\",\"contentUrl\":\"https:\\\/\\\/capivari.sp.gov.br\\\/portal\\\/wp-content\\\/uploads\\\/2021\\\/09\\\/logo-prefeitura-de-capivari.png\",\"width\":200,\"height\":147,\"caption\":\"Prefeitura de Capivari\"},\"image\":{\"@id\":\"https:\\\/\\\/capivari.sp.gov.br\\\/portal\\\/#\\\/schema\\\/logo\\\/image\\\/\"},\"sameAs\":[\"https:\\\/\\\/www.facebook.com\\\/PrefeituradeCapivari\\\/\",\"https:\\\/\\\/x.com\\\/PrefCapivari\",\"https:\\\/\\\/www.instagram.com\\\/prefeituracapivari\\\/\"]},{\"@type\":\"Person\",\"@id\":\"https:\\\/\\\/capivari.sp.gov.br\\\/portal\\\/#\\\/schema\\\/person\\\/ac37113577adfc1517e0cfa854b830b4\",\"name\":\"Luciano Assis\",\"image\":{\"@type\":\"ImageObject\",\"inLanguage\":\"pt-BR\",\"@id\":\"https:\\\/\\\/secure.gravatar.com\\\/avatar\\\/ec163f977a02ac195ce6085f5110a8c4c8c6cc357c134002f73b4664772e79a5?s=96&d=mm&r=g\",\"url\":\"https:\\\/\\\/secure.gravatar.com\\\/avatar\\\/ec163f977a02ac195ce6085f5110a8c4c8c6cc357c134002f73b4664772e79a5?s=96&d=mm&r=g\",\"contentUrl\":\"https:\\\/\\\/secure.gravatar.com\\\/avatar\\\/ec163f977a02ac195ce6085f5110a8c4c8c6cc357c134002f73b4664772e79a5?s=96&d=mm&r=g\",\"caption\":\"Luciano Assis\"},\"url\":\"https:\\\/\\\/capivari.sp.gov.br\\\/portal\\\/author\\\/luciano-assis\\\/\"}]}<\/script>\n<!-- \/ Yoast SEO plugin. -->","yoast_head_json":{"title":"Cerca de 6 mil alunos retornam \u00e0s aulas no dia 2 de fevereiro na Rede Municipal de Capivari - Prefeitura de Capivari","robots":{"index":"index","follow":"follow","max-snippet":"max-snippet:-1","max-image-preview":"max-image-preview:large","max-video-preview":"max-video-preview:-1"},"canonical":"https:\/\/capivari.sp.gov.br\/portal\/cerca-de-6-mil-alunos-retornam-as-aulas-no-dia-2-de-fevereiro-na-rede-municipal-de-capivari\/","og_locale":"pt_BR","og_type":"article","og_title":"Cerca de 6 mil alunos retornam \u00e0s aulas no dia 2 de fevereiro na Rede Municipal de Capivari - Prefeitura de Capivari","og_description":"A Rede Municipal de Ensino de Capivari se prepara para o in\u00edcio de mais um ano letivo, marcado para o pr\u00f3ximo dia 2 de fevereiro, quando cerca de 6 mil alunos da Educa\u00e7\u00e3o Infantil e do Ensino Fundamental retornam \u00e0s escolas. Antes do retorno dos estudantes, os professores da rede participaram durante toda esta semana [&hellip;]","og_url":"https:\/\/capivari.sp.gov.br\/portal\/cerca-de-6-mil-alunos-retornam-as-aulas-no-dia-2-de-fevereiro-na-rede-municipal-de-capivari\/","og_site_name":"Prefeitura de Capivari","article_publisher":"https:\/\/www.facebook.com\/PrefeituradeCapivari\/","article_published_time":"2026-01-29T12:01:10+00:00","og_image":[{"width":1600,"height":1066,"url":"https:\/\/capivari.sp.gov.br\/portal\/wp-content\/uploads\/2026\/01\/Volta-as-aulas.jpeg","type":"image\/jpeg"}],"author":"Luciano Assis","twitter_card":"summary_large_image","twitter_creator":"@PrefCapivari","twitter_site":"@PrefCapivari","twitter_misc":{"Escrito por":"Luciano Assis","Est. tempo de leitura":"3 minutos"},"schema":{"@context":"https:\/\/schema.org","@graph":[{"@type":"Article","@id":"https:\/\/capivari.sp.gov.br\/portal\/cerca-de-6-mil-alunos-retornam-as-aulas-no-dia-2-de-fevereiro-na-rede-municipal-de-capivari\/#article","isPartOf":{"@id":"https:\/\/capivari.sp.gov.br\/portal\/cerca-de-6-mil-alunos-retornam-as-aulas-no-dia-2-de-fevereiro-na-rede-municipal-de-capivari\/"},"author":{"name":"Luciano Assis","@id":"https:\/\/capivari.sp.gov.br\/portal\/#\/schema\/person\/ac37113577adfc1517e0cfa854b830b4"},"headline":"Cerca de 6 mil alunos retornam \u00e0s aulas no dia 2 de fevereiro na Rede Municipal de Capivari","datePublished":"2026-01-29T12:01:10+00:00","mainEntityOfPage":{"@id":"https:\/\/capivari.sp.gov.br\/portal\/cerca-de-6-mil-alunos-retornam-as-aulas-no-dia-2-de-fevereiro-na-rede-municipal-de-capivari\/"},"wordCount":458,"commentCount":0,"publisher":{"@id":"https:\/\/capivari.sp.gov.br\/portal\/#organization"},"image":{"@id":"https:\/\/capivari.sp.gov.br\/portal\/cerca-de-6-mil-alunos-retornam-as-aulas-no-dia-2-de-fevereiro-na-rede-municipal-de-capivari\/#primaryimage"},"thumbnailUrl":"https:\/\/capivari.sp.gov.br\/portal\/wp-content\/uploads\/2026\/01\/Volta-as-aulas.jpeg","articleSection":["Destaque","Educa\u00e7\u00e3o","Geral"],"inLanguage":"pt-BR","potentialAction":[{"@type":"CommentAction","name":"Comment","target":["https:\/\/capivari.sp.gov.br\/portal\/cerca-de-6-mil-alunos-retornam-as-aulas-no-dia-2-de-fevereiro-na-rede-municipal-de-capivari\/#respond"]}]},{"@type":"WebPage","@id":"https:\/\/capivari.sp.gov.br\/portal\/cerca-de-6-mil-alunos-retornam-as-aulas-no-dia-2-de-fevereiro-na-rede-municipal-de-capivari\/","url":"https:\/\/capivari.sp.gov.br\/portal\/cerca-de-6-mil-alunos-retornam-as-aulas-no-dia-2-de-fevereiro-na-rede-municipal-de-capivari\/","name":"Cerca de 6 mil alunos retornam \u00e0s aulas no dia 2 de fevereiro na Rede Municipal de Capivari - Prefeitura de Capivari","isPartOf":{"@id":"https:\/\/capivari.sp.gov.br\/portal\/#website"},"primaryImageOfPage":{"@id":"https:\/\/capivari.sp.gov.br\/portal\/cerca-de-6-mil-alunos-retornam-as-aulas-no-dia-2-de-fevereiro-na-rede-municipal-de-capivari\/#primaryimage"},"image":{"@id":"https:\/\/capivari.sp.gov.br\/portal\/cerca-de-6-mil-alunos-retornam-as-aulas-no-dia-2-de-fevereiro-na-rede-municipal-de-capivari\/#primaryimage"},"thumbnailUrl":"https:\/\/capivari.sp.gov.br\/portal\/wp-content\/uploads\/2026\/01\/Volta-as-aulas.jpeg","datePublished":"2026-01-29T12:01:10+00:00","breadcrumb":{"@id":"https:\/\/capivari.sp.gov.br\/portal\/cerca-de-6-mil-alunos-retornam-as-aulas-no-dia-2-de-fevereiro-na-rede-municipal-de-capivari\/#breadcrumb"},"inLanguage":"pt-BR","potentialAction":[{"@type":"ReadAction","target":["https:\/\/capivari.sp.gov.br\/portal\/cerca-de-6-mil-alunos-retornam-as-aulas-no-dia-2-de-fevereiro-na-rede-municipal-de-capivari\/"]}]},{"@type":"ImageObject","inLanguage":"pt-BR","@id":"https:\/\/capivari.sp.gov.br\/portal\/cerca-de-6-mil-alunos-retornam-as-aulas-no-dia-2-de-fevereiro-na-rede-municipal-de-capivari\/#primaryimage","url":"https:\/\/capivari.sp.gov.br\/portal\/wp-content\/uploads\/2026\/01\/Volta-as-aulas.jpeg","contentUrl":"https:\/\/capivari.sp.gov.br\/portal\/wp-content\/uploads\/2026\/01\/Volta-as-aulas.jpeg","width":1600,"height":1066},{"@type":"BreadcrumbList","@id":"https:\/\/capivari.sp.gov.br\/portal\/cerca-de-6-mil-alunos-retornam-as-aulas-no-dia-2-de-fevereiro-na-rede-municipal-de-capivari\/#breadcrumb","itemListElement":[{"@type":"ListItem","position":1,"name":"In\u00edcio","item":"https:\/\/capivari.sp.gov.br\/portal\/"},{"@type":"ListItem","position":2,"name":"Cerca de 6 mil alunos retornam \u00e0s aulas no dia 2 de fevereiro na Rede Municipal de Capivari"}]},{"@type":"WebSite","@id":"https:\/\/capivari.sp.gov.br\/portal\/#website","url":"https:\/\/capivari.sp.gov.br\/portal\/","name":"Prefeitura de Capivari","description":"Prefeitura de Capivari","publisher":{"@id":"https:\/\/capivari.sp.gov.br\/portal\/#organization"},"potentialAction":[{"@type":"SearchAction","target":{"@type":"EntryPoint","urlTemplate":"https:\/\/capivari.sp.gov.br\/portal\/?s={search_term_string}"},"query-input":{"@type":"PropertyValueSpecification","valueRequired":true,"valueName":"search_term_string"}}],"inLanguage":"pt-BR"},{"@type":"Organization","@id":"https:\/\/capivari.sp.gov.br\/portal\/#organization","name":"Prefeitura de Capivari","url":"https:\/\/capivari.sp.gov.br\/portal\/","logo":{"@type":"ImageObject","inLanguage":"pt-BR","@id":"https:\/\/capivari.sp.gov.br\/portal\/#\/schema\/logo\/image\/","url":"https:\/\/capivari.sp.gov.br\/portal\/wp-content\/uploads\/2021\/09\/logo-prefeitura-de-capivari.png","contentUrl":"https:\/\/capivari.sp.gov.br\/portal\/wp-content\/uploads\/2021\/09\/logo-prefeitura-de-capivari.png","width":200,"height":147,"caption":"Prefeitura de Capivari"},"image":{"@id":"https:\/\/capivari.sp.gov.br\/portal\/#\/schema\/logo\/image\/"},"sameAs":["https:\/\/www.facebook.com\/PrefeituradeCapivari\/","https:\/\/x.com\/PrefCapivari","https:\/\/www.instagram.com\/prefeituracapivari\/"]},{"@type":"Person","@id":"https:\/\/capivari.sp.gov.br\/portal\/#\/schema\/person\/ac37113577adfc1517e0cfa854b830b4","name":"Luciano Assis","image":{"@type":"ImageObject","inLanguage":"pt-BR","@id":"https:\/\/secure.gravatar.com\/avatar\/ec163f977a02ac195ce6085f5110a8c4c8c6cc357c134002f73b4664772e79a5?s=96&d=mm&r=g","url":"https:\/\/secure.gravatar.com\/avatar\/ec163f977a02ac195ce6085f5110a8c4c8c6cc357c134002f73b4664772e79a5?s=96&d=mm&r=g","contentUrl":"https:\/\/secure.gravatar.com\/avatar\/ec163f977a02ac195ce6085f5110a8c4c8c6cc357c134002f73b4664772e79a5?s=96&d=mm&r=g","caption":"Luciano Assis"},"url":"https:\/\/capivari.sp.gov.br\/portal\/author\/luciano-assis\/"}]}},"_links":{"self":[{"href":"https:\/\/capivari.sp.gov.br\/portal\/wp-json\/wp\/v2\/posts\/21648","targetHints":{"allow":["GET"]}}],"collection":[{"href":"https:\/\/capivari.sp.gov.br\/portal\/wp-json\/wp\/v2\/posts"}],"about":[{"href":"https:\/\/capivari.sp.gov.br\/portal\/wp-json\/wp\/v2\/types\/post"}],"author":[{"embeddable":true,"href":"https:\/\/capivari.sp.gov.br\/portal\/wp-json\/wp\/v2\/users\/15"}],"replies":[{"embeddable":true,"href":"https:\/\/capivari.sp.gov.br\/portal\/wp-json\/wp\/v2\/comments?post=21648"}],"version-history":[{"count":1,"href":"https:\/\/capivari.sp.gov.br\/portal\/wp-json\/wp\/v2\/posts\/21648\/revisions"}],"predecessor-version":[{"id":21651,"href":"https:\/\/capivari.sp.gov.br\/portal\/wp-json\/wp\/v2\/posts\/21648\/revisions\/21651"}],"wp:featuredmedia":[{"embeddable":true,"href":"https:\/\/capivari.sp.gov.br\/portal\/wp-json\/wp\/v2\/media\/21650"}],"wp:attachment":[{"href":"https:\/\/capivari.sp.gov.br\/portal\/wp-json\/wp\/v2\/media?parent=21648"}],"wp:term":[{"taxonomy":"category","embeddable":true,"href":"https:\/\/capivari.sp.gov.br\/portal\/wp-json\/wp\/v2\/categories?post=21648"},{"taxonomy":"post_tag","embeddable":true,"href":"https:\/\/capivari.sp.gov.br\/portal\/wp-json\/wp\/v2\/tags?post=21648"}],"curies":[{"name":"wp","href":"https:\/\/api.w.org\/{rel}","templated":true}]}}