{"id":21659,"date":"2026-01-29T09:52:20","date_gmt":"2026-01-29T12:52:20","guid":{"rendered":"https:\/\/capivari.sp.gov.br\/portal\/?p=21659"},"modified":"2026-01-29T09:52:20","modified_gmt":"2026-01-29T12:52:20","slug":"acao-do-projeto-novos-rumos-do-creas-capivari-promove-reintegracao-familiar-de-jovem-afastado-da-familia-ha-tres-anos","status":"publish","type":"post","link":"https:\/\/capivari.sp.gov.br\/portal\/acao-do-projeto-novos-rumos-do-creas-capivari-promove-reintegracao-familiar-de-jovem-afastado-da-familia-ha-tres-anos\/","title":{"rendered":"A\u00e7\u00e3o do Projeto Novos Rumos do Creas Capivari promove reintegra\u00e7\u00e3o familiar de jovem afastado da fam\u00edlia h\u00e1 tr\u00eas anos"},"content":{"rendered":"<p>O Projeto Novos Rumos, desenvolvido pelo Centro de Refer\u00eancia Especializado de Assist\u00eancia Social (CREAS), possibilitou o reencontro de um jovem com sua fam\u00edlia. Mateus Macedo Lima, de 18 anos, estava h\u00e1 tr\u00eas anos afastado dos familiares, que residem no munic\u00edpio de Itaberaba, na Bahia.<\/p>\n<p>O jovem procurou o CREAS de Capivari no in\u00edcio de 2026 e relatou que deixou sua cidade natal ainda menor de idade, em decorr\u00eancia de conflitos familiares. Sem contar com uma rede de apoio, deslocou-se por conta pr\u00f3pria at\u00e9 Capivari, onde permaneceu por aproximadamente tr\u00eas anos, trabalhando, na maior parte do per\u00edodo, de forma informal.<\/p>\n<p>Em novembro de 2025, ap\u00f3s perder o emprego e sem v\u00ednculos familiares ou sociais no munic\u00edpio, Mateus passou a vivenciar uma situa\u00e7\u00e3o de vulnerabilidade social, chegando a enfrentar a condi\u00e7\u00e3o de rua.<\/p>\n<p>Diante desse contexto, ele buscou apoio junto \u00e0 equipe do Projeto Novos Rumos, que realizou o levantamento das informa\u00e7\u00f5es necess\u00e1rias e iniciou a busca por familiares. A fam\u00edlia foi localizada e, diante da impossibilidade financeira para custear o retorno, a Prefeitura de Capivari viabilizou a passagem para que o jovem pudesse retornar \u00e0 sua cidade de origem.<br \/>\nCom isso, Mateus foi reintegrado ao conv\u00edvio familiar, evidenciando a relev\u00e2ncia da atua\u00e7\u00e3o da rede de prote\u00e7\u00e3o social e do trabalho intersetorial no acolhimento e na garantia de direitos de pessoas em situa\u00e7\u00e3o de vulnerabilidade.<\/p>\n<p>A secret\u00e1ria de Desenvolvimento Social, Luciana Amaral, destacou a atua\u00e7\u00e3o da pasta na prote\u00e7\u00e3o social e no atendimento a pessoas em situa\u00e7\u00e3o de vulnerabilidade. \u201cNosso papel \u00e9 agir quando algu\u00e9m chega ao limite da exclus\u00e3o. A partir de uma escuta qualificada, mobilizamos recursos, articulamos servi\u00e7os e constru\u00edmos solu\u00e7\u00f5es concretas. Esse resultado mostra que pol\u00edticas p\u00fablicas bem executadas n\u00e3o s\u00e3o discurso, s\u00e3o resposta. Trabalhar com responsabilidade social \u00e9 garantir pertencimento, prote\u00e7\u00e3o e novas oportunidades para quem teve seus direitos fragilizados\u201d, ressaltou.<\/p>\n<p>O Projeto Novos Rumos atende pessoas em situa\u00e7\u00e3o de rua com acolhimento, acompanhamento psicossocial e encaminhamentos para acesso a direitos e servi\u00e7os p\u00fablicos, por meio de abordagens sociais e atendimentos no CREAS. A iniciativa garante escuta qualificada, atendimento \u00e0s necessidades b\u00e1sicas, articula\u00e7\u00e3o com as redes de sa\u00fade e assist\u00eancia social e atua no fortalecimento de v\u00ednculos familiares e comunit\u00e1rios, promovendo a dignidade humana e a continuidade do cuidado.<\/p>\n","protected":false},"excerpt":{"rendered":"<p>O Projeto Novos Rumos, desenvolvido pelo Centro de Refer\u00eancia Especializado de Assist\u00eancia Social (CREAS), possibilitou o reencontro de um jovem com sua fam\u00edlia. Mateus Macedo Lima, de 18 anos, estava h\u00e1 tr\u00eas anos afastado dos familiares, que residem no munic\u00edpio de Itaberaba, na Bahia. O jovem procurou o CREAS de Capivari no in\u00edcio de 2026 [&hellip;]<\/p>\n","protected":false},"author":16,"featured_media":21660,"comment_status":"open","ping_status":"open","sticky":false,"template":"","format":"standard","meta":{"ocean_post_layout":"","ocean_both_sidebars_style":"","ocean_both_sidebars_content_width":0,"ocean_both_sidebars_sidebars_width":0,"ocean_sidebar":"","ocean_second_sidebar":"","ocean_disable_margins":"enable","ocean_add_body_class":"","ocean_shortcode_before_top_bar":"","ocean_shortcode_after_top_bar":"","ocean_shortcode_before_header":"","ocean_shortcode_after_header":"","ocean_has_shortcode":"","ocean_shortcode_after_title":"","ocean_shortcode_before_footer_widgets":"","ocean_shortcode_after_footer_widgets":"","ocean_shortcode_before_footer_bottom":"","ocean_shortcode_after_footer_bottom":"","ocean_display_top_bar":"default","ocean_display_header":"default","ocean_header_style":"","ocean_center_header_left_menu":"","ocean_custom_header_template":"","ocean_custom_logo":0,"ocean_custom_retina_logo":0,"ocean_custom_logo_max_width":0,"ocean_custom_logo_tablet_max_width":0,"ocean_custom_logo_mobile_max_width":0,"ocean_custom_logo_max_height":0,"ocean_custom_logo_tablet_max_height":0,"ocean_custom_logo_mobile_max_height":0,"ocean_header_custom_menu":"","ocean_menu_typo_font_family":"","ocean_menu_typo_font_subset":"","ocean_menu_typo_font_size":0,"ocean_menu_typo_font_size_tablet":0,"ocean_menu_typo_font_size_mobile":0,"ocean_menu_typo_font_size_unit":"px","ocean_menu_typo_font_weight":"","ocean_menu_typo_font_weight_tablet":"","ocean_menu_typo_font_weight_mobile":"","ocean_menu_typo_transform":"","ocean_menu_typo_transform_tablet":"","ocean_menu_typo_transform_mobile":"","ocean_menu_typo_line_height":0,"ocean_menu_typo_line_height_tablet":0,"ocean_menu_typo_line_height_mobile":0,"ocean_menu_typo_line_height_unit":"","ocean_menu_typo_spacing":0,"ocean_menu_typo_spacing_tablet":0,"ocean_menu_typo_spacing_mobile":0,"ocean_menu_typo_spacing_unit":"","ocean_menu_link_color":"","ocean_menu_link_color_hover":"","ocean_menu_link_color_active":"","ocean_menu_link_background":"","ocean_menu_link_hover_background":"","ocean_menu_link_active_background":"","ocean_menu_social_links_bg":"","ocean_menu_social_hover_links_bg":"","ocean_menu_social_links_color":"","ocean_menu_social_hover_links_color":"","ocean_disable_title":"default","ocean_disable_heading":"default","ocean_post_title":"","ocean_post_subheading":"","ocean_post_title_style":"","ocean_post_title_background_color":"","ocean_post_title_background":0,"ocean_post_title_bg_image_position":"","ocean_post_title_bg_image_attachment":"","ocean_post_title_bg_image_repeat":"","ocean_post_title_bg_image_size":"","ocean_post_title_height":0,"ocean_post_title_bg_overlay":0.5,"ocean_post_title_bg_overlay_color":"","ocean_disable_breadcrumbs":"default","ocean_breadcrumbs_color":"","ocean_breadcrumbs_separator_color":"","ocean_breadcrumbs_links_color":"","ocean_breadcrumbs_links_hover_color":"","ocean_display_footer_widgets":"default","ocean_display_footer_bottom":"default","ocean_custom_footer_template":"","ocean_post_oembed":"","ocean_post_self_hosted_media":"","ocean_post_video_embed":"","ocean_link_format":"","ocean_link_format_target":"self","ocean_quote_format":"","ocean_quote_format_link":"post","ocean_gallery_link_images":"on","ocean_gallery_id":[],"footnotes":""},"categories":[19,4,5],"tags":[],"class_list":["post-21659","post","type-post","status-publish","format-standard","has-post-thumbnail","hentry","category-desenvolvimento-social","category-destaque","category-geral","entry","has-media"],"yoast_head":"<!-- This site is optimized with the Yoast SEO plugin v27.5 - https:\/\/yoast.com\/product\/yoast-seo-wordpress\/ -->\n<title>A\u00e7\u00e3o do Projeto Novos Rumos do Creas Capivari promove reintegra\u00e7\u00e3o familiar de jovem afastado da fam\u00edlia h\u00e1 tr\u00eas anos - Prefeitura de Capivari<\/title>\n<meta name=\"robots\" content=\"index, follow, max-snippet:-1, max-image-preview:large, max-video-preview:-1\" \/>\n<link rel=\"canonical\" href=\"https:\/\/capivari.sp.gov.br\/portal\/acao-do-projeto-novos-rumos-do-creas-capivari-promove-reintegracao-familiar-de-jovem-afastado-da-familia-ha-tres-anos\/\" \/>\n<meta property=\"og:locale\" content=\"pt_BR\" \/>\n<meta property=\"og:type\" content=\"article\" \/>\n<meta property=\"og:title\" content=\"A\u00e7\u00e3o do Projeto Novos Rumos do Creas Capivari promove reintegra\u00e7\u00e3o familiar de jovem afastado da fam\u00edlia h\u00e1 tr\u00eas anos - Prefeitura de Capivari\" \/>\n<meta property=\"og:description\" content=\"O Projeto Novos Rumos, desenvolvido pelo Centro de Refer\u00eancia Especializado de Assist\u00eancia Social (CREAS), possibilitou o reencontro de um jovem com sua fam\u00edlia. Mateus Macedo Lima, de 18 anos, estava h\u00e1 tr\u00eas anos afastado dos familiares, que residem no munic\u00edpio de Itaberaba, na Bahia. O jovem procurou o CREAS de Capivari no in\u00edcio de 2026 [&hellip;]\" \/>\n<meta property=\"og:url\" content=\"https:\/\/capivari.sp.gov.br\/portal\/acao-do-projeto-novos-rumos-do-creas-capivari-promove-reintegracao-familiar-de-jovem-afastado-da-familia-ha-tres-anos\/\" \/>\n<meta property=\"og:site_name\" content=\"Prefeitura de Capivari\" \/>\n<meta property=\"article:publisher\" content=\"https:\/\/www.facebook.com\/PrefeituradeCapivari\/\" \/>\n<meta property=\"article:published_time\" content=\"2026-01-29T12:52:20+00:00\" \/>\n<meta property=\"og:image\" content=\"https:\/\/capivari.sp.gov.br\/portal\/wp-content\/uploads\/2026\/01\/WhatsApp-Image-2026-01-29-at-09.50.11.jpeg\" \/>\n\t<meta property=\"og:image:width\" content=\"1200\" \/>\n\t<meta property=\"og:image:height\" content=\"1600\" \/>\n\t<meta property=\"og:image:type\" content=\"image\/jpeg\" \/>\n<meta name=\"author\" content=\"Leonardo Nocete\" \/>\n<meta name=\"twitter:card\" content=\"summary_large_image\" \/>\n<meta name=\"twitter:creator\" content=\"@PrefCapivari\" \/>\n<meta name=\"twitter:site\" content=\"@PrefCapivari\" \/>\n<meta name=\"twitter:label1\" content=\"Escrito por\" \/>\n\t<meta name=\"twitter:data1\" content=\"Leonardo Nocete\" \/>\n\t<meta name=\"twitter:label2\" content=\"Est. tempo de leitura\" \/>\n\t<meta name=\"twitter:data2\" content=\"3 minutos\" \/>\n<script type=\"application\/ld+json\" class=\"yoast-schema-graph\">{\"@context\":\"https:\\\/\\\/schema.org\",\"@graph\":[{\"@type\":\"Article\",\"@id\":\"https:\\\/\\\/capivari.sp.gov.br\\\/portal\\\/acao-do-projeto-novos-rumos-do-creas-capivari-promove-reintegracao-familiar-de-jovem-afastado-da-familia-ha-tres-anos\\\/#article\",\"isPartOf\":{\"@id\":\"https:\\\/\\\/capivari.sp.gov.br\\\/portal\\\/acao-do-projeto-novos-rumos-do-creas-capivari-promove-reintegracao-familiar-de-jovem-afastado-da-familia-ha-tres-anos\\\/\"},\"author\":{\"name\":\"Leonardo Nocete\",\"@id\":\"https:\\\/\\\/capivari.sp.gov.br\\\/portal\\\/#\\\/schema\\\/person\\\/2370456f508b3c5850854ed47030a88b\"},\"headline\":\"A\u00e7\u00e3o do Projeto Novos Rumos do Creas Capivari promove reintegra\u00e7\u00e3o familiar de jovem afastado da fam\u00edlia h\u00e1 tr\u00eas anos\",\"datePublished\":\"2026-01-29T12:52:20+00:00\",\"mainEntityOfPage\":{\"@id\":\"https:\\\/\\\/capivari.sp.gov.br\\\/portal\\\/acao-do-projeto-novos-rumos-do-creas-capivari-promove-reintegracao-familiar-de-jovem-afastado-da-familia-ha-tres-anos\\\/\"},\"wordCount\":434,\"commentCount\":0,\"publisher\":{\"@id\":\"https:\\\/\\\/capivari.sp.gov.br\\\/portal\\\/#organization\"},\"image\":{\"@id\":\"https:\\\/\\\/capivari.sp.gov.br\\\/portal\\\/acao-do-projeto-novos-rumos-do-creas-capivari-promove-reintegracao-familiar-de-jovem-afastado-da-familia-ha-tres-anos\\\/#primaryimage\"},\"thumbnailUrl\":\"https:\\\/\\\/capivari.sp.gov.br\\\/portal\\\/wp-content\\\/uploads\\\/2026\\\/01\\\/WhatsApp-Image-2026-01-29-at-09.50.11.jpeg\",\"articleSection\":[\"Desenvolvimento Social\",\"Destaque\",\"Geral\"],\"inLanguage\":\"pt-BR\",\"potentialAction\":[{\"@type\":\"CommentAction\",\"name\":\"Comment\",\"target\":[\"https:\\\/\\\/capivari.sp.gov.br\\\/portal\\\/acao-do-projeto-novos-rumos-do-creas-capivari-promove-reintegracao-familiar-de-jovem-afastado-da-familia-ha-tres-anos\\\/#respond\"]}]},{\"@type\":\"WebPage\",\"@id\":\"https:\\\/\\\/capivari.sp.gov.br\\\/portal\\\/acao-do-projeto-novos-rumos-do-creas-capivari-promove-reintegracao-familiar-de-jovem-afastado-da-familia-ha-tres-anos\\\/\",\"url\":\"https:\\\/\\\/capivari.sp.gov.br\\\/portal\\\/acao-do-projeto-novos-rumos-do-creas-capivari-promove-reintegracao-familiar-de-jovem-afastado-da-familia-ha-tres-anos\\\/\",\"name\":\"A\u00e7\u00e3o do Projeto Novos Rumos do Creas Capivari promove reintegra\u00e7\u00e3o familiar de jovem afastado da fam\u00edlia h\u00e1 tr\u00eas anos - Prefeitura de Capivari\",\"isPartOf\":{\"@id\":\"https:\\\/\\\/capivari.sp.gov.br\\\/portal\\\/#website\"},\"primaryImageOfPage\":{\"@id\":\"https:\\\/\\\/capivari.sp.gov.br\\\/portal\\\/acao-do-projeto-novos-rumos-do-creas-capivari-promove-reintegracao-familiar-de-jovem-afastado-da-familia-ha-tres-anos\\\/#primaryimage\"},\"image\":{\"@id\":\"https:\\\/\\\/capivari.sp.gov.br\\\/portal\\\/acao-do-projeto-novos-rumos-do-creas-capivari-promove-reintegracao-familiar-de-jovem-afastado-da-familia-ha-tres-anos\\\/#primaryimage\"},\"thumbnailUrl\":\"https:\\\/\\\/capivari.sp.gov.br\\\/portal\\\/wp-content\\\/uploads\\\/2026\\\/01\\\/WhatsApp-Image-2026-01-29-at-09.50.11.jpeg\",\"datePublished\":\"2026-01-29T12:52:20+00:00\",\"breadcrumb\":{\"@id\":\"https:\\\/\\\/capivari.sp.gov.br\\\/portal\\\/acao-do-projeto-novos-rumos-do-creas-capivari-promove-reintegracao-familiar-de-jovem-afastado-da-familia-ha-tres-anos\\\/#breadcrumb\"},\"inLanguage\":\"pt-BR\",\"potentialAction\":[{\"@type\":\"ReadAction\",\"target\":[\"https:\\\/\\\/capivari.sp.gov.br\\\/portal\\\/acao-do-projeto-novos-rumos-do-creas-capivari-promove-reintegracao-familiar-de-jovem-afastado-da-familia-ha-tres-anos\\\/\"]}]},{\"@type\":\"ImageObject\",\"inLanguage\":\"pt-BR\",\"@id\":\"https:\\\/\\\/capivari.sp.gov.br\\\/portal\\\/acao-do-projeto-novos-rumos-do-creas-capivari-promove-reintegracao-familiar-de-jovem-afastado-da-familia-ha-tres-anos\\\/#primaryimage\",\"url\":\"https:\\\/\\\/capivari.sp.gov.br\\\/portal\\\/wp-content\\\/uploads\\\/2026\\\/01\\\/WhatsApp-Image-2026-01-29-at-09.50.11.jpeg\",\"contentUrl\":\"https:\\\/\\\/capivari.sp.gov.br\\\/portal\\\/wp-content\\\/uploads\\\/2026\\\/01\\\/WhatsApp-Image-2026-01-29-at-09.50.11.jpeg\",\"width\":1200,\"height\":1600},{\"@type\":\"BreadcrumbList\",\"@id\":\"https:\\\/\\\/capivari.sp.gov.br\\\/portal\\\/acao-do-projeto-novos-rumos-do-creas-capivari-promove-reintegracao-familiar-de-jovem-afastado-da-familia-ha-tres-anos\\\/#breadcrumb\",\"itemListElement\":[{\"@type\":\"ListItem\",\"position\":1,\"name\":\"In\u00edcio\",\"item\":\"https:\\\/\\\/capivari.sp.gov.br\\\/portal\\\/\"},{\"@type\":\"ListItem\",\"position\":2,\"name\":\"A\u00e7\u00e3o do Projeto Novos Rumos do Creas Capivari promove reintegra\u00e7\u00e3o familiar de jovem afastado da fam\u00edlia h\u00e1 tr\u00eas anos\"}]},{\"@type\":\"WebSite\",\"@id\":\"https:\\\/\\\/capivari.sp.gov.br\\\/portal\\\/#website\",\"url\":\"https:\\\/\\\/capivari.sp.gov.br\\\/portal\\\/\",\"name\":\"Prefeitura de Capivari\",\"description\":\"Prefeitura de Capivari\",\"publisher\":{\"@id\":\"https:\\\/\\\/capivari.sp.gov.br\\\/portal\\\/#organization\"},\"potentialAction\":[{\"@type\":\"SearchAction\",\"target\":{\"@type\":\"EntryPoint\",\"urlTemplate\":\"https:\\\/\\\/capivari.sp.gov.br\\\/portal\\\/?s={search_term_string}\"},\"query-input\":{\"@type\":\"PropertyValueSpecification\",\"valueRequired\":true,\"valueName\":\"search_term_string\"}}],\"inLanguage\":\"pt-BR\"},{\"@type\":\"Organization\",\"@id\":\"https:\\\/\\\/capivari.sp.gov.br\\\/portal\\\/#organization\",\"name\":\"Prefeitura de Capivari\",\"url\":\"https:\\\/\\\/capivari.sp.gov.br\\\/portal\\\/\",\"logo\":{\"@type\":\"ImageObject\",\"inLanguage\":\"pt-BR\",\"@id\":\"https:\\\/\\\/capivari.sp.gov.br\\\/portal\\\/#\\\/schema\\\/logo\\\/image\\\/\",\"url\":\"https:\\\/\\\/capivari.sp.gov.br\\\/portal\\\/wp-content\\\/uploads\\\/2021\\\/09\\\/logo-prefeitura-de-capivari.png\",\"contentUrl\":\"https:\\\/\\\/capivari.sp.gov.br\\\/portal\\\/wp-content\\\/uploads\\\/2021\\\/09\\\/logo-prefeitura-de-capivari.png\",\"width\":200,\"height\":147,\"caption\":\"Prefeitura de Capivari\"},\"image\":{\"@id\":\"https:\\\/\\\/capivari.sp.gov.br\\\/portal\\\/#\\\/schema\\\/logo\\\/image\\\/\"},\"sameAs\":[\"https:\\\/\\\/www.facebook.com\\\/PrefeituradeCapivari\\\/\",\"https:\\\/\\\/x.com\\\/PrefCapivari\",\"https:\\\/\\\/www.instagram.com\\\/prefeituracapivari\\\/\"]},{\"@type\":\"Person\",\"@id\":\"https:\\\/\\\/capivari.sp.gov.br\\\/portal\\\/#\\\/schema\\\/person\\\/2370456f508b3c5850854ed47030a88b\",\"name\":\"Leonardo Nocete\",\"image\":{\"@type\":\"ImageObject\",\"inLanguage\":\"pt-BR\",\"@id\":\"https:\\\/\\\/secure.gravatar.com\\\/avatar\\\/e50b6c0a6caf8425503f25a4072837dc2d91e4c4b86cc138a8a1c35de11f7b69?s=96&d=mm&r=g\",\"url\":\"https:\\\/\\\/secure.gravatar.com\\\/avatar\\\/e50b6c0a6caf8425503f25a4072837dc2d91e4c4b86cc138a8a1c35de11f7b69?s=96&d=mm&r=g\",\"contentUrl\":\"https:\\\/\\\/secure.gravatar.com\\\/avatar\\\/e50b6c0a6caf8425503f25a4072837dc2d91e4c4b86cc138a8a1c35de11f7b69?s=96&d=mm&r=g\",\"caption\":\"Leonardo Nocete\"},\"url\":\"https:\\\/\\\/capivari.sp.gov.br\\\/portal\\\/author\\\/leonardo-nocete\\\/\"}]}<\/script>\n<!-- \/ Yoast SEO plugin. -->","yoast_head_json":{"title":"A\u00e7\u00e3o do Projeto Novos Rumos do Creas Capivari promove reintegra\u00e7\u00e3o familiar de jovem afastado da fam\u00edlia h\u00e1 tr\u00eas anos - Prefeitura de Capivari","robots":{"index":"index","follow":"follow","max-snippet":"max-snippet:-1","max-image-preview":"max-image-preview:large","max-video-preview":"max-video-preview:-1"},"canonical":"https:\/\/capivari.sp.gov.br\/portal\/acao-do-projeto-novos-rumos-do-creas-capivari-promove-reintegracao-familiar-de-jovem-afastado-da-familia-ha-tres-anos\/","og_locale":"pt_BR","og_type":"article","og_title":"A\u00e7\u00e3o do Projeto Novos Rumos do Creas Capivari promove reintegra\u00e7\u00e3o familiar de jovem afastado da fam\u00edlia h\u00e1 tr\u00eas anos - Prefeitura de Capivari","og_description":"O Projeto Novos Rumos, desenvolvido pelo Centro de Refer\u00eancia Especializado de Assist\u00eancia Social (CREAS), possibilitou o reencontro de um jovem com sua fam\u00edlia. Mateus Macedo Lima, de 18 anos, estava h\u00e1 tr\u00eas anos afastado dos familiares, que residem no munic\u00edpio de Itaberaba, na Bahia. O jovem procurou o CREAS de Capivari no in\u00edcio de 2026 [&hellip;]","og_url":"https:\/\/capivari.sp.gov.br\/portal\/acao-do-projeto-novos-rumos-do-creas-capivari-promove-reintegracao-familiar-de-jovem-afastado-da-familia-ha-tres-anos\/","og_site_name":"Prefeitura de Capivari","article_publisher":"https:\/\/www.facebook.com\/PrefeituradeCapivari\/","article_published_time":"2026-01-29T12:52:20+00:00","og_image":[{"width":1200,"height":1600,"url":"https:\/\/capivari.sp.gov.br\/portal\/wp-content\/uploads\/2026\/01\/WhatsApp-Image-2026-01-29-at-09.50.11.jpeg","type":"image\/jpeg"}],"author":"Leonardo Nocete","twitter_card":"summary_large_image","twitter_creator":"@PrefCapivari","twitter_site":"@PrefCapivari","twitter_misc":{"Escrito por":"Leonardo Nocete","Est. tempo de leitura":"3 minutos"},"schema":{"@context":"https:\/\/schema.org","@graph":[{"@type":"Article","@id":"https:\/\/capivari.sp.gov.br\/portal\/acao-do-projeto-novos-rumos-do-creas-capivari-promove-reintegracao-familiar-de-jovem-afastado-da-familia-ha-tres-anos\/#article","isPartOf":{"@id":"https:\/\/capivari.sp.gov.br\/portal\/acao-do-projeto-novos-rumos-do-creas-capivari-promove-reintegracao-familiar-de-jovem-afastado-da-familia-ha-tres-anos\/"},"author":{"name":"Leonardo Nocete","@id":"https:\/\/capivari.sp.gov.br\/portal\/#\/schema\/person\/2370456f508b3c5850854ed47030a88b"},"headline":"A\u00e7\u00e3o do Projeto Novos Rumos do Creas Capivari promove reintegra\u00e7\u00e3o familiar de jovem afastado da fam\u00edlia h\u00e1 tr\u00eas anos","datePublished":"2026-01-29T12:52:20+00:00","mainEntityOfPage":{"@id":"https:\/\/capivari.sp.gov.br\/portal\/acao-do-projeto-novos-rumos-do-creas-capivari-promove-reintegracao-familiar-de-jovem-afastado-da-familia-ha-tres-anos\/"},"wordCount":434,"commentCount":0,"publisher":{"@id":"https:\/\/capivari.sp.gov.br\/portal\/#organization"},"image":{"@id":"https:\/\/capivari.sp.gov.br\/portal\/acao-do-projeto-novos-rumos-do-creas-capivari-promove-reintegracao-familiar-de-jovem-afastado-da-familia-ha-tres-anos\/#primaryimage"},"thumbnailUrl":"https:\/\/capivari.sp.gov.br\/portal\/wp-content\/uploads\/2026\/01\/WhatsApp-Image-2026-01-29-at-09.50.11.jpeg","articleSection":["Desenvolvimento Social","Destaque","Geral"],"inLanguage":"pt-BR","potentialAction":[{"@type":"CommentAction","name":"Comment","target":["https:\/\/capivari.sp.gov.br\/portal\/acao-do-projeto-novos-rumos-do-creas-capivari-promove-reintegracao-familiar-de-jovem-afastado-da-familia-ha-tres-anos\/#respond"]}]},{"@type":"WebPage","@id":"https:\/\/capivari.sp.gov.br\/portal\/acao-do-projeto-novos-rumos-do-creas-capivari-promove-reintegracao-familiar-de-jovem-afastado-da-familia-ha-tres-anos\/","url":"https:\/\/capivari.sp.gov.br\/portal\/acao-do-projeto-novos-rumos-do-creas-capivari-promove-reintegracao-familiar-de-jovem-afastado-da-familia-ha-tres-anos\/","name":"A\u00e7\u00e3o do Projeto Novos Rumos do Creas Capivari promove reintegra\u00e7\u00e3o familiar de jovem afastado da fam\u00edlia h\u00e1 tr\u00eas anos - Prefeitura de Capivari","isPartOf":{"@id":"https:\/\/capivari.sp.gov.br\/portal\/#website"},"primaryImageOfPage":{"@id":"https:\/\/capivari.sp.gov.br\/portal\/acao-do-projeto-novos-rumos-do-creas-capivari-promove-reintegracao-familiar-de-jovem-afastado-da-familia-ha-tres-anos\/#primaryimage"},"image":{"@id":"https:\/\/capivari.sp.gov.br\/portal\/acao-do-projeto-novos-rumos-do-creas-capivari-promove-reintegracao-familiar-de-jovem-afastado-da-familia-ha-tres-anos\/#primaryimage"},"thumbnailUrl":"https:\/\/capivari.sp.gov.br\/portal\/wp-content\/uploads\/2026\/01\/WhatsApp-Image-2026-01-29-at-09.50.11.jpeg","datePublished":"2026-01-29T12:52:20+00:00","breadcrumb":{"@id":"https:\/\/capivari.sp.gov.br\/portal\/acao-do-projeto-novos-rumos-do-creas-capivari-promove-reintegracao-familiar-de-jovem-afastado-da-familia-ha-tres-anos\/#breadcrumb"},"inLanguage":"pt-BR","potentialAction":[{"@type":"ReadAction","target":["https:\/\/capivari.sp.gov.br\/portal\/acao-do-projeto-novos-rumos-do-creas-capivari-promove-reintegracao-familiar-de-jovem-afastado-da-familia-ha-tres-anos\/"]}]},{"@type":"ImageObject","inLanguage":"pt-BR","@id":"https:\/\/capivari.sp.gov.br\/portal\/acao-do-projeto-novos-rumos-do-creas-capivari-promove-reintegracao-familiar-de-jovem-afastado-da-familia-ha-tres-anos\/#primaryimage","url":"https:\/\/capivari.sp.gov.br\/portal\/wp-content\/uploads\/2026\/01\/WhatsApp-Image-2026-01-29-at-09.50.11.jpeg","contentUrl":"https:\/\/capivari.sp.gov.br\/portal\/wp-content\/uploads\/2026\/01\/WhatsApp-Image-2026-01-29-at-09.50.11.jpeg","width":1200,"height":1600},{"@type":"BreadcrumbList","@id":"https:\/\/capivari.sp.gov.br\/portal\/acao-do-projeto-novos-rumos-do-creas-capivari-promove-reintegracao-familiar-de-jovem-afastado-da-familia-ha-tres-anos\/#breadcrumb","itemListElement":[{"@type":"ListItem","position":1,"name":"In\u00edcio","item":"https:\/\/capivari.sp.gov.br\/portal\/"},{"@type":"ListItem","position":2,"name":"A\u00e7\u00e3o do Projeto Novos Rumos do Creas Capivari promove reintegra\u00e7\u00e3o familiar de jovem afastado da fam\u00edlia h\u00e1 tr\u00eas anos"}]},{"@type":"WebSite","@id":"https:\/\/capivari.sp.gov.br\/portal\/#website","url":"https:\/\/capivari.sp.gov.br\/portal\/","name":"Prefeitura de Capivari","description":"Prefeitura de Capivari","publisher":{"@id":"https:\/\/capivari.sp.gov.br\/portal\/#organization"},"potentialAction":[{"@type":"SearchAction","target":{"@type":"EntryPoint","urlTemplate":"https:\/\/capivari.sp.gov.br\/portal\/?s={search_term_string}"},"query-input":{"@type":"PropertyValueSpecification","valueRequired":true,"valueName":"search_term_string"}}],"inLanguage":"pt-BR"},{"@type":"Organization","@id":"https:\/\/capivari.sp.gov.br\/portal\/#organization","name":"Prefeitura de Capivari","url":"https:\/\/capivari.sp.gov.br\/portal\/","logo":{"@type":"ImageObject","inLanguage":"pt-BR","@id":"https:\/\/capivari.sp.gov.br\/portal\/#\/schema\/logo\/image\/","url":"https:\/\/capivari.sp.gov.br\/portal\/wp-content\/uploads\/2021\/09\/logo-prefeitura-de-capivari.png","contentUrl":"https:\/\/capivari.sp.gov.br\/portal\/wp-content\/uploads\/2021\/09\/logo-prefeitura-de-capivari.png","width":200,"height":147,"caption":"Prefeitura de Capivari"},"image":{"@id":"https:\/\/capivari.sp.gov.br\/portal\/#\/schema\/logo\/image\/"},"sameAs":["https:\/\/www.facebook.com\/PrefeituradeCapivari\/","https:\/\/x.com\/PrefCapivari","https:\/\/www.instagram.com\/prefeituracapivari\/"]},{"@type":"Person","@id":"https:\/\/capivari.sp.gov.br\/portal\/#\/schema\/person\/2370456f508b3c5850854ed47030a88b","name":"Leonardo Nocete","image":{"@type":"ImageObject","inLanguage":"pt-BR","@id":"https:\/\/secure.gravatar.com\/avatar\/e50b6c0a6caf8425503f25a4072837dc2d91e4c4b86cc138a8a1c35de11f7b69?s=96&d=mm&r=g","url":"https:\/\/secure.gravatar.com\/avatar\/e50b6c0a6caf8425503f25a4072837dc2d91e4c4b86cc138a8a1c35de11f7b69?s=96&d=mm&r=g","contentUrl":"https:\/\/secure.gravatar.com\/avatar\/e50b6c0a6caf8425503f25a4072837dc2d91e4c4b86cc138a8a1c35de11f7b69?s=96&d=mm&r=g","caption":"Leonardo Nocete"},"url":"https:\/\/capivari.sp.gov.br\/portal\/author\/leonardo-nocete\/"}]}},"_links":{"self":[{"href":"https:\/\/capivari.sp.gov.br\/portal\/wp-json\/wp\/v2\/posts\/21659","targetHints":{"allow":["GET"]}}],"collection":[{"href":"https:\/\/capivari.sp.gov.br\/portal\/wp-json\/wp\/v2\/posts"}],"about":[{"href":"https:\/\/capivari.sp.gov.br\/portal\/wp-json\/wp\/v2\/types\/post"}],"author":[{"embeddable":true,"href":"https:\/\/capivari.sp.gov.br\/portal\/wp-json\/wp\/v2\/users\/16"}],"replies":[{"embeddable":true,"href":"https:\/\/capivari.sp.gov.br\/portal\/wp-json\/wp\/v2\/comments?post=21659"}],"version-history":[{"count":1,"href":"https:\/\/capivari.sp.gov.br\/portal\/wp-json\/wp\/v2\/posts\/21659\/revisions"}],"predecessor-version":[{"id":21661,"href":"https:\/\/capivari.sp.gov.br\/portal\/wp-json\/wp\/v2\/posts\/21659\/revisions\/21661"}],"wp:featuredmedia":[{"embeddable":true,"href":"https:\/\/capivari.sp.gov.br\/portal\/wp-json\/wp\/v2\/media\/21660"}],"wp:attachment":[{"href":"https:\/\/capivari.sp.gov.br\/portal\/wp-json\/wp\/v2\/media?parent=21659"}],"wp:term":[{"taxonomy":"category","embeddable":true,"href":"https:\/\/capivari.sp.gov.br\/portal\/wp-json\/wp\/v2\/categories?post=21659"},{"taxonomy":"post_tag","embeddable":true,"href":"https:\/\/capivari.sp.gov.br\/portal\/wp-json\/wp\/v2\/tags?post=21659"}],"curies":[{"name":"wp","href":"https:\/\/api.w.org\/{rel}","templated":true}]}}