{"id":22078,"date":"2026-03-10T10:05:16","date_gmt":"2026-03-10T13:05:16","guid":{"rendered":"https:\/\/capivari.sp.gov.br\/portal\/?p=22078"},"modified":"2026-03-10T10:05:16","modified_gmt":"2026-03-10T13:05:16","slug":"saude-organiza-campanha-para-o-publico-feminino-como-parte-do-marco-lilas","status":"publish","type":"post","link":"https:\/\/capivari.sp.gov.br\/portal\/saude-organiza-campanha-para-o-publico-feminino-como-parte-do-marco-lilas\/","title":{"rendered":"Sa\u00fade organiza campanha para o p\u00fablico feminino como parte do \u2018Mar\u00e7o Lil\u00e1s\u2019"},"content":{"rendered":"<p>A Secretaria de Sa\u00fade anunciou nesta semana uma a\u00e7\u00e3o voltada ao p\u00fablico feminino do munic\u00edpio. Diversas atividades ser\u00e3o realizadas no Centro de Sa\u00fade \u201cDr. M\u00e1rio Dias de Aguiar\u201d, de forma totalmente gratuita, como parte da campanha Mar\u00e7o Lil\u00e1s, que tem como principal objetivo a preven\u00e7\u00e3o e o combate ao c\u00e2ncer do colo do \u00fatero.<\/p>\n<p>A iniciativa inclui exames de Papanicolau, solicita\u00e7\u00e3o de mamografias, vacina\u00e7\u00e3o contra o HPV, bate-papo com enfermeiras e avalia\u00e7\u00f5es de sa\u00fade bucal para p\u00fablicos espec\u00edficos. As atividades acontecer\u00e3o entre os dias 25 e 28 de mar\u00e7o.<\/p>\n<p>O Centro de Sa\u00fade ter\u00e1 atendimento em hor\u00e1rio estendido das 17h \u00e0s 20h, entre os dias 25 e 27, para facilitar a participa\u00e7\u00e3o das mulheres. J\u00e1 no s\u00e1bado, dia 28, \u00faltimo dia da campanha, o atendimento ser\u00e1 realizado das 8h \u00e0s 12h.<\/p>\n<p>De acordo com a Secretaria de Sa\u00fade, os exames de Papanicolau ser\u00e3o destinados a mulheres entre 24 e 64 anos. J\u00e1 os pedidos de mamografia ser\u00e3o para mulheres entre 40 e 74 anos. A vacina contra o HPV ser\u00e1 aplicada exclusivamente em meninas e mulheres entre 9 e 19 anos que ainda n\u00e3o receberam o imunizante.<\/p>\n<p>Durante os dias da campanha n\u00e3o ser\u00e1 necess\u00e1rio fazer agendamento pr\u00e9vio. As pacientes devem comparecer ao Centro de Sa\u00fade Central e ser\u00e3o atendidas por ordem de chegada.<\/p>\n<p>Para garantir a qualidade do resultado do exame de Papanicolau, a orienta\u00e7\u00e3o \u00e9 que a mulher evite rela\u00e7\u00f5es sexuais um dia antes do exame, n\u00e3o utilize duchas ou medicamentos vaginais nos tr\u00eas dias que antecedem o exame e n\u00e3o realize o exame durante o per\u00edodo menstrual.<\/p>\n<p>Para mais informa\u00e7\u00f5es, o Centro de Sa\u00fade \u201cDr. M\u00e1rio Dias de Aguiar\u201d est\u00e1 localizado na Rua Padre Haroldo, 553, Centro. O atendimento tamb\u00e9m pode ser feito pelo telefone (19) 3492-8200.<\/p>\n","protected":false},"excerpt":{"rendered":"<p>A Secretaria de Sa\u00fade anunciou nesta semana uma a\u00e7\u00e3o voltada ao p\u00fablico feminino do munic\u00edpio. Diversas atividades ser\u00e3o realizadas no Centro de Sa\u00fade \u201cDr. M\u00e1rio Dias de Aguiar\u201d, de forma totalmente gratuita, como parte da campanha Mar\u00e7o Lil\u00e1s, que tem como principal objetivo a preven\u00e7\u00e3o e o combate ao c\u00e2ncer do colo do \u00fatero. A [&hellip;]<\/p>\n","protected":false},"author":2,"featured_media":22079,"comment_status":"open","ping_status":"open","sticky":false,"template":"","format":"standard","meta":{"ocean_post_layout":"","ocean_both_sidebars_style":"","ocean_both_sidebars_content_width":0,"ocean_both_sidebars_sidebars_width":0,"ocean_sidebar":"","ocean_second_sidebar":"","ocean_disable_margins":"enable","ocean_add_body_class":"","ocean_shortcode_before_top_bar":"","ocean_shortcode_after_top_bar":"","ocean_shortcode_before_header":"","ocean_shortcode_after_header":"","ocean_has_shortcode":"","ocean_shortcode_after_title":"","ocean_shortcode_before_footer_widgets":"","ocean_shortcode_after_footer_widgets":"","ocean_shortcode_before_footer_bottom":"","ocean_shortcode_after_footer_bottom":"","ocean_display_top_bar":"default","ocean_display_header":"default","ocean_header_style":"","ocean_center_header_left_menu":"","ocean_custom_header_template":"","ocean_custom_logo":0,"ocean_custom_retina_logo":0,"ocean_custom_logo_max_width":0,"ocean_custom_logo_tablet_max_width":0,"ocean_custom_logo_mobile_max_width":0,"ocean_custom_logo_max_height":0,"ocean_custom_logo_tablet_max_height":0,"ocean_custom_logo_mobile_max_height":0,"ocean_header_custom_menu":"","ocean_menu_typo_font_family":"","ocean_menu_typo_font_subset":"","ocean_menu_typo_font_size":0,"ocean_menu_typo_font_size_tablet":0,"ocean_menu_typo_font_size_mobile":0,"ocean_menu_typo_font_size_unit":"px","ocean_menu_typo_font_weight":"","ocean_menu_typo_font_weight_tablet":"","ocean_menu_typo_font_weight_mobile":"","ocean_menu_typo_transform":"","ocean_menu_typo_transform_tablet":"","ocean_menu_typo_transform_mobile":"","ocean_menu_typo_line_height":0,"ocean_menu_typo_line_height_tablet":0,"ocean_menu_typo_line_height_mobile":0,"ocean_menu_typo_line_height_unit":"","ocean_menu_typo_spacing":0,"ocean_menu_typo_spacing_tablet":0,"ocean_menu_typo_spacing_mobile":0,"ocean_menu_typo_spacing_unit":"","ocean_menu_link_color":"","ocean_menu_link_color_hover":"","ocean_menu_link_color_active":"","ocean_menu_link_background":"","ocean_menu_link_hover_background":"","ocean_menu_link_active_background":"","ocean_menu_social_links_bg":"","ocean_menu_social_hover_links_bg":"","ocean_menu_social_links_color":"","ocean_menu_social_hover_links_color":"","ocean_disable_title":"default","ocean_disable_heading":"default","ocean_post_title":"","ocean_post_subheading":"","ocean_post_title_style":"","ocean_post_title_background_color":"","ocean_post_title_background":0,"ocean_post_title_bg_image_position":"","ocean_post_title_bg_image_attachment":"","ocean_post_title_bg_image_repeat":"","ocean_post_title_bg_image_size":"","ocean_post_title_height":0,"ocean_post_title_bg_overlay":0.5,"ocean_post_title_bg_overlay_color":"","ocean_disable_breadcrumbs":"default","ocean_breadcrumbs_color":"","ocean_breadcrumbs_separator_color":"","ocean_breadcrumbs_links_color":"","ocean_breadcrumbs_links_hover_color":"","ocean_display_footer_widgets":"default","ocean_display_footer_bottom":"default","ocean_custom_footer_template":"","ocean_post_oembed":"","ocean_post_self_hosted_media":"","ocean_post_video_embed":"","ocean_link_format":"","ocean_link_format_target":"self","ocean_quote_format":"","ocean_quote_format_link":"post","ocean_gallery_link_images":"on","ocean_gallery_id":[],"footnotes":""},"categories":[4,5,31],"tags":[],"class_list":["post-22078","post","type-post","status-publish","format-standard","has-post-thumbnail","hentry","category-destaque","category-geral","category-saude","entry","has-media"],"yoast_head":"<!-- This site is optimized with the Yoast SEO plugin v27.4 - https:\/\/yoast.com\/product\/yoast-seo-wordpress\/ -->\n<title>Sa\u00fade organiza campanha para o p\u00fablico feminino como parte do \u2018Mar\u00e7o Lil\u00e1s\u2019 - Prefeitura de Capivari<\/title>\n<meta name=\"robots\" content=\"index, follow, max-snippet:-1, max-image-preview:large, max-video-preview:-1\" \/>\n<link rel=\"canonical\" href=\"https:\/\/capivari.sp.gov.br\/portal\/saude-organiza-campanha-para-o-publico-feminino-como-parte-do-marco-lilas\/\" \/>\n<meta property=\"og:locale\" content=\"pt_BR\" \/>\n<meta property=\"og:type\" content=\"article\" \/>\n<meta property=\"og:title\" content=\"Sa\u00fade organiza campanha para o p\u00fablico feminino como parte do \u2018Mar\u00e7o Lil\u00e1s\u2019 - Prefeitura de Capivari\" \/>\n<meta property=\"og:description\" content=\"A Secretaria de Sa\u00fade anunciou nesta semana uma a\u00e7\u00e3o voltada ao p\u00fablico feminino do munic\u00edpio. Diversas atividades ser\u00e3o realizadas no Centro de Sa\u00fade \u201cDr. M\u00e1rio Dias de Aguiar\u201d, de forma totalmente gratuita, como parte da campanha Mar\u00e7o Lil\u00e1s, que tem como principal objetivo a preven\u00e7\u00e3o e o combate ao c\u00e2ncer do colo do \u00fatero. A [&hellip;]\" \/>\n<meta property=\"og:url\" content=\"https:\/\/capivari.sp.gov.br\/portal\/saude-organiza-campanha-para-o-publico-feminino-como-parte-do-marco-lilas\/\" \/>\n<meta property=\"og:site_name\" content=\"Prefeitura de Capivari\" \/>\n<meta property=\"article:publisher\" content=\"https:\/\/www.facebook.com\/PrefeituradeCapivari\/\" \/>\n<meta property=\"article:published_time\" content=\"2026-03-10T13:05:16+00:00\" \/>\n<meta property=\"og:image\" content=\"https:\/\/capivari.sp.gov.br\/portal\/wp-content\/uploads\/2026\/03\/WhatsApp-Image-2024-03-08-at-17.15.36.jpeg\" \/>\n\t<meta property=\"og:image:width\" content=\"1280\" \/>\n\t<meta property=\"og:image:height\" content=\"853\" \/>\n\t<meta property=\"og:image:type\" content=\"image\/jpeg\" \/>\n<meta name=\"author\" content=\"Thalles Cristiano\" \/>\n<meta name=\"twitter:card\" content=\"summary_large_image\" \/>\n<meta name=\"twitter:creator\" content=\"@PrefCapivari\" \/>\n<meta name=\"twitter:site\" content=\"@PrefCapivari\" \/>\n<meta name=\"twitter:label1\" content=\"Escrito por\" \/>\n\t<meta name=\"twitter:data1\" content=\"Thalles Cristiano\" \/>\n\t<meta name=\"twitter:label2\" content=\"Est. tempo de leitura\" \/>\n\t<meta name=\"twitter:data2\" content=\"2 minutos\" \/>\n<script type=\"application\/ld+json\" class=\"yoast-schema-graph\">{\"@context\":\"https:\\\/\\\/schema.org\",\"@graph\":[{\"@type\":\"Article\",\"@id\":\"https:\\\/\\\/capivari.sp.gov.br\\\/portal\\\/saude-organiza-campanha-para-o-publico-feminino-como-parte-do-marco-lilas\\\/#article\",\"isPartOf\":{\"@id\":\"https:\\\/\\\/capivari.sp.gov.br\\\/portal\\\/saude-organiza-campanha-para-o-publico-feminino-como-parte-do-marco-lilas\\\/\"},\"author\":{\"name\":\"Thalles Cristiano\",\"@id\":\"https:\\\/\\\/capivari.sp.gov.br\\\/portal\\\/#\\\/schema\\\/person\\\/98801614a91d449946b0687ae2db9f29\"},\"headline\":\"Sa\u00fade organiza campanha para o p\u00fablico feminino como parte do \u2018Mar\u00e7o Lil\u00e1s\u2019\",\"datePublished\":\"2026-03-10T13:05:16+00:00\",\"mainEntityOfPage\":{\"@id\":\"https:\\\/\\\/capivari.sp.gov.br\\\/portal\\\/saude-organiza-campanha-para-o-publico-feminino-como-parte-do-marco-lilas\\\/\"},\"wordCount\":334,\"commentCount\":0,\"publisher\":{\"@id\":\"https:\\\/\\\/capivari.sp.gov.br\\\/portal\\\/#organization\"},\"image\":{\"@id\":\"https:\\\/\\\/capivari.sp.gov.br\\\/portal\\\/saude-organiza-campanha-para-o-publico-feminino-como-parte-do-marco-lilas\\\/#primaryimage\"},\"thumbnailUrl\":\"https:\\\/\\\/capivari.sp.gov.br\\\/portal\\\/wp-content\\\/uploads\\\/2026\\\/03\\\/WhatsApp-Image-2024-03-08-at-17.15.36.jpeg\",\"articleSection\":[\"Destaque\",\"Geral\",\"Sa\u00fade\"],\"inLanguage\":\"pt-BR\",\"potentialAction\":[{\"@type\":\"CommentAction\",\"name\":\"Comment\",\"target\":[\"https:\\\/\\\/capivari.sp.gov.br\\\/portal\\\/saude-organiza-campanha-para-o-publico-feminino-como-parte-do-marco-lilas\\\/#respond\"]}]},{\"@type\":\"WebPage\",\"@id\":\"https:\\\/\\\/capivari.sp.gov.br\\\/portal\\\/saude-organiza-campanha-para-o-publico-feminino-como-parte-do-marco-lilas\\\/\",\"url\":\"https:\\\/\\\/capivari.sp.gov.br\\\/portal\\\/saude-organiza-campanha-para-o-publico-feminino-como-parte-do-marco-lilas\\\/\",\"name\":\"Sa\u00fade organiza campanha para o p\u00fablico feminino como parte do \u2018Mar\u00e7o Lil\u00e1s\u2019 - Prefeitura de Capivari\",\"isPartOf\":{\"@id\":\"https:\\\/\\\/capivari.sp.gov.br\\\/portal\\\/#website\"},\"primaryImageOfPage\":{\"@id\":\"https:\\\/\\\/capivari.sp.gov.br\\\/portal\\\/saude-organiza-campanha-para-o-publico-feminino-como-parte-do-marco-lilas\\\/#primaryimage\"},\"image\":{\"@id\":\"https:\\\/\\\/capivari.sp.gov.br\\\/portal\\\/saude-organiza-campanha-para-o-publico-feminino-como-parte-do-marco-lilas\\\/#primaryimage\"},\"thumbnailUrl\":\"https:\\\/\\\/capivari.sp.gov.br\\\/portal\\\/wp-content\\\/uploads\\\/2026\\\/03\\\/WhatsApp-Image-2024-03-08-at-17.15.36.jpeg\",\"datePublished\":\"2026-03-10T13:05:16+00:00\",\"breadcrumb\":{\"@id\":\"https:\\\/\\\/capivari.sp.gov.br\\\/portal\\\/saude-organiza-campanha-para-o-publico-feminino-como-parte-do-marco-lilas\\\/#breadcrumb\"},\"inLanguage\":\"pt-BR\",\"potentialAction\":[{\"@type\":\"ReadAction\",\"target\":[\"https:\\\/\\\/capivari.sp.gov.br\\\/portal\\\/saude-organiza-campanha-para-o-publico-feminino-como-parte-do-marco-lilas\\\/\"]}]},{\"@type\":\"ImageObject\",\"inLanguage\":\"pt-BR\",\"@id\":\"https:\\\/\\\/capivari.sp.gov.br\\\/portal\\\/saude-organiza-campanha-para-o-publico-feminino-como-parte-do-marco-lilas\\\/#primaryimage\",\"url\":\"https:\\\/\\\/capivari.sp.gov.br\\\/portal\\\/wp-content\\\/uploads\\\/2026\\\/03\\\/WhatsApp-Image-2024-03-08-at-17.15.36.jpeg\",\"contentUrl\":\"https:\\\/\\\/capivari.sp.gov.br\\\/portal\\\/wp-content\\\/uploads\\\/2026\\\/03\\\/WhatsApp-Image-2024-03-08-at-17.15.36.jpeg\",\"width\":1280,\"height\":853},{\"@type\":\"BreadcrumbList\",\"@id\":\"https:\\\/\\\/capivari.sp.gov.br\\\/portal\\\/saude-organiza-campanha-para-o-publico-feminino-como-parte-do-marco-lilas\\\/#breadcrumb\",\"itemListElement\":[{\"@type\":\"ListItem\",\"position\":1,\"name\":\"In\u00edcio\",\"item\":\"https:\\\/\\\/capivari.sp.gov.br\\\/portal\\\/\"},{\"@type\":\"ListItem\",\"position\":2,\"name\":\"Sa\u00fade organiza campanha para o p\u00fablico feminino como parte do \u2018Mar\u00e7o Lil\u00e1s\u2019\"}]},{\"@type\":\"WebSite\",\"@id\":\"https:\\\/\\\/capivari.sp.gov.br\\\/portal\\\/#website\",\"url\":\"https:\\\/\\\/capivari.sp.gov.br\\\/portal\\\/\",\"name\":\"Prefeitura de Capivari\",\"description\":\"Prefeitura de Capivari\",\"publisher\":{\"@id\":\"https:\\\/\\\/capivari.sp.gov.br\\\/portal\\\/#organization\"},\"potentialAction\":[{\"@type\":\"SearchAction\",\"target\":{\"@type\":\"EntryPoint\",\"urlTemplate\":\"https:\\\/\\\/capivari.sp.gov.br\\\/portal\\\/?s={search_term_string}\"},\"query-input\":{\"@type\":\"PropertyValueSpecification\",\"valueRequired\":true,\"valueName\":\"search_term_string\"}}],\"inLanguage\":\"pt-BR\"},{\"@type\":\"Organization\",\"@id\":\"https:\\\/\\\/capivari.sp.gov.br\\\/portal\\\/#organization\",\"name\":\"Prefeitura de Capivari\",\"url\":\"https:\\\/\\\/capivari.sp.gov.br\\\/portal\\\/\",\"logo\":{\"@type\":\"ImageObject\",\"inLanguage\":\"pt-BR\",\"@id\":\"https:\\\/\\\/capivari.sp.gov.br\\\/portal\\\/#\\\/schema\\\/logo\\\/image\\\/\",\"url\":\"https:\\\/\\\/capivari.sp.gov.br\\\/portal\\\/wp-content\\\/uploads\\\/2021\\\/09\\\/logo-prefeitura-de-capivari.png\",\"contentUrl\":\"https:\\\/\\\/capivari.sp.gov.br\\\/portal\\\/wp-content\\\/uploads\\\/2021\\\/09\\\/logo-prefeitura-de-capivari.png\",\"width\":200,\"height\":147,\"caption\":\"Prefeitura de Capivari\"},\"image\":{\"@id\":\"https:\\\/\\\/capivari.sp.gov.br\\\/portal\\\/#\\\/schema\\\/logo\\\/image\\\/\"},\"sameAs\":[\"https:\\\/\\\/www.facebook.com\\\/PrefeituradeCapivari\\\/\",\"https:\\\/\\\/x.com\\\/PrefCapivari\",\"https:\\\/\\\/www.instagram.com\\\/prefeituracapivari\\\/\"]},{\"@type\":\"Person\",\"@id\":\"https:\\\/\\\/capivari.sp.gov.br\\\/portal\\\/#\\\/schema\\\/person\\\/98801614a91d449946b0687ae2db9f29\",\"name\":\"Thalles Cristiano\",\"image\":{\"@type\":\"ImageObject\",\"inLanguage\":\"pt-BR\",\"@id\":\"https:\\\/\\\/secure.gravatar.com\\\/avatar\\\/0d1b9a4bdcde99ab11a8cd27abdcd088993749b82c4355c0301135023dc52b3d?s=96&d=mm&r=g\",\"url\":\"https:\\\/\\\/secure.gravatar.com\\\/avatar\\\/0d1b9a4bdcde99ab11a8cd27abdcd088993749b82c4355c0301135023dc52b3d?s=96&d=mm&r=g\",\"contentUrl\":\"https:\\\/\\\/secure.gravatar.com\\\/avatar\\\/0d1b9a4bdcde99ab11a8cd27abdcd088993749b82c4355c0301135023dc52b3d?s=96&d=mm&r=g\",\"caption\":\"Thalles Cristiano\"},\"url\":\"https:\\\/\\\/capivari.sp.gov.br\\\/portal\\\/author\\\/thalles-cristiano\\\/\"}]}<\/script>\n<!-- \/ Yoast SEO plugin. -->","yoast_head_json":{"title":"Sa\u00fade organiza campanha para o p\u00fablico feminino como parte do \u2018Mar\u00e7o Lil\u00e1s\u2019 - Prefeitura de Capivari","robots":{"index":"index","follow":"follow","max-snippet":"max-snippet:-1","max-image-preview":"max-image-preview:large","max-video-preview":"max-video-preview:-1"},"canonical":"https:\/\/capivari.sp.gov.br\/portal\/saude-organiza-campanha-para-o-publico-feminino-como-parte-do-marco-lilas\/","og_locale":"pt_BR","og_type":"article","og_title":"Sa\u00fade organiza campanha para o p\u00fablico feminino como parte do \u2018Mar\u00e7o Lil\u00e1s\u2019 - Prefeitura de Capivari","og_description":"A Secretaria de Sa\u00fade anunciou nesta semana uma a\u00e7\u00e3o voltada ao p\u00fablico feminino do munic\u00edpio. Diversas atividades ser\u00e3o realizadas no Centro de Sa\u00fade \u201cDr. M\u00e1rio Dias de Aguiar\u201d, de forma totalmente gratuita, como parte da campanha Mar\u00e7o Lil\u00e1s, que tem como principal objetivo a preven\u00e7\u00e3o e o combate ao c\u00e2ncer do colo do \u00fatero. A [&hellip;]","og_url":"https:\/\/capivari.sp.gov.br\/portal\/saude-organiza-campanha-para-o-publico-feminino-como-parte-do-marco-lilas\/","og_site_name":"Prefeitura de Capivari","article_publisher":"https:\/\/www.facebook.com\/PrefeituradeCapivari\/","article_published_time":"2026-03-10T13:05:16+00:00","og_image":[{"width":1280,"height":853,"url":"https:\/\/capivari.sp.gov.br\/portal\/wp-content\/uploads\/2026\/03\/WhatsApp-Image-2024-03-08-at-17.15.36.jpeg","type":"image\/jpeg"}],"author":"Thalles Cristiano","twitter_card":"summary_large_image","twitter_creator":"@PrefCapivari","twitter_site":"@PrefCapivari","twitter_misc":{"Escrito por":"Thalles Cristiano","Est. tempo de leitura":"2 minutos"},"schema":{"@context":"https:\/\/schema.org","@graph":[{"@type":"Article","@id":"https:\/\/capivari.sp.gov.br\/portal\/saude-organiza-campanha-para-o-publico-feminino-como-parte-do-marco-lilas\/#article","isPartOf":{"@id":"https:\/\/capivari.sp.gov.br\/portal\/saude-organiza-campanha-para-o-publico-feminino-como-parte-do-marco-lilas\/"},"author":{"name":"Thalles Cristiano","@id":"https:\/\/capivari.sp.gov.br\/portal\/#\/schema\/person\/98801614a91d449946b0687ae2db9f29"},"headline":"Sa\u00fade organiza campanha para o p\u00fablico feminino como parte do \u2018Mar\u00e7o Lil\u00e1s\u2019","datePublished":"2026-03-10T13:05:16+00:00","mainEntityOfPage":{"@id":"https:\/\/capivari.sp.gov.br\/portal\/saude-organiza-campanha-para-o-publico-feminino-como-parte-do-marco-lilas\/"},"wordCount":334,"commentCount":0,"publisher":{"@id":"https:\/\/capivari.sp.gov.br\/portal\/#organization"},"image":{"@id":"https:\/\/capivari.sp.gov.br\/portal\/saude-organiza-campanha-para-o-publico-feminino-como-parte-do-marco-lilas\/#primaryimage"},"thumbnailUrl":"https:\/\/capivari.sp.gov.br\/portal\/wp-content\/uploads\/2026\/03\/WhatsApp-Image-2024-03-08-at-17.15.36.jpeg","articleSection":["Destaque","Geral","Sa\u00fade"],"inLanguage":"pt-BR","potentialAction":[{"@type":"CommentAction","name":"Comment","target":["https:\/\/capivari.sp.gov.br\/portal\/saude-organiza-campanha-para-o-publico-feminino-como-parte-do-marco-lilas\/#respond"]}]},{"@type":"WebPage","@id":"https:\/\/capivari.sp.gov.br\/portal\/saude-organiza-campanha-para-o-publico-feminino-como-parte-do-marco-lilas\/","url":"https:\/\/capivari.sp.gov.br\/portal\/saude-organiza-campanha-para-o-publico-feminino-como-parte-do-marco-lilas\/","name":"Sa\u00fade organiza campanha para o p\u00fablico feminino como parte do \u2018Mar\u00e7o Lil\u00e1s\u2019 - Prefeitura de Capivari","isPartOf":{"@id":"https:\/\/capivari.sp.gov.br\/portal\/#website"},"primaryImageOfPage":{"@id":"https:\/\/capivari.sp.gov.br\/portal\/saude-organiza-campanha-para-o-publico-feminino-como-parte-do-marco-lilas\/#primaryimage"},"image":{"@id":"https:\/\/capivari.sp.gov.br\/portal\/saude-organiza-campanha-para-o-publico-feminino-como-parte-do-marco-lilas\/#primaryimage"},"thumbnailUrl":"https:\/\/capivari.sp.gov.br\/portal\/wp-content\/uploads\/2026\/03\/WhatsApp-Image-2024-03-08-at-17.15.36.jpeg","datePublished":"2026-03-10T13:05:16+00:00","breadcrumb":{"@id":"https:\/\/capivari.sp.gov.br\/portal\/saude-organiza-campanha-para-o-publico-feminino-como-parte-do-marco-lilas\/#breadcrumb"},"inLanguage":"pt-BR","potentialAction":[{"@type":"ReadAction","target":["https:\/\/capivari.sp.gov.br\/portal\/saude-organiza-campanha-para-o-publico-feminino-como-parte-do-marco-lilas\/"]}]},{"@type":"ImageObject","inLanguage":"pt-BR","@id":"https:\/\/capivari.sp.gov.br\/portal\/saude-organiza-campanha-para-o-publico-feminino-como-parte-do-marco-lilas\/#primaryimage","url":"https:\/\/capivari.sp.gov.br\/portal\/wp-content\/uploads\/2026\/03\/WhatsApp-Image-2024-03-08-at-17.15.36.jpeg","contentUrl":"https:\/\/capivari.sp.gov.br\/portal\/wp-content\/uploads\/2026\/03\/WhatsApp-Image-2024-03-08-at-17.15.36.jpeg","width":1280,"height":853},{"@type":"BreadcrumbList","@id":"https:\/\/capivari.sp.gov.br\/portal\/saude-organiza-campanha-para-o-publico-feminino-como-parte-do-marco-lilas\/#breadcrumb","itemListElement":[{"@type":"ListItem","position":1,"name":"In\u00edcio","item":"https:\/\/capivari.sp.gov.br\/portal\/"},{"@type":"ListItem","position":2,"name":"Sa\u00fade organiza campanha para o p\u00fablico feminino como parte do \u2018Mar\u00e7o Lil\u00e1s\u2019"}]},{"@type":"WebSite","@id":"https:\/\/capivari.sp.gov.br\/portal\/#website","url":"https:\/\/capivari.sp.gov.br\/portal\/","name":"Prefeitura de Capivari","description":"Prefeitura de Capivari","publisher":{"@id":"https:\/\/capivari.sp.gov.br\/portal\/#organization"},"potentialAction":[{"@type":"SearchAction","target":{"@type":"EntryPoint","urlTemplate":"https:\/\/capivari.sp.gov.br\/portal\/?s={search_term_string}"},"query-input":{"@type":"PropertyValueSpecification","valueRequired":true,"valueName":"search_term_string"}}],"inLanguage":"pt-BR"},{"@type":"Organization","@id":"https:\/\/capivari.sp.gov.br\/portal\/#organization","name":"Prefeitura de Capivari","url":"https:\/\/capivari.sp.gov.br\/portal\/","logo":{"@type":"ImageObject","inLanguage":"pt-BR","@id":"https:\/\/capivari.sp.gov.br\/portal\/#\/schema\/logo\/image\/","url":"https:\/\/capivari.sp.gov.br\/portal\/wp-content\/uploads\/2021\/09\/logo-prefeitura-de-capivari.png","contentUrl":"https:\/\/capivari.sp.gov.br\/portal\/wp-content\/uploads\/2021\/09\/logo-prefeitura-de-capivari.png","width":200,"height":147,"caption":"Prefeitura de Capivari"},"image":{"@id":"https:\/\/capivari.sp.gov.br\/portal\/#\/schema\/logo\/image\/"},"sameAs":["https:\/\/www.facebook.com\/PrefeituradeCapivari\/","https:\/\/x.com\/PrefCapivari","https:\/\/www.instagram.com\/prefeituracapivari\/"]},{"@type":"Person","@id":"https:\/\/capivari.sp.gov.br\/portal\/#\/schema\/person\/98801614a91d449946b0687ae2db9f29","name":"Thalles Cristiano","image":{"@type":"ImageObject","inLanguage":"pt-BR","@id":"https:\/\/secure.gravatar.com\/avatar\/0d1b9a4bdcde99ab11a8cd27abdcd088993749b82c4355c0301135023dc52b3d?s=96&d=mm&r=g","url":"https:\/\/secure.gravatar.com\/avatar\/0d1b9a4bdcde99ab11a8cd27abdcd088993749b82c4355c0301135023dc52b3d?s=96&d=mm&r=g","contentUrl":"https:\/\/secure.gravatar.com\/avatar\/0d1b9a4bdcde99ab11a8cd27abdcd088993749b82c4355c0301135023dc52b3d?s=96&d=mm&r=g","caption":"Thalles Cristiano"},"url":"https:\/\/capivari.sp.gov.br\/portal\/author\/thalles-cristiano\/"}]}},"_links":{"self":[{"href":"https:\/\/capivari.sp.gov.br\/portal\/wp-json\/wp\/v2\/posts\/22078","targetHints":{"allow":["GET"]}}],"collection":[{"href":"https:\/\/capivari.sp.gov.br\/portal\/wp-json\/wp\/v2\/posts"}],"about":[{"href":"https:\/\/capivari.sp.gov.br\/portal\/wp-json\/wp\/v2\/types\/post"}],"author":[{"embeddable":true,"href":"https:\/\/capivari.sp.gov.br\/portal\/wp-json\/wp\/v2\/users\/2"}],"replies":[{"embeddable":true,"href":"https:\/\/capivari.sp.gov.br\/portal\/wp-json\/wp\/v2\/comments?post=22078"}],"version-history":[{"count":1,"href":"https:\/\/capivari.sp.gov.br\/portal\/wp-json\/wp\/v2\/posts\/22078\/revisions"}],"predecessor-version":[{"id":22080,"href":"https:\/\/capivari.sp.gov.br\/portal\/wp-json\/wp\/v2\/posts\/22078\/revisions\/22080"}],"wp:featuredmedia":[{"embeddable":true,"href":"https:\/\/capivari.sp.gov.br\/portal\/wp-json\/wp\/v2\/media\/22079"}],"wp:attachment":[{"href":"https:\/\/capivari.sp.gov.br\/portal\/wp-json\/wp\/v2\/media?parent=22078"}],"wp:term":[{"taxonomy":"category","embeddable":true,"href":"https:\/\/capivari.sp.gov.br\/portal\/wp-json\/wp\/v2\/categories?post=22078"},{"taxonomy":"post_tag","embeddable":true,"href":"https:\/\/capivari.sp.gov.br\/portal\/wp-json\/wp\/v2\/tags?post=22078"}],"curies":[{"name":"wp","href":"https:\/\/api.w.org\/{rel}","templated":true}]}}