{"id":22149,"date":"2026-03-16T16:53:32","date_gmt":"2026-03-16T19:53:32","guid":{"rendered":"https:\/\/capivari.sp.gov.br\/portal\/?p=22149"},"modified":"2026-03-16T16:53:32","modified_gmt":"2026-03-16T19:53:32","slug":"trabalho-conjunto-entre-bombeiros-e-resgate-marca-nascimento-em-capivari","status":"publish","type":"post","link":"https:\/\/capivari.sp.gov.br\/portal\/trabalho-conjunto-entre-bombeiros-e-resgate-marca-nascimento-em-capivari\/","title":{"rendered":"Trabalho conjunto entre Bombeiros e Resgate marca nascimento em Capivari"},"content":{"rendered":"<p>Na madrugada do \u00faltimo s\u00e1bado (14), uma ocorr\u00eancia especial mobilizou profissionais do Corpo de Bombeiros de Capivari e do Resgate 153, em uma a\u00e7\u00e3o conjunta que terminou com um momento de grande emo\u00e7\u00e3o para todos os envolvidos.<\/p>\n<p>As equipes foram acionadas por familiares de uma gestante em trabalho de parto, na regi\u00e3o do bairro Moreto. Ao chegarem \u00e0 resid\u00eancia, os agentes encontraram a m\u00e3e, Caroline, j\u00e1 com o beb\u00ea em seu colo, no banheiro da casa.<\/p>\n<p>Com preparo e sensibilidade diante da situa\u00e7\u00e3o, os profissionais realizaram os primeiros atendimentos necess\u00e1rios, incluindo o corte do cord\u00e3o umbilical e o acolhimento do rec\u00e9m-nascido em uma manta aluminizada, garantindo prote\u00e7\u00e3o e seguran\u00e7a nos primeiros instantes de vida.<\/p>\n<p>Na sequ\u00eancia, m\u00e3e e beb\u00ea foram encaminhados \u00e0 Santa Casa de Capivari, onde receberam acompanhamento m\u00e9dico.<\/p>\n<p>A ocorr\u00eancia refor\u00e7a a import\u00e2ncia da integra\u00e7\u00e3o entre as equipes de emerg\u00eancia do munic\u00edpio, que diariamente trabalham com dedica\u00e7\u00e3o para proteger e cuidar da popula\u00e7\u00e3o \u2014 inclusive em momentos t\u00e3o especiais quanto a chegada de uma nova vida.<\/p>\n<p>Atendimento 24 horas<\/p>\n<p>Em caso de emerg\u00eancia, o Resgate 153 atende pelos telefones 153 e (19) 3491-1311 (WhatsApp), com funcionamento 24 horas por dia, sete dias por semana. A popula\u00e7\u00e3o tamb\u00e9m pode acionar o servi\u00e7o pelo aplicativo \u201c153 Capivari\u201d, dispon\u00edvel para download nas lojas de smartphones Android e iOS.<\/p>\n<p>O Corpo de Bombeiros tamb\u00e9m pode ser acionado pelo telefone de emerg\u00eancia 193.<\/p>\n","protected":false},"excerpt":{"rendered":"<p>Na madrugada do \u00faltimo s\u00e1bado (14), uma ocorr\u00eancia especial mobilizou profissionais do Corpo de Bombeiros de Capivari e do Resgate 153, em uma a\u00e7\u00e3o conjunta que terminou com um momento de grande emo\u00e7\u00e3o para todos os envolvidos. As equipes foram acionadas por familiares de uma gestante em trabalho de parto, na regi\u00e3o do bairro Moreto. [&hellip;]<\/p>\n","protected":false},"author":16,"featured_media":22150,"comment_status":"open","ping_status":"open","sticky":false,"template":"","format":"standard","meta":{"ocean_post_layout":"","ocean_both_sidebars_style":"","ocean_both_sidebars_content_width":0,"ocean_both_sidebars_sidebars_width":0,"ocean_sidebar":"","ocean_second_sidebar":"","ocean_disable_margins":"enable","ocean_add_body_class":"","ocean_shortcode_before_top_bar":"","ocean_shortcode_after_top_bar":"","ocean_shortcode_before_header":"","ocean_shortcode_after_header":"","ocean_has_shortcode":"","ocean_shortcode_after_title":"","ocean_shortcode_before_footer_widgets":"","ocean_shortcode_after_footer_widgets":"","ocean_shortcode_before_footer_bottom":"","ocean_shortcode_after_footer_bottom":"","ocean_display_top_bar":"default","ocean_display_header":"default","ocean_header_style":"","ocean_center_header_left_menu":"","ocean_custom_header_template":"","ocean_custom_logo":0,"ocean_custom_retina_logo":0,"ocean_custom_logo_max_width":0,"ocean_custom_logo_tablet_max_width":0,"ocean_custom_logo_mobile_max_width":0,"ocean_custom_logo_max_height":0,"ocean_custom_logo_tablet_max_height":0,"ocean_custom_logo_mobile_max_height":0,"ocean_header_custom_menu":"","ocean_menu_typo_font_family":"","ocean_menu_typo_font_subset":"","ocean_menu_typo_font_size":0,"ocean_menu_typo_font_size_tablet":0,"ocean_menu_typo_font_size_mobile":0,"ocean_menu_typo_font_size_unit":"px","ocean_menu_typo_font_weight":"","ocean_menu_typo_font_weight_tablet":"","ocean_menu_typo_font_weight_mobile":"","ocean_menu_typo_transform":"","ocean_menu_typo_transform_tablet":"","ocean_menu_typo_transform_mobile":"","ocean_menu_typo_line_height":0,"ocean_menu_typo_line_height_tablet":0,"ocean_menu_typo_line_height_mobile":0,"ocean_menu_typo_line_height_unit":"","ocean_menu_typo_spacing":0,"ocean_menu_typo_spacing_tablet":0,"ocean_menu_typo_spacing_mobile":0,"ocean_menu_typo_spacing_unit":"","ocean_menu_link_color":"","ocean_menu_link_color_hover":"","ocean_menu_link_color_active":"","ocean_menu_link_background":"","ocean_menu_link_hover_background":"","ocean_menu_link_active_background":"","ocean_menu_social_links_bg":"","ocean_menu_social_hover_links_bg":"","ocean_menu_social_links_color":"","ocean_menu_social_hover_links_color":"","ocean_disable_title":"default","ocean_disable_heading":"default","ocean_post_title":"","ocean_post_subheading":"","ocean_post_title_style":"","ocean_post_title_background_color":"","ocean_post_title_background":0,"ocean_post_title_bg_image_position":"","ocean_post_title_bg_image_attachment":"","ocean_post_title_bg_image_repeat":"","ocean_post_title_bg_image_size":"","ocean_post_title_height":0,"ocean_post_title_bg_overlay":0.5,"ocean_post_title_bg_overlay_color":"","ocean_disable_breadcrumbs":"default","ocean_breadcrumbs_color":"","ocean_breadcrumbs_separator_color":"","ocean_breadcrumbs_links_color":"","ocean_breadcrumbs_links_hover_color":"","ocean_display_footer_widgets":"default","ocean_display_footer_bottom":"default","ocean_custom_footer_template":"","ocean_post_oembed":"","ocean_post_self_hosted_media":"","ocean_post_video_embed":"","ocean_link_format":"","ocean_link_format_target":"self","ocean_quote_format":"","ocean_quote_format_link":"post","ocean_gallery_link_images":"on","ocean_gallery_id":[],"footnotes":""},"categories":[4,5,32],"tags":[],"class_list":["post-22149","post","type-post","status-publish","format-standard","has-post-thumbnail","hentry","category-destaque","category-geral","category-seguranca-publica","entry","has-media"],"yoast_head":"<!-- This site is optimized with the Yoast SEO plugin v27.5 - https:\/\/yoast.com\/product\/yoast-seo-wordpress\/ -->\n<title>Trabalho conjunto entre Bombeiros e Resgate marca nascimento em Capivari - Prefeitura de Capivari<\/title>\n<meta name=\"robots\" content=\"index, follow, max-snippet:-1, max-image-preview:large, max-video-preview:-1\" \/>\n<link rel=\"canonical\" href=\"https:\/\/capivari.sp.gov.br\/portal\/trabalho-conjunto-entre-bombeiros-e-resgate-marca-nascimento-em-capivari\/\" \/>\n<meta property=\"og:locale\" content=\"pt_BR\" \/>\n<meta property=\"og:type\" content=\"article\" \/>\n<meta property=\"og:title\" content=\"Trabalho conjunto entre Bombeiros e Resgate marca nascimento em Capivari - Prefeitura de Capivari\" \/>\n<meta property=\"og:description\" content=\"Na madrugada do \u00faltimo s\u00e1bado (14), uma ocorr\u00eancia especial mobilizou profissionais do Corpo de Bombeiros de Capivari e do Resgate 153, em uma a\u00e7\u00e3o conjunta que terminou com um momento de grande emo\u00e7\u00e3o para todos os envolvidos. As equipes foram acionadas por familiares de uma gestante em trabalho de parto, na regi\u00e3o do bairro Moreto. [&hellip;]\" \/>\n<meta property=\"og:url\" content=\"https:\/\/capivari.sp.gov.br\/portal\/trabalho-conjunto-entre-bombeiros-e-resgate-marca-nascimento-em-capivari\/\" \/>\n<meta property=\"og:site_name\" content=\"Prefeitura de Capivari\" \/>\n<meta property=\"article:publisher\" content=\"https:\/\/www.facebook.com\/PrefeituradeCapivari\/\" \/>\n<meta property=\"article:published_time\" content=\"2026-03-16T19:53:32+00:00\" \/>\n<meta property=\"og:image\" content=\"https:\/\/capivari.sp.gov.br\/portal\/wp-content\/uploads\/2026\/03\/WhatsApp-Image-2026-03-16-at-16.33.00.jpeg\" \/>\n\t<meta property=\"og:image:width\" content=\"960\" \/>\n\t<meta property=\"og:image:height\" content=\"1280\" \/>\n\t<meta property=\"og:image:type\" content=\"image\/jpeg\" \/>\n<meta name=\"author\" content=\"Leonardo Nocete\" \/>\n<meta name=\"twitter:card\" content=\"summary_large_image\" \/>\n<meta name=\"twitter:creator\" content=\"@PrefCapivari\" \/>\n<meta name=\"twitter:site\" content=\"@PrefCapivari\" \/>\n<meta name=\"twitter:label1\" content=\"Escrito por\" \/>\n\t<meta name=\"twitter:data1\" content=\"Leonardo Nocete\" \/>\n\t<meta name=\"twitter:label2\" content=\"Est. tempo de leitura\" \/>\n\t<meta name=\"twitter:data2\" content=\"2 minutos\" \/>\n<script type=\"application\/ld+json\" class=\"yoast-schema-graph\">{\"@context\":\"https:\\\/\\\/schema.org\",\"@graph\":[{\"@type\":\"Article\",\"@id\":\"https:\\\/\\\/capivari.sp.gov.br\\\/portal\\\/trabalho-conjunto-entre-bombeiros-e-resgate-marca-nascimento-em-capivari\\\/#article\",\"isPartOf\":{\"@id\":\"https:\\\/\\\/capivari.sp.gov.br\\\/portal\\\/trabalho-conjunto-entre-bombeiros-e-resgate-marca-nascimento-em-capivari\\\/\"},\"author\":{\"name\":\"Leonardo Nocete\",\"@id\":\"https:\\\/\\\/capivari.sp.gov.br\\\/portal\\\/#\\\/schema\\\/person\\\/2370456f508b3c5850854ed47030a88b\"},\"headline\":\"Trabalho conjunto entre Bombeiros e Resgate marca nascimento em Capivari\",\"datePublished\":\"2026-03-16T19:53:32+00:00\",\"mainEntityOfPage\":{\"@id\":\"https:\\\/\\\/capivari.sp.gov.br\\\/portal\\\/trabalho-conjunto-entre-bombeiros-e-resgate-marca-nascimento-em-capivari\\\/\"},\"wordCount\":260,\"commentCount\":0,\"publisher\":{\"@id\":\"https:\\\/\\\/capivari.sp.gov.br\\\/portal\\\/#organization\"},\"image\":{\"@id\":\"https:\\\/\\\/capivari.sp.gov.br\\\/portal\\\/trabalho-conjunto-entre-bombeiros-e-resgate-marca-nascimento-em-capivari\\\/#primaryimage\"},\"thumbnailUrl\":\"https:\\\/\\\/capivari.sp.gov.br\\\/portal\\\/wp-content\\\/uploads\\\/2026\\\/03\\\/WhatsApp-Image-2026-03-16-at-16.33.00.jpeg\",\"articleSection\":[\"Destaque\",\"Geral\",\"Seguran\u00e7a P\u00fablica\"],\"inLanguage\":\"pt-BR\",\"potentialAction\":[{\"@type\":\"CommentAction\",\"name\":\"Comment\",\"target\":[\"https:\\\/\\\/capivari.sp.gov.br\\\/portal\\\/trabalho-conjunto-entre-bombeiros-e-resgate-marca-nascimento-em-capivari\\\/#respond\"]}]},{\"@type\":\"WebPage\",\"@id\":\"https:\\\/\\\/capivari.sp.gov.br\\\/portal\\\/trabalho-conjunto-entre-bombeiros-e-resgate-marca-nascimento-em-capivari\\\/\",\"url\":\"https:\\\/\\\/capivari.sp.gov.br\\\/portal\\\/trabalho-conjunto-entre-bombeiros-e-resgate-marca-nascimento-em-capivari\\\/\",\"name\":\"Trabalho conjunto entre Bombeiros e Resgate marca nascimento em Capivari - Prefeitura de Capivari\",\"isPartOf\":{\"@id\":\"https:\\\/\\\/capivari.sp.gov.br\\\/portal\\\/#website\"},\"primaryImageOfPage\":{\"@id\":\"https:\\\/\\\/capivari.sp.gov.br\\\/portal\\\/trabalho-conjunto-entre-bombeiros-e-resgate-marca-nascimento-em-capivari\\\/#primaryimage\"},\"image\":{\"@id\":\"https:\\\/\\\/capivari.sp.gov.br\\\/portal\\\/trabalho-conjunto-entre-bombeiros-e-resgate-marca-nascimento-em-capivari\\\/#primaryimage\"},\"thumbnailUrl\":\"https:\\\/\\\/capivari.sp.gov.br\\\/portal\\\/wp-content\\\/uploads\\\/2026\\\/03\\\/WhatsApp-Image-2026-03-16-at-16.33.00.jpeg\",\"datePublished\":\"2026-03-16T19:53:32+00:00\",\"breadcrumb\":{\"@id\":\"https:\\\/\\\/capivari.sp.gov.br\\\/portal\\\/trabalho-conjunto-entre-bombeiros-e-resgate-marca-nascimento-em-capivari\\\/#breadcrumb\"},\"inLanguage\":\"pt-BR\",\"potentialAction\":[{\"@type\":\"ReadAction\",\"target\":[\"https:\\\/\\\/capivari.sp.gov.br\\\/portal\\\/trabalho-conjunto-entre-bombeiros-e-resgate-marca-nascimento-em-capivari\\\/\"]}]},{\"@type\":\"ImageObject\",\"inLanguage\":\"pt-BR\",\"@id\":\"https:\\\/\\\/capivari.sp.gov.br\\\/portal\\\/trabalho-conjunto-entre-bombeiros-e-resgate-marca-nascimento-em-capivari\\\/#primaryimage\",\"url\":\"https:\\\/\\\/capivari.sp.gov.br\\\/portal\\\/wp-content\\\/uploads\\\/2026\\\/03\\\/WhatsApp-Image-2026-03-16-at-16.33.00.jpeg\",\"contentUrl\":\"https:\\\/\\\/capivari.sp.gov.br\\\/portal\\\/wp-content\\\/uploads\\\/2026\\\/03\\\/WhatsApp-Image-2026-03-16-at-16.33.00.jpeg\",\"width\":960,\"height\":1280},{\"@type\":\"BreadcrumbList\",\"@id\":\"https:\\\/\\\/capivari.sp.gov.br\\\/portal\\\/trabalho-conjunto-entre-bombeiros-e-resgate-marca-nascimento-em-capivari\\\/#breadcrumb\",\"itemListElement\":[{\"@type\":\"ListItem\",\"position\":1,\"name\":\"In\u00edcio\",\"item\":\"https:\\\/\\\/capivari.sp.gov.br\\\/portal\\\/\"},{\"@type\":\"ListItem\",\"position\":2,\"name\":\"Trabalho conjunto entre Bombeiros e Resgate marca nascimento em Capivari\"}]},{\"@type\":\"WebSite\",\"@id\":\"https:\\\/\\\/capivari.sp.gov.br\\\/portal\\\/#website\",\"url\":\"https:\\\/\\\/capivari.sp.gov.br\\\/portal\\\/\",\"name\":\"Prefeitura de Capivari\",\"description\":\"Prefeitura de Capivari\",\"publisher\":{\"@id\":\"https:\\\/\\\/capivari.sp.gov.br\\\/portal\\\/#organization\"},\"potentialAction\":[{\"@type\":\"SearchAction\",\"target\":{\"@type\":\"EntryPoint\",\"urlTemplate\":\"https:\\\/\\\/capivari.sp.gov.br\\\/portal\\\/?s={search_term_string}\"},\"query-input\":{\"@type\":\"PropertyValueSpecification\",\"valueRequired\":true,\"valueName\":\"search_term_string\"}}],\"inLanguage\":\"pt-BR\"},{\"@type\":\"Organization\",\"@id\":\"https:\\\/\\\/capivari.sp.gov.br\\\/portal\\\/#organization\",\"name\":\"Prefeitura de Capivari\",\"url\":\"https:\\\/\\\/capivari.sp.gov.br\\\/portal\\\/\",\"logo\":{\"@type\":\"ImageObject\",\"inLanguage\":\"pt-BR\",\"@id\":\"https:\\\/\\\/capivari.sp.gov.br\\\/portal\\\/#\\\/schema\\\/logo\\\/image\\\/\",\"url\":\"https:\\\/\\\/capivari.sp.gov.br\\\/portal\\\/wp-content\\\/uploads\\\/2021\\\/09\\\/logo-prefeitura-de-capivari.png\",\"contentUrl\":\"https:\\\/\\\/capivari.sp.gov.br\\\/portal\\\/wp-content\\\/uploads\\\/2021\\\/09\\\/logo-prefeitura-de-capivari.png\",\"width\":200,\"height\":147,\"caption\":\"Prefeitura de Capivari\"},\"image\":{\"@id\":\"https:\\\/\\\/capivari.sp.gov.br\\\/portal\\\/#\\\/schema\\\/logo\\\/image\\\/\"},\"sameAs\":[\"https:\\\/\\\/www.facebook.com\\\/PrefeituradeCapivari\\\/\",\"https:\\\/\\\/x.com\\\/PrefCapivari\",\"https:\\\/\\\/www.instagram.com\\\/prefeituracapivari\\\/\"]},{\"@type\":\"Person\",\"@id\":\"https:\\\/\\\/capivari.sp.gov.br\\\/portal\\\/#\\\/schema\\\/person\\\/2370456f508b3c5850854ed47030a88b\",\"name\":\"Leonardo Nocete\",\"image\":{\"@type\":\"ImageObject\",\"inLanguage\":\"pt-BR\",\"@id\":\"https:\\\/\\\/secure.gravatar.com\\\/avatar\\\/e50b6c0a6caf8425503f25a4072837dc2d91e4c4b86cc138a8a1c35de11f7b69?s=96&d=mm&r=g\",\"url\":\"https:\\\/\\\/secure.gravatar.com\\\/avatar\\\/e50b6c0a6caf8425503f25a4072837dc2d91e4c4b86cc138a8a1c35de11f7b69?s=96&d=mm&r=g\",\"contentUrl\":\"https:\\\/\\\/secure.gravatar.com\\\/avatar\\\/e50b6c0a6caf8425503f25a4072837dc2d91e4c4b86cc138a8a1c35de11f7b69?s=96&d=mm&r=g\",\"caption\":\"Leonardo Nocete\"},\"url\":\"https:\\\/\\\/capivari.sp.gov.br\\\/portal\\\/author\\\/leonardo-nocete\\\/\"}]}<\/script>\n<!-- \/ Yoast SEO plugin. -->","yoast_head_json":{"title":"Trabalho conjunto entre Bombeiros e Resgate marca nascimento em Capivari - Prefeitura de Capivari","robots":{"index":"index","follow":"follow","max-snippet":"max-snippet:-1","max-image-preview":"max-image-preview:large","max-video-preview":"max-video-preview:-1"},"canonical":"https:\/\/capivari.sp.gov.br\/portal\/trabalho-conjunto-entre-bombeiros-e-resgate-marca-nascimento-em-capivari\/","og_locale":"pt_BR","og_type":"article","og_title":"Trabalho conjunto entre Bombeiros e Resgate marca nascimento em Capivari - Prefeitura de Capivari","og_description":"Na madrugada do \u00faltimo s\u00e1bado (14), uma ocorr\u00eancia especial mobilizou profissionais do Corpo de Bombeiros de Capivari e do Resgate 153, em uma a\u00e7\u00e3o conjunta que terminou com um momento de grande emo\u00e7\u00e3o para todos os envolvidos. As equipes foram acionadas por familiares de uma gestante em trabalho de parto, na regi\u00e3o do bairro Moreto. [&hellip;]","og_url":"https:\/\/capivari.sp.gov.br\/portal\/trabalho-conjunto-entre-bombeiros-e-resgate-marca-nascimento-em-capivari\/","og_site_name":"Prefeitura de Capivari","article_publisher":"https:\/\/www.facebook.com\/PrefeituradeCapivari\/","article_published_time":"2026-03-16T19:53:32+00:00","og_image":[{"width":960,"height":1280,"url":"https:\/\/capivari.sp.gov.br\/portal\/wp-content\/uploads\/2026\/03\/WhatsApp-Image-2026-03-16-at-16.33.00.jpeg","type":"image\/jpeg"}],"author":"Leonardo Nocete","twitter_card":"summary_large_image","twitter_creator":"@PrefCapivari","twitter_site":"@PrefCapivari","twitter_misc":{"Escrito por":"Leonardo Nocete","Est. tempo de leitura":"2 minutos"},"schema":{"@context":"https:\/\/schema.org","@graph":[{"@type":"Article","@id":"https:\/\/capivari.sp.gov.br\/portal\/trabalho-conjunto-entre-bombeiros-e-resgate-marca-nascimento-em-capivari\/#article","isPartOf":{"@id":"https:\/\/capivari.sp.gov.br\/portal\/trabalho-conjunto-entre-bombeiros-e-resgate-marca-nascimento-em-capivari\/"},"author":{"name":"Leonardo Nocete","@id":"https:\/\/capivari.sp.gov.br\/portal\/#\/schema\/person\/2370456f508b3c5850854ed47030a88b"},"headline":"Trabalho conjunto entre Bombeiros e Resgate marca nascimento em Capivari","datePublished":"2026-03-16T19:53:32+00:00","mainEntityOfPage":{"@id":"https:\/\/capivari.sp.gov.br\/portal\/trabalho-conjunto-entre-bombeiros-e-resgate-marca-nascimento-em-capivari\/"},"wordCount":260,"commentCount":0,"publisher":{"@id":"https:\/\/capivari.sp.gov.br\/portal\/#organization"},"image":{"@id":"https:\/\/capivari.sp.gov.br\/portal\/trabalho-conjunto-entre-bombeiros-e-resgate-marca-nascimento-em-capivari\/#primaryimage"},"thumbnailUrl":"https:\/\/capivari.sp.gov.br\/portal\/wp-content\/uploads\/2026\/03\/WhatsApp-Image-2026-03-16-at-16.33.00.jpeg","articleSection":["Destaque","Geral","Seguran\u00e7a P\u00fablica"],"inLanguage":"pt-BR","potentialAction":[{"@type":"CommentAction","name":"Comment","target":["https:\/\/capivari.sp.gov.br\/portal\/trabalho-conjunto-entre-bombeiros-e-resgate-marca-nascimento-em-capivari\/#respond"]}]},{"@type":"WebPage","@id":"https:\/\/capivari.sp.gov.br\/portal\/trabalho-conjunto-entre-bombeiros-e-resgate-marca-nascimento-em-capivari\/","url":"https:\/\/capivari.sp.gov.br\/portal\/trabalho-conjunto-entre-bombeiros-e-resgate-marca-nascimento-em-capivari\/","name":"Trabalho conjunto entre Bombeiros e Resgate marca nascimento em Capivari - Prefeitura de Capivari","isPartOf":{"@id":"https:\/\/capivari.sp.gov.br\/portal\/#website"},"primaryImageOfPage":{"@id":"https:\/\/capivari.sp.gov.br\/portal\/trabalho-conjunto-entre-bombeiros-e-resgate-marca-nascimento-em-capivari\/#primaryimage"},"image":{"@id":"https:\/\/capivari.sp.gov.br\/portal\/trabalho-conjunto-entre-bombeiros-e-resgate-marca-nascimento-em-capivari\/#primaryimage"},"thumbnailUrl":"https:\/\/capivari.sp.gov.br\/portal\/wp-content\/uploads\/2026\/03\/WhatsApp-Image-2026-03-16-at-16.33.00.jpeg","datePublished":"2026-03-16T19:53:32+00:00","breadcrumb":{"@id":"https:\/\/capivari.sp.gov.br\/portal\/trabalho-conjunto-entre-bombeiros-e-resgate-marca-nascimento-em-capivari\/#breadcrumb"},"inLanguage":"pt-BR","potentialAction":[{"@type":"ReadAction","target":["https:\/\/capivari.sp.gov.br\/portal\/trabalho-conjunto-entre-bombeiros-e-resgate-marca-nascimento-em-capivari\/"]}]},{"@type":"ImageObject","inLanguage":"pt-BR","@id":"https:\/\/capivari.sp.gov.br\/portal\/trabalho-conjunto-entre-bombeiros-e-resgate-marca-nascimento-em-capivari\/#primaryimage","url":"https:\/\/capivari.sp.gov.br\/portal\/wp-content\/uploads\/2026\/03\/WhatsApp-Image-2026-03-16-at-16.33.00.jpeg","contentUrl":"https:\/\/capivari.sp.gov.br\/portal\/wp-content\/uploads\/2026\/03\/WhatsApp-Image-2026-03-16-at-16.33.00.jpeg","width":960,"height":1280},{"@type":"BreadcrumbList","@id":"https:\/\/capivari.sp.gov.br\/portal\/trabalho-conjunto-entre-bombeiros-e-resgate-marca-nascimento-em-capivari\/#breadcrumb","itemListElement":[{"@type":"ListItem","position":1,"name":"In\u00edcio","item":"https:\/\/capivari.sp.gov.br\/portal\/"},{"@type":"ListItem","position":2,"name":"Trabalho conjunto entre Bombeiros e Resgate marca nascimento em Capivari"}]},{"@type":"WebSite","@id":"https:\/\/capivari.sp.gov.br\/portal\/#website","url":"https:\/\/capivari.sp.gov.br\/portal\/","name":"Prefeitura de Capivari","description":"Prefeitura de Capivari","publisher":{"@id":"https:\/\/capivari.sp.gov.br\/portal\/#organization"},"potentialAction":[{"@type":"SearchAction","target":{"@type":"EntryPoint","urlTemplate":"https:\/\/capivari.sp.gov.br\/portal\/?s={search_term_string}"},"query-input":{"@type":"PropertyValueSpecification","valueRequired":true,"valueName":"search_term_string"}}],"inLanguage":"pt-BR"},{"@type":"Organization","@id":"https:\/\/capivari.sp.gov.br\/portal\/#organization","name":"Prefeitura de Capivari","url":"https:\/\/capivari.sp.gov.br\/portal\/","logo":{"@type":"ImageObject","inLanguage":"pt-BR","@id":"https:\/\/capivari.sp.gov.br\/portal\/#\/schema\/logo\/image\/","url":"https:\/\/capivari.sp.gov.br\/portal\/wp-content\/uploads\/2021\/09\/logo-prefeitura-de-capivari.png","contentUrl":"https:\/\/capivari.sp.gov.br\/portal\/wp-content\/uploads\/2021\/09\/logo-prefeitura-de-capivari.png","width":200,"height":147,"caption":"Prefeitura de Capivari"},"image":{"@id":"https:\/\/capivari.sp.gov.br\/portal\/#\/schema\/logo\/image\/"},"sameAs":["https:\/\/www.facebook.com\/PrefeituradeCapivari\/","https:\/\/x.com\/PrefCapivari","https:\/\/www.instagram.com\/prefeituracapivari\/"]},{"@type":"Person","@id":"https:\/\/capivari.sp.gov.br\/portal\/#\/schema\/person\/2370456f508b3c5850854ed47030a88b","name":"Leonardo Nocete","image":{"@type":"ImageObject","inLanguage":"pt-BR","@id":"https:\/\/secure.gravatar.com\/avatar\/e50b6c0a6caf8425503f25a4072837dc2d91e4c4b86cc138a8a1c35de11f7b69?s=96&d=mm&r=g","url":"https:\/\/secure.gravatar.com\/avatar\/e50b6c0a6caf8425503f25a4072837dc2d91e4c4b86cc138a8a1c35de11f7b69?s=96&d=mm&r=g","contentUrl":"https:\/\/secure.gravatar.com\/avatar\/e50b6c0a6caf8425503f25a4072837dc2d91e4c4b86cc138a8a1c35de11f7b69?s=96&d=mm&r=g","caption":"Leonardo Nocete"},"url":"https:\/\/capivari.sp.gov.br\/portal\/author\/leonardo-nocete\/"}]}},"_links":{"self":[{"href":"https:\/\/capivari.sp.gov.br\/portal\/wp-json\/wp\/v2\/posts\/22149","targetHints":{"allow":["GET"]}}],"collection":[{"href":"https:\/\/capivari.sp.gov.br\/portal\/wp-json\/wp\/v2\/posts"}],"about":[{"href":"https:\/\/capivari.sp.gov.br\/portal\/wp-json\/wp\/v2\/types\/post"}],"author":[{"embeddable":true,"href":"https:\/\/capivari.sp.gov.br\/portal\/wp-json\/wp\/v2\/users\/16"}],"replies":[{"embeddable":true,"href":"https:\/\/capivari.sp.gov.br\/portal\/wp-json\/wp\/v2\/comments?post=22149"}],"version-history":[{"count":1,"href":"https:\/\/capivari.sp.gov.br\/portal\/wp-json\/wp\/v2\/posts\/22149\/revisions"}],"predecessor-version":[{"id":22151,"href":"https:\/\/capivari.sp.gov.br\/portal\/wp-json\/wp\/v2\/posts\/22149\/revisions\/22151"}],"wp:featuredmedia":[{"embeddable":true,"href":"https:\/\/capivari.sp.gov.br\/portal\/wp-json\/wp\/v2\/media\/22150"}],"wp:attachment":[{"href":"https:\/\/capivari.sp.gov.br\/portal\/wp-json\/wp\/v2\/media?parent=22149"}],"wp:term":[{"taxonomy":"category","embeddable":true,"href":"https:\/\/capivari.sp.gov.br\/portal\/wp-json\/wp\/v2\/categories?post=22149"},{"taxonomy":"post_tag","embeddable":true,"href":"https:\/\/capivari.sp.gov.br\/portal\/wp-json\/wp\/v2\/tags?post=22149"}],"curies":[{"name":"wp","href":"https:\/\/api.w.org\/{rel}","templated":true}]}}