{"id":22553,"date":"2026-04-27T15:32:00","date_gmt":"2026-04-27T18:32:00","guid":{"rendered":"https:\/\/capivari.sp.gov.br\/portal\/?p=22553"},"modified":"2026-04-27T15:32:00","modified_gmt":"2026-04-27T18:32:00","slug":"estacao-e-nova-esperanca-farao-a-final-da-copa-pedro-irineu","status":"publish","type":"post","link":"https:\/\/capivari.sp.gov.br\/portal\/estacao-e-nova-esperanca-farao-a-final-da-copa-pedro-irineu\/","title":{"rendered":"Esta\u00e7\u00e3o e Nova Esperan\u00e7a far\u00e3o a final da Copa \u201cPedro Irineu\u201d"},"content":{"rendered":"<p align=\"left\"><i>Equipes triunfaram no \u00faltimo fim de semana e v\u00e3o duelar pela ta\u00e7a no pr\u00f3ximo domingo (03)<\/i><\/p>\n<p align=\"left\">As semifinais da tradicional Copa \u201cPedro Irineu\u201d, competi\u00e7\u00e3o organizada desde 2021 que chega a sua quinta edi\u00e7\u00e3o, aconteceram na manh\u00e3 do \u00faltimo domingo (26), no Est\u00e1dio Municipal Fernando de Marco, no bairro Esta\u00e7\u00e3o. Em dois jogos eletrizantes, Esta\u00e7\u00e3o e Nova Esperan\u00e7a triunfaram durante os 80 minutos dos seus respectivos jogos e carimbaram o passaporte rumo \u00e0 decis\u00e3o.<\/p>\n<p>S\u00e3o Jo\u00e3o 2 x 3 Nova Esperan\u00e7a<\/p>\n<p align=\"left\">No primeiro jogo do dia, Nova Esperan\u00e7a e S\u00e3o Jo\u00e3o protagonizaram a partida mais equilibrada do dia, com tr\u00eas gols acontecendo dentro dos primeiros 20 minutos. Aos 12, Cau abriu o marcador para o Nova Esperan\u00e7a, que ampliou menos de um minuto depois com Pateco. O S\u00e3o Jo\u00e3o lutou e aos 16 descontou com Na\u00edlson, apenas para que o Nova Esperan\u00e7a marcasse o terceiro menos de dez minutos depois, aos 25, com Hugo. Pr\u00f3ximo do fim do primeiro tempo, Mancha fez o segundo do S\u00e3o Jo\u00e3o, colocando a equipe amarela e preta de volta no jogo.<\/p>\n<p align=\"left\">Entretanto, as equipes cansaram na segunda etapa e o ritmo naturalmente baixou, o que abriu caminho para as faltas e desentendimentos que geraram tr\u00eas expuls\u00f5es antes do fim do jogo, sendo duas do S\u00e3o Jo\u00e3o e uma do Nova Esperan\u00e7a que venceu por 3-2 e avan\u00e7ou \u00e0 final do torneio pela primeira vez em sua hist\u00f3ria.<\/p>\n<p align=\"left\">Ajax 0 x 2 Esta\u00e7\u00e3o<\/p>\n<p align=\"left\">Na sequ\u00eancia, Esta\u00e7\u00e3o e Ajax se enfrentaram valendo a vaga remanescente na grande decis\u00e3o. Em uma partida diferente da semifinal anterior, as equipes iniciaram a partida se respeitando bastante, em um primeiro tempo sem maiores eventos. Mas foi na etapa final que tudo come\u00e7ou mudar a favor da equipe do Esta\u00e7\u00e3o, que abriu o placar no primeiro minuto do segundo tempo com Rafinha. Aos 33, S\u00e1vio marcou o segundo e deu n\u00fameros finais ao jogo, levando o Esta\u00e7\u00e3o a segunda final consecutiva da Copa \u201cPedro Irineu\u201d, se aproximando do bicampeonato consecutivo.<\/p>\n<p align=\"left\">A grande decis\u00e3o da Copa \u201cPedro Irineu\u201d acontece no pr\u00f3ximo domingo (03), no Est\u00e1dio Fernando de Marco, \u00e0s 09h. Para mais informa\u00e7\u00f5es sobre projetos organizados pela Secretaria de Esportes, os telefones (19) 2146-1525 e (19) 3492-8881 (WhatsApp) est\u00e3o dispon\u00edveis de segunda a sexta-feira, das 8h30 \u00e0s 16h30.<\/p>\n","protected":false},"excerpt":{"rendered":"<p>Equipes triunfaram no \u00faltimo fim de semana e v\u00e3o duelar pela ta\u00e7a no pr\u00f3ximo domingo (03) As semifinais da tradicional Copa \u201cPedro Irineu\u201d, competi\u00e7\u00e3o organizada desde 2021 que chega a sua quinta edi\u00e7\u00e3o, aconteceram na manh\u00e3 do \u00faltimo domingo (26), no Est\u00e1dio Municipal Fernando de Marco, no bairro Esta\u00e7\u00e3o. Em dois jogos eletrizantes, Esta\u00e7\u00e3o e [&hellip;]<\/p>\n","protected":false},"author":2,"featured_media":22425,"comment_status":"open","ping_status":"open","sticky":false,"template":"","format":"standard","meta":{"ocean_post_layout":"","ocean_both_sidebars_style":"","ocean_both_sidebars_content_width":0,"ocean_both_sidebars_sidebars_width":0,"ocean_sidebar":"","ocean_second_sidebar":"","ocean_disable_margins":"enable","ocean_add_body_class":"","ocean_shortcode_before_top_bar":"","ocean_shortcode_after_top_bar":"","ocean_shortcode_before_header":"","ocean_shortcode_after_header":"","ocean_has_shortcode":"","ocean_shortcode_after_title":"","ocean_shortcode_before_footer_widgets":"","ocean_shortcode_after_footer_widgets":"","ocean_shortcode_before_footer_bottom":"","ocean_shortcode_after_footer_bottom":"","ocean_display_top_bar":"default","ocean_display_header":"default","ocean_header_style":"","ocean_center_header_left_menu":"","ocean_custom_header_template":"","ocean_custom_logo":0,"ocean_custom_retina_logo":0,"ocean_custom_logo_max_width":0,"ocean_custom_logo_tablet_max_width":0,"ocean_custom_logo_mobile_max_width":0,"ocean_custom_logo_max_height":0,"ocean_custom_logo_tablet_max_height":0,"ocean_custom_logo_mobile_max_height":0,"ocean_header_custom_menu":"","ocean_menu_typo_font_family":"","ocean_menu_typo_font_subset":"","ocean_menu_typo_font_size":0,"ocean_menu_typo_font_size_tablet":0,"ocean_menu_typo_font_size_mobile":0,"ocean_menu_typo_font_size_unit":"px","ocean_menu_typo_font_weight":"","ocean_menu_typo_font_weight_tablet":"","ocean_menu_typo_font_weight_mobile":"","ocean_menu_typo_transform":"","ocean_menu_typo_transform_tablet":"","ocean_menu_typo_transform_mobile":"","ocean_menu_typo_line_height":0,"ocean_menu_typo_line_height_tablet":0,"ocean_menu_typo_line_height_mobile":0,"ocean_menu_typo_line_height_unit":"","ocean_menu_typo_spacing":0,"ocean_menu_typo_spacing_tablet":0,"ocean_menu_typo_spacing_mobile":0,"ocean_menu_typo_spacing_unit":"","ocean_menu_link_color":"","ocean_menu_link_color_hover":"","ocean_menu_link_color_active":"","ocean_menu_link_background":"","ocean_menu_link_hover_background":"","ocean_menu_link_active_background":"","ocean_menu_social_links_bg":"","ocean_menu_social_hover_links_bg":"","ocean_menu_social_links_color":"","ocean_menu_social_hover_links_color":"","ocean_disable_title":"default","ocean_disable_heading":"default","ocean_post_title":"","ocean_post_subheading":"","ocean_post_title_style":"","ocean_post_title_background_color":"","ocean_post_title_background":0,"ocean_post_title_bg_image_position":"","ocean_post_title_bg_image_attachment":"","ocean_post_title_bg_image_repeat":"","ocean_post_title_bg_image_size":"","ocean_post_title_height":0,"ocean_post_title_bg_overlay":0.5,"ocean_post_title_bg_overlay_color":"","ocean_disable_breadcrumbs":"default","ocean_breadcrumbs_color":"","ocean_breadcrumbs_separator_color":"","ocean_breadcrumbs_links_color":"","ocean_breadcrumbs_links_hover_color":"","ocean_display_footer_widgets":"default","ocean_display_footer_bottom":"default","ocean_custom_footer_template":"","ocean_post_oembed":"","ocean_post_self_hosted_media":"","ocean_post_video_embed":"","ocean_link_format":"","ocean_link_format_target":"self","ocean_quote_format":"","ocean_quote_format_link":"post","ocean_gallery_link_images":"on","ocean_gallery_id":[],"footnotes":""},"categories":[4,25,5],"tags":[],"class_list":["post-22553","post","type-post","status-publish","format-standard","has-post-thumbnail","hentry","category-destaque","category-esporte","category-geral","entry","has-media"],"yoast_head":"<!-- This site is optimized with the Yoast SEO plugin v27.4 - https:\/\/yoast.com\/product\/yoast-seo-wordpress\/ -->\n<title>Esta\u00e7\u00e3o e Nova Esperan\u00e7a far\u00e3o a final da Copa \u201cPedro Irineu\u201d - Prefeitura de Capivari<\/title>\n<meta name=\"robots\" content=\"index, follow, max-snippet:-1, max-image-preview:large, max-video-preview:-1\" \/>\n<link rel=\"canonical\" href=\"https:\/\/capivari.sp.gov.br\/portal\/estacao-e-nova-esperanca-farao-a-final-da-copa-pedro-irineu\/\" \/>\n<meta property=\"og:locale\" content=\"pt_BR\" \/>\n<meta property=\"og:type\" content=\"article\" \/>\n<meta property=\"og:title\" content=\"Esta\u00e7\u00e3o e Nova Esperan\u00e7a far\u00e3o a final da Copa \u201cPedro Irineu\u201d - Prefeitura de Capivari\" \/>\n<meta property=\"og:description\" content=\"Equipes triunfaram no \u00faltimo fim de semana e v\u00e3o duelar pela ta\u00e7a no pr\u00f3ximo domingo (03) As semifinais da tradicional Copa \u201cPedro Irineu\u201d, competi\u00e7\u00e3o organizada desde 2021 que chega a sua quinta edi\u00e7\u00e3o, aconteceram na manh\u00e3 do \u00faltimo domingo (26), no Est\u00e1dio Municipal Fernando de Marco, no bairro Esta\u00e7\u00e3o. Em dois jogos eletrizantes, Esta\u00e7\u00e3o e [&hellip;]\" \/>\n<meta property=\"og:url\" content=\"https:\/\/capivari.sp.gov.br\/portal\/estacao-e-nova-esperanca-farao-a-final-da-copa-pedro-irineu\/\" \/>\n<meta property=\"og:site_name\" content=\"Prefeitura de Capivari\" \/>\n<meta property=\"article:publisher\" content=\"https:\/\/www.facebook.com\/PrefeituradeCapivari\/\" \/>\n<meta property=\"article:published_time\" content=\"2026-04-27T18:32:00+00:00\" \/>\n<meta property=\"og:image\" content=\"https:\/\/capivari.sp.gov.br\/portal\/wp-content\/uploads\/2026\/04\/WhatsApp-Image-2026-04-16-at-09.50.08.jpeg\" \/>\n\t<meta property=\"og:image:width\" content=\"1600\" \/>\n\t<meta property=\"og:image:height\" content=\"1066\" \/>\n\t<meta property=\"og:image:type\" content=\"image\/jpeg\" \/>\n<meta name=\"author\" content=\"Thalles Cristiano\" \/>\n<meta name=\"twitter:card\" content=\"summary_large_image\" \/>\n<meta name=\"twitter:creator\" content=\"@PrefCapivari\" \/>\n<meta name=\"twitter:site\" content=\"@PrefCapivari\" \/>\n<meta name=\"twitter:label1\" content=\"Escrito por\" \/>\n\t<meta name=\"twitter:data1\" content=\"Thalles Cristiano\" \/>\n\t<meta name=\"twitter:label2\" content=\"Est. tempo de leitura\" \/>\n\t<meta name=\"twitter:data2\" content=\"3 minutos\" \/>\n<script type=\"application\/ld+json\" class=\"yoast-schema-graph\">{\"@context\":\"https:\\\/\\\/schema.org\",\"@graph\":[{\"@type\":\"Article\",\"@id\":\"https:\\\/\\\/capivari.sp.gov.br\\\/portal\\\/estacao-e-nova-esperanca-farao-a-final-da-copa-pedro-irineu\\\/#article\",\"isPartOf\":{\"@id\":\"https:\\\/\\\/capivari.sp.gov.br\\\/portal\\\/estacao-e-nova-esperanca-farao-a-final-da-copa-pedro-irineu\\\/\"},\"author\":{\"name\":\"Thalles Cristiano\",\"@id\":\"https:\\\/\\\/capivari.sp.gov.br\\\/portal\\\/#\\\/schema\\\/person\\\/98801614a91d449946b0687ae2db9f29\"},\"headline\":\"Esta\u00e7\u00e3o e Nova Esperan\u00e7a far\u00e3o a final da Copa \u201cPedro Irineu\u201d\",\"datePublished\":\"2026-04-27T18:32:00+00:00\",\"mainEntityOfPage\":{\"@id\":\"https:\\\/\\\/capivari.sp.gov.br\\\/portal\\\/estacao-e-nova-esperanca-farao-a-final-da-copa-pedro-irineu\\\/\"},\"wordCount\":418,\"commentCount\":0,\"publisher\":{\"@id\":\"https:\\\/\\\/capivari.sp.gov.br\\\/portal\\\/#organization\"},\"image\":{\"@id\":\"https:\\\/\\\/capivari.sp.gov.br\\\/portal\\\/estacao-e-nova-esperanca-farao-a-final-da-copa-pedro-irineu\\\/#primaryimage\"},\"thumbnailUrl\":\"https:\\\/\\\/capivari.sp.gov.br\\\/portal\\\/wp-content\\\/uploads\\\/2026\\\/04\\\/WhatsApp-Image-2026-04-16-at-09.50.08.jpeg\",\"articleSection\":[\"Destaque\",\"Esporte\",\"Geral\"],\"inLanguage\":\"pt-BR\",\"potentialAction\":[{\"@type\":\"CommentAction\",\"name\":\"Comment\",\"target\":[\"https:\\\/\\\/capivari.sp.gov.br\\\/portal\\\/estacao-e-nova-esperanca-farao-a-final-da-copa-pedro-irineu\\\/#respond\"]}]},{\"@type\":\"WebPage\",\"@id\":\"https:\\\/\\\/capivari.sp.gov.br\\\/portal\\\/estacao-e-nova-esperanca-farao-a-final-da-copa-pedro-irineu\\\/\",\"url\":\"https:\\\/\\\/capivari.sp.gov.br\\\/portal\\\/estacao-e-nova-esperanca-farao-a-final-da-copa-pedro-irineu\\\/\",\"name\":\"Esta\u00e7\u00e3o e Nova Esperan\u00e7a far\u00e3o a final da Copa \u201cPedro Irineu\u201d - Prefeitura de Capivari\",\"isPartOf\":{\"@id\":\"https:\\\/\\\/capivari.sp.gov.br\\\/portal\\\/#website\"},\"primaryImageOfPage\":{\"@id\":\"https:\\\/\\\/capivari.sp.gov.br\\\/portal\\\/estacao-e-nova-esperanca-farao-a-final-da-copa-pedro-irineu\\\/#primaryimage\"},\"image\":{\"@id\":\"https:\\\/\\\/capivari.sp.gov.br\\\/portal\\\/estacao-e-nova-esperanca-farao-a-final-da-copa-pedro-irineu\\\/#primaryimage\"},\"thumbnailUrl\":\"https:\\\/\\\/capivari.sp.gov.br\\\/portal\\\/wp-content\\\/uploads\\\/2026\\\/04\\\/WhatsApp-Image-2026-04-16-at-09.50.08.jpeg\",\"datePublished\":\"2026-04-27T18:32:00+00:00\",\"breadcrumb\":{\"@id\":\"https:\\\/\\\/capivari.sp.gov.br\\\/portal\\\/estacao-e-nova-esperanca-farao-a-final-da-copa-pedro-irineu\\\/#breadcrumb\"},\"inLanguage\":\"pt-BR\",\"potentialAction\":[{\"@type\":\"ReadAction\",\"target\":[\"https:\\\/\\\/capivari.sp.gov.br\\\/portal\\\/estacao-e-nova-esperanca-farao-a-final-da-copa-pedro-irineu\\\/\"]}]},{\"@type\":\"ImageObject\",\"inLanguage\":\"pt-BR\",\"@id\":\"https:\\\/\\\/capivari.sp.gov.br\\\/portal\\\/estacao-e-nova-esperanca-farao-a-final-da-copa-pedro-irineu\\\/#primaryimage\",\"url\":\"https:\\\/\\\/capivari.sp.gov.br\\\/portal\\\/wp-content\\\/uploads\\\/2026\\\/04\\\/WhatsApp-Image-2026-04-16-at-09.50.08.jpeg\",\"contentUrl\":\"https:\\\/\\\/capivari.sp.gov.br\\\/portal\\\/wp-content\\\/uploads\\\/2026\\\/04\\\/WhatsApp-Image-2026-04-16-at-09.50.08.jpeg\",\"width\":1600,\"height\":1066},{\"@type\":\"BreadcrumbList\",\"@id\":\"https:\\\/\\\/capivari.sp.gov.br\\\/portal\\\/estacao-e-nova-esperanca-farao-a-final-da-copa-pedro-irineu\\\/#breadcrumb\",\"itemListElement\":[{\"@type\":\"ListItem\",\"position\":1,\"name\":\"In\u00edcio\",\"item\":\"https:\\\/\\\/capivari.sp.gov.br\\\/portal\\\/\"},{\"@type\":\"ListItem\",\"position\":2,\"name\":\"Esta\u00e7\u00e3o e Nova Esperan\u00e7a far\u00e3o a final da Copa \u201cPedro Irineu\u201d\"}]},{\"@type\":\"WebSite\",\"@id\":\"https:\\\/\\\/capivari.sp.gov.br\\\/portal\\\/#website\",\"url\":\"https:\\\/\\\/capivari.sp.gov.br\\\/portal\\\/\",\"name\":\"Prefeitura de Capivari\",\"description\":\"Prefeitura de Capivari\",\"publisher\":{\"@id\":\"https:\\\/\\\/capivari.sp.gov.br\\\/portal\\\/#organization\"},\"potentialAction\":[{\"@type\":\"SearchAction\",\"target\":{\"@type\":\"EntryPoint\",\"urlTemplate\":\"https:\\\/\\\/capivari.sp.gov.br\\\/portal\\\/?s={search_term_string}\"},\"query-input\":{\"@type\":\"PropertyValueSpecification\",\"valueRequired\":true,\"valueName\":\"search_term_string\"}}],\"inLanguage\":\"pt-BR\"},{\"@type\":\"Organization\",\"@id\":\"https:\\\/\\\/capivari.sp.gov.br\\\/portal\\\/#organization\",\"name\":\"Prefeitura de Capivari\",\"url\":\"https:\\\/\\\/capivari.sp.gov.br\\\/portal\\\/\",\"logo\":{\"@type\":\"ImageObject\",\"inLanguage\":\"pt-BR\",\"@id\":\"https:\\\/\\\/capivari.sp.gov.br\\\/portal\\\/#\\\/schema\\\/logo\\\/image\\\/\",\"url\":\"https:\\\/\\\/capivari.sp.gov.br\\\/portal\\\/wp-content\\\/uploads\\\/2021\\\/09\\\/logo-prefeitura-de-capivari.png\",\"contentUrl\":\"https:\\\/\\\/capivari.sp.gov.br\\\/portal\\\/wp-content\\\/uploads\\\/2021\\\/09\\\/logo-prefeitura-de-capivari.png\",\"width\":200,\"height\":147,\"caption\":\"Prefeitura de Capivari\"},\"image\":{\"@id\":\"https:\\\/\\\/capivari.sp.gov.br\\\/portal\\\/#\\\/schema\\\/logo\\\/image\\\/\"},\"sameAs\":[\"https:\\\/\\\/www.facebook.com\\\/PrefeituradeCapivari\\\/\",\"https:\\\/\\\/x.com\\\/PrefCapivari\",\"https:\\\/\\\/www.instagram.com\\\/prefeituracapivari\\\/\"]},{\"@type\":\"Person\",\"@id\":\"https:\\\/\\\/capivari.sp.gov.br\\\/portal\\\/#\\\/schema\\\/person\\\/98801614a91d449946b0687ae2db9f29\",\"name\":\"Thalles Cristiano\",\"image\":{\"@type\":\"ImageObject\",\"inLanguage\":\"pt-BR\",\"@id\":\"https:\\\/\\\/secure.gravatar.com\\\/avatar\\\/0d1b9a4bdcde99ab11a8cd27abdcd088993749b82c4355c0301135023dc52b3d?s=96&d=mm&r=g\",\"url\":\"https:\\\/\\\/secure.gravatar.com\\\/avatar\\\/0d1b9a4bdcde99ab11a8cd27abdcd088993749b82c4355c0301135023dc52b3d?s=96&d=mm&r=g\",\"contentUrl\":\"https:\\\/\\\/secure.gravatar.com\\\/avatar\\\/0d1b9a4bdcde99ab11a8cd27abdcd088993749b82c4355c0301135023dc52b3d?s=96&d=mm&r=g\",\"caption\":\"Thalles Cristiano\"},\"url\":\"https:\\\/\\\/capivari.sp.gov.br\\\/portal\\\/author\\\/thalles-cristiano\\\/\"}]}<\/script>\n<!-- \/ Yoast SEO plugin. -->","yoast_head_json":{"title":"Esta\u00e7\u00e3o e Nova Esperan\u00e7a far\u00e3o a final da Copa \u201cPedro Irineu\u201d - Prefeitura de Capivari","robots":{"index":"index","follow":"follow","max-snippet":"max-snippet:-1","max-image-preview":"max-image-preview:large","max-video-preview":"max-video-preview:-1"},"canonical":"https:\/\/capivari.sp.gov.br\/portal\/estacao-e-nova-esperanca-farao-a-final-da-copa-pedro-irineu\/","og_locale":"pt_BR","og_type":"article","og_title":"Esta\u00e7\u00e3o e Nova Esperan\u00e7a far\u00e3o a final da Copa \u201cPedro Irineu\u201d - Prefeitura de Capivari","og_description":"Equipes triunfaram no \u00faltimo fim de semana e v\u00e3o duelar pela ta\u00e7a no pr\u00f3ximo domingo (03) As semifinais da tradicional Copa \u201cPedro Irineu\u201d, competi\u00e7\u00e3o organizada desde 2021 que chega a sua quinta edi\u00e7\u00e3o, aconteceram na manh\u00e3 do \u00faltimo domingo (26), no Est\u00e1dio Municipal Fernando de Marco, no bairro Esta\u00e7\u00e3o. Em dois jogos eletrizantes, Esta\u00e7\u00e3o e [&hellip;]","og_url":"https:\/\/capivari.sp.gov.br\/portal\/estacao-e-nova-esperanca-farao-a-final-da-copa-pedro-irineu\/","og_site_name":"Prefeitura de Capivari","article_publisher":"https:\/\/www.facebook.com\/PrefeituradeCapivari\/","article_published_time":"2026-04-27T18:32:00+00:00","og_image":[{"width":1600,"height":1066,"url":"https:\/\/capivari.sp.gov.br\/portal\/wp-content\/uploads\/2026\/04\/WhatsApp-Image-2026-04-16-at-09.50.08.jpeg","type":"image\/jpeg"}],"author":"Thalles Cristiano","twitter_card":"summary_large_image","twitter_creator":"@PrefCapivari","twitter_site":"@PrefCapivari","twitter_misc":{"Escrito por":"Thalles Cristiano","Est. tempo de leitura":"3 minutos"},"schema":{"@context":"https:\/\/schema.org","@graph":[{"@type":"Article","@id":"https:\/\/capivari.sp.gov.br\/portal\/estacao-e-nova-esperanca-farao-a-final-da-copa-pedro-irineu\/#article","isPartOf":{"@id":"https:\/\/capivari.sp.gov.br\/portal\/estacao-e-nova-esperanca-farao-a-final-da-copa-pedro-irineu\/"},"author":{"name":"Thalles Cristiano","@id":"https:\/\/capivari.sp.gov.br\/portal\/#\/schema\/person\/98801614a91d449946b0687ae2db9f29"},"headline":"Esta\u00e7\u00e3o e Nova Esperan\u00e7a far\u00e3o a final da Copa \u201cPedro Irineu\u201d","datePublished":"2026-04-27T18:32:00+00:00","mainEntityOfPage":{"@id":"https:\/\/capivari.sp.gov.br\/portal\/estacao-e-nova-esperanca-farao-a-final-da-copa-pedro-irineu\/"},"wordCount":418,"commentCount":0,"publisher":{"@id":"https:\/\/capivari.sp.gov.br\/portal\/#organization"},"image":{"@id":"https:\/\/capivari.sp.gov.br\/portal\/estacao-e-nova-esperanca-farao-a-final-da-copa-pedro-irineu\/#primaryimage"},"thumbnailUrl":"https:\/\/capivari.sp.gov.br\/portal\/wp-content\/uploads\/2026\/04\/WhatsApp-Image-2026-04-16-at-09.50.08.jpeg","articleSection":["Destaque","Esporte","Geral"],"inLanguage":"pt-BR","potentialAction":[{"@type":"CommentAction","name":"Comment","target":["https:\/\/capivari.sp.gov.br\/portal\/estacao-e-nova-esperanca-farao-a-final-da-copa-pedro-irineu\/#respond"]}]},{"@type":"WebPage","@id":"https:\/\/capivari.sp.gov.br\/portal\/estacao-e-nova-esperanca-farao-a-final-da-copa-pedro-irineu\/","url":"https:\/\/capivari.sp.gov.br\/portal\/estacao-e-nova-esperanca-farao-a-final-da-copa-pedro-irineu\/","name":"Esta\u00e7\u00e3o e Nova Esperan\u00e7a far\u00e3o a final da Copa \u201cPedro Irineu\u201d - Prefeitura de Capivari","isPartOf":{"@id":"https:\/\/capivari.sp.gov.br\/portal\/#website"},"primaryImageOfPage":{"@id":"https:\/\/capivari.sp.gov.br\/portal\/estacao-e-nova-esperanca-farao-a-final-da-copa-pedro-irineu\/#primaryimage"},"image":{"@id":"https:\/\/capivari.sp.gov.br\/portal\/estacao-e-nova-esperanca-farao-a-final-da-copa-pedro-irineu\/#primaryimage"},"thumbnailUrl":"https:\/\/capivari.sp.gov.br\/portal\/wp-content\/uploads\/2026\/04\/WhatsApp-Image-2026-04-16-at-09.50.08.jpeg","datePublished":"2026-04-27T18:32:00+00:00","breadcrumb":{"@id":"https:\/\/capivari.sp.gov.br\/portal\/estacao-e-nova-esperanca-farao-a-final-da-copa-pedro-irineu\/#breadcrumb"},"inLanguage":"pt-BR","potentialAction":[{"@type":"ReadAction","target":["https:\/\/capivari.sp.gov.br\/portal\/estacao-e-nova-esperanca-farao-a-final-da-copa-pedro-irineu\/"]}]},{"@type":"ImageObject","inLanguage":"pt-BR","@id":"https:\/\/capivari.sp.gov.br\/portal\/estacao-e-nova-esperanca-farao-a-final-da-copa-pedro-irineu\/#primaryimage","url":"https:\/\/capivari.sp.gov.br\/portal\/wp-content\/uploads\/2026\/04\/WhatsApp-Image-2026-04-16-at-09.50.08.jpeg","contentUrl":"https:\/\/capivari.sp.gov.br\/portal\/wp-content\/uploads\/2026\/04\/WhatsApp-Image-2026-04-16-at-09.50.08.jpeg","width":1600,"height":1066},{"@type":"BreadcrumbList","@id":"https:\/\/capivari.sp.gov.br\/portal\/estacao-e-nova-esperanca-farao-a-final-da-copa-pedro-irineu\/#breadcrumb","itemListElement":[{"@type":"ListItem","position":1,"name":"In\u00edcio","item":"https:\/\/capivari.sp.gov.br\/portal\/"},{"@type":"ListItem","position":2,"name":"Esta\u00e7\u00e3o e Nova Esperan\u00e7a far\u00e3o a final da Copa \u201cPedro Irineu\u201d"}]},{"@type":"WebSite","@id":"https:\/\/capivari.sp.gov.br\/portal\/#website","url":"https:\/\/capivari.sp.gov.br\/portal\/","name":"Prefeitura de Capivari","description":"Prefeitura de Capivari","publisher":{"@id":"https:\/\/capivari.sp.gov.br\/portal\/#organization"},"potentialAction":[{"@type":"SearchAction","target":{"@type":"EntryPoint","urlTemplate":"https:\/\/capivari.sp.gov.br\/portal\/?s={search_term_string}"},"query-input":{"@type":"PropertyValueSpecification","valueRequired":true,"valueName":"search_term_string"}}],"inLanguage":"pt-BR"},{"@type":"Organization","@id":"https:\/\/capivari.sp.gov.br\/portal\/#organization","name":"Prefeitura de Capivari","url":"https:\/\/capivari.sp.gov.br\/portal\/","logo":{"@type":"ImageObject","inLanguage":"pt-BR","@id":"https:\/\/capivari.sp.gov.br\/portal\/#\/schema\/logo\/image\/","url":"https:\/\/capivari.sp.gov.br\/portal\/wp-content\/uploads\/2021\/09\/logo-prefeitura-de-capivari.png","contentUrl":"https:\/\/capivari.sp.gov.br\/portal\/wp-content\/uploads\/2021\/09\/logo-prefeitura-de-capivari.png","width":200,"height":147,"caption":"Prefeitura de Capivari"},"image":{"@id":"https:\/\/capivari.sp.gov.br\/portal\/#\/schema\/logo\/image\/"},"sameAs":["https:\/\/www.facebook.com\/PrefeituradeCapivari\/","https:\/\/x.com\/PrefCapivari","https:\/\/www.instagram.com\/prefeituracapivari\/"]},{"@type":"Person","@id":"https:\/\/capivari.sp.gov.br\/portal\/#\/schema\/person\/98801614a91d449946b0687ae2db9f29","name":"Thalles Cristiano","image":{"@type":"ImageObject","inLanguage":"pt-BR","@id":"https:\/\/secure.gravatar.com\/avatar\/0d1b9a4bdcde99ab11a8cd27abdcd088993749b82c4355c0301135023dc52b3d?s=96&d=mm&r=g","url":"https:\/\/secure.gravatar.com\/avatar\/0d1b9a4bdcde99ab11a8cd27abdcd088993749b82c4355c0301135023dc52b3d?s=96&d=mm&r=g","contentUrl":"https:\/\/secure.gravatar.com\/avatar\/0d1b9a4bdcde99ab11a8cd27abdcd088993749b82c4355c0301135023dc52b3d?s=96&d=mm&r=g","caption":"Thalles Cristiano"},"url":"https:\/\/capivari.sp.gov.br\/portal\/author\/thalles-cristiano\/"}]}},"_links":{"self":[{"href":"https:\/\/capivari.sp.gov.br\/portal\/wp-json\/wp\/v2\/posts\/22553","targetHints":{"allow":["GET"]}}],"collection":[{"href":"https:\/\/capivari.sp.gov.br\/portal\/wp-json\/wp\/v2\/posts"}],"about":[{"href":"https:\/\/capivari.sp.gov.br\/portal\/wp-json\/wp\/v2\/types\/post"}],"author":[{"embeddable":true,"href":"https:\/\/capivari.sp.gov.br\/portal\/wp-json\/wp\/v2\/users\/2"}],"replies":[{"embeddable":true,"href":"https:\/\/capivari.sp.gov.br\/portal\/wp-json\/wp\/v2\/comments?post=22553"}],"version-history":[{"count":1,"href":"https:\/\/capivari.sp.gov.br\/portal\/wp-json\/wp\/v2\/posts\/22553\/revisions"}],"predecessor-version":[{"id":22554,"href":"https:\/\/capivari.sp.gov.br\/portal\/wp-json\/wp\/v2\/posts\/22553\/revisions\/22554"}],"wp:featuredmedia":[{"embeddable":true,"href":"https:\/\/capivari.sp.gov.br\/portal\/wp-json\/wp\/v2\/media\/22425"}],"wp:attachment":[{"href":"https:\/\/capivari.sp.gov.br\/portal\/wp-json\/wp\/v2\/media?parent=22553"}],"wp:term":[{"taxonomy":"category","embeddable":true,"href":"https:\/\/capivari.sp.gov.br\/portal\/wp-json\/wp\/v2\/categories?post=22553"},{"taxonomy":"post_tag","embeddable":true,"href":"https:\/\/capivari.sp.gov.br\/portal\/wp-json\/wp\/v2\/tags?post=22553"}],"curies":[{"name":"wp","href":"https:\/\/api.w.org\/{rel}","templated":true}]}}