{"id":22558,"date":"2026-04-29T11:00:03","date_gmt":"2026-04-29T14:00:03","guid":{"rendered":"https:\/\/capivari.sp.gov.br\/portal\/?p=22558"},"modified":"2026-04-29T11:00:03","modified_gmt":"2026-04-29T14:00:03","slug":"sede-da-secretaria-da-seguranca-publica-de-capivari-recebe-capacitacao-em-atendimento-pre-hospitalar-para-agentes-da-pasta","status":"publish","type":"post","link":"https:\/\/capivari.sp.gov.br\/portal\/sede-da-secretaria-da-seguranca-publica-de-capivari-recebe-capacitacao-em-atendimento-pre-hospitalar-para-agentes-da-pasta\/","title":{"rendered":"Sede da Secretaria da Seguran\u00e7a P\u00fablica de Capivari recebe capacita\u00e7\u00e3o em atendimento pr\u00e9-hospitalar para agentes da pasta"},"content":{"rendered":"<p>&nbsp;<\/p>\n<p>A sede da Secretaria da Seguran\u00e7a P\u00fablica de Capivari sediou, nesta ter\u00e7a-feira (28), uma importante capacita\u00e7\u00e3o voltada aos agentes da Defesa Civil, do Resgate 153 e do Departamento de Tr\u00e2nsito e Fiscaliza\u00e7\u00e3o de Transportes do munic\u00edpio. O treinamento teve como tema o Atendimento Pr\u00e9-Hospitalar (APH), \u00e1rea essencial para garantir respostas r\u00e1pidas, seguras e eficazes em situa\u00e7\u00f5es de emerg\u00eancia.<\/p>\n<p>Ao todo, 16 profissionais participaram da instru\u00e7\u00e3o, conduzida por Herycon Oliviera, da Guarda Civil de Paul\u00ednia. Durante a capacita\u00e7\u00e3o, os agentes aprofundaram conhecimentos t\u00e9cnicos e pr\u00e1ticos fundamentais para a preserva\u00e7\u00e3o da vida, com foco no uso de torniquete, controle de hemorragias, preven\u00e7\u00e3o de hipotermia e simula\u00e7\u00f5es de acidentes de trabalho, aplicando na pr\u00e1tica os protocolos apresentados.<\/p>\n<p>O dom\u00ednio dessas t\u00e9cnicas \u00e9 determinante para o sucesso do atendimento em ocorr\u00eancias cr\u00edticas, j\u00e1 que, muitas vezes, os primeiros minutos s\u00e3o decisivos entre a vida e a morte. A qualifica\u00e7\u00e3o cont\u00ednua dos agentes fortalece a capacidade de resposta das equipes e contribui diretamente para um atendimento mais eficiente, seguro e humanizado \u00e0 popula\u00e7\u00e3o.<\/p>\n<p>O Secret\u00e1rio da Seguran\u00e7a P\u00fablica, Mauro J\u00fanior, destacou a import\u00e2ncia da forma\u00e7\u00e3o permanente das equipes. \u201cInvestir na capacita\u00e7\u00e3o dos nossos agentes \u00e9 garantir um atendimento mais \u00e1gil, t\u00e9cnico e eficiente para a popula\u00e7\u00e3o. Situa\u00e7\u00f5es de emerg\u00eancia exigem preparo e rapidez, e treinamentos como esse fazem toda a diferen\u00e7a no salvamento de vidas\u201d, afirmou.<\/p>\n<p>A Secretaria da Seguran\u00e7a P\u00fablica de Capivari mant\u00e9m atendimento \u00e0 popula\u00e7\u00e3o 24 horas por dia, sete dias por semana, por meio do telefone 153 e do n\u00famero (19) 3491-1311 (WhatsApp). O aplicativo \u201c153 Capivari\u201d tamb\u00e9m est\u00e1 dispon\u00edvel para download nas plataformas Android e iOS, ampliando os canais de comunica\u00e7\u00e3o entre o cidad\u00e3o e os servi\u00e7os de seguran\u00e7a do munic\u00edpio.<\/p>\n","protected":false},"excerpt":{"rendered":"<p>&nbsp; A sede da Secretaria da Seguran\u00e7a P\u00fablica de Capivari sediou, nesta ter\u00e7a-feira (28), uma importante capacita\u00e7\u00e3o voltada aos agentes da Defesa Civil, do Resgate 153 e do Departamento de Tr\u00e2nsito e Fiscaliza\u00e7\u00e3o de Transportes do munic\u00edpio. O treinamento teve como tema o Atendimento Pr\u00e9-Hospitalar (APH), \u00e1rea essencial para garantir respostas r\u00e1pidas, seguras e eficazes [&hellip;]<\/p>\n","protected":false},"author":16,"featured_media":22561,"comment_status":"open","ping_status":"open","sticky":false,"template":"","format":"standard","meta":{"ocean_post_layout":"","ocean_both_sidebars_style":"","ocean_both_sidebars_content_width":0,"ocean_both_sidebars_sidebars_width":0,"ocean_sidebar":"","ocean_second_sidebar":"","ocean_disable_margins":"enable","ocean_add_body_class":"","ocean_shortcode_before_top_bar":"","ocean_shortcode_after_top_bar":"","ocean_shortcode_before_header":"","ocean_shortcode_after_header":"","ocean_has_shortcode":"","ocean_shortcode_after_title":"","ocean_shortcode_before_footer_widgets":"","ocean_shortcode_after_footer_widgets":"","ocean_shortcode_before_footer_bottom":"","ocean_shortcode_after_footer_bottom":"","ocean_display_top_bar":"default","ocean_display_header":"default","ocean_header_style":"","ocean_center_header_left_menu":"","ocean_custom_header_template":"","ocean_custom_logo":0,"ocean_custom_retina_logo":0,"ocean_custom_logo_max_width":0,"ocean_custom_logo_tablet_max_width":0,"ocean_custom_logo_mobile_max_width":0,"ocean_custom_logo_max_height":0,"ocean_custom_logo_tablet_max_height":0,"ocean_custom_logo_mobile_max_height":0,"ocean_header_custom_menu":"","ocean_menu_typo_font_family":"","ocean_menu_typo_font_subset":"","ocean_menu_typo_font_size":0,"ocean_menu_typo_font_size_tablet":0,"ocean_menu_typo_font_size_mobile":0,"ocean_menu_typo_font_size_unit":"px","ocean_menu_typo_font_weight":"","ocean_menu_typo_font_weight_tablet":"","ocean_menu_typo_font_weight_mobile":"","ocean_menu_typo_transform":"","ocean_menu_typo_transform_tablet":"","ocean_menu_typo_transform_mobile":"","ocean_menu_typo_line_height":0,"ocean_menu_typo_line_height_tablet":0,"ocean_menu_typo_line_height_mobile":0,"ocean_menu_typo_line_height_unit":"","ocean_menu_typo_spacing":0,"ocean_menu_typo_spacing_tablet":0,"ocean_menu_typo_spacing_mobile":0,"ocean_menu_typo_spacing_unit":"","ocean_menu_link_color":"","ocean_menu_link_color_hover":"","ocean_menu_link_color_active":"","ocean_menu_link_background":"","ocean_menu_link_hover_background":"","ocean_menu_link_active_background":"","ocean_menu_social_links_bg":"","ocean_menu_social_hover_links_bg":"","ocean_menu_social_links_color":"","ocean_menu_social_hover_links_color":"","ocean_disable_title":"default","ocean_disable_heading":"default","ocean_post_title":"","ocean_post_subheading":"","ocean_post_title_style":"","ocean_post_title_background_color":"","ocean_post_title_background":0,"ocean_post_title_bg_image_position":"","ocean_post_title_bg_image_attachment":"","ocean_post_title_bg_image_repeat":"","ocean_post_title_bg_image_size":"","ocean_post_title_height":0,"ocean_post_title_bg_overlay":0.5,"ocean_post_title_bg_overlay_color":"","ocean_disable_breadcrumbs":"default","ocean_breadcrumbs_color":"","ocean_breadcrumbs_separator_color":"","ocean_breadcrumbs_links_color":"","ocean_breadcrumbs_links_hover_color":"","ocean_display_footer_widgets":"default","ocean_display_footer_bottom":"default","ocean_custom_footer_template":"","ocean_post_oembed":"","ocean_post_self_hosted_media":"","ocean_post_video_embed":"","ocean_link_format":"","ocean_link_format_target":"self","ocean_quote_format":"","ocean_quote_format_link":"post","ocean_gallery_link_images":"on","ocean_gallery_id":[],"footnotes":""},"categories":[4,5,32],"tags":[],"class_list":["post-22558","post","type-post","status-publish","format-standard","has-post-thumbnail","hentry","category-destaque","category-geral","category-seguranca-publica","entry","has-media"],"yoast_head":"<!-- This site is optimized with the Yoast SEO plugin v27.4 - https:\/\/yoast.com\/product\/yoast-seo-wordpress\/ -->\n<title>Sede da Secretaria da Seguran\u00e7a P\u00fablica de Capivari recebe capacita\u00e7\u00e3o em atendimento pr\u00e9-hospitalar para agentes da pasta - Prefeitura de Capivari<\/title>\n<meta name=\"robots\" content=\"index, follow, max-snippet:-1, max-image-preview:large, max-video-preview:-1\" \/>\n<link rel=\"canonical\" href=\"https:\/\/capivari.sp.gov.br\/portal\/sede-da-secretaria-da-seguranca-publica-de-capivari-recebe-capacitacao-em-atendimento-pre-hospitalar-para-agentes-da-pasta\/\" \/>\n<meta property=\"og:locale\" content=\"pt_BR\" \/>\n<meta property=\"og:type\" content=\"article\" \/>\n<meta property=\"og:title\" content=\"Sede da Secretaria da Seguran\u00e7a P\u00fablica de Capivari recebe capacita\u00e7\u00e3o em atendimento pr\u00e9-hospitalar para agentes da pasta - Prefeitura de Capivari\" \/>\n<meta property=\"og:description\" content=\"&nbsp; A sede da Secretaria da Seguran\u00e7a P\u00fablica de Capivari sediou, nesta ter\u00e7a-feira (28), uma importante capacita\u00e7\u00e3o voltada aos agentes da Defesa Civil, do Resgate 153 e do Departamento de Tr\u00e2nsito e Fiscaliza\u00e7\u00e3o de Transportes do munic\u00edpio. O treinamento teve como tema o Atendimento Pr\u00e9-Hospitalar (APH), \u00e1rea essencial para garantir respostas r\u00e1pidas, seguras e eficazes [&hellip;]\" \/>\n<meta property=\"og:url\" content=\"https:\/\/capivari.sp.gov.br\/portal\/sede-da-secretaria-da-seguranca-publica-de-capivari-recebe-capacitacao-em-atendimento-pre-hospitalar-para-agentes-da-pasta\/\" \/>\n<meta property=\"og:site_name\" content=\"Prefeitura de Capivari\" \/>\n<meta property=\"article:publisher\" content=\"https:\/\/www.facebook.com\/PrefeituradeCapivari\/\" \/>\n<meta property=\"article:published_time\" content=\"2026-04-29T14:00:03+00:00\" \/>\n<meta property=\"og:image\" content=\"https:\/\/capivari.sp.gov.br\/portal\/wp-content\/uploads\/2026\/04\/WhatsApp-Image-2026-04-29-at-10.56.18.jpeg\" \/>\n\t<meta property=\"og:image:width\" content=\"1600\" \/>\n\t<meta property=\"og:image:height\" content=\"1066\" \/>\n\t<meta property=\"og:image:type\" content=\"image\/jpeg\" \/>\n<meta name=\"author\" content=\"Leonardo Nocete\" \/>\n<meta name=\"twitter:card\" content=\"summary_large_image\" \/>\n<meta name=\"twitter:creator\" content=\"@PrefCapivari\" \/>\n<meta name=\"twitter:site\" content=\"@PrefCapivari\" \/>\n<meta name=\"twitter:label1\" content=\"Escrito por\" \/>\n\t<meta name=\"twitter:data1\" content=\"Leonardo Nocete\" \/>\n\t<meta name=\"twitter:label2\" content=\"Est. tempo de leitura\" \/>\n\t<meta name=\"twitter:data2\" content=\"2 minutos\" \/>\n<script type=\"application\/ld+json\" class=\"yoast-schema-graph\">{\"@context\":\"https:\\\/\\\/schema.org\",\"@graph\":[{\"@type\":\"Article\",\"@id\":\"https:\\\/\\\/capivari.sp.gov.br\\\/portal\\\/sede-da-secretaria-da-seguranca-publica-de-capivari-recebe-capacitacao-em-atendimento-pre-hospitalar-para-agentes-da-pasta\\\/#article\",\"isPartOf\":{\"@id\":\"https:\\\/\\\/capivari.sp.gov.br\\\/portal\\\/sede-da-secretaria-da-seguranca-publica-de-capivari-recebe-capacitacao-em-atendimento-pre-hospitalar-para-agentes-da-pasta\\\/\"},\"author\":{\"name\":\"Leonardo Nocete\",\"@id\":\"https:\\\/\\\/capivari.sp.gov.br\\\/portal\\\/#\\\/schema\\\/person\\\/2370456f508b3c5850854ed47030a88b\"},\"headline\":\"Sede da Secretaria da Seguran\u00e7a P\u00fablica de Capivari recebe capacita\u00e7\u00e3o em atendimento pr\u00e9-hospitalar para agentes da pasta\",\"datePublished\":\"2026-04-29T14:00:03+00:00\",\"mainEntityOfPage\":{\"@id\":\"https:\\\/\\\/capivari.sp.gov.br\\\/portal\\\/sede-da-secretaria-da-seguranca-publica-de-capivari-recebe-capacitacao-em-atendimento-pre-hospitalar-para-agentes-da-pasta\\\/\"},\"wordCount\":343,\"commentCount\":0,\"publisher\":{\"@id\":\"https:\\\/\\\/capivari.sp.gov.br\\\/portal\\\/#organization\"},\"image\":{\"@id\":\"https:\\\/\\\/capivari.sp.gov.br\\\/portal\\\/sede-da-secretaria-da-seguranca-publica-de-capivari-recebe-capacitacao-em-atendimento-pre-hospitalar-para-agentes-da-pasta\\\/#primaryimage\"},\"thumbnailUrl\":\"https:\\\/\\\/capivari.sp.gov.br\\\/portal\\\/wp-content\\\/uploads\\\/2026\\\/04\\\/WhatsApp-Image-2026-04-29-at-10.56.18.jpeg\",\"articleSection\":[\"Destaque\",\"Geral\",\"Seguran\u00e7a P\u00fablica\"],\"inLanguage\":\"pt-BR\",\"potentialAction\":[{\"@type\":\"CommentAction\",\"name\":\"Comment\",\"target\":[\"https:\\\/\\\/capivari.sp.gov.br\\\/portal\\\/sede-da-secretaria-da-seguranca-publica-de-capivari-recebe-capacitacao-em-atendimento-pre-hospitalar-para-agentes-da-pasta\\\/#respond\"]}]},{\"@type\":\"WebPage\",\"@id\":\"https:\\\/\\\/capivari.sp.gov.br\\\/portal\\\/sede-da-secretaria-da-seguranca-publica-de-capivari-recebe-capacitacao-em-atendimento-pre-hospitalar-para-agentes-da-pasta\\\/\",\"url\":\"https:\\\/\\\/capivari.sp.gov.br\\\/portal\\\/sede-da-secretaria-da-seguranca-publica-de-capivari-recebe-capacitacao-em-atendimento-pre-hospitalar-para-agentes-da-pasta\\\/\",\"name\":\"Sede da Secretaria da Seguran\u00e7a P\u00fablica de Capivari recebe capacita\u00e7\u00e3o em atendimento pr\u00e9-hospitalar para agentes da pasta - Prefeitura de Capivari\",\"isPartOf\":{\"@id\":\"https:\\\/\\\/capivari.sp.gov.br\\\/portal\\\/#website\"},\"primaryImageOfPage\":{\"@id\":\"https:\\\/\\\/capivari.sp.gov.br\\\/portal\\\/sede-da-secretaria-da-seguranca-publica-de-capivari-recebe-capacitacao-em-atendimento-pre-hospitalar-para-agentes-da-pasta\\\/#primaryimage\"},\"image\":{\"@id\":\"https:\\\/\\\/capivari.sp.gov.br\\\/portal\\\/sede-da-secretaria-da-seguranca-publica-de-capivari-recebe-capacitacao-em-atendimento-pre-hospitalar-para-agentes-da-pasta\\\/#primaryimage\"},\"thumbnailUrl\":\"https:\\\/\\\/capivari.sp.gov.br\\\/portal\\\/wp-content\\\/uploads\\\/2026\\\/04\\\/WhatsApp-Image-2026-04-29-at-10.56.18.jpeg\",\"datePublished\":\"2026-04-29T14:00:03+00:00\",\"breadcrumb\":{\"@id\":\"https:\\\/\\\/capivari.sp.gov.br\\\/portal\\\/sede-da-secretaria-da-seguranca-publica-de-capivari-recebe-capacitacao-em-atendimento-pre-hospitalar-para-agentes-da-pasta\\\/#breadcrumb\"},\"inLanguage\":\"pt-BR\",\"potentialAction\":[{\"@type\":\"ReadAction\",\"target\":[\"https:\\\/\\\/capivari.sp.gov.br\\\/portal\\\/sede-da-secretaria-da-seguranca-publica-de-capivari-recebe-capacitacao-em-atendimento-pre-hospitalar-para-agentes-da-pasta\\\/\"]}]},{\"@type\":\"ImageObject\",\"inLanguage\":\"pt-BR\",\"@id\":\"https:\\\/\\\/capivari.sp.gov.br\\\/portal\\\/sede-da-secretaria-da-seguranca-publica-de-capivari-recebe-capacitacao-em-atendimento-pre-hospitalar-para-agentes-da-pasta\\\/#primaryimage\",\"url\":\"https:\\\/\\\/capivari.sp.gov.br\\\/portal\\\/wp-content\\\/uploads\\\/2026\\\/04\\\/WhatsApp-Image-2026-04-29-at-10.56.18.jpeg\",\"contentUrl\":\"https:\\\/\\\/capivari.sp.gov.br\\\/portal\\\/wp-content\\\/uploads\\\/2026\\\/04\\\/WhatsApp-Image-2026-04-29-at-10.56.18.jpeg\",\"width\":1600,\"height\":1066},{\"@type\":\"BreadcrumbList\",\"@id\":\"https:\\\/\\\/capivari.sp.gov.br\\\/portal\\\/sede-da-secretaria-da-seguranca-publica-de-capivari-recebe-capacitacao-em-atendimento-pre-hospitalar-para-agentes-da-pasta\\\/#breadcrumb\",\"itemListElement\":[{\"@type\":\"ListItem\",\"position\":1,\"name\":\"In\u00edcio\",\"item\":\"https:\\\/\\\/capivari.sp.gov.br\\\/portal\\\/\"},{\"@type\":\"ListItem\",\"position\":2,\"name\":\"Sede da Secretaria da Seguran\u00e7a P\u00fablica de Capivari recebe capacita\u00e7\u00e3o em atendimento pr\u00e9-hospitalar para agentes da pasta\"}]},{\"@type\":\"WebSite\",\"@id\":\"https:\\\/\\\/capivari.sp.gov.br\\\/portal\\\/#website\",\"url\":\"https:\\\/\\\/capivari.sp.gov.br\\\/portal\\\/\",\"name\":\"Prefeitura de Capivari\",\"description\":\"Prefeitura de Capivari\",\"publisher\":{\"@id\":\"https:\\\/\\\/capivari.sp.gov.br\\\/portal\\\/#organization\"},\"potentialAction\":[{\"@type\":\"SearchAction\",\"target\":{\"@type\":\"EntryPoint\",\"urlTemplate\":\"https:\\\/\\\/capivari.sp.gov.br\\\/portal\\\/?s={search_term_string}\"},\"query-input\":{\"@type\":\"PropertyValueSpecification\",\"valueRequired\":true,\"valueName\":\"search_term_string\"}}],\"inLanguage\":\"pt-BR\"},{\"@type\":\"Organization\",\"@id\":\"https:\\\/\\\/capivari.sp.gov.br\\\/portal\\\/#organization\",\"name\":\"Prefeitura de Capivari\",\"url\":\"https:\\\/\\\/capivari.sp.gov.br\\\/portal\\\/\",\"logo\":{\"@type\":\"ImageObject\",\"inLanguage\":\"pt-BR\",\"@id\":\"https:\\\/\\\/capivari.sp.gov.br\\\/portal\\\/#\\\/schema\\\/logo\\\/image\\\/\",\"url\":\"https:\\\/\\\/capivari.sp.gov.br\\\/portal\\\/wp-content\\\/uploads\\\/2021\\\/09\\\/logo-prefeitura-de-capivari.png\",\"contentUrl\":\"https:\\\/\\\/capivari.sp.gov.br\\\/portal\\\/wp-content\\\/uploads\\\/2021\\\/09\\\/logo-prefeitura-de-capivari.png\",\"width\":200,\"height\":147,\"caption\":\"Prefeitura de Capivari\"},\"image\":{\"@id\":\"https:\\\/\\\/capivari.sp.gov.br\\\/portal\\\/#\\\/schema\\\/logo\\\/image\\\/\"},\"sameAs\":[\"https:\\\/\\\/www.facebook.com\\\/PrefeituradeCapivari\\\/\",\"https:\\\/\\\/x.com\\\/PrefCapivari\",\"https:\\\/\\\/www.instagram.com\\\/prefeituracapivari\\\/\"]},{\"@type\":\"Person\",\"@id\":\"https:\\\/\\\/capivari.sp.gov.br\\\/portal\\\/#\\\/schema\\\/person\\\/2370456f508b3c5850854ed47030a88b\",\"name\":\"Leonardo Nocete\",\"image\":{\"@type\":\"ImageObject\",\"inLanguage\":\"pt-BR\",\"@id\":\"https:\\\/\\\/secure.gravatar.com\\\/avatar\\\/e50b6c0a6caf8425503f25a4072837dc2d91e4c4b86cc138a8a1c35de11f7b69?s=96&d=mm&r=g\",\"url\":\"https:\\\/\\\/secure.gravatar.com\\\/avatar\\\/e50b6c0a6caf8425503f25a4072837dc2d91e4c4b86cc138a8a1c35de11f7b69?s=96&d=mm&r=g\",\"contentUrl\":\"https:\\\/\\\/secure.gravatar.com\\\/avatar\\\/e50b6c0a6caf8425503f25a4072837dc2d91e4c4b86cc138a8a1c35de11f7b69?s=96&d=mm&r=g\",\"caption\":\"Leonardo Nocete\"},\"url\":\"https:\\\/\\\/capivari.sp.gov.br\\\/portal\\\/author\\\/leonardo-nocete\\\/\"}]}<\/script>\n<!-- \/ Yoast SEO plugin. -->","yoast_head_json":{"title":"Sede da Secretaria da Seguran\u00e7a P\u00fablica de Capivari recebe capacita\u00e7\u00e3o em atendimento pr\u00e9-hospitalar para agentes da pasta - Prefeitura de Capivari","robots":{"index":"index","follow":"follow","max-snippet":"max-snippet:-1","max-image-preview":"max-image-preview:large","max-video-preview":"max-video-preview:-1"},"canonical":"https:\/\/capivari.sp.gov.br\/portal\/sede-da-secretaria-da-seguranca-publica-de-capivari-recebe-capacitacao-em-atendimento-pre-hospitalar-para-agentes-da-pasta\/","og_locale":"pt_BR","og_type":"article","og_title":"Sede da Secretaria da Seguran\u00e7a P\u00fablica de Capivari recebe capacita\u00e7\u00e3o em atendimento pr\u00e9-hospitalar para agentes da pasta - Prefeitura de Capivari","og_description":"&nbsp; A sede da Secretaria da Seguran\u00e7a P\u00fablica de Capivari sediou, nesta ter\u00e7a-feira (28), uma importante capacita\u00e7\u00e3o voltada aos agentes da Defesa Civil, do Resgate 153 e do Departamento de Tr\u00e2nsito e Fiscaliza\u00e7\u00e3o de Transportes do munic\u00edpio. O treinamento teve como tema o Atendimento Pr\u00e9-Hospitalar (APH), \u00e1rea essencial para garantir respostas r\u00e1pidas, seguras e eficazes [&hellip;]","og_url":"https:\/\/capivari.sp.gov.br\/portal\/sede-da-secretaria-da-seguranca-publica-de-capivari-recebe-capacitacao-em-atendimento-pre-hospitalar-para-agentes-da-pasta\/","og_site_name":"Prefeitura de Capivari","article_publisher":"https:\/\/www.facebook.com\/PrefeituradeCapivari\/","article_published_time":"2026-04-29T14:00:03+00:00","og_image":[{"width":1600,"height":1066,"url":"https:\/\/capivari.sp.gov.br\/portal\/wp-content\/uploads\/2026\/04\/WhatsApp-Image-2026-04-29-at-10.56.18.jpeg","type":"image\/jpeg"}],"author":"Leonardo Nocete","twitter_card":"summary_large_image","twitter_creator":"@PrefCapivari","twitter_site":"@PrefCapivari","twitter_misc":{"Escrito por":"Leonardo Nocete","Est. tempo de leitura":"2 minutos"},"schema":{"@context":"https:\/\/schema.org","@graph":[{"@type":"Article","@id":"https:\/\/capivari.sp.gov.br\/portal\/sede-da-secretaria-da-seguranca-publica-de-capivari-recebe-capacitacao-em-atendimento-pre-hospitalar-para-agentes-da-pasta\/#article","isPartOf":{"@id":"https:\/\/capivari.sp.gov.br\/portal\/sede-da-secretaria-da-seguranca-publica-de-capivari-recebe-capacitacao-em-atendimento-pre-hospitalar-para-agentes-da-pasta\/"},"author":{"name":"Leonardo Nocete","@id":"https:\/\/capivari.sp.gov.br\/portal\/#\/schema\/person\/2370456f508b3c5850854ed47030a88b"},"headline":"Sede da Secretaria da Seguran\u00e7a P\u00fablica de Capivari recebe capacita\u00e7\u00e3o em atendimento pr\u00e9-hospitalar para agentes da pasta","datePublished":"2026-04-29T14:00:03+00:00","mainEntityOfPage":{"@id":"https:\/\/capivari.sp.gov.br\/portal\/sede-da-secretaria-da-seguranca-publica-de-capivari-recebe-capacitacao-em-atendimento-pre-hospitalar-para-agentes-da-pasta\/"},"wordCount":343,"commentCount":0,"publisher":{"@id":"https:\/\/capivari.sp.gov.br\/portal\/#organization"},"image":{"@id":"https:\/\/capivari.sp.gov.br\/portal\/sede-da-secretaria-da-seguranca-publica-de-capivari-recebe-capacitacao-em-atendimento-pre-hospitalar-para-agentes-da-pasta\/#primaryimage"},"thumbnailUrl":"https:\/\/capivari.sp.gov.br\/portal\/wp-content\/uploads\/2026\/04\/WhatsApp-Image-2026-04-29-at-10.56.18.jpeg","articleSection":["Destaque","Geral","Seguran\u00e7a P\u00fablica"],"inLanguage":"pt-BR","potentialAction":[{"@type":"CommentAction","name":"Comment","target":["https:\/\/capivari.sp.gov.br\/portal\/sede-da-secretaria-da-seguranca-publica-de-capivari-recebe-capacitacao-em-atendimento-pre-hospitalar-para-agentes-da-pasta\/#respond"]}]},{"@type":"WebPage","@id":"https:\/\/capivari.sp.gov.br\/portal\/sede-da-secretaria-da-seguranca-publica-de-capivari-recebe-capacitacao-em-atendimento-pre-hospitalar-para-agentes-da-pasta\/","url":"https:\/\/capivari.sp.gov.br\/portal\/sede-da-secretaria-da-seguranca-publica-de-capivari-recebe-capacitacao-em-atendimento-pre-hospitalar-para-agentes-da-pasta\/","name":"Sede da Secretaria da Seguran\u00e7a P\u00fablica de Capivari recebe capacita\u00e7\u00e3o em atendimento pr\u00e9-hospitalar para agentes da pasta - Prefeitura de Capivari","isPartOf":{"@id":"https:\/\/capivari.sp.gov.br\/portal\/#website"},"primaryImageOfPage":{"@id":"https:\/\/capivari.sp.gov.br\/portal\/sede-da-secretaria-da-seguranca-publica-de-capivari-recebe-capacitacao-em-atendimento-pre-hospitalar-para-agentes-da-pasta\/#primaryimage"},"image":{"@id":"https:\/\/capivari.sp.gov.br\/portal\/sede-da-secretaria-da-seguranca-publica-de-capivari-recebe-capacitacao-em-atendimento-pre-hospitalar-para-agentes-da-pasta\/#primaryimage"},"thumbnailUrl":"https:\/\/capivari.sp.gov.br\/portal\/wp-content\/uploads\/2026\/04\/WhatsApp-Image-2026-04-29-at-10.56.18.jpeg","datePublished":"2026-04-29T14:00:03+00:00","breadcrumb":{"@id":"https:\/\/capivari.sp.gov.br\/portal\/sede-da-secretaria-da-seguranca-publica-de-capivari-recebe-capacitacao-em-atendimento-pre-hospitalar-para-agentes-da-pasta\/#breadcrumb"},"inLanguage":"pt-BR","potentialAction":[{"@type":"ReadAction","target":["https:\/\/capivari.sp.gov.br\/portal\/sede-da-secretaria-da-seguranca-publica-de-capivari-recebe-capacitacao-em-atendimento-pre-hospitalar-para-agentes-da-pasta\/"]}]},{"@type":"ImageObject","inLanguage":"pt-BR","@id":"https:\/\/capivari.sp.gov.br\/portal\/sede-da-secretaria-da-seguranca-publica-de-capivari-recebe-capacitacao-em-atendimento-pre-hospitalar-para-agentes-da-pasta\/#primaryimage","url":"https:\/\/capivari.sp.gov.br\/portal\/wp-content\/uploads\/2026\/04\/WhatsApp-Image-2026-04-29-at-10.56.18.jpeg","contentUrl":"https:\/\/capivari.sp.gov.br\/portal\/wp-content\/uploads\/2026\/04\/WhatsApp-Image-2026-04-29-at-10.56.18.jpeg","width":1600,"height":1066},{"@type":"BreadcrumbList","@id":"https:\/\/capivari.sp.gov.br\/portal\/sede-da-secretaria-da-seguranca-publica-de-capivari-recebe-capacitacao-em-atendimento-pre-hospitalar-para-agentes-da-pasta\/#breadcrumb","itemListElement":[{"@type":"ListItem","position":1,"name":"In\u00edcio","item":"https:\/\/capivari.sp.gov.br\/portal\/"},{"@type":"ListItem","position":2,"name":"Sede da Secretaria da Seguran\u00e7a P\u00fablica de Capivari recebe capacita\u00e7\u00e3o em atendimento pr\u00e9-hospitalar para agentes da pasta"}]},{"@type":"WebSite","@id":"https:\/\/capivari.sp.gov.br\/portal\/#website","url":"https:\/\/capivari.sp.gov.br\/portal\/","name":"Prefeitura de Capivari","description":"Prefeitura de Capivari","publisher":{"@id":"https:\/\/capivari.sp.gov.br\/portal\/#organization"},"potentialAction":[{"@type":"SearchAction","target":{"@type":"EntryPoint","urlTemplate":"https:\/\/capivari.sp.gov.br\/portal\/?s={search_term_string}"},"query-input":{"@type":"PropertyValueSpecification","valueRequired":true,"valueName":"search_term_string"}}],"inLanguage":"pt-BR"},{"@type":"Organization","@id":"https:\/\/capivari.sp.gov.br\/portal\/#organization","name":"Prefeitura de Capivari","url":"https:\/\/capivari.sp.gov.br\/portal\/","logo":{"@type":"ImageObject","inLanguage":"pt-BR","@id":"https:\/\/capivari.sp.gov.br\/portal\/#\/schema\/logo\/image\/","url":"https:\/\/capivari.sp.gov.br\/portal\/wp-content\/uploads\/2021\/09\/logo-prefeitura-de-capivari.png","contentUrl":"https:\/\/capivari.sp.gov.br\/portal\/wp-content\/uploads\/2021\/09\/logo-prefeitura-de-capivari.png","width":200,"height":147,"caption":"Prefeitura de Capivari"},"image":{"@id":"https:\/\/capivari.sp.gov.br\/portal\/#\/schema\/logo\/image\/"},"sameAs":["https:\/\/www.facebook.com\/PrefeituradeCapivari\/","https:\/\/x.com\/PrefCapivari","https:\/\/www.instagram.com\/prefeituracapivari\/"]},{"@type":"Person","@id":"https:\/\/capivari.sp.gov.br\/portal\/#\/schema\/person\/2370456f508b3c5850854ed47030a88b","name":"Leonardo Nocete","image":{"@type":"ImageObject","inLanguage":"pt-BR","@id":"https:\/\/secure.gravatar.com\/avatar\/e50b6c0a6caf8425503f25a4072837dc2d91e4c4b86cc138a8a1c35de11f7b69?s=96&d=mm&r=g","url":"https:\/\/secure.gravatar.com\/avatar\/e50b6c0a6caf8425503f25a4072837dc2d91e4c4b86cc138a8a1c35de11f7b69?s=96&d=mm&r=g","contentUrl":"https:\/\/secure.gravatar.com\/avatar\/e50b6c0a6caf8425503f25a4072837dc2d91e4c4b86cc138a8a1c35de11f7b69?s=96&d=mm&r=g","caption":"Leonardo Nocete"},"url":"https:\/\/capivari.sp.gov.br\/portal\/author\/leonardo-nocete\/"}]}},"_links":{"self":[{"href":"https:\/\/capivari.sp.gov.br\/portal\/wp-json\/wp\/v2\/posts\/22558","targetHints":{"allow":["GET"]}}],"collection":[{"href":"https:\/\/capivari.sp.gov.br\/portal\/wp-json\/wp\/v2\/posts"}],"about":[{"href":"https:\/\/capivari.sp.gov.br\/portal\/wp-json\/wp\/v2\/types\/post"}],"author":[{"embeddable":true,"href":"https:\/\/capivari.sp.gov.br\/portal\/wp-json\/wp\/v2\/users\/16"}],"replies":[{"embeddable":true,"href":"https:\/\/capivari.sp.gov.br\/portal\/wp-json\/wp\/v2\/comments?post=22558"}],"version-history":[{"count":1,"href":"https:\/\/capivari.sp.gov.br\/portal\/wp-json\/wp\/v2\/posts\/22558\/revisions"}],"predecessor-version":[{"id":22562,"href":"https:\/\/capivari.sp.gov.br\/portal\/wp-json\/wp\/v2\/posts\/22558\/revisions\/22562"}],"wp:featuredmedia":[{"embeddable":true,"href":"https:\/\/capivari.sp.gov.br\/portal\/wp-json\/wp\/v2\/media\/22561"}],"wp:attachment":[{"href":"https:\/\/capivari.sp.gov.br\/portal\/wp-json\/wp\/v2\/media?parent=22558"}],"wp:term":[{"taxonomy":"category","embeddable":true,"href":"https:\/\/capivari.sp.gov.br\/portal\/wp-json\/wp\/v2\/categories?post=22558"},{"taxonomy":"post_tag","embeddable":true,"href":"https:\/\/capivari.sp.gov.br\/portal\/wp-json\/wp\/v2\/tags?post=22558"}],"curies":[{"name":"wp","href":"https:\/\/api.w.org\/{rel}","templated":true}]}}