{"id":23646,"date":"2026-08-31T10:35:17","date_gmt":"2026-08-31T13:35:17","guid":{"rendered":"https:\/\/capivari.sp.gov.br\/portal\/?p=23646"},"modified":"2026-08-31T10:35:17","modified_gmt":"2026-08-31T13:35:17","slug":"capivari-inaugura-centro-especializado-em-autismo-e-neurodesenvolvimento-e-amplia-cuidado-as-familias","status":"publish","type":"post","link":"https:\/\/capivari.sp.gov.br\/portal\/capivari-inaugura-centro-especializado-em-autismo-e-neurodesenvolvimento-e-amplia-cuidado-as-familias\/","title":{"rendered":"Capivari inaugura Centro Especializado em Autismo e Neurodesenvolvimento e amplia cuidado \u00e0s fam\u00edlias"},"content":{"rendered":"<p><em>Nova unidade contar\u00e1 com equipe multiprofissional e capacidade estimada para cerca de 1.300 atendimentos e terapias por m\u00eas<\/em><\/p>\n<p>A manh\u00e3 do \u00faltimo s\u00e1bado (29) marcou o in\u00edcio de uma nova etapa no atendimento especializado em Capivari. A Prefeitura inaugurou o Centro Especializado em Autismo e Neurodesenvolvimento (CEAN), novo servi\u00e7o da rede municipal de Sa\u00fade voltado ao atendimento de crian\u00e7as e adolescentes com Transtorno do Espectro Autista (TEA) e outros transtornos do neurodesenvolvimento.<\/p>\n<p>Localizado na avenida Dr. Rodrigues Alves, 30, no bairro Raia, o novo espa\u00e7o atende a uma demanda antiga das fam\u00edlias do munic\u00edpio por um servi\u00e7o estruturado e especializado. A implanta\u00e7\u00e3o do Centro Especializado em Autismo e Neurodesenvolvimento (CEAN) tamb\u00e9m representa o cumprimento de um compromisso assumido pelo prefeito Vit\u00e3o Riccomini e pelo vice-prefeito Bruno Barnab\u00e9 ainda durante a campanha.<\/p>\n<p>Mais do que a entrega de uma nova estrutura, o servi\u00e7o foi pensado para oferecer acompanhamento individualizado, respeitando as necessidades e potencialidades de cada crian\u00e7a e adolescente, al\u00e9m de acolhimento, orienta\u00e7\u00e3o e suporte \u00e0s fam\u00edlias.<\/p>\n<p>Com capacidade estimada para aproximadamente 1.300 atendimentos e terapias por m\u00eas, o Centro Especializado em Autismo e Neurodesenvolvimento (CEAN) contar\u00e1 com uma equipe multiprofissional formada por dez profissionais, com atua\u00e7\u00e3o nas \u00e1reas de psicopedagogia, fisioterapia, psicologia, terapia ocupacional, educa\u00e7\u00e3o f\u00edsica, fonoaudiologia e assist\u00eancia social, al\u00e9m da coordena\u00e7\u00e3o do servi\u00e7o.<\/p>\n<p>Para o prefeito Vit\u00e3o Riccomini, a inaugura\u00e7\u00e3o representa uma conquista constru\u00edda a partir da escuta das fam\u00edlias. \u201cEsse era um compromisso que assumimos porque sab\u00edamos o quanto esse servi\u00e7o era necess\u00e1rio para Capivari. Hoje n\u00e3o estamos simplesmente entregando um pr\u00e9dio. Estamos abrindo as portas de um espa\u00e7o preparado para acolher crian\u00e7as, adolescentes e suas fam\u00edlias, com profissionais de diferentes \u00e1reas e um atendimento que respeita as necessidades de cada um. \u00c9 uma conquista das fam\u00edlias que esperaram, pediram e acreditaram e, para n\u00f3s, \u00e9 uma alegria muito grande transformar esse compromisso em realidade\u201d, destacou.<\/p>\n<p>Durante a cerim\u00f4nia, Vit\u00e3o tamb\u00e9m fez quest\u00e3o de reconhecer a parceria do vice-prefeito Bruno Barnab\u00e9, o apoio do presidente da C\u00e2mara Municipal, Rafael Massouh, e dos vereadores, al\u00e9m do trabalho desenvolvido pela Secretaria de Sa\u00fade para que o CEAN se tornasse realidade.<\/p>\n<p>Em outro momento, o prefeito convidou os profissionais que far\u00e3o parte do dia a dia do novo servi\u00e7o e destacou a import\u00e2ncia de cada um para que o trabalho desenvolvido no espa\u00e7o alcance as fam\u00edlias da maneira como foi planejado. Para Vit\u00e3o, t\u00e3o importante quanto entregar uma estrutura adequada \u00e9 contar com pessoas comprometidas em acolher, acompanhar e cuidar de quem utilizar\u00e1 o servi\u00e7o.<\/p>\n<p>\u201cS\u00e3o os profissionais que v\u00e3o dar vida a tudo isso. Podemos ter um pr\u00e9dio bonito e uma grande estrutura, mas s\u00e3o as pessoas que estar\u00e3o aqui todos os dias que v\u00e3o fazer a diferen\u00e7a na vida de cada crian\u00e7a, de cada adolescente e de cada fam\u00edlia. A nossa gest\u00e3o tem procurado trabalhar cada vez mais em projetos que tenham prop\u00f3sito, que cheguem at\u00e9 as pessoas e que realmente ajudem a melhorar a vida delas. O CEAN \u00e9 exatamente isso\u201d, ressaltou o prefeito.<\/p>\n<p>Vit\u00e3o tamb\u00e9m fez um agradecimento especial ao secret\u00e1rio de Sa\u00fade, Mateus Sousa, destacando a parceria constru\u00edda ao longo dos anos. \u201cO Mateus \u00e9 muito mais do que um secret\u00e1rio desta administra\u00e7\u00e3o. \u00c9 um amigo e um parceiro de caminhada h\u00e1 muitos anos. Ele abra\u00e7ou esse projeto e trabalhou junto com toda a equipe para que cheg\u00e1ssemos at\u00e9 aqui. Quando Executivo, Legislativo, servidores e profissionais trabalham com o mesmo prop\u00f3sito, quem ganha \u00e9 a popula\u00e7\u00e3o\u201d, afirmou.<\/p>\n<p>O secret\u00e1rio de Sa\u00fade, Mateus Sousa, destacou que o trabalho desenvolvido no local ter\u00e1 o usu\u00e1rio e sua fam\u00edlia no centro do cuidado. \u201cCada crian\u00e7a e adolescente possui suas pr\u00f3prias necessidades e \u00e9 a partir delas que o acompanhamento ser\u00e1 constru\u00eddo. Teremos profissionais de diferentes \u00e1reas atuando de maneira integrada, mas tamb\u00e9m um olhar muito importante para as fam\u00edlias, que precisam ser acolhidas, orientadas e fazer parte desse processo. \u00c9 um servi\u00e7o que chega para fortalecer a nossa rede e ampliar o cuidado oferecido pelo munic\u00edpio\u201d, explicou.<\/p>\n<p>O p\u00fablico atendido ser\u00e1 formado por crian\u00e7as e adolescentes com diagn\u00f3stico de TEA, em investiga\u00e7\u00e3o diagn\u00f3stica para TEA ou com outros transtornos do neurodesenvolvimento, de acordo com os crit\u00e9rios e fluxos estabelecidos pelo servi\u00e7o.<\/p>\n<p>A atua\u00e7\u00e3o do Centro Especializado em Autismo e Neurodesenvolvimento (CEAN) tamb\u00e9m ser\u00e1 articulada com as redes municipais de Educa\u00e7\u00e3o, Desenvolvimento Social e demais setores envolvidos no atendimento \u00e0 inf\u00e2ncia e \u00e0 adolesc\u00eancia, fortalecendo o acompanhamento integral dos usu\u00e1rios.<\/p>\n<p>A cerim\u00f4nia de inaugura\u00e7\u00e3o contou com autoridades, profissionais da Sa\u00fade, fam\u00edlias e representantes da comunidade. Ap\u00f3s o descerramento da placa e o corte do la\u00e7o inaugural, as autoridades participaram do ato simb\u00f3lico \u201cM\u00e3os que se Unem\u201d, deixando as marcas de suas m\u00e3os em uma \u00e1rvore localizada na parede de entrada da unidade. A a\u00e7\u00e3o representou a uni\u00e3o de esfor\u00e7os e o compromisso coletivo com o cuidado das crian\u00e7as, adolescentes e fam\u00edlias que ser\u00e3o atendidos no novo espa\u00e7o.<\/p>\n<p>Com a abertura do Centro Especializado em Autismo e Neurodesenvolvimento (CEAN), Capivari passa a contar com um novo servi\u00e7o p\u00fablico dedicado ao desenvolvimento, \u00e0 autonomia, \u00e0 participa\u00e7\u00e3o social e \u00e0 qualidade de vida dos usu\u00e1rios, oferecendo \u00e0s fam\u00edlias um atendimento especializado mais pr\u00f3ximo e integrado \u00e0 rede municipal.<\/p>\n<p>Para mais informa\u00e7\u00f5es, a Secretaria de Sa\u00fade atende pelo telefone (19) 3492-8200, de segunda a sexta-feira, das 8h30 \u00e0s 16h30.<\/p>\n","protected":false},"excerpt":{"rendered":"<p>Nova unidade contar\u00e1 com equipe multiprofissional e capacidade estimada para cerca de 1.300 atendimentos e terapias por m\u00eas A manh\u00e3 do \u00faltimo s\u00e1bado (29) marcou o in\u00edcio de uma nova etapa no atendimento especializado em Capivari. A Prefeitura inaugurou o Centro Especializado em Autismo e Neurodesenvolvimento (CEAN), novo servi\u00e7o da rede municipal de Sa\u00fade voltado [&hellip;]<\/p>\n","protected":false},"author":2,"featured_media":23647,"comment_status":"closed","ping_status":"closed","sticky":false,"template":"","format":"standard","meta":{"ocean_front_end_style_editor":"no","ocean_post_layout":"","ocean_both_sidebars_style":"","ocean_both_sidebars_content_width":0,"ocean_both_sidebars_sidebars_width":0,"ocean_sidebar":"","ocean_second_sidebar":"","ocean_disable_margins":"enable","ocean_add_body_class":"","ocean_shortcode_before_top_bar":"","ocean_shortcode_after_top_bar":"","ocean_shortcode_before_header":"","ocean_shortcode_after_header":"","ocean_has_shortcode":"","ocean_shortcode_after_title":"","ocean_shortcode_before_footer_widgets":"","ocean_shortcode_after_footer_widgets":"","ocean_shortcode_before_footer_bottom":"","ocean_shortcode_after_footer_bottom":"","ocean_display_top_bar":"default","ocean_display_header":"default","ocean_header_style":"","ocean_center_header_left_menu":"","ocean_custom_header_template":"","ocean_custom_logo":0,"ocean_custom_retina_logo":0,"ocean_custom_logo_max_width":0,"ocean_custom_logo_tablet_max_width":0,"ocean_custom_logo_mobile_max_width":0,"ocean_custom_logo_max_height":0,"ocean_custom_logo_tablet_max_height":0,"ocean_custom_logo_mobile_max_height":0,"ocean_header_custom_menu":"","ocean_menu_typo_font_family":"","ocean_menu_typo_font_subset":"","ocean_menu_typo_font_size":0,"ocean_menu_typo_font_size_tablet":0,"ocean_menu_typo_font_size_mobile":0,"ocean_menu_typo_font_size_unit":"px","ocean_menu_typo_font_weight":"","ocean_menu_typo_font_weight_tablet":"","ocean_menu_typo_font_weight_mobile":"","ocean_menu_typo_transform":"","ocean_menu_typo_transform_tablet":"","ocean_menu_typo_transform_mobile":"","ocean_menu_typo_line_height":0,"ocean_menu_typo_line_height_tablet":0,"ocean_menu_typo_line_height_mobile":0,"ocean_menu_typo_line_height_unit":"","ocean_menu_typo_spacing":0,"ocean_menu_typo_spacing_tablet":0,"ocean_menu_typo_spacing_mobile":0,"ocean_menu_typo_spacing_unit":"","ocean_menu_link_color":"","ocean_menu_link_color_hover":"","ocean_menu_link_color_active":"","ocean_menu_link_background":"","ocean_menu_link_hover_background":"","ocean_menu_link_active_background":"","ocean_menu_social_links_bg":"","ocean_menu_social_hover_links_bg":"","ocean_menu_social_links_color":"","ocean_menu_social_hover_links_color":"","ocean_disable_title":"default","ocean_disable_heading":"default","ocean_post_title":"","ocean_post_subheading":"","ocean_post_title_style":"","ocean_post_title_background_color":"","ocean_post_title_background":0,"ocean_post_title_bg_image_position":"","ocean_post_title_bg_image_attachment":"","ocean_post_title_bg_image_repeat":"","ocean_post_title_bg_image_size":"","ocean_post_title_height":0,"ocean_post_title_bg_overlay":0.5,"ocean_post_title_bg_overlay_color":"","ocean_disable_breadcrumbs":"default","ocean_breadcrumbs_color":"","ocean_breadcrumbs_separator_color":"","ocean_breadcrumbs_links_color":"","ocean_breadcrumbs_links_hover_color":"","ocean_display_footer_widgets":"default","ocean_display_footer_bottom":"default","ocean_custom_footer_template":"","ocean_post_oembed":"","ocean_post_self_hosted_media":"","ocean_post_video_embed":"","ocean_link_format":"","ocean_link_format_target":"self","ocean_quote_format":"","ocean_quote_format_link":"post","ocean_gallery_link_images":"on","ocean_gallery_id":[],"footnotes":""},"categories":[4,5,31],"tags":[],"class_list":["post-23646","post","type-post","status-publish","format-standard","has-post-thumbnail","hentry","category-destaque","category-geral","category-saude","entry","has-media"],"yoast_head":"<!-- This site is optimized with the Yoast SEO plugin v28.3 - https:\/\/yoast.com\/product\/yoast-seo-wordpress\/ -->\n<title>Capivari inaugura Centro Especializado em Autismo e Neurodesenvolvimento e amplia cuidado \u00e0s fam\u00edlias - Prefeitura de Capivari<\/title>\n<meta name=\"robots\" content=\"index, follow, max-snippet:-1, max-image-preview:large, max-video-preview:-1\" \/>\n<link rel=\"canonical\" href=\"https:\/\/capivari.sp.gov.br\/portal\/capivari-inaugura-centro-especializado-em-autismo-e-neurodesenvolvimento-e-amplia-cuidado-as-familias\/\" \/>\n<meta property=\"og:locale\" content=\"pt_BR\" \/>\n<meta property=\"og:type\" content=\"article\" \/>\n<meta property=\"og:title\" content=\"Capivari inaugura Centro Especializado em Autismo e Neurodesenvolvimento e amplia cuidado \u00e0s fam\u00edlias - Prefeitura de Capivari\" \/>\n<meta property=\"og:description\" content=\"Nova unidade contar\u00e1 com equipe multiprofissional e capacidade estimada para cerca de 1.300 atendimentos e terapias por m\u00eas A manh\u00e3 do \u00faltimo s\u00e1bado (29) marcou o in\u00edcio de uma nova etapa no atendimento especializado em Capivari. A Prefeitura inaugurou o Centro Especializado em Autismo e Neurodesenvolvimento (CEAN), novo servi\u00e7o da rede municipal de Sa\u00fade voltado [&hellip;]\" \/>\n<meta property=\"og:url\" content=\"https:\/\/capivari.sp.gov.br\/portal\/capivari-inaugura-centro-especializado-em-autismo-e-neurodesenvolvimento-e-amplia-cuidado-as-familias\/\" \/>\n<meta property=\"og:site_name\" content=\"Prefeitura de Capivari\" \/>\n<meta property=\"article:publisher\" content=\"https:\/\/www.facebook.com\/PrefeituradeCapivari\/\" \/>\n<meta property=\"article:published_time\" content=\"2026-08-31T13:35:17+00:00\" \/>\n<meta property=\"og:image\" content=\"https:\/\/capivari.sp.gov.br\/portal\/wp-content\/uploads\/2026\/08\/IMG_5344.jpg\" \/>\n\t<meta property=\"og:image:width\" content=\"2400\" \/>\n\t<meta property=\"og:image:height\" content=\"1600\" \/>\n\t<meta property=\"og:image:type\" content=\"image\/jpeg\" \/>\n<meta name=\"author\" content=\"Thalles Cristiano\" \/>\n<meta name=\"twitter:card\" content=\"summary_large_image\" \/>\n<meta name=\"twitter:creator\" content=\"@PrefCapivari\" \/>\n<meta name=\"twitter:site\" content=\"@PrefCapivari\" \/>\n<meta name=\"twitter:label1\" content=\"Escrito por\" \/>\n\t<meta name=\"twitter:data1\" content=\"Thalles Cristiano\" \/>\n\t<meta name=\"twitter:label2\" content=\"Est. tempo de leitura\" \/>\n\t<meta name=\"twitter:data2\" content=\"5 minutos\" \/>\n<script type=\"application\/ld+json\" class=\"yoast-schema-graph\">{\"@context\":\"https:\\\/\\\/schema.org\",\"@graph\":[{\"@type\":\"Article\",\"@id\":\"https:\\\/\\\/capivari.sp.gov.br\\\/portal\\\/capivari-inaugura-centro-especializado-em-autismo-e-neurodesenvolvimento-e-amplia-cuidado-as-familias\\\/#article\",\"isPartOf\":{\"@id\":\"https:\\\/\\\/capivari.sp.gov.br\\\/portal\\\/capivari-inaugura-centro-especializado-em-autismo-e-neurodesenvolvimento-e-amplia-cuidado-as-familias\\\/\"},\"author\":{\"name\":\"Thalles Cristiano\",\"@id\":\"https:\\\/\\\/capivari.sp.gov.br\\\/portal\\\/#\\\/schema\\\/person\\\/98801614a91d449946b0687ae2db9f29\"},\"headline\":\"Capivari inaugura Centro Especializado em Autismo e Neurodesenvolvimento e amplia cuidado \u00e0s fam\u00edlias\",\"datePublished\":\"2026-08-31T13:35:17+00:00\",\"mainEntityOfPage\":{\"@id\":\"https:\\\/\\\/capivari.sp.gov.br\\\/portal\\\/capivari-inaugura-centro-especializado-em-autismo-e-neurodesenvolvimento-e-amplia-cuidado-as-familias\\\/\"},\"wordCount\":995,\"publisher\":{\"@id\":\"https:\\\/\\\/capivari.sp.gov.br\\\/portal\\\/#organization\"},\"image\":{\"@id\":\"https:\\\/\\\/capivari.sp.gov.br\\\/portal\\\/capivari-inaugura-centro-especializado-em-autismo-e-neurodesenvolvimento-e-amplia-cuidado-as-familias\\\/#primaryimage\"},\"thumbnailUrl\":\"https:\\\/\\\/capivari.sp.gov.br\\\/portal\\\/wp-content\\\/uploads\\\/2026\\\/08\\\/IMG_5344.jpg\",\"articleSection\":[\"Destaque\",\"Geral\",\"Sa\u00fade\"],\"inLanguage\":\"pt-BR\"},{\"@type\":\"WebPage\",\"@id\":\"https:\\\/\\\/capivari.sp.gov.br\\\/portal\\\/capivari-inaugura-centro-especializado-em-autismo-e-neurodesenvolvimento-e-amplia-cuidado-as-familias\\\/\",\"url\":\"https:\\\/\\\/capivari.sp.gov.br\\\/portal\\\/capivari-inaugura-centro-especializado-em-autismo-e-neurodesenvolvimento-e-amplia-cuidado-as-familias\\\/\",\"name\":\"Capivari inaugura Centro Especializado em Autismo e Neurodesenvolvimento e amplia cuidado \u00e0s fam\u00edlias - Prefeitura de Capivari\",\"isPartOf\":{\"@id\":\"https:\\\/\\\/capivari.sp.gov.br\\\/portal\\\/#website\"},\"primaryImageOfPage\":{\"@id\":\"https:\\\/\\\/capivari.sp.gov.br\\\/portal\\\/capivari-inaugura-centro-especializado-em-autismo-e-neurodesenvolvimento-e-amplia-cuidado-as-familias\\\/#primaryimage\"},\"image\":{\"@id\":\"https:\\\/\\\/capivari.sp.gov.br\\\/portal\\\/capivari-inaugura-centro-especializado-em-autismo-e-neurodesenvolvimento-e-amplia-cuidado-as-familias\\\/#primaryimage\"},\"thumbnailUrl\":\"https:\\\/\\\/capivari.sp.gov.br\\\/portal\\\/wp-content\\\/uploads\\\/2026\\\/08\\\/IMG_5344.jpg\",\"datePublished\":\"2026-08-31T13:35:17+00:00\",\"breadcrumb\":{\"@id\":\"https:\\\/\\\/capivari.sp.gov.br\\\/portal\\\/capivari-inaugura-centro-especializado-em-autismo-e-neurodesenvolvimento-e-amplia-cuidado-as-familias\\\/#breadcrumb\"},\"inLanguage\":\"pt-BR\",\"potentialAction\":[{\"@type\":\"ReadAction\",\"target\":[\"https:\\\/\\\/capivari.sp.gov.br\\\/portal\\\/capivari-inaugura-centro-especializado-em-autismo-e-neurodesenvolvimento-e-amplia-cuidado-as-familias\\\/\"]}]},{\"@type\":\"ImageObject\",\"inLanguage\":\"pt-BR\",\"@id\":\"https:\\\/\\\/capivari.sp.gov.br\\\/portal\\\/capivari-inaugura-centro-especializado-em-autismo-e-neurodesenvolvimento-e-amplia-cuidado-as-familias\\\/#primaryimage\",\"url\":\"https:\\\/\\\/capivari.sp.gov.br\\\/portal\\\/wp-content\\\/uploads\\\/2026\\\/08\\\/IMG_5344.jpg\",\"contentUrl\":\"https:\\\/\\\/capivari.sp.gov.br\\\/portal\\\/wp-content\\\/uploads\\\/2026\\\/08\\\/IMG_5344.jpg\",\"width\":2400,\"height\":1600},{\"@type\":\"BreadcrumbList\",\"@id\":\"https:\\\/\\\/capivari.sp.gov.br\\\/portal\\\/capivari-inaugura-centro-especializado-em-autismo-e-neurodesenvolvimento-e-amplia-cuidado-as-familias\\\/#breadcrumb\",\"itemListElement\":[{\"@type\":\"ListItem\",\"position\":1,\"name\":\"In\u00edcio\",\"item\":\"https:\\\/\\\/capivari.sp.gov.br\\\/portal\\\/\"},{\"@type\":\"ListItem\",\"position\":2,\"name\":\"Capivari inaugura Centro Especializado em Autismo e Neurodesenvolvimento e amplia cuidado \u00e0s fam\u00edlias\"}]},{\"@type\":\"WebSite\",\"@id\":\"https:\\\/\\\/capivari.sp.gov.br\\\/portal\\\/#website\",\"url\":\"https:\\\/\\\/capivari.sp.gov.br\\\/portal\\\/\",\"name\":\"Prefeitura de Capivari\",\"description\":\"Prefeitura de Capivari\",\"publisher\":{\"@id\":\"https:\\\/\\\/capivari.sp.gov.br\\\/portal\\\/#organization\"},\"potentialAction\":[{\"@type\":\"SearchAction\",\"target\":{\"@type\":\"EntryPoint\",\"urlTemplate\":\"https:\\\/\\\/capivari.sp.gov.br\\\/portal\\\/?s={search_term_string}\"},\"query-input\":{\"@type\":\"PropertyValueSpecification\",\"valueRequired\":true,\"valueName\":\"search_term_string\"}}],\"inLanguage\":\"pt-BR\"},{\"@type\":\"Organization\",\"@id\":\"https:\\\/\\\/capivari.sp.gov.br\\\/portal\\\/#organization\",\"name\":\"Prefeitura de Capivari\",\"url\":\"https:\\\/\\\/capivari.sp.gov.br\\\/portal\\\/\",\"logo\":{\"@type\":\"ImageObject\",\"inLanguage\":\"pt-BR\",\"@id\":\"https:\\\/\\\/capivari.sp.gov.br\\\/portal\\\/#\\\/schema\\\/logo\\\/image\\\/\",\"url\":\"https:\\\/\\\/capivari.sp.gov.br\\\/portal\\\/wp-content\\\/uploads\\\/2021\\\/09\\\/logo-prefeitura-de-capivari.png\",\"contentUrl\":\"https:\\\/\\\/capivari.sp.gov.br\\\/portal\\\/wp-content\\\/uploads\\\/2021\\\/09\\\/logo-prefeitura-de-capivari.png\",\"width\":200,\"height\":147,\"caption\":\"Prefeitura de Capivari\"},\"image\":{\"@id\":\"https:\\\/\\\/capivari.sp.gov.br\\\/portal\\\/#\\\/schema\\\/logo\\\/image\\\/\"},\"sameAs\":[\"https:\\\/\\\/www.facebook.com\\\/PrefeituradeCapivari\\\/\",\"https:\\\/\\\/x.com\\\/PrefCapivari\",\"https:\\\/\\\/www.instagram.com\\\/prefeituracapivari\\\/\"]},{\"@type\":\"Person\",\"@id\":\"https:\\\/\\\/capivari.sp.gov.br\\\/portal\\\/#\\\/schema\\\/person\\\/98801614a91d449946b0687ae2db9f29\",\"name\":\"Thalles Cristiano\",\"image\":{\"@type\":\"ImageObject\",\"inLanguage\":\"pt-BR\",\"@id\":\"https:\\\/\\\/secure.gravatar.com\\\/avatar\\\/0d1b9a4bdcde99ab11a8cd27abdcd088993749b82c4355c0301135023dc52b3d?s=96&d=mm&r=g\",\"url\":\"https:\\\/\\\/secure.gravatar.com\\\/avatar\\\/0d1b9a4bdcde99ab11a8cd27abdcd088993749b82c4355c0301135023dc52b3d?s=96&d=mm&r=g\",\"contentUrl\":\"https:\\\/\\\/secure.gravatar.com\\\/avatar\\\/0d1b9a4bdcde99ab11a8cd27abdcd088993749b82c4355c0301135023dc52b3d?s=96&d=mm&r=g\",\"caption\":\"Thalles Cristiano\"},\"url\":\"https:\\\/\\\/capivari.sp.gov.br\\\/portal\\\/author\\\/thalles-cristiano\\\/\"}]}<\/script>\n<!-- \/ Yoast SEO plugin. -->","yoast_head_json":{"title":"Capivari inaugura Centro Especializado em Autismo e Neurodesenvolvimento e amplia cuidado \u00e0s fam\u00edlias - Prefeitura de Capivari","robots":{"index":"index","follow":"follow","max-snippet":"max-snippet:-1","max-image-preview":"max-image-preview:large","max-video-preview":"max-video-preview:-1"},"canonical":"https:\/\/capivari.sp.gov.br\/portal\/capivari-inaugura-centro-especializado-em-autismo-e-neurodesenvolvimento-e-amplia-cuidado-as-familias\/","og_locale":"pt_BR","og_type":"article","og_title":"Capivari inaugura Centro Especializado em Autismo e Neurodesenvolvimento e amplia cuidado \u00e0s fam\u00edlias - Prefeitura de Capivari","og_description":"Nova unidade contar\u00e1 com equipe multiprofissional e capacidade estimada para cerca de 1.300 atendimentos e terapias por m\u00eas A manh\u00e3 do \u00faltimo s\u00e1bado (29) marcou o in\u00edcio de uma nova etapa no atendimento especializado em Capivari. A Prefeitura inaugurou o Centro Especializado em Autismo e Neurodesenvolvimento (CEAN), novo servi\u00e7o da rede municipal de Sa\u00fade voltado [&hellip;]","og_url":"https:\/\/capivari.sp.gov.br\/portal\/capivari-inaugura-centro-especializado-em-autismo-e-neurodesenvolvimento-e-amplia-cuidado-as-familias\/","og_site_name":"Prefeitura de Capivari","article_publisher":"https:\/\/www.facebook.com\/PrefeituradeCapivari\/","article_published_time":"2026-08-31T13:35:17+00:00","og_image":[{"width":2400,"height":1600,"url":"https:\/\/capivari.sp.gov.br\/portal\/wp-content\/uploads\/2026\/08\/IMG_5344.jpg","type":"image\/jpeg"}],"author":"Thalles Cristiano","twitter_card":"summary_large_image","twitter_creator":"@PrefCapivari","twitter_site":"@PrefCapivari","twitter_misc":{"Escrito por":"Thalles Cristiano","Est. tempo de leitura":"5 minutos"},"schema":{"@context":"https:\/\/schema.org","@graph":[{"@type":"Article","@id":"https:\/\/capivari.sp.gov.br\/portal\/capivari-inaugura-centro-especializado-em-autismo-e-neurodesenvolvimento-e-amplia-cuidado-as-familias\/#article","isPartOf":{"@id":"https:\/\/capivari.sp.gov.br\/portal\/capivari-inaugura-centro-especializado-em-autismo-e-neurodesenvolvimento-e-amplia-cuidado-as-familias\/"},"author":{"name":"Thalles Cristiano","@id":"https:\/\/capivari.sp.gov.br\/portal\/#\/schema\/person\/98801614a91d449946b0687ae2db9f29"},"headline":"Capivari inaugura Centro Especializado em Autismo e Neurodesenvolvimento e amplia cuidado \u00e0s fam\u00edlias","datePublished":"2026-08-31T13:35:17+00:00","mainEntityOfPage":{"@id":"https:\/\/capivari.sp.gov.br\/portal\/capivari-inaugura-centro-especializado-em-autismo-e-neurodesenvolvimento-e-amplia-cuidado-as-familias\/"},"wordCount":995,"publisher":{"@id":"https:\/\/capivari.sp.gov.br\/portal\/#organization"},"image":{"@id":"https:\/\/capivari.sp.gov.br\/portal\/capivari-inaugura-centro-especializado-em-autismo-e-neurodesenvolvimento-e-amplia-cuidado-as-familias\/#primaryimage"},"thumbnailUrl":"https:\/\/capivari.sp.gov.br\/portal\/wp-content\/uploads\/2026\/08\/IMG_5344.jpg","articleSection":["Destaque","Geral","Sa\u00fade"],"inLanguage":"pt-BR"},{"@type":"WebPage","@id":"https:\/\/capivari.sp.gov.br\/portal\/capivari-inaugura-centro-especializado-em-autismo-e-neurodesenvolvimento-e-amplia-cuidado-as-familias\/","url":"https:\/\/capivari.sp.gov.br\/portal\/capivari-inaugura-centro-especializado-em-autismo-e-neurodesenvolvimento-e-amplia-cuidado-as-familias\/","name":"Capivari inaugura Centro Especializado em Autismo e Neurodesenvolvimento e amplia cuidado \u00e0s fam\u00edlias - Prefeitura de Capivari","isPartOf":{"@id":"https:\/\/capivari.sp.gov.br\/portal\/#website"},"primaryImageOfPage":{"@id":"https:\/\/capivari.sp.gov.br\/portal\/capivari-inaugura-centro-especializado-em-autismo-e-neurodesenvolvimento-e-amplia-cuidado-as-familias\/#primaryimage"},"image":{"@id":"https:\/\/capivari.sp.gov.br\/portal\/capivari-inaugura-centro-especializado-em-autismo-e-neurodesenvolvimento-e-amplia-cuidado-as-familias\/#primaryimage"},"thumbnailUrl":"https:\/\/capivari.sp.gov.br\/portal\/wp-content\/uploads\/2026\/08\/IMG_5344.jpg","datePublished":"2026-08-31T13:35:17+00:00","breadcrumb":{"@id":"https:\/\/capivari.sp.gov.br\/portal\/capivari-inaugura-centro-especializado-em-autismo-e-neurodesenvolvimento-e-amplia-cuidado-as-familias\/#breadcrumb"},"inLanguage":"pt-BR","potentialAction":[{"@type":"ReadAction","target":["https:\/\/capivari.sp.gov.br\/portal\/capivari-inaugura-centro-especializado-em-autismo-e-neurodesenvolvimento-e-amplia-cuidado-as-familias\/"]}]},{"@type":"ImageObject","inLanguage":"pt-BR","@id":"https:\/\/capivari.sp.gov.br\/portal\/capivari-inaugura-centro-especializado-em-autismo-e-neurodesenvolvimento-e-amplia-cuidado-as-familias\/#primaryimage","url":"https:\/\/capivari.sp.gov.br\/portal\/wp-content\/uploads\/2026\/08\/IMG_5344.jpg","contentUrl":"https:\/\/capivari.sp.gov.br\/portal\/wp-content\/uploads\/2026\/08\/IMG_5344.jpg","width":2400,"height":1600},{"@type":"BreadcrumbList","@id":"https:\/\/capivari.sp.gov.br\/portal\/capivari-inaugura-centro-especializado-em-autismo-e-neurodesenvolvimento-e-amplia-cuidado-as-familias\/#breadcrumb","itemListElement":[{"@type":"ListItem","position":1,"name":"In\u00edcio","item":"https:\/\/capivari.sp.gov.br\/portal\/"},{"@type":"ListItem","position":2,"name":"Capivari inaugura Centro Especializado em Autismo e Neurodesenvolvimento e amplia cuidado \u00e0s fam\u00edlias"}]},{"@type":"WebSite","@id":"https:\/\/capivari.sp.gov.br\/portal\/#website","url":"https:\/\/capivari.sp.gov.br\/portal\/","name":"Prefeitura de Capivari","description":"Prefeitura de Capivari","publisher":{"@id":"https:\/\/capivari.sp.gov.br\/portal\/#organization"},"potentialAction":[{"@type":"SearchAction","target":{"@type":"EntryPoint","urlTemplate":"https:\/\/capivari.sp.gov.br\/portal\/?s={search_term_string}"},"query-input":{"@type":"PropertyValueSpecification","valueRequired":true,"valueName":"search_term_string"}}],"inLanguage":"pt-BR"},{"@type":"Organization","@id":"https:\/\/capivari.sp.gov.br\/portal\/#organization","name":"Prefeitura de Capivari","url":"https:\/\/capivari.sp.gov.br\/portal\/","logo":{"@type":"ImageObject","inLanguage":"pt-BR","@id":"https:\/\/capivari.sp.gov.br\/portal\/#\/schema\/logo\/image\/","url":"https:\/\/capivari.sp.gov.br\/portal\/wp-content\/uploads\/2021\/09\/logo-prefeitura-de-capivari.png","contentUrl":"https:\/\/capivari.sp.gov.br\/portal\/wp-content\/uploads\/2021\/09\/logo-prefeitura-de-capivari.png","width":200,"height":147,"caption":"Prefeitura de Capivari"},"image":{"@id":"https:\/\/capivari.sp.gov.br\/portal\/#\/schema\/logo\/image\/"},"sameAs":["https:\/\/www.facebook.com\/PrefeituradeCapivari\/","https:\/\/x.com\/PrefCapivari","https:\/\/www.instagram.com\/prefeituracapivari\/"]},{"@type":"Person","@id":"https:\/\/capivari.sp.gov.br\/portal\/#\/schema\/person\/98801614a91d449946b0687ae2db9f29","name":"Thalles Cristiano","image":{"@type":"ImageObject","inLanguage":"pt-BR","@id":"https:\/\/secure.gravatar.com\/avatar\/0d1b9a4bdcde99ab11a8cd27abdcd088993749b82c4355c0301135023dc52b3d?s=96&d=mm&r=g","url":"https:\/\/secure.gravatar.com\/avatar\/0d1b9a4bdcde99ab11a8cd27abdcd088993749b82c4355c0301135023dc52b3d?s=96&d=mm&r=g","contentUrl":"https:\/\/secure.gravatar.com\/avatar\/0d1b9a4bdcde99ab11a8cd27abdcd088993749b82c4355c0301135023dc52b3d?s=96&d=mm&r=g","caption":"Thalles Cristiano"},"url":"https:\/\/capivari.sp.gov.br\/portal\/author\/thalles-cristiano\/"}]}},"_links":{"self":[{"href":"https:\/\/capivari.sp.gov.br\/portal\/wp-json\/wp\/v2\/posts\/23646","targetHints":{"allow":["GET"]}}],"collection":[{"href":"https:\/\/capivari.sp.gov.br\/portal\/wp-json\/wp\/v2\/posts"}],"about":[{"href":"https:\/\/capivari.sp.gov.br\/portal\/wp-json\/wp\/v2\/types\/post"}],"author":[{"embeddable":true,"href":"https:\/\/capivari.sp.gov.br\/portal\/wp-json\/wp\/v2\/users\/2"}],"replies":[{"embeddable":true,"href":"https:\/\/capivari.sp.gov.br\/portal\/wp-json\/wp\/v2\/comments?post=23646"}],"version-history":[{"count":1,"href":"https:\/\/capivari.sp.gov.br\/portal\/wp-json\/wp\/v2\/posts\/23646\/revisions"}],"predecessor-version":[{"id":23649,"href":"https:\/\/capivari.sp.gov.br\/portal\/wp-json\/wp\/v2\/posts\/23646\/revisions\/23649"}],"wp:featuredmedia":[{"embeddable":true,"href":"https:\/\/capivari.sp.gov.br\/portal\/wp-json\/wp\/v2\/media\/23647"}],"wp:attachment":[{"href":"https:\/\/capivari.sp.gov.br\/portal\/wp-json\/wp\/v2\/media?parent=23646"}],"wp:term":[{"taxonomy":"category","embeddable":true,"href":"https:\/\/capivari.sp.gov.br\/portal\/wp-json\/wp\/v2\/categories?post=23646"},{"taxonomy":"post_tag","embeddable":true,"href":"https:\/\/capivari.sp.gov.br\/portal\/wp-json\/wp\/v2\/tags?post=23646"}],"curies":[{"name":"wp","href":"https:\/\/api.w.org\/{rel}","templated":true}]}}