{"id":23652,"date":"2026-08-31T10:38:36","date_gmt":"2026-08-31T13:38:36","guid":{"rendered":"https:\/\/capivari.sp.gov.br\/portal\/?p=23652"},"modified":"2026-08-31T10:38:36","modified_gmt":"2026-08-31T13:38:36","slug":"romano-jr-e-deportivo-rafard-vencem-pela-1a-divisao-do-campeonato-amador-de-futebol","status":"publish","type":"post","link":"https:\/\/capivari.sp.gov.br\/portal\/romano-jr-e-deportivo-rafard-vencem-pela-1a-divisao-do-campeonato-amador-de-futebol\/","title":{"rendered":"Romano Jr. e Deportivo Rafard vencem pela 1\u00aa Divis\u00e3o do Campeonato Amador de Futebol"},"content":{"rendered":"<p><em>Quatro partidas disputadas no domingo (30) deram sequ\u00eancia \u00e0 quinta rodada da competi\u00e7\u00e3o<\/em><\/p>\n<p>Na manh\u00e3 do \u00faltimo domingo (30), quatro partidas deram sequ\u00eancia \u00e0 quinta rodada da 1\u00aa Divis\u00e3o do Campeonato Amador de Futebol 2026. Dois jogos foram disputados no Est\u00e1dio Fernando de Marco, no bairro Esta\u00e7\u00e3o, e outros dois no Est\u00e1dio Jair Forti, em Rafard.<\/p>\n<p>Romano Jr. e Deportivo Rafard venceram seus confrontos, enquanto as outras duas partidas do dia terminaram empatadas.<\/p>\n<p>Confira o resumo dos jogos:<\/p>\n<p><strong>Atl\u00e9tico Mombuca B 1 x 1 Atl\u00e9tico Guerreiros<\/strong><\/p>\n<p>No primeiro jogo do dia, \u00e0s 8h20, pelo Grupo A, Atl\u00e9tico Mombuca B e Atl\u00e9tico Guerreiros empataram por 1 a 1 no Est\u00e1dio Jair Forti, em Rafard. Prethe, contra a pr\u00f3pria meta, abriu o placar para a equipe mombucana no primeiro tempo, mas Tonianderson empatou nos minutos finais da segunda etapa.<\/p>\n<p>Com o resultado, o Atl\u00e9tico Guerreiros segue na lideran\u00e7a da chave, com 11 pontos. O Atl\u00e9tico Mombuca B chegou aos quatro pontos e continua em busca da primeira vit\u00f3ria na competi\u00e7\u00e3o.<\/p>\n<p><strong>Romano Jr. 3 x 1 Ajax<\/strong><\/p>\n<p>No mesmo hor\u00e1rio, no Est\u00e1dio Fernando de Marco, o Romano Jr. venceu o Ajax por 3 a 1 e alcan\u00e7ou o terceiro triunfo consecutivo.<\/p>\n<p>Jeo Bahiano abriu o placar para o Romano Jr. aos 10 minutos de jogo, mas Vin\u00edcius empatou para o Ajax aos 25. Dois minutos depois, Alan colocou novamente o Romano Jr. \u00e0 frente, e Adelson completou o placar no segundo tempo.<\/p>\n<p>Com o resultado, o Romano Jr. chegou aos nove pontos e assumiu a vice-lideran\u00e7a do grupo. O Ajax permanece na \u00faltima coloca\u00e7\u00e3o, com dois pontos.<\/p>\n<p><strong>Deportivo Rafard 2 x 0 Ativa<\/strong><\/p>\n<p>\u00c0s 10h, pelo Grupo B, o Deportivo Rafard conquistou a segunda vit\u00f3ria consecutiva ao vencer o Ativa por 2 a 0. Dod\u00f4 e Douglas marcaram ainda no primeiro tempo e garantiram o triunfo da equipe rafardense.<\/p>\n<p>Com o resultado, o Deportivo chegou aos seis pontos e entrou na disputa pelas primeiras coloca\u00e7\u00f5es da chave. O Ativa permanece com tr\u00eas pontos, na \u00faltima posi\u00e7\u00e3o do grupo.<\/p>\n<p><strong>Vera Cruz 0 x 0 Santa Rita<\/strong><\/p>\n<p>No mesmo hor\u00e1rio, no Est\u00e1dio Fernando de Marco, Vera Cruz e Santa Rita empataram sem gols em confronto v\u00e1lido pelo Grupo B.<\/p>\n<p>Com o resultado, as duas equipes permaneceram nas primeiras coloca\u00e7\u00f5es da chave. O Vera Cruz segue na lideran\u00e7a, com 11 pontos, enquanto o Santa Rita ocupa a segunda posi\u00e7\u00e3o, com sete.<\/p>\n<p><strong>Competi\u00e7\u00e3o<\/strong><\/p>\n<p>Ao todo, 12 equipes participam do campeonato, divididas em dois grupos com seis times cada. As equipes se enfrentam dentro de suas respectivas chaves, e as quatro melhores colocadas de cada grupo avan\u00e7am \u00e0s quartas de final.<\/p>\n<p>O torneio conta com a chancela da Secretaria de Esportes e \u00e9 organizado pela LIDIAFA, respons\u00e1vel pela homologa\u00e7\u00e3o das partidas, inscri\u00e7\u00e3o dos atletas, elabora\u00e7\u00e3o do regulamento e demais procedimentos relacionados \u00e0 competi\u00e7\u00e3o. Nesta edi\u00e7\u00e3o, n\u00e3o haver\u00e1 rebaixamento em raz\u00e3o da desist\u00eancia ou puni\u00e7\u00e3o de quatro clubes.<\/p>\n<p>As seis equipes com as melhores campanhas garantir\u00e3o vaga na Copa \u201cPedro Irineu\u201d de 2027, assim como os dois finalistas da 2\u00aa Divis\u00e3o deste ano. De acordo com a organiza\u00e7\u00e3o, a expectativa \u00e9 de que a elite do futebol amador volte a contar com 16 equipes na pr\u00f3xima temporada, com a entrada dos quatro clubes que conquistarem o acesso neste ano.<\/p>\n<p>Mais informa\u00e7\u00f5es podem ser obtidas pelo telefone <strong>(19) 2146-1525<\/strong> ou pelo WhatsApp <strong>(19) 3492-8881<\/strong>. O atendimento acontece de segunda a sexta-feira, das 8h30 \u00e0s 16h30, no Centro Esportivo e Cultural, localizado na Rua Bento Dias, 294, Centro.<\/p>\n","protected":false},"excerpt":{"rendered":"<p>Quatro partidas disputadas no domingo (30) deram sequ\u00eancia \u00e0 quinta rodada da competi\u00e7\u00e3o Na manh\u00e3 do \u00faltimo domingo (30), quatro partidas deram sequ\u00eancia \u00e0 quinta rodada da 1\u00aa Divis\u00e3o do Campeonato Amador de Futebol 2026. Dois jogos foram disputados no Est\u00e1dio Fernando de Marco, no bairro Esta\u00e7\u00e3o, e outros dois no Est\u00e1dio Jair Forti, em [&hellip;]<\/p>\n","protected":false},"author":2,"featured_media":23653,"comment_status":"closed","ping_status":"closed","sticky":false,"template":"","format":"standard","meta":{"ocean_front_end_style_editor":"no","ocean_post_layout":"","ocean_both_sidebars_style":"","ocean_both_sidebars_content_width":0,"ocean_both_sidebars_sidebars_width":0,"ocean_sidebar":"","ocean_second_sidebar":"","ocean_disable_margins":"enable","ocean_add_body_class":"","ocean_shortcode_before_top_bar":"","ocean_shortcode_after_top_bar":"","ocean_shortcode_before_header":"","ocean_shortcode_after_header":"","ocean_has_shortcode":"","ocean_shortcode_after_title":"","ocean_shortcode_before_footer_widgets":"","ocean_shortcode_after_footer_widgets":"","ocean_shortcode_before_footer_bottom":"","ocean_shortcode_after_footer_bottom":"","ocean_display_top_bar":"default","ocean_display_header":"default","ocean_header_style":"","ocean_center_header_left_menu":"","ocean_custom_header_template":"","ocean_custom_logo":0,"ocean_custom_retina_logo":0,"ocean_custom_logo_max_width":0,"ocean_custom_logo_tablet_max_width":0,"ocean_custom_logo_mobile_max_width":0,"ocean_custom_logo_max_height":0,"ocean_custom_logo_tablet_max_height":0,"ocean_custom_logo_mobile_max_height":0,"ocean_header_custom_menu":"","ocean_menu_typo_font_family":"","ocean_menu_typo_font_subset":"","ocean_menu_typo_font_size":0,"ocean_menu_typo_font_size_tablet":0,"ocean_menu_typo_font_size_mobile":0,"ocean_menu_typo_font_size_unit":"px","ocean_menu_typo_font_weight":"","ocean_menu_typo_font_weight_tablet":"","ocean_menu_typo_font_weight_mobile":"","ocean_menu_typo_transform":"","ocean_menu_typo_transform_tablet":"","ocean_menu_typo_transform_mobile":"","ocean_menu_typo_line_height":0,"ocean_menu_typo_line_height_tablet":0,"ocean_menu_typo_line_height_mobile":0,"ocean_menu_typo_line_height_unit":"","ocean_menu_typo_spacing":0,"ocean_menu_typo_spacing_tablet":0,"ocean_menu_typo_spacing_mobile":0,"ocean_menu_typo_spacing_unit":"","ocean_menu_link_color":"","ocean_menu_link_color_hover":"","ocean_menu_link_color_active":"","ocean_menu_link_background":"","ocean_menu_link_hover_background":"","ocean_menu_link_active_background":"","ocean_menu_social_links_bg":"","ocean_menu_social_hover_links_bg":"","ocean_menu_social_links_color":"","ocean_menu_social_hover_links_color":"","ocean_disable_title":"default","ocean_disable_heading":"default","ocean_post_title":"","ocean_post_subheading":"","ocean_post_title_style":"","ocean_post_title_background_color":"","ocean_post_title_background":0,"ocean_post_title_bg_image_position":"","ocean_post_title_bg_image_attachment":"","ocean_post_title_bg_image_repeat":"","ocean_post_title_bg_image_size":"","ocean_post_title_height":0,"ocean_post_title_bg_overlay":0.5,"ocean_post_title_bg_overlay_color":"","ocean_disable_breadcrumbs":"default","ocean_breadcrumbs_color":"","ocean_breadcrumbs_separator_color":"","ocean_breadcrumbs_links_color":"","ocean_breadcrumbs_links_hover_color":"","ocean_display_footer_widgets":"default","ocean_display_footer_bottom":"default","ocean_custom_footer_template":"","ocean_post_oembed":"","ocean_post_self_hosted_media":"","ocean_post_video_embed":"","ocean_link_format":"","ocean_link_format_target":"self","ocean_quote_format":"","ocean_quote_format_link":"post","ocean_gallery_link_images":"on","ocean_gallery_id":[],"footnotes":""},"categories":[4,25,5],"tags":[],"class_list":["post-23652","post","type-post","status-publish","format-standard","has-post-thumbnail","hentry","category-destaque","category-esporte","category-geral","entry","has-media"],"yoast_head":"<!-- This site is optimized with the Yoast SEO plugin v28.3 - https:\/\/yoast.com\/product\/yoast-seo-wordpress\/ -->\n<title>Romano Jr. e Deportivo Rafard vencem pela 1\u00aa Divis\u00e3o do Campeonato Amador de Futebol - Prefeitura de Capivari<\/title>\n<meta name=\"robots\" content=\"index, follow, max-snippet:-1, max-image-preview:large, max-video-preview:-1\" \/>\n<link rel=\"canonical\" href=\"https:\/\/capivari.sp.gov.br\/portal\/romano-jr-e-deportivo-rafard-vencem-pela-1a-divisao-do-campeonato-amador-de-futebol\/\" \/>\n<meta property=\"og:locale\" content=\"pt_BR\" \/>\n<meta property=\"og:type\" content=\"article\" \/>\n<meta property=\"og:title\" content=\"Romano Jr. e Deportivo Rafard vencem pela 1\u00aa Divis\u00e3o do Campeonato Amador de Futebol - Prefeitura de Capivari\" \/>\n<meta property=\"og:description\" content=\"Quatro partidas disputadas no domingo (30) deram sequ\u00eancia \u00e0 quinta rodada da competi\u00e7\u00e3o Na manh\u00e3 do \u00faltimo domingo (30), quatro partidas deram sequ\u00eancia \u00e0 quinta rodada da 1\u00aa Divis\u00e3o do Campeonato Amador de Futebol 2026. Dois jogos foram disputados no Est\u00e1dio Fernando de Marco, no bairro Esta\u00e7\u00e3o, e outros dois no Est\u00e1dio Jair Forti, em [&hellip;]\" \/>\n<meta property=\"og:url\" content=\"https:\/\/capivari.sp.gov.br\/portal\/romano-jr-e-deportivo-rafard-vencem-pela-1a-divisao-do-campeonato-amador-de-futebol\/\" \/>\n<meta property=\"og:site_name\" content=\"Prefeitura de Capivari\" \/>\n<meta property=\"article:publisher\" content=\"https:\/\/www.facebook.com\/PrefeituradeCapivari\/\" \/>\n<meta property=\"article:published_time\" content=\"2026-08-31T13:38:36+00:00\" \/>\n<meta property=\"og:image\" content=\"https:\/\/capivari.sp.gov.br\/portal\/wp-content\/uploads\/2026\/08\/IMG_0572-scaled.jpg\" \/>\n\t<meta property=\"og:image:width\" content=\"2560\" \/>\n\t<meta property=\"og:image:height\" content=\"1707\" \/>\n\t<meta property=\"og:image:type\" content=\"image\/jpeg\" \/>\n<meta name=\"author\" content=\"Thalles Cristiano\" \/>\n<meta name=\"twitter:card\" content=\"summary_large_image\" \/>\n<meta name=\"twitter:creator\" content=\"@PrefCapivari\" \/>\n<meta name=\"twitter:site\" content=\"@PrefCapivari\" \/>\n<meta name=\"twitter:label1\" content=\"Escrito por\" \/>\n\t<meta name=\"twitter:data1\" content=\"Thalles Cristiano\" \/>\n\t<meta name=\"twitter:label2\" content=\"Est. tempo de leitura\" \/>\n\t<meta name=\"twitter:data2\" content=\"4 minutos\" \/>\n<script type=\"application\/ld+json\" class=\"yoast-schema-graph\">{\"@context\":\"https:\\\/\\\/schema.org\",\"@graph\":[{\"@type\":\"Article\",\"@id\":\"https:\\\/\\\/capivari.sp.gov.br\\\/portal\\\/romano-jr-e-deportivo-rafard-vencem-pela-1a-divisao-do-campeonato-amador-de-futebol\\\/#article\",\"isPartOf\":{\"@id\":\"https:\\\/\\\/capivari.sp.gov.br\\\/portal\\\/romano-jr-e-deportivo-rafard-vencem-pela-1a-divisao-do-campeonato-amador-de-futebol\\\/\"},\"author\":{\"name\":\"Thalles Cristiano\",\"@id\":\"https:\\\/\\\/capivari.sp.gov.br\\\/portal\\\/#\\\/schema\\\/person\\\/98801614a91d449946b0687ae2db9f29\"},\"headline\":\"Romano Jr. e Deportivo Rafard vencem pela 1\u00aa Divis\u00e3o do Campeonato Amador de Futebol\",\"datePublished\":\"2026-08-31T13:38:36+00:00\",\"mainEntityOfPage\":{\"@id\":\"https:\\\/\\\/capivari.sp.gov.br\\\/portal\\\/romano-jr-e-deportivo-rafard-vencem-pela-1a-divisao-do-campeonato-amador-de-futebol\\\/\"},\"wordCount\":607,\"publisher\":{\"@id\":\"https:\\\/\\\/capivari.sp.gov.br\\\/portal\\\/#organization\"},\"image\":{\"@id\":\"https:\\\/\\\/capivari.sp.gov.br\\\/portal\\\/romano-jr-e-deportivo-rafard-vencem-pela-1a-divisao-do-campeonato-amador-de-futebol\\\/#primaryimage\"},\"thumbnailUrl\":\"https:\\\/\\\/capivari.sp.gov.br\\\/portal\\\/wp-content\\\/uploads\\\/2026\\\/08\\\/IMG_0572-scaled.jpg\",\"articleSection\":[\"Destaque\",\"Esporte\",\"Geral\"],\"inLanguage\":\"pt-BR\"},{\"@type\":\"WebPage\",\"@id\":\"https:\\\/\\\/capivari.sp.gov.br\\\/portal\\\/romano-jr-e-deportivo-rafard-vencem-pela-1a-divisao-do-campeonato-amador-de-futebol\\\/\",\"url\":\"https:\\\/\\\/capivari.sp.gov.br\\\/portal\\\/romano-jr-e-deportivo-rafard-vencem-pela-1a-divisao-do-campeonato-amador-de-futebol\\\/\",\"name\":\"Romano Jr. e Deportivo Rafard vencem pela 1\u00aa Divis\u00e3o do Campeonato Amador de Futebol - Prefeitura de Capivari\",\"isPartOf\":{\"@id\":\"https:\\\/\\\/capivari.sp.gov.br\\\/portal\\\/#website\"},\"primaryImageOfPage\":{\"@id\":\"https:\\\/\\\/capivari.sp.gov.br\\\/portal\\\/romano-jr-e-deportivo-rafard-vencem-pela-1a-divisao-do-campeonato-amador-de-futebol\\\/#primaryimage\"},\"image\":{\"@id\":\"https:\\\/\\\/capivari.sp.gov.br\\\/portal\\\/romano-jr-e-deportivo-rafard-vencem-pela-1a-divisao-do-campeonato-amador-de-futebol\\\/#primaryimage\"},\"thumbnailUrl\":\"https:\\\/\\\/capivari.sp.gov.br\\\/portal\\\/wp-content\\\/uploads\\\/2026\\\/08\\\/IMG_0572-scaled.jpg\",\"datePublished\":\"2026-08-31T13:38:36+00:00\",\"breadcrumb\":{\"@id\":\"https:\\\/\\\/capivari.sp.gov.br\\\/portal\\\/romano-jr-e-deportivo-rafard-vencem-pela-1a-divisao-do-campeonato-amador-de-futebol\\\/#breadcrumb\"},\"inLanguage\":\"pt-BR\",\"potentialAction\":[{\"@type\":\"ReadAction\",\"target\":[\"https:\\\/\\\/capivari.sp.gov.br\\\/portal\\\/romano-jr-e-deportivo-rafard-vencem-pela-1a-divisao-do-campeonato-amador-de-futebol\\\/\"]}]},{\"@type\":\"ImageObject\",\"inLanguage\":\"pt-BR\",\"@id\":\"https:\\\/\\\/capivari.sp.gov.br\\\/portal\\\/romano-jr-e-deportivo-rafard-vencem-pela-1a-divisao-do-campeonato-amador-de-futebol\\\/#primaryimage\",\"url\":\"https:\\\/\\\/capivari.sp.gov.br\\\/portal\\\/wp-content\\\/uploads\\\/2026\\\/08\\\/IMG_0572-scaled.jpg\",\"contentUrl\":\"https:\\\/\\\/capivari.sp.gov.br\\\/portal\\\/wp-content\\\/uploads\\\/2026\\\/08\\\/IMG_0572-scaled.jpg\",\"width\":2560,\"height\":1707},{\"@type\":\"BreadcrumbList\",\"@id\":\"https:\\\/\\\/capivari.sp.gov.br\\\/portal\\\/romano-jr-e-deportivo-rafard-vencem-pela-1a-divisao-do-campeonato-amador-de-futebol\\\/#breadcrumb\",\"itemListElement\":[{\"@type\":\"ListItem\",\"position\":1,\"name\":\"In\u00edcio\",\"item\":\"https:\\\/\\\/capivari.sp.gov.br\\\/portal\\\/\"},{\"@type\":\"ListItem\",\"position\":2,\"name\":\"Romano Jr. e Deportivo Rafard vencem pela 1\u00aa Divis\u00e3o do Campeonato Amador de Futebol\"}]},{\"@type\":\"WebSite\",\"@id\":\"https:\\\/\\\/capivari.sp.gov.br\\\/portal\\\/#website\",\"url\":\"https:\\\/\\\/capivari.sp.gov.br\\\/portal\\\/\",\"name\":\"Prefeitura de Capivari\",\"description\":\"Prefeitura de Capivari\",\"publisher\":{\"@id\":\"https:\\\/\\\/capivari.sp.gov.br\\\/portal\\\/#organization\"},\"potentialAction\":[{\"@type\":\"SearchAction\",\"target\":{\"@type\":\"EntryPoint\",\"urlTemplate\":\"https:\\\/\\\/capivari.sp.gov.br\\\/portal\\\/?s={search_term_string}\"},\"query-input\":{\"@type\":\"PropertyValueSpecification\",\"valueRequired\":true,\"valueName\":\"search_term_string\"}}],\"inLanguage\":\"pt-BR\"},{\"@type\":\"Organization\",\"@id\":\"https:\\\/\\\/capivari.sp.gov.br\\\/portal\\\/#organization\",\"name\":\"Prefeitura de Capivari\",\"url\":\"https:\\\/\\\/capivari.sp.gov.br\\\/portal\\\/\",\"logo\":{\"@type\":\"ImageObject\",\"inLanguage\":\"pt-BR\",\"@id\":\"https:\\\/\\\/capivari.sp.gov.br\\\/portal\\\/#\\\/schema\\\/logo\\\/image\\\/\",\"url\":\"https:\\\/\\\/capivari.sp.gov.br\\\/portal\\\/wp-content\\\/uploads\\\/2021\\\/09\\\/logo-prefeitura-de-capivari.png\",\"contentUrl\":\"https:\\\/\\\/capivari.sp.gov.br\\\/portal\\\/wp-content\\\/uploads\\\/2021\\\/09\\\/logo-prefeitura-de-capivari.png\",\"width\":200,\"height\":147,\"caption\":\"Prefeitura de Capivari\"},\"image\":{\"@id\":\"https:\\\/\\\/capivari.sp.gov.br\\\/portal\\\/#\\\/schema\\\/logo\\\/image\\\/\"},\"sameAs\":[\"https:\\\/\\\/www.facebook.com\\\/PrefeituradeCapivari\\\/\",\"https:\\\/\\\/x.com\\\/PrefCapivari\",\"https:\\\/\\\/www.instagram.com\\\/prefeituracapivari\\\/\"]},{\"@type\":\"Person\",\"@id\":\"https:\\\/\\\/capivari.sp.gov.br\\\/portal\\\/#\\\/schema\\\/person\\\/98801614a91d449946b0687ae2db9f29\",\"name\":\"Thalles Cristiano\",\"image\":{\"@type\":\"ImageObject\",\"inLanguage\":\"pt-BR\",\"@id\":\"https:\\\/\\\/secure.gravatar.com\\\/avatar\\\/0d1b9a4bdcde99ab11a8cd27abdcd088993749b82c4355c0301135023dc52b3d?s=96&d=mm&r=g\",\"url\":\"https:\\\/\\\/secure.gravatar.com\\\/avatar\\\/0d1b9a4bdcde99ab11a8cd27abdcd088993749b82c4355c0301135023dc52b3d?s=96&d=mm&r=g\",\"contentUrl\":\"https:\\\/\\\/secure.gravatar.com\\\/avatar\\\/0d1b9a4bdcde99ab11a8cd27abdcd088993749b82c4355c0301135023dc52b3d?s=96&d=mm&r=g\",\"caption\":\"Thalles Cristiano\"},\"url\":\"https:\\\/\\\/capivari.sp.gov.br\\\/portal\\\/author\\\/thalles-cristiano\\\/\"}]}<\/script>\n<!-- \/ Yoast SEO plugin. -->","yoast_head_json":{"title":"Romano Jr. e Deportivo Rafard vencem pela 1\u00aa Divis\u00e3o do Campeonato Amador de Futebol - Prefeitura de Capivari","robots":{"index":"index","follow":"follow","max-snippet":"max-snippet:-1","max-image-preview":"max-image-preview:large","max-video-preview":"max-video-preview:-1"},"canonical":"https:\/\/capivari.sp.gov.br\/portal\/romano-jr-e-deportivo-rafard-vencem-pela-1a-divisao-do-campeonato-amador-de-futebol\/","og_locale":"pt_BR","og_type":"article","og_title":"Romano Jr. e Deportivo Rafard vencem pela 1\u00aa Divis\u00e3o do Campeonato Amador de Futebol - Prefeitura de Capivari","og_description":"Quatro partidas disputadas no domingo (30) deram sequ\u00eancia \u00e0 quinta rodada da competi\u00e7\u00e3o Na manh\u00e3 do \u00faltimo domingo (30), quatro partidas deram sequ\u00eancia \u00e0 quinta rodada da 1\u00aa Divis\u00e3o do Campeonato Amador de Futebol 2026. Dois jogos foram disputados no Est\u00e1dio Fernando de Marco, no bairro Esta\u00e7\u00e3o, e outros dois no Est\u00e1dio Jair Forti, em [&hellip;]","og_url":"https:\/\/capivari.sp.gov.br\/portal\/romano-jr-e-deportivo-rafard-vencem-pela-1a-divisao-do-campeonato-amador-de-futebol\/","og_site_name":"Prefeitura de Capivari","article_publisher":"https:\/\/www.facebook.com\/PrefeituradeCapivari\/","article_published_time":"2026-08-31T13:38:36+00:00","og_image":[{"width":2560,"height":1707,"url":"https:\/\/capivari.sp.gov.br\/portal\/wp-content\/uploads\/2026\/08\/IMG_0572-scaled.jpg","type":"image\/jpeg"}],"author":"Thalles Cristiano","twitter_card":"summary_large_image","twitter_creator":"@PrefCapivari","twitter_site":"@PrefCapivari","twitter_misc":{"Escrito por":"Thalles Cristiano","Est. tempo de leitura":"4 minutos"},"schema":{"@context":"https:\/\/schema.org","@graph":[{"@type":"Article","@id":"https:\/\/capivari.sp.gov.br\/portal\/romano-jr-e-deportivo-rafard-vencem-pela-1a-divisao-do-campeonato-amador-de-futebol\/#article","isPartOf":{"@id":"https:\/\/capivari.sp.gov.br\/portal\/romano-jr-e-deportivo-rafard-vencem-pela-1a-divisao-do-campeonato-amador-de-futebol\/"},"author":{"name":"Thalles Cristiano","@id":"https:\/\/capivari.sp.gov.br\/portal\/#\/schema\/person\/98801614a91d449946b0687ae2db9f29"},"headline":"Romano Jr. e Deportivo Rafard vencem pela 1\u00aa Divis\u00e3o do Campeonato Amador de Futebol","datePublished":"2026-08-31T13:38:36+00:00","mainEntityOfPage":{"@id":"https:\/\/capivari.sp.gov.br\/portal\/romano-jr-e-deportivo-rafard-vencem-pela-1a-divisao-do-campeonato-amador-de-futebol\/"},"wordCount":607,"publisher":{"@id":"https:\/\/capivari.sp.gov.br\/portal\/#organization"},"image":{"@id":"https:\/\/capivari.sp.gov.br\/portal\/romano-jr-e-deportivo-rafard-vencem-pela-1a-divisao-do-campeonato-amador-de-futebol\/#primaryimage"},"thumbnailUrl":"https:\/\/capivari.sp.gov.br\/portal\/wp-content\/uploads\/2026\/08\/IMG_0572-scaled.jpg","articleSection":["Destaque","Esporte","Geral"],"inLanguage":"pt-BR"},{"@type":"WebPage","@id":"https:\/\/capivari.sp.gov.br\/portal\/romano-jr-e-deportivo-rafard-vencem-pela-1a-divisao-do-campeonato-amador-de-futebol\/","url":"https:\/\/capivari.sp.gov.br\/portal\/romano-jr-e-deportivo-rafard-vencem-pela-1a-divisao-do-campeonato-amador-de-futebol\/","name":"Romano Jr. e Deportivo Rafard vencem pela 1\u00aa Divis\u00e3o do Campeonato Amador de Futebol - Prefeitura de Capivari","isPartOf":{"@id":"https:\/\/capivari.sp.gov.br\/portal\/#website"},"primaryImageOfPage":{"@id":"https:\/\/capivari.sp.gov.br\/portal\/romano-jr-e-deportivo-rafard-vencem-pela-1a-divisao-do-campeonato-amador-de-futebol\/#primaryimage"},"image":{"@id":"https:\/\/capivari.sp.gov.br\/portal\/romano-jr-e-deportivo-rafard-vencem-pela-1a-divisao-do-campeonato-amador-de-futebol\/#primaryimage"},"thumbnailUrl":"https:\/\/capivari.sp.gov.br\/portal\/wp-content\/uploads\/2026\/08\/IMG_0572-scaled.jpg","datePublished":"2026-08-31T13:38:36+00:00","breadcrumb":{"@id":"https:\/\/capivari.sp.gov.br\/portal\/romano-jr-e-deportivo-rafard-vencem-pela-1a-divisao-do-campeonato-amador-de-futebol\/#breadcrumb"},"inLanguage":"pt-BR","potentialAction":[{"@type":"ReadAction","target":["https:\/\/capivari.sp.gov.br\/portal\/romano-jr-e-deportivo-rafard-vencem-pela-1a-divisao-do-campeonato-amador-de-futebol\/"]}]},{"@type":"ImageObject","inLanguage":"pt-BR","@id":"https:\/\/capivari.sp.gov.br\/portal\/romano-jr-e-deportivo-rafard-vencem-pela-1a-divisao-do-campeonato-amador-de-futebol\/#primaryimage","url":"https:\/\/capivari.sp.gov.br\/portal\/wp-content\/uploads\/2026\/08\/IMG_0572-scaled.jpg","contentUrl":"https:\/\/capivari.sp.gov.br\/portal\/wp-content\/uploads\/2026\/08\/IMG_0572-scaled.jpg","width":2560,"height":1707},{"@type":"BreadcrumbList","@id":"https:\/\/capivari.sp.gov.br\/portal\/romano-jr-e-deportivo-rafard-vencem-pela-1a-divisao-do-campeonato-amador-de-futebol\/#breadcrumb","itemListElement":[{"@type":"ListItem","position":1,"name":"In\u00edcio","item":"https:\/\/capivari.sp.gov.br\/portal\/"},{"@type":"ListItem","position":2,"name":"Romano Jr. e Deportivo Rafard vencem pela 1\u00aa Divis\u00e3o do Campeonato Amador de Futebol"}]},{"@type":"WebSite","@id":"https:\/\/capivari.sp.gov.br\/portal\/#website","url":"https:\/\/capivari.sp.gov.br\/portal\/","name":"Prefeitura de Capivari","description":"Prefeitura de Capivari","publisher":{"@id":"https:\/\/capivari.sp.gov.br\/portal\/#organization"},"potentialAction":[{"@type":"SearchAction","target":{"@type":"EntryPoint","urlTemplate":"https:\/\/capivari.sp.gov.br\/portal\/?s={search_term_string}"},"query-input":{"@type":"PropertyValueSpecification","valueRequired":true,"valueName":"search_term_string"}}],"inLanguage":"pt-BR"},{"@type":"Organization","@id":"https:\/\/capivari.sp.gov.br\/portal\/#organization","name":"Prefeitura de Capivari","url":"https:\/\/capivari.sp.gov.br\/portal\/","logo":{"@type":"ImageObject","inLanguage":"pt-BR","@id":"https:\/\/capivari.sp.gov.br\/portal\/#\/schema\/logo\/image\/","url":"https:\/\/capivari.sp.gov.br\/portal\/wp-content\/uploads\/2021\/09\/logo-prefeitura-de-capivari.png","contentUrl":"https:\/\/capivari.sp.gov.br\/portal\/wp-content\/uploads\/2021\/09\/logo-prefeitura-de-capivari.png","width":200,"height":147,"caption":"Prefeitura de Capivari"},"image":{"@id":"https:\/\/capivari.sp.gov.br\/portal\/#\/schema\/logo\/image\/"},"sameAs":["https:\/\/www.facebook.com\/PrefeituradeCapivari\/","https:\/\/x.com\/PrefCapivari","https:\/\/www.instagram.com\/prefeituracapivari\/"]},{"@type":"Person","@id":"https:\/\/capivari.sp.gov.br\/portal\/#\/schema\/person\/98801614a91d449946b0687ae2db9f29","name":"Thalles Cristiano","image":{"@type":"ImageObject","inLanguage":"pt-BR","@id":"https:\/\/secure.gravatar.com\/avatar\/0d1b9a4bdcde99ab11a8cd27abdcd088993749b82c4355c0301135023dc52b3d?s=96&d=mm&r=g","url":"https:\/\/secure.gravatar.com\/avatar\/0d1b9a4bdcde99ab11a8cd27abdcd088993749b82c4355c0301135023dc52b3d?s=96&d=mm&r=g","contentUrl":"https:\/\/secure.gravatar.com\/avatar\/0d1b9a4bdcde99ab11a8cd27abdcd088993749b82c4355c0301135023dc52b3d?s=96&d=mm&r=g","caption":"Thalles Cristiano"},"url":"https:\/\/capivari.sp.gov.br\/portal\/author\/thalles-cristiano\/"}]}},"_links":{"self":[{"href":"https:\/\/capivari.sp.gov.br\/portal\/wp-json\/wp\/v2\/posts\/23652","targetHints":{"allow":["GET"]}}],"collection":[{"href":"https:\/\/capivari.sp.gov.br\/portal\/wp-json\/wp\/v2\/posts"}],"about":[{"href":"https:\/\/capivari.sp.gov.br\/portal\/wp-json\/wp\/v2\/types\/post"}],"author":[{"embeddable":true,"href":"https:\/\/capivari.sp.gov.br\/portal\/wp-json\/wp\/v2\/users\/2"}],"replies":[{"embeddable":true,"href":"https:\/\/capivari.sp.gov.br\/portal\/wp-json\/wp\/v2\/comments?post=23652"}],"version-history":[{"count":1,"href":"https:\/\/capivari.sp.gov.br\/portal\/wp-json\/wp\/v2\/posts\/23652\/revisions"}],"predecessor-version":[{"id":23654,"href":"https:\/\/capivari.sp.gov.br\/portal\/wp-json\/wp\/v2\/posts\/23652\/revisions\/23654"}],"wp:featuredmedia":[{"embeddable":true,"href":"https:\/\/capivari.sp.gov.br\/portal\/wp-json\/wp\/v2\/media\/23653"}],"wp:attachment":[{"href":"https:\/\/capivari.sp.gov.br\/portal\/wp-json\/wp\/v2\/media?parent=23652"}],"wp:term":[{"taxonomy":"category","embeddable":true,"href":"https:\/\/capivari.sp.gov.br\/portal\/wp-json\/wp\/v2\/categories?post=23652"},{"taxonomy":"post_tag","embeddable":true,"href":"https:\/\/capivari.sp.gov.br\/portal\/wp-json\/wp\/v2\/tags?post=23652"}],"curies":[{"name":"wp","href":"https:\/\/api.w.org\/{rel}","templated":true}]}}