{"id":23736,"date":"2026-09-01T11:20:50","date_gmt":"2026-09-01T14:20:50","guid":{"rendered":"https:\/\/capivari.sp.gov.br\/portal\/?p=23736"},"modified":"2026-09-01T11:20:50","modified_gmt":"2026-09-01T14:20:50","slug":"capivari-promove-encontro-de-orientacao-para-formacao-do-futuro-conselho-municipal-de-promocao-da-igualdade-racial","status":"publish","type":"post","link":"https:\/\/capivari.sp.gov.br\/portal\/capivari-promove-encontro-de-orientacao-para-formacao-do-futuro-conselho-municipal-de-promocao-da-igualdade-racial\/","title":{"rendered":"Capivari promove encontro de orienta\u00e7\u00e3o para forma\u00e7\u00e3o do futuro Conselho Municipal de Promo\u00e7\u00e3o da Igualdade Racial"},"content":{"rendered":"<p><span style=\"color: #292a2e;\"><span style=\"font-family: Arial, sans-serif;\"><span style=\"font-size: large;\">A Prefeitura de Capivari, por meio da Coordenadoria de Promo\u00e7\u00e3o da Igualdade Racial, realiza na pr\u00f3xima sexta-feira (4), \u00e0s 19h, no audit\u00f3rio da Secretaria da Educa\u00e7\u00e3o, um encontro de orienta\u00e7\u00e3o, di\u00e1logo e mobiliza\u00e7\u00e3o para a forma\u00e7\u00e3o do Conselho Municipal de Promo\u00e7\u00e3o da Igualdade Racial.<\/span><\/span><\/span><\/p>\n<p><span style=\"color: #292a2e;\"><span style=\"font-family: Arial, sans-serif;\"><span style=\"font-size: large;\">O encontro tem como objetivo reunir representantes da comunidade e demais interessados para discutir a cria\u00e7\u00e3o do Conselho, apresentar orienta\u00e7\u00f5es sobre sua forma\u00e7\u00e3o e construir propostas voltadas \u00e0 promo\u00e7\u00e3o da igualdade racial no munic\u00edpio.<\/span><\/span><\/span><\/p>\n<p><span style=\"color: #292a2e;\"><span style=\"font-family: Arial, sans-serif;\"><span style=\"font-size: large;\">Segundo Pasqualina Pacheco Boaventura de Almeida, coordenadora de Promo\u00e7\u00e3o da Igualdade Racial de Capivari, a iniciativa tamb\u00e9m ser\u00e1 uma oportunidade para fortalecer a participa\u00e7\u00e3o social, ampliar a representatividade e contribuir para a constru\u00e7\u00e3o de pol\u00edticas p\u00fablicas que valorizem e reconhe\u00e7am a comunidade negra do munic\u00edpio. \u201cEstamos dando um passo concreto para fortalecer as pol\u00edticas p\u00fablicas de promo\u00e7\u00e3o da igualdade racial em nosso munic\u00edpio, e a forma\u00e7\u00e3o do futuro Conselho ser\u00e1 fundamental para ampliar a participa\u00e7\u00e3o da sociedade e ouvir as demandas da comunidade\u201d, destacou a coordenadora.<\/span><\/span><\/span><\/p>\n<p><span style=\"color: #292a2e;\"><span style=\"font-family: Arial, sans-serif;\"><span style=\"font-size: large;\">O encontro contar\u00e1 com a participa\u00e7\u00e3o do advogado Tagino Alves dos Santos, que conduzir\u00e1 as orienta\u00e7\u00f5es e contribuir\u00e1 com sua experi\u00eancia na \u00e1rea de promo\u00e7\u00e3o da igualdade racial. Bacharel em Direito pela Universidade S\u00e3o Francisco, com especializa\u00e7\u00e3o em Rela\u00e7\u00e3o de Consumo pela Pontif\u00edcia Universidade Cat\u00f3lica de S\u00e3o Paulo (PUC-SP), Tagino \u00e9 vice-presidente da Comiss\u00e3o da Verdade sobre a Escravid\u00e3o Negra no Brasil da OAB Campinas e integrante da Comiss\u00e3o de Heteroidentifica\u00e7\u00e3o do Centro de Estudos Africanos e Afro-Brasileiros da PUC-Campinas. Com ampla atua\u00e7\u00e3o na \u00e1rea, Tagino tamb\u00e9m foi presidente do Conselho de Desenvolvimento e Participa\u00e7\u00e3o da Comunidade Negra de Campinas por dois mandatos e presidiu a UNEGRO Campinas por dois per\u00edodos.<\/span><\/span><\/span><\/p>\n<p><span style=\"color: #292a2e;\"><span style=\"font-family: Arial, sans-serif;\"><span style=\"font-size: large;\">O audit\u00f3rio da Secretaria da Educa\u00e7\u00e3o est\u00e1 localizado na Rua Pedro Stucchi, 381, bairro P\u00e3o de A\u00e7\u00facar.<\/span><\/span><\/span><\/p>\n<p><span style=\"color: #292a2e;\"><span style=\"font-family: Arial, sans-serif;\"><span style=\"font-size: large;\">Para mais informa\u00e7\u00f5es, a Coordenadoria de Promo\u00e7\u00e3o da Igualdade Racial atende pelo telefone (19) 3492-9247, ramal 4210. Den\u00fancias de atos de racismo podem ser feitas pelo telefone (19) 3491-1311. A Coordenadoria funciona nas depend\u00eancias do Pa\u00e7o Municipal, localizado na Rua XV de Novembro, 639, Centro.<\/span><\/span><\/span><\/p>\n","protected":false},"excerpt":{"rendered":"<p>A Prefeitura de Capivari, por meio da Coordenadoria de Promo\u00e7\u00e3o da Igualdade Racial, realiza na pr\u00f3xima sexta-feira (4), \u00e0s 19h, no audit\u00f3rio da Secretaria da Educa\u00e7\u00e3o, um encontro de orienta\u00e7\u00e3o, di\u00e1logo e mobiliza\u00e7\u00e3o para a forma\u00e7\u00e3o do Conselho Municipal de Promo\u00e7\u00e3o da Igualdade Racial. O encontro tem como objetivo reunir representantes da comunidade e demais [&hellip;]<\/p>\n","protected":false},"author":15,"featured_media":23737,"comment_status":"closed","ping_status":"closed","sticky":false,"template":"","format":"standard","meta":{"ocean_front_end_style_editor":"no","ocean_post_layout":"","ocean_both_sidebars_style":"","ocean_both_sidebars_content_width":0,"ocean_both_sidebars_sidebars_width":0,"ocean_sidebar":"","ocean_second_sidebar":"","ocean_disable_margins":"enable","ocean_add_body_class":"","ocean_shortcode_before_top_bar":"","ocean_shortcode_after_top_bar":"","ocean_shortcode_before_header":"","ocean_shortcode_after_header":"","ocean_has_shortcode":"","ocean_shortcode_after_title":"","ocean_shortcode_before_footer_widgets":"","ocean_shortcode_after_footer_widgets":"","ocean_shortcode_before_footer_bottom":"","ocean_shortcode_after_footer_bottom":"","ocean_display_top_bar":"default","ocean_display_header":"default","ocean_header_style":"","ocean_center_header_left_menu":"","ocean_custom_header_template":"","ocean_custom_logo":0,"ocean_custom_retina_logo":0,"ocean_custom_logo_max_width":0,"ocean_custom_logo_tablet_max_width":0,"ocean_custom_logo_mobile_max_width":0,"ocean_custom_logo_max_height":0,"ocean_custom_logo_tablet_max_height":0,"ocean_custom_logo_mobile_max_height":0,"ocean_header_custom_menu":"","ocean_menu_typo_font_family":"","ocean_menu_typo_font_subset":"","ocean_menu_typo_font_size":0,"ocean_menu_typo_font_size_tablet":0,"ocean_menu_typo_font_size_mobile":0,"ocean_menu_typo_font_size_unit":"px","ocean_menu_typo_font_weight":"","ocean_menu_typo_font_weight_tablet":"","ocean_menu_typo_font_weight_mobile":"","ocean_menu_typo_transform":"","ocean_menu_typo_transform_tablet":"","ocean_menu_typo_transform_mobile":"","ocean_menu_typo_line_height":0,"ocean_menu_typo_line_height_tablet":0,"ocean_menu_typo_line_height_mobile":0,"ocean_menu_typo_line_height_unit":"","ocean_menu_typo_spacing":0,"ocean_menu_typo_spacing_tablet":0,"ocean_menu_typo_spacing_mobile":0,"ocean_menu_typo_spacing_unit":"","ocean_menu_link_color":"","ocean_menu_link_color_hover":"","ocean_menu_link_color_active":"","ocean_menu_link_background":"","ocean_menu_link_hover_background":"","ocean_menu_link_active_background":"","ocean_menu_social_links_bg":"","ocean_menu_social_hover_links_bg":"","ocean_menu_social_links_color":"","ocean_menu_social_hover_links_color":"","ocean_disable_title":"default","ocean_disable_heading":"default","ocean_post_title":"","ocean_post_subheading":"","ocean_post_title_style":"","ocean_post_title_background_color":"","ocean_post_title_background":0,"ocean_post_title_bg_image_position":"","ocean_post_title_bg_image_attachment":"","ocean_post_title_bg_image_repeat":"","ocean_post_title_bg_image_size":"","ocean_post_title_height":0,"ocean_post_title_bg_overlay":0.5,"ocean_post_title_bg_overlay_color":"","ocean_disable_breadcrumbs":"default","ocean_breadcrumbs_color":"","ocean_breadcrumbs_separator_color":"","ocean_breadcrumbs_links_color":"","ocean_breadcrumbs_links_hover_color":"","ocean_display_footer_widgets":"default","ocean_display_footer_bottom":"default","ocean_custom_footer_template":"","ocean_post_oembed":"","ocean_post_self_hosted_media":"","ocean_post_video_embed":"","ocean_link_format":"","ocean_link_format_target":"self","ocean_quote_format":"","ocean_quote_format_link":"post","ocean_gallery_link_images":"on","ocean_gallery_id":[],"footnotes":""},"categories":[4,5,24],"tags":[],"class_list":["post-23736","post","type-post","status-publish","format-standard","has-post-thumbnail","hentry","category-destaque","category-geral","category-governo","entry","has-media"],"yoast_head":"<!-- This site is optimized with the Yoast SEO plugin v28.3 - https:\/\/yoast.com\/product\/yoast-seo-wordpress\/ -->\n<title>Capivari promove encontro de orienta\u00e7\u00e3o para forma\u00e7\u00e3o do futuro Conselho Municipal de Promo\u00e7\u00e3o da Igualdade Racial - Prefeitura de Capivari<\/title>\n<meta name=\"robots\" content=\"index, follow, max-snippet:-1, max-image-preview:large, max-video-preview:-1\" \/>\n<link rel=\"canonical\" href=\"https:\/\/capivari.sp.gov.br\/portal\/capivari-promove-encontro-de-orientacao-para-formacao-do-futuro-conselho-municipal-de-promocao-da-igualdade-racial\/\" \/>\n<meta property=\"og:locale\" content=\"pt_BR\" \/>\n<meta property=\"og:type\" content=\"article\" \/>\n<meta property=\"og:title\" content=\"Capivari promove encontro de orienta\u00e7\u00e3o para forma\u00e7\u00e3o do futuro Conselho Municipal de Promo\u00e7\u00e3o da Igualdade Racial - Prefeitura de Capivari\" \/>\n<meta property=\"og:description\" content=\"A Prefeitura de Capivari, por meio da Coordenadoria de Promo\u00e7\u00e3o da Igualdade Racial, realiza na pr\u00f3xima sexta-feira (4), \u00e0s 19h, no audit\u00f3rio da Secretaria da Educa\u00e7\u00e3o, um encontro de orienta\u00e7\u00e3o, di\u00e1logo e mobiliza\u00e7\u00e3o para a forma\u00e7\u00e3o do Conselho Municipal de Promo\u00e7\u00e3o da Igualdade Racial. O encontro tem como objetivo reunir representantes da comunidade e demais [&hellip;]\" \/>\n<meta property=\"og:url\" content=\"https:\/\/capivari.sp.gov.br\/portal\/capivari-promove-encontro-de-orientacao-para-formacao-do-futuro-conselho-municipal-de-promocao-da-igualdade-racial\/\" \/>\n<meta property=\"og:site_name\" content=\"Prefeitura de Capivari\" \/>\n<meta property=\"article:publisher\" content=\"https:\/\/www.facebook.com\/PrefeituradeCapivari\/\" \/>\n<meta property=\"article:published_time\" content=\"2026-09-01T14:20:50+00:00\" \/>\n<meta property=\"og:image\" content=\"https:\/\/capivari.sp.gov.br\/portal\/wp-content\/uploads\/2026\/09\/Sede-da-Secretaria-de-Educacao.jpg\" \/>\n\t<meta property=\"og:image:width\" content=\"972\" \/>\n\t<meta property=\"og:image:height\" content=\"911\" \/>\n\t<meta property=\"og:image:type\" content=\"image\/jpeg\" \/>\n<meta name=\"author\" content=\"Luciano Assis\" \/>\n<meta name=\"twitter:card\" content=\"summary_large_image\" \/>\n<meta name=\"twitter:creator\" content=\"@PrefCapivari\" \/>\n<meta name=\"twitter:site\" content=\"@PrefCapivari\" \/>\n<meta name=\"twitter:label1\" content=\"Escrito por\" \/>\n\t<meta name=\"twitter:data1\" content=\"Luciano Assis\" \/>\n\t<meta name=\"twitter:label2\" content=\"Est. tempo de leitura\" \/>\n\t<meta name=\"twitter:data2\" content=\"3 minutos\" \/>\n<script type=\"application\/ld+json\" class=\"yoast-schema-graph\">{\"@context\":\"https:\\\/\\\/schema.org\",\"@graph\":[{\"@type\":\"Article\",\"@id\":\"https:\\\/\\\/capivari.sp.gov.br\\\/portal\\\/capivari-promove-encontro-de-orientacao-para-formacao-do-futuro-conselho-municipal-de-promocao-da-igualdade-racial\\\/#article\",\"isPartOf\":{\"@id\":\"https:\\\/\\\/capivari.sp.gov.br\\\/portal\\\/capivari-promove-encontro-de-orientacao-para-formacao-do-futuro-conselho-municipal-de-promocao-da-igualdade-racial\\\/\"},\"author\":{\"name\":\"Luciano Assis\",\"@id\":\"https:\\\/\\\/capivari.sp.gov.br\\\/portal\\\/#\\\/schema\\\/person\\\/ac37113577adfc1517e0cfa854b830b4\"},\"headline\":\"Capivari promove encontro de orienta\u00e7\u00e3o para forma\u00e7\u00e3o do futuro Conselho Municipal de Promo\u00e7\u00e3o da Igualdade Racial\",\"datePublished\":\"2026-09-01T14:20:50+00:00\",\"mainEntityOfPage\":{\"@id\":\"https:\\\/\\\/capivari.sp.gov.br\\\/portal\\\/capivari-promove-encontro-de-orientacao-para-formacao-do-futuro-conselho-municipal-de-promocao-da-igualdade-racial\\\/\"},\"wordCount\":403,\"publisher\":{\"@id\":\"https:\\\/\\\/capivari.sp.gov.br\\\/portal\\\/#organization\"},\"image\":{\"@id\":\"https:\\\/\\\/capivari.sp.gov.br\\\/portal\\\/capivari-promove-encontro-de-orientacao-para-formacao-do-futuro-conselho-municipal-de-promocao-da-igualdade-racial\\\/#primaryimage\"},\"thumbnailUrl\":\"https:\\\/\\\/capivari.sp.gov.br\\\/portal\\\/wp-content\\\/uploads\\\/2026\\\/09\\\/Sede-da-Secretaria-de-Educacao.jpg\",\"articleSection\":[\"Destaque\",\"Geral\",\"Governo\"],\"inLanguage\":\"pt-BR\"},{\"@type\":\"WebPage\",\"@id\":\"https:\\\/\\\/capivari.sp.gov.br\\\/portal\\\/capivari-promove-encontro-de-orientacao-para-formacao-do-futuro-conselho-municipal-de-promocao-da-igualdade-racial\\\/\",\"url\":\"https:\\\/\\\/capivari.sp.gov.br\\\/portal\\\/capivari-promove-encontro-de-orientacao-para-formacao-do-futuro-conselho-municipal-de-promocao-da-igualdade-racial\\\/\",\"name\":\"Capivari promove encontro de orienta\u00e7\u00e3o para forma\u00e7\u00e3o do futuro Conselho Municipal de Promo\u00e7\u00e3o da Igualdade Racial - Prefeitura de Capivari\",\"isPartOf\":{\"@id\":\"https:\\\/\\\/capivari.sp.gov.br\\\/portal\\\/#website\"},\"primaryImageOfPage\":{\"@id\":\"https:\\\/\\\/capivari.sp.gov.br\\\/portal\\\/capivari-promove-encontro-de-orientacao-para-formacao-do-futuro-conselho-municipal-de-promocao-da-igualdade-racial\\\/#primaryimage\"},\"image\":{\"@id\":\"https:\\\/\\\/capivari.sp.gov.br\\\/portal\\\/capivari-promove-encontro-de-orientacao-para-formacao-do-futuro-conselho-municipal-de-promocao-da-igualdade-racial\\\/#primaryimage\"},\"thumbnailUrl\":\"https:\\\/\\\/capivari.sp.gov.br\\\/portal\\\/wp-content\\\/uploads\\\/2026\\\/09\\\/Sede-da-Secretaria-de-Educacao.jpg\",\"datePublished\":\"2026-09-01T14:20:50+00:00\",\"breadcrumb\":{\"@id\":\"https:\\\/\\\/capivari.sp.gov.br\\\/portal\\\/capivari-promove-encontro-de-orientacao-para-formacao-do-futuro-conselho-municipal-de-promocao-da-igualdade-racial\\\/#breadcrumb\"},\"inLanguage\":\"pt-BR\",\"potentialAction\":[{\"@type\":\"ReadAction\",\"target\":[\"https:\\\/\\\/capivari.sp.gov.br\\\/portal\\\/capivari-promove-encontro-de-orientacao-para-formacao-do-futuro-conselho-municipal-de-promocao-da-igualdade-racial\\\/\"]}]},{\"@type\":\"ImageObject\",\"inLanguage\":\"pt-BR\",\"@id\":\"https:\\\/\\\/capivari.sp.gov.br\\\/portal\\\/capivari-promove-encontro-de-orientacao-para-formacao-do-futuro-conselho-municipal-de-promocao-da-igualdade-racial\\\/#primaryimage\",\"url\":\"https:\\\/\\\/capivari.sp.gov.br\\\/portal\\\/wp-content\\\/uploads\\\/2026\\\/09\\\/Sede-da-Secretaria-de-Educacao.jpg\",\"contentUrl\":\"https:\\\/\\\/capivari.sp.gov.br\\\/portal\\\/wp-content\\\/uploads\\\/2026\\\/09\\\/Sede-da-Secretaria-de-Educacao.jpg\",\"width\":972,\"height\":911},{\"@type\":\"BreadcrumbList\",\"@id\":\"https:\\\/\\\/capivari.sp.gov.br\\\/portal\\\/capivari-promove-encontro-de-orientacao-para-formacao-do-futuro-conselho-municipal-de-promocao-da-igualdade-racial\\\/#breadcrumb\",\"itemListElement\":[{\"@type\":\"ListItem\",\"position\":1,\"name\":\"In\u00edcio\",\"item\":\"https:\\\/\\\/capivari.sp.gov.br\\\/portal\\\/\"},{\"@type\":\"ListItem\",\"position\":2,\"name\":\"Capivari promove encontro de orienta\u00e7\u00e3o para forma\u00e7\u00e3o do futuro Conselho Municipal de Promo\u00e7\u00e3o da Igualdade Racial\"}]},{\"@type\":\"WebSite\",\"@id\":\"https:\\\/\\\/capivari.sp.gov.br\\\/portal\\\/#website\",\"url\":\"https:\\\/\\\/capivari.sp.gov.br\\\/portal\\\/\",\"name\":\"Prefeitura de Capivari\",\"description\":\"Prefeitura de Capivari\",\"publisher\":{\"@id\":\"https:\\\/\\\/capivari.sp.gov.br\\\/portal\\\/#organization\"},\"potentialAction\":[{\"@type\":\"SearchAction\",\"target\":{\"@type\":\"EntryPoint\",\"urlTemplate\":\"https:\\\/\\\/capivari.sp.gov.br\\\/portal\\\/?s={search_term_string}\"},\"query-input\":{\"@type\":\"PropertyValueSpecification\",\"valueRequired\":true,\"valueName\":\"search_term_string\"}}],\"inLanguage\":\"pt-BR\"},{\"@type\":\"Organization\",\"@id\":\"https:\\\/\\\/capivari.sp.gov.br\\\/portal\\\/#organization\",\"name\":\"Prefeitura de Capivari\",\"url\":\"https:\\\/\\\/capivari.sp.gov.br\\\/portal\\\/\",\"logo\":{\"@type\":\"ImageObject\",\"inLanguage\":\"pt-BR\",\"@id\":\"https:\\\/\\\/capivari.sp.gov.br\\\/portal\\\/#\\\/schema\\\/logo\\\/image\\\/\",\"url\":\"https:\\\/\\\/capivari.sp.gov.br\\\/portal\\\/wp-content\\\/uploads\\\/2021\\\/09\\\/logo-prefeitura-de-capivari.png\",\"contentUrl\":\"https:\\\/\\\/capivari.sp.gov.br\\\/portal\\\/wp-content\\\/uploads\\\/2021\\\/09\\\/logo-prefeitura-de-capivari.png\",\"width\":200,\"height\":147,\"caption\":\"Prefeitura de Capivari\"},\"image\":{\"@id\":\"https:\\\/\\\/capivari.sp.gov.br\\\/portal\\\/#\\\/schema\\\/logo\\\/image\\\/\"},\"sameAs\":[\"https:\\\/\\\/www.facebook.com\\\/PrefeituradeCapivari\\\/\",\"https:\\\/\\\/x.com\\\/PrefCapivari\",\"https:\\\/\\\/www.instagram.com\\\/prefeituracapivari\\\/\"]},{\"@type\":\"Person\",\"@id\":\"https:\\\/\\\/capivari.sp.gov.br\\\/portal\\\/#\\\/schema\\\/person\\\/ac37113577adfc1517e0cfa854b830b4\",\"name\":\"Luciano Assis\",\"image\":{\"@type\":\"ImageObject\",\"inLanguage\":\"pt-BR\",\"@id\":\"https:\\\/\\\/secure.gravatar.com\\\/avatar\\\/ec163f977a02ac195ce6085f5110a8c4c8c6cc357c134002f73b4664772e79a5?s=96&d=mm&r=g\",\"url\":\"https:\\\/\\\/secure.gravatar.com\\\/avatar\\\/ec163f977a02ac195ce6085f5110a8c4c8c6cc357c134002f73b4664772e79a5?s=96&d=mm&r=g\",\"contentUrl\":\"https:\\\/\\\/secure.gravatar.com\\\/avatar\\\/ec163f977a02ac195ce6085f5110a8c4c8c6cc357c134002f73b4664772e79a5?s=96&d=mm&r=g\",\"caption\":\"Luciano Assis\"},\"url\":\"https:\\\/\\\/capivari.sp.gov.br\\\/portal\\\/author\\\/luciano-assis\\\/\"}]}<\/script>\n<!-- \/ Yoast SEO plugin. -->","yoast_head_json":{"title":"Capivari promove encontro de orienta\u00e7\u00e3o para forma\u00e7\u00e3o do futuro Conselho Municipal de Promo\u00e7\u00e3o da Igualdade Racial - Prefeitura de Capivari","robots":{"index":"index","follow":"follow","max-snippet":"max-snippet:-1","max-image-preview":"max-image-preview:large","max-video-preview":"max-video-preview:-1"},"canonical":"https:\/\/capivari.sp.gov.br\/portal\/capivari-promove-encontro-de-orientacao-para-formacao-do-futuro-conselho-municipal-de-promocao-da-igualdade-racial\/","og_locale":"pt_BR","og_type":"article","og_title":"Capivari promove encontro de orienta\u00e7\u00e3o para forma\u00e7\u00e3o do futuro Conselho Municipal de Promo\u00e7\u00e3o da Igualdade Racial - Prefeitura de Capivari","og_description":"A Prefeitura de Capivari, por meio da Coordenadoria de Promo\u00e7\u00e3o da Igualdade Racial, realiza na pr\u00f3xima sexta-feira (4), \u00e0s 19h, no audit\u00f3rio da Secretaria da Educa\u00e7\u00e3o, um encontro de orienta\u00e7\u00e3o, di\u00e1logo e mobiliza\u00e7\u00e3o para a forma\u00e7\u00e3o do Conselho Municipal de Promo\u00e7\u00e3o da Igualdade Racial. O encontro tem como objetivo reunir representantes da comunidade e demais [&hellip;]","og_url":"https:\/\/capivari.sp.gov.br\/portal\/capivari-promove-encontro-de-orientacao-para-formacao-do-futuro-conselho-municipal-de-promocao-da-igualdade-racial\/","og_site_name":"Prefeitura de Capivari","article_publisher":"https:\/\/www.facebook.com\/PrefeituradeCapivari\/","article_published_time":"2026-09-01T14:20:50+00:00","og_image":[{"width":972,"height":911,"url":"https:\/\/capivari.sp.gov.br\/portal\/wp-content\/uploads\/2026\/09\/Sede-da-Secretaria-de-Educacao.jpg","type":"image\/jpeg"}],"author":"Luciano Assis","twitter_card":"summary_large_image","twitter_creator":"@PrefCapivari","twitter_site":"@PrefCapivari","twitter_misc":{"Escrito por":"Luciano Assis","Est. tempo de leitura":"3 minutos"},"schema":{"@context":"https:\/\/schema.org","@graph":[{"@type":"Article","@id":"https:\/\/capivari.sp.gov.br\/portal\/capivari-promove-encontro-de-orientacao-para-formacao-do-futuro-conselho-municipal-de-promocao-da-igualdade-racial\/#article","isPartOf":{"@id":"https:\/\/capivari.sp.gov.br\/portal\/capivari-promove-encontro-de-orientacao-para-formacao-do-futuro-conselho-municipal-de-promocao-da-igualdade-racial\/"},"author":{"name":"Luciano Assis","@id":"https:\/\/capivari.sp.gov.br\/portal\/#\/schema\/person\/ac37113577adfc1517e0cfa854b830b4"},"headline":"Capivari promove encontro de orienta\u00e7\u00e3o para forma\u00e7\u00e3o do futuro Conselho Municipal de Promo\u00e7\u00e3o da Igualdade Racial","datePublished":"2026-09-01T14:20:50+00:00","mainEntityOfPage":{"@id":"https:\/\/capivari.sp.gov.br\/portal\/capivari-promove-encontro-de-orientacao-para-formacao-do-futuro-conselho-municipal-de-promocao-da-igualdade-racial\/"},"wordCount":403,"publisher":{"@id":"https:\/\/capivari.sp.gov.br\/portal\/#organization"},"image":{"@id":"https:\/\/capivari.sp.gov.br\/portal\/capivari-promove-encontro-de-orientacao-para-formacao-do-futuro-conselho-municipal-de-promocao-da-igualdade-racial\/#primaryimage"},"thumbnailUrl":"https:\/\/capivari.sp.gov.br\/portal\/wp-content\/uploads\/2026\/09\/Sede-da-Secretaria-de-Educacao.jpg","articleSection":["Destaque","Geral","Governo"],"inLanguage":"pt-BR"},{"@type":"WebPage","@id":"https:\/\/capivari.sp.gov.br\/portal\/capivari-promove-encontro-de-orientacao-para-formacao-do-futuro-conselho-municipal-de-promocao-da-igualdade-racial\/","url":"https:\/\/capivari.sp.gov.br\/portal\/capivari-promove-encontro-de-orientacao-para-formacao-do-futuro-conselho-municipal-de-promocao-da-igualdade-racial\/","name":"Capivari promove encontro de orienta\u00e7\u00e3o para forma\u00e7\u00e3o do futuro Conselho Municipal de Promo\u00e7\u00e3o da Igualdade Racial - Prefeitura de Capivari","isPartOf":{"@id":"https:\/\/capivari.sp.gov.br\/portal\/#website"},"primaryImageOfPage":{"@id":"https:\/\/capivari.sp.gov.br\/portal\/capivari-promove-encontro-de-orientacao-para-formacao-do-futuro-conselho-municipal-de-promocao-da-igualdade-racial\/#primaryimage"},"image":{"@id":"https:\/\/capivari.sp.gov.br\/portal\/capivari-promove-encontro-de-orientacao-para-formacao-do-futuro-conselho-municipal-de-promocao-da-igualdade-racial\/#primaryimage"},"thumbnailUrl":"https:\/\/capivari.sp.gov.br\/portal\/wp-content\/uploads\/2026\/09\/Sede-da-Secretaria-de-Educacao.jpg","datePublished":"2026-09-01T14:20:50+00:00","breadcrumb":{"@id":"https:\/\/capivari.sp.gov.br\/portal\/capivari-promove-encontro-de-orientacao-para-formacao-do-futuro-conselho-municipal-de-promocao-da-igualdade-racial\/#breadcrumb"},"inLanguage":"pt-BR","potentialAction":[{"@type":"ReadAction","target":["https:\/\/capivari.sp.gov.br\/portal\/capivari-promove-encontro-de-orientacao-para-formacao-do-futuro-conselho-municipal-de-promocao-da-igualdade-racial\/"]}]},{"@type":"ImageObject","inLanguage":"pt-BR","@id":"https:\/\/capivari.sp.gov.br\/portal\/capivari-promove-encontro-de-orientacao-para-formacao-do-futuro-conselho-municipal-de-promocao-da-igualdade-racial\/#primaryimage","url":"https:\/\/capivari.sp.gov.br\/portal\/wp-content\/uploads\/2026\/09\/Sede-da-Secretaria-de-Educacao.jpg","contentUrl":"https:\/\/capivari.sp.gov.br\/portal\/wp-content\/uploads\/2026\/09\/Sede-da-Secretaria-de-Educacao.jpg","width":972,"height":911},{"@type":"BreadcrumbList","@id":"https:\/\/capivari.sp.gov.br\/portal\/capivari-promove-encontro-de-orientacao-para-formacao-do-futuro-conselho-municipal-de-promocao-da-igualdade-racial\/#breadcrumb","itemListElement":[{"@type":"ListItem","position":1,"name":"In\u00edcio","item":"https:\/\/capivari.sp.gov.br\/portal\/"},{"@type":"ListItem","position":2,"name":"Capivari promove encontro de orienta\u00e7\u00e3o para forma\u00e7\u00e3o do futuro Conselho Municipal de Promo\u00e7\u00e3o da Igualdade Racial"}]},{"@type":"WebSite","@id":"https:\/\/capivari.sp.gov.br\/portal\/#website","url":"https:\/\/capivari.sp.gov.br\/portal\/","name":"Prefeitura de Capivari","description":"Prefeitura de Capivari","publisher":{"@id":"https:\/\/capivari.sp.gov.br\/portal\/#organization"},"potentialAction":[{"@type":"SearchAction","target":{"@type":"EntryPoint","urlTemplate":"https:\/\/capivari.sp.gov.br\/portal\/?s={search_term_string}"},"query-input":{"@type":"PropertyValueSpecification","valueRequired":true,"valueName":"search_term_string"}}],"inLanguage":"pt-BR"},{"@type":"Organization","@id":"https:\/\/capivari.sp.gov.br\/portal\/#organization","name":"Prefeitura de Capivari","url":"https:\/\/capivari.sp.gov.br\/portal\/","logo":{"@type":"ImageObject","inLanguage":"pt-BR","@id":"https:\/\/capivari.sp.gov.br\/portal\/#\/schema\/logo\/image\/","url":"https:\/\/capivari.sp.gov.br\/portal\/wp-content\/uploads\/2021\/09\/logo-prefeitura-de-capivari.png","contentUrl":"https:\/\/capivari.sp.gov.br\/portal\/wp-content\/uploads\/2021\/09\/logo-prefeitura-de-capivari.png","width":200,"height":147,"caption":"Prefeitura de Capivari"},"image":{"@id":"https:\/\/capivari.sp.gov.br\/portal\/#\/schema\/logo\/image\/"},"sameAs":["https:\/\/www.facebook.com\/PrefeituradeCapivari\/","https:\/\/x.com\/PrefCapivari","https:\/\/www.instagram.com\/prefeituracapivari\/"]},{"@type":"Person","@id":"https:\/\/capivari.sp.gov.br\/portal\/#\/schema\/person\/ac37113577adfc1517e0cfa854b830b4","name":"Luciano Assis","image":{"@type":"ImageObject","inLanguage":"pt-BR","@id":"https:\/\/secure.gravatar.com\/avatar\/ec163f977a02ac195ce6085f5110a8c4c8c6cc357c134002f73b4664772e79a5?s=96&d=mm&r=g","url":"https:\/\/secure.gravatar.com\/avatar\/ec163f977a02ac195ce6085f5110a8c4c8c6cc357c134002f73b4664772e79a5?s=96&d=mm&r=g","contentUrl":"https:\/\/secure.gravatar.com\/avatar\/ec163f977a02ac195ce6085f5110a8c4c8c6cc357c134002f73b4664772e79a5?s=96&d=mm&r=g","caption":"Luciano Assis"},"url":"https:\/\/capivari.sp.gov.br\/portal\/author\/luciano-assis\/"}]}},"_links":{"self":[{"href":"https:\/\/capivari.sp.gov.br\/portal\/wp-json\/wp\/v2\/posts\/23736","targetHints":{"allow":["GET"]}}],"collection":[{"href":"https:\/\/capivari.sp.gov.br\/portal\/wp-json\/wp\/v2\/posts"}],"about":[{"href":"https:\/\/capivari.sp.gov.br\/portal\/wp-json\/wp\/v2\/types\/post"}],"author":[{"embeddable":true,"href":"https:\/\/capivari.sp.gov.br\/portal\/wp-json\/wp\/v2\/users\/15"}],"replies":[{"embeddable":true,"href":"https:\/\/capivari.sp.gov.br\/portal\/wp-json\/wp\/v2\/comments?post=23736"}],"version-history":[{"count":1,"href":"https:\/\/capivari.sp.gov.br\/portal\/wp-json\/wp\/v2\/posts\/23736\/revisions"}],"predecessor-version":[{"id":23738,"href":"https:\/\/capivari.sp.gov.br\/portal\/wp-json\/wp\/v2\/posts\/23736\/revisions\/23738"}],"wp:featuredmedia":[{"embeddable":true,"href":"https:\/\/capivari.sp.gov.br\/portal\/wp-json\/wp\/v2\/media\/23737"}],"wp:attachment":[{"href":"https:\/\/capivari.sp.gov.br\/portal\/wp-json\/wp\/v2\/media?parent=23736"}],"wp:term":[{"taxonomy":"category","embeddable":true,"href":"https:\/\/capivari.sp.gov.br\/portal\/wp-json\/wp\/v2\/categories?post=23736"},{"taxonomy":"post_tag","embeddable":true,"href":"https:\/\/capivari.sp.gov.br\/portal\/wp-json\/wp\/v2\/tags?post=23736"}],"curies":[{"name":"wp","href":"https:\/\/api.w.org\/{rel}","templated":true}]}}