{"id":23776,"date":"2026-09-02T14:25:39","date_gmt":"2026-09-02T17:25:39","guid":{"rendered":"https:\/\/capivari.sp.gov.br\/portal\/?p=23776"},"modified":"2026-09-02T14:25:39","modified_gmt":"2026-09-02T17:25:39","slug":"segunda-edicao-da-quinta-esportiva-movimenta-capivari-nesta-quinta-feira","status":"publish","type":"post","link":"https:\/\/capivari.sp.gov.br\/portal\/segunda-edicao-da-quinta-esportiva-movimenta-capivari-nesta-quinta-feira\/","title":{"rendered":"Segunda edi\u00e7\u00e3o da Quinta Esportiva movimenta Capivari nesta quinta-feira"},"content":{"rendered":"<p><em>Evento re\u00fane corrida, caminhada, m\u00fasica e diferentes modalidades esportivas, a partir das 19h, na Pra\u00e7a Central<\/em><\/p>\n<p>Capivari volta a se movimentar nesta quinta-feira (3), com a realiza\u00e7\u00e3o da segunda edi\u00e7\u00e3o da Quinta Esportiva. A programa\u00e7\u00e3o come\u00e7a \u00e0s 19h, na Pra\u00e7a Central, e ser\u00e1 aberta gratuitamente para pessoas de todas as idades.<\/p>\n<p>Depois de reunir mais de 1.500 participantes em sua estreia, o evento retorna com corrida, caminhada, apresenta\u00e7\u00f5es e atividades esportivas. A proposta \u00e9 oferecer uma noite de movimento, sa\u00fade e divers\u00e3o para quem j\u00e1 pratica alguma modalidade e tamb\u00e9m para quem deseja come\u00e7ar.<\/p>\n<p>A Quinta Esportiva \u00e9 realizada pelas Secretarias de Esportes, de Rela\u00e7\u00f5es P\u00fablicas e de Desenvolvimento Econ\u00f4mico, Turismo e Inova\u00e7\u00e3o. O evento acontece sempre na primeira quinta-feira de cada m\u00eas e passa a fazer parte do calend\u00e1rio esportivo do munic\u00edpio.<\/p>\n<p><strong>Corrida e caminhada pelas ruas<\/strong><\/p>\n<p>Um dos momentos mais aguardados ser\u00e1 o percurso de aproximadamente tr\u00eas quil\u00f4metros pelas ruas da regi\u00e3o central, com sa\u00edda e chegada na Pra\u00e7a Central.<\/p>\n<p>N\u00e3o \u00e9 preciso ser atleta para participar. Cada pessoa poder\u00e1 completar o trajeto caminhando ou correndo, de acordo com o pr\u00f3prio ritmo. A atividade foi pensada justamente para reunir diferentes p\u00fablicos, desde corredores experientes at\u00e9 fam\u00edlias e pessoas que est\u00e3o come\u00e7ando a se movimentar.<\/p>\n<p>Quem vai agitar o percurso ser\u00e1 o DJ Betinho, que comandar\u00e1 o trio el\u00e9trico durante a corrida e a caminhada, levando m\u00fasica e anima\u00e7\u00e3o aos participantes.<\/p>\n<p>A primeira edi\u00e7\u00e3o mostrou a for\u00e7a dessa proposta, com centenas de pessoas ocupando as ruas para praticar atividade f\u00edsica. Agora, a expectativa \u00e9 reunir novamente a popula\u00e7\u00e3o em uma grande noite dedicada ao esporte.<\/p>\n<p><strong>Pra\u00e7a Central ter\u00e1 atividades para todos<\/strong><\/p>\n<p>Al\u00e9m do percurso pelas ruas, a Pra\u00e7a Central receber\u00e1 apresenta\u00e7\u00f5es, demonstra\u00e7\u00f5es, desafios e experi\u00eancias ligadas a diferentes modalidades esportivas.<\/p>\n<p>A estrutura contar\u00e1 com 24 estandes. Entre os representantes do segmento esportivo estar\u00e3o Full Blast, SharkPr\u00f3, Zuin Esportes, Lusco Underwear, Pr\u00f3Lab, Lupo\/Di\u00e1fana, Mega Econ\u00f4mica\/Elabs, Arena Cecon, Funcional no Parque, Vamos Correr, Associa\u00e7\u00e3o Washi-Ki-O de Karat\u00ea, Lady Fitness, Academia For\u00e7a F\u00edsica (Moreira), CT Athletic Soul, G\u00f3es Team Academy, Xprime, Body Gym, Fisio Forma, Assessoria e Studio Danilo Borges, House of Jiu-J\u00edtsu Capivari (HOJ), Movah e Academia Gracie Barra.<\/p>\n<p>Durante a noite, o p\u00fablico poder\u00e1 conhecer modalidades, participar das atividades e conversar com profissionais que trabalham diariamente com esporte, condicionamento f\u00edsico, sa\u00fade e qualidade de vida em Capivari.<\/p>\n<p>A participa\u00e7\u00e3o desses grupos tamb\u00e9m fortalece o setor esportivo da cidade, d\u00e1 visibilidade aos trabalhos desenvolvidos no munic\u00edpio e aproxima academias, assessorias, equipes e profissionais da popula\u00e7\u00e3o.<\/p>\n<p><strong>Um encontro mensal com o esporte<\/strong><\/p>\n<p>A Quinta Esportiva foi criada para aproximar o esporte do dia a dia da popula\u00e7\u00e3o e incentivar a ocupa\u00e7\u00e3o saud\u00e1vel dos espa\u00e7os p\u00fablicos.<\/p>\n<p>Mais do que uma programa\u00e7\u00e3o para atletas, o evento busca mostrar que todas as pessoas podem se movimentar. Crian\u00e7as, jovens, adultos e idosos podem participar das atividades conforme suas condi\u00e7\u00f5es e aproveitar a Pra\u00e7a Central como um espa\u00e7o de conviv\u00eancia.<\/p>\n<p>Com a realiza\u00e7\u00e3o mensal, a proposta \u00e9 fortalecer essa participa\u00e7\u00e3o e trazer novas experi\u00eancias a cada edi\u00e7\u00e3o.<\/p>\n<p>N\u00e3o \u00e9 necess\u00e1rio fazer inscri\u00e7\u00e3o antecipada. A orienta\u00e7\u00e3o \u00e9 para que os participantes compare\u00e7am com roupas leves, cal\u00e7ados adequados e levem \u00e1gua para se manterem hidratados.<\/p>\n<p>A segunda edi\u00e7\u00e3o da Quinta Esportiva acontece nesta quinta-feira (3), a partir das 19h, na Pra\u00e7a Central. Durante o percurso, algumas vias ter\u00e3o interdi\u00e7\u00f5es tempor\u00e1rias. Os motoristas devem redobrar a aten\u00e7\u00e3o e seguir as orienta\u00e7\u00f5es das equipes respons\u00e1veis pela seguran\u00e7a e organiza\u00e7\u00e3o do tr\u00e2nsito.<\/p>\n<p>Novos expositores interessados em participar das pr\u00f3ximas edi\u00e7\u00f5es dever\u00e3o procurar a Secretaria de Esportes para conhecer os requisitos e solicitar a inclus\u00e3o na fila de espera.<\/p>\n<p>Mais informa\u00e7\u00f5es podem ser obtidas na Secretaria de Esportes pelo telefone (19) 2146-1525 ou pelo WhatsApp (19) 3492-8881. O atendimento acontece de segunda a sexta-feira, das 8h30 \u00e0s 16h30, no Centro Esportivo e Cultural, localizado na Rua Bento Dias, 294, Centro.<\/p>\n","protected":false},"excerpt":{"rendered":"<p>Evento re\u00fane corrida, caminhada, m\u00fasica e diferentes modalidades esportivas, a partir das 19h, na Pra\u00e7a Central Capivari volta a se movimentar nesta quinta-feira (3), com a realiza\u00e7\u00e3o da segunda edi\u00e7\u00e3o da Quinta Esportiva. A programa\u00e7\u00e3o come\u00e7a \u00e0s 19h, na Pra\u00e7a Central, e ser\u00e1 aberta gratuitamente para pessoas de todas as idades. Depois de reunir mais [&hellip;]<\/p>\n","protected":false},"author":2,"featured_media":23777,"comment_status":"closed","ping_status":"closed","sticky":false,"template":"","format":"standard","meta":{"ocean_front_end_style_editor":"no","ocean_post_layout":"","ocean_both_sidebars_style":"","ocean_both_sidebars_content_width":0,"ocean_both_sidebars_sidebars_width":0,"ocean_sidebar":"","ocean_second_sidebar":"","ocean_disable_margins":"enable","ocean_add_body_class":"","ocean_shortcode_before_top_bar":"","ocean_shortcode_after_top_bar":"","ocean_shortcode_before_header":"","ocean_shortcode_after_header":"","ocean_has_shortcode":"","ocean_shortcode_after_title":"","ocean_shortcode_before_footer_widgets":"","ocean_shortcode_after_footer_widgets":"","ocean_shortcode_before_footer_bottom":"","ocean_shortcode_after_footer_bottom":"","ocean_display_top_bar":"default","ocean_display_header":"default","ocean_header_style":"","ocean_center_header_left_menu":"","ocean_custom_header_template":"","ocean_custom_logo":0,"ocean_custom_retina_logo":0,"ocean_custom_logo_max_width":0,"ocean_custom_logo_tablet_max_width":0,"ocean_custom_logo_mobile_max_width":0,"ocean_custom_logo_max_height":0,"ocean_custom_logo_tablet_max_height":0,"ocean_custom_logo_mobile_max_height":0,"ocean_header_custom_menu":"","ocean_menu_typo_font_family":"","ocean_menu_typo_font_subset":"","ocean_menu_typo_font_size":0,"ocean_menu_typo_font_size_tablet":0,"ocean_menu_typo_font_size_mobile":0,"ocean_menu_typo_font_size_unit":"px","ocean_menu_typo_font_weight":"","ocean_menu_typo_font_weight_tablet":"","ocean_menu_typo_font_weight_mobile":"","ocean_menu_typo_transform":"","ocean_menu_typo_transform_tablet":"","ocean_menu_typo_transform_mobile":"","ocean_menu_typo_line_height":0,"ocean_menu_typo_line_height_tablet":0,"ocean_menu_typo_line_height_mobile":0,"ocean_menu_typo_line_height_unit":"","ocean_menu_typo_spacing":0,"ocean_menu_typo_spacing_tablet":0,"ocean_menu_typo_spacing_mobile":0,"ocean_menu_typo_spacing_unit":"","ocean_menu_link_color":"","ocean_menu_link_color_hover":"","ocean_menu_link_color_active":"","ocean_menu_link_background":"","ocean_menu_link_hover_background":"","ocean_menu_link_active_background":"","ocean_menu_social_links_bg":"","ocean_menu_social_hover_links_bg":"","ocean_menu_social_links_color":"","ocean_menu_social_hover_links_color":"","ocean_disable_title":"default","ocean_disable_heading":"default","ocean_post_title":"","ocean_post_subheading":"","ocean_post_title_style":"","ocean_post_title_background_color":"","ocean_post_title_background":0,"ocean_post_title_bg_image_position":"","ocean_post_title_bg_image_attachment":"","ocean_post_title_bg_image_repeat":"","ocean_post_title_bg_image_size":"","ocean_post_title_height":0,"ocean_post_title_bg_overlay":0.5,"ocean_post_title_bg_overlay_color":"","ocean_disable_breadcrumbs":"default","ocean_breadcrumbs_color":"","ocean_breadcrumbs_separator_color":"","ocean_breadcrumbs_links_color":"","ocean_breadcrumbs_links_hover_color":"","ocean_display_footer_widgets":"default","ocean_display_footer_bottom":"default","ocean_custom_footer_template":"","ocean_post_oembed":"","ocean_post_self_hosted_media":"","ocean_post_video_embed":"","ocean_link_format":"","ocean_link_format_target":"self","ocean_quote_format":"","ocean_quote_format_link":"post","ocean_gallery_link_images":"on","ocean_gallery_id":[],"footnotes":""},"categories":[18,4,25,5],"tags":[],"class_list":["post-23776","post","type-post","status-publish","format-standard","has-post-thumbnail","hentry","category-desenvolvimento-economico-turismo-e-inovacao","category-destaque","category-esporte","category-geral","entry","has-media"],"yoast_head":"<!-- This site is optimized with the Yoast SEO plugin v28.3 - https:\/\/yoast.com\/product\/yoast-seo-wordpress\/ -->\n<title>Segunda edi\u00e7\u00e3o da Quinta Esportiva movimenta Capivari nesta quinta-feira - Prefeitura de Capivari<\/title>\n<meta name=\"robots\" content=\"index, follow, max-snippet:-1, max-image-preview:large, max-video-preview:-1\" \/>\n<link rel=\"canonical\" href=\"https:\/\/capivari.sp.gov.br\/portal\/segunda-edicao-da-quinta-esportiva-movimenta-capivari-nesta-quinta-feira\/\" \/>\n<meta property=\"og:locale\" content=\"pt_BR\" \/>\n<meta property=\"og:type\" content=\"article\" \/>\n<meta property=\"og:title\" content=\"Segunda edi\u00e7\u00e3o da Quinta Esportiva movimenta Capivari nesta quinta-feira - Prefeitura de Capivari\" \/>\n<meta property=\"og:description\" content=\"Evento re\u00fane corrida, caminhada, m\u00fasica e diferentes modalidades esportivas, a partir das 19h, na Pra\u00e7a Central Capivari volta a se movimentar nesta quinta-feira (3), com a realiza\u00e7\u00e3o da segunda edi\u00e7\u00e3o da Quinta Esportiva. A programa\u00e7\u00e3o come\u00e7a \u00e0s 19h, na Pra\u00e7a Central, e ser\u00e1 aberta gratuitamente para pessoas de todas as idades. Depois de reunir mais [&hellip;]\" \/>\n<meta property=\"og:url\" content=\"https:\/\/capivari.sp.gov.br\/portal\/segunda-edicao-da-quinta-esportiva-movimenta-capivari-nesta-quinta-feira\/\" \/>\n<meta property=\"og:site_name\" content=\"Prefeitura de Capivari\" \/>\n<meta property=\"article:publisher\" content=\"https:\/\/www.facebook.com\/PrefeituradeCapivari\/\" \/>\n<meta property=\"article:published_time\" content=\"2026-09-02T17:25:39+00:00\" \/>\n<meta property=\"og:image\" content=\"https:\/\/capivari.sp.gov.br\/portal\/wp-content\/uploads\/2026\/09\/DJI_20260806193718_0048_D-scaled.jpg\" \/>\n\t<meta property=\"og:image:width\" content=\"2560\" \/>\n\t<meta property=\"og:image:height\" content=\"1920\" \/>\n\t<meta property=\"og:image:type\" content=\"image\/jpeg\" \/>\n<meta name=\"author\" content=\"Thalles Cristiano\" \/>\n<meta name=\"twitter:card\" content=\"summary_large_image\" \/>\n<meta name=\"twitter:creator\" content=\"@PrefCapivari\" \/>\n<meta name=\"twitter:site\" content=\"@PrefCapivari\" \/>\n<meta name=\"twitter:label1\" content=\"Escrito por\" \/>\n\t<meta name=\"twitter:data1\" content=\"Thalles Cristiano\" \/>\n\t<meta name=\"twitter:label2\" content=\"Est. tempo de leitura\" \/>\n\t<meta name=\"twitter:data2\" content=\"4 minutos\" \/>\n<script type=\"application\/ld+json\" class=\"yoast-schema-graph\">{\"@context\":\"https:\\\/\\\/schema.org\",\"@graph\":[{\"@type\":\"Article\",\"@id\":\"https:\\\/\\\/capivari.sp.gov.br\\\/portal\\\/segunda-edicao-da-quinta-esportiva-movimenta-capivari-nesta-quinta-feira\\\/#article\",\"isPartOf\":{\"@id\":\"https:\\\/\\\/capivari.sp.gov.br\\\/portal\\\/segunda-edicao-da-quinta-esportiva-movimenta-capivari-nesta-quinta-feira\\\/\"},\"author\":{\"name\":\"Thalles Cristiano\",\"@id\":\"https:\\\/\\\/capivari.sp.gov.br\\\/portal\\\/#\\\/schema\\\/person\\\/98801614a91d449946b0687ae2db9f29\"},\"headline\":\"Segunda edi\u00e7\u00e3o da Quinta Esportiva movimenta Capivari nesta quinta-feira\",\"datePublished\":\"2026-09-02T17:25:39+00:00\",\"mainEntityOfPage\":{\"@id\":\"https:\\\/\\\/capivari.sp.gov.br\\\/portal\\\/segunda-edicao-da-quinta-esportiva-movimenta-capivari-nesta-quinta-feira\\\/\"},\"wordCount\":732,\"publisher\":{\"@id\":\"https:\\\/\\\/capivari.sp.gov.br\\\/portal\\\/#organization\"},\"image\":{\"@id\":\"https:\\\/\\\/capivari.sp.gov.br\\\/portal\\\/segunda-edicao-da-quinta-esportiva-movimenta-capivari-nesta-quinta-feira\\\/#primaryimage\"},\"thumbnailUrl\":\"https:\\\/\\\/capivari.sp.gov.br\\\/portal\\\/wp-content\\\/uploads\\\/2026\\\/09\\\/DJI_20260806193718_0048_D-scaled.jpg\",\"articleSection\":[\"Desenvolvimento Econ\u00f4mico, Turismo e Inova\u00e7\u00e3o\",\"Destaque\",\"Esporte\",\"Geral\"],\"inLanguage\":\"pt-BR\"},{\"@type\":\"WebPage\",\"@id\":\"https:\\\/\\\/capivari.sp.gov.br\\\/portal\\\/segunda-edicao-da-quinta-esportiva-movimenta-capivari-nesta-quinta-feira\\\/\",\"url\":\"https:\\\/\\\/capivari.sp.gov.br\\\/portal\\\/segunda-edicao-da-quinta-esportiva-movimenta-capivari-nesta-quinta-feira\\\/\",\"name\":\"Segunda edi\u00e7\u00e3o da Quinta Esportiva movimenta Capivari nesta quinta-feira - Prefeitura de Capivari\",\"isPartOf\":{\"@id\":\"https:\\\/\\\/capivari.sp.gov.br\\\/portal\\\/#website\"},\"primaryImageOfPage\":{\"@id\":\"https:\\\/\\\/capivari.sp.gov.br\\\/portal\\\/segunda-edicao-da-quinta-esportiva-movimenta-capivari-nesta-quinta-feira\\\/#primaryimage\"},\"image\":{\"@id\":\"https:\\\/\\\/capivari.sp.gov.br\\\/portal\\\/segunda-edicao-da-quinta-esportiva-movimenta-capivari-nesta-quinta-feira\\\/#primaryimage\"},\"thumbnailUrl\":\"https:\\\/\\\/capivari.sp.gov.br\\\/portal\\\/wp-content\\\/uploads\\\/2026\\\/09\\\/DJI_20260806193718_0048_D-scaled.jpg\",\"datePublished\":\"2026-09-02T17:25:39+00:00\",\"breadcrumb\":{\"@id\":\"https:\\\/\\\/capivari.sp.gov.br\\\/portal\\\/segunda-edicao-da-quinta-esportiva-movimenta-capivari-nesta-quinta-feira\\\/#breadcrumb\"},\"inLanguage\":\"pt-BR\",\"potentialAction\":[{\"@type\":\"ReadAction\",\"target\":[\"https:\\\/\\\/capivari.sp.gov.br\\\/portal\\\/segunda-edicao-da-quinta-esportiva-movimenta-capivari-nesta-quinta-feira\\\/\"]}]},{\"@type\":\"ImageObject\",\"inLanguage\":\"pt-BR\",\"@id\":\"https:\\\/\\\/capivari.sp.gov.br\\\/portal\\\/segunda-edicao-da-quinta-esportiva-movimenta-capivari-nesta-quinta-feira\\\/#primaryimage\",\"url\":\"https:\\\/\\\/capivari.sp.gov.br\\\/portal\\\/wp-content\\\/uploads\\\/2026\\\/09\\\/DJI_20260806193718_0048_D-scaled.jpg\",\"contentUrl\":\"https:\\\/\\\/capivari.sp.gov.br\\\/portal\\\/wp-content\\\/uploads\\\/2026\\\/09\\\/DJI_20260806193718_0048_D-scaled.jpg\",\"width\":2560,\"height\":1920,\"caption\":\"default\"},{\"@type\":\"BreadcrumbList\",\"@id\":\"https:\\\/\\\/capivari.sp.gov.br\\\/portal\\\/segunda-edicao-da-quinta-esportiva-movimenta-capivari-nesta-quinta-feira\\\/#breadcrumb\",\"itemListElement\":[{\"@type\":\"ListItem\",\"position\":1,\"name\":\"In\u00edcio\",\"item\":\"https:\\\/\\\/capivari.sp.gov.br\\\/portal\\\/\"},{\"@type\":\"ListItem\",\"position\":2,\"name\":\"Segunda edi\u00e7\u00e3o da Quinta Esportiva movimenta Capivari nesta quinta-feira\"}]},{\"@type\":\"WebSite\",\"@id\":\"https:\\\/\\\/capivari.sp.gov.br\\\/portal\\\/#website\",\"url\":\"https:\\\/\\\/capivari.sp.gov.br\\\/portal\\\/\",\"name\":\"Prefeitura de Capivari\",\"description\":\"Prefeitura de Capivari\",\"publisher\":{\"@id\":\"https:\\\/\\\/capivari.sp.gov.br\\\/portal\\\/#organization\"},\"potentialAction\":[{\"@type\":\"SearchAction\",\"target\":{\"@type\":\"EntryPoint\",\"urlTemplate\":\"https:\\\/\\\/capivari.sp.gov.br\\\/portal\\\/?s={search_term_string}\"},\"query-input\":{\"@type\":\"PropertyValueSpecification\",\"valueRequired\":true,\"valueName\":\"search_term_string\"}}],\"inLanguage\":\"pt-BR\"},{\"@type\":\"Organization\",\"@id\":\"https:\\\/\\\/capivari.sp.gov.br\\\/portal\\\/#organization\",\"name\":\"Prefeitura de Capivari\",\"url\":\"https:\\\/\\\/capivari.sp.gov.br\\\/portal\\\/\",\"logo\":{\"@type\":\"ImageObject\",\"inLanguage\":\"pt-BR\",\"@id\":\"https:\\\/\\\/capivari.sp.gov.br\\\/portal\\\/#\\\/schema\\\/logo\\\/image\\\/\",\"url\":\"https:\\\/\\\/capivari.sp.gov.br\\\/portal\\\/wp-content\\\/uploads\\\/2021\\\/09\\\/logo-prefeitura-de-capivari.png\",\"contentUrl\":\"https:\\\/\\\/capivari.sp.gov.br\\\/portal\\\/wp-content\\\/uploads\\\/2021\\\/09\\\/logo-prefeitura-de-capivari.png\",\"width\":200,\"height\":147,\"caption\":\"Prefeitura de Capivari\"},\"image\":{\"@id\":\"https:\\\/\\\/capivari.sp.gov.br\\\/portal\\\/#\\\/schema\\\/logo\\\/image\\\/\"},\"sameAs\":[\"https:\\\/\\\/www.facebook.com\\\/PrefeituradeCapivari\\\/\",\"https:\\\/\\\/x.com\\\/PrefCapivari\",\"https:\\\/\\\/www.instagram.com\\\/prefeituracapivari\\\/\"]},{\"@type\":\"Person\",\"@id\":\"https:\\\/\\\/capivari.sp.gov.br\\\/portal\\\/#\\\/schema\\\/person\\\/98801614a91d449946b0687ae2db9f29\",\"name\":\"Thalles Cristiano\",\"image\":{\"@type\":\"ImageObject\",\"inLanguage\":\"pt-BR\",\"@id\":\"https:\\\/\\\/secure.gravatar.com\\\/avatar\\\/0d1b9a4bdcde99ab11a8cd27abdcd088993749b82c4355c0301135023dc52b3d?s=96&d=mm&r=g\",\"url\":\"https:\\\/\\\/secure.gravatar.com\\\/avatar\\\/0d1b9a4bdcde99ab11a8cd27abdcd088993749b82c4355c0301135023dc52b3d?s=96&d=mm&r=g\",\"contentUrl\":\"https:\\\/\\\/secure.gravatar.com\\\/avatar\\\/0d1b9a4bdcde99ab11a8cd27abdcd088993749b82c4355c0301135023dc52b3d?s=96&d=mm&r=g\",\"caption\":\"Thalles Cristiano\"},\"url\":\"https:\\\/\\\/capivari.sp.gov.br\\\/portal\\\/author\\\/thalles-cristiano\\\/\"}]}<\/script>\n<!-- \/ Yoast SEO plugin. -->","yoast_head_json":{"title":"Segunda edi\u00e7\u00e3o da Quinta Esportiva movimenta Capivari nesta quinta-feira - Prefeitura de Capivari","robots":{"index":"index","follow":"follow","max-snippet":"max-snippet:-1","max-image-preview":"max-image-preview:large","max-video-preview":"max-video-preview:-1"},"canonical":"https:\/\/capivari.sp.gov.br\/portal\/segunda-edicao-da-quinta-esportiva-movimenta-capivari-nesta-quinta-feira\/","og_locale":"pt_BR","og_type":"article","og_title":"Segunda edi\u00e7\u00e3o da Quinta Esportiva movimenta Capivari nesta quinta-feira - Prefeitura de Capivari","og_description":"Evento re\u00fane corrida, caminhada, m\u00fasica e diferentes modalidades esportivas, a partir das 19h, na Pra\u00e7a Central Capivari volta a se movimentar nesta quinta-feira (3), com a realiza\u00e7\u00e3o da segunda edi\u00e7\u00e3o da Quinta Esportiva. A programa\u00e7\u00e3o come\u00e7a \u00e0s 19h, na Pra\u00e7a Central, e ser\u00e1 aberta gratuitamente para pessoas de todas as idades. Depois de reunir mais [&hellip;]","og_url":"https:\/\/capivari.sp.gov.br\/portal\/segunda-edicao-da-quinta-esportiva-movimenta-capivari-nesta-quinta-feira\/","og_site_name":"Prefeitura de Capivari","article_publisher":"https:\/\/www.facebook.com\/PrefeituradeCapivari\/","article_published_time":"2026-09-02T17:25:39+00:00","og_image":[{"width":2560,"height":1920,"url":"https:\/\/capivari.sp.gov.br\/portal\/wp-content\/uploads\/2026\/09\/DJI_20260806193718_0048_D-scaled.jpg","type":"image\/jpeg"}],"author":"Thalles Cristiano","twitter_card":"summary_large_image","twitter_creator":"@PrefCapivari","twitter_site":"@PrefCapivari","twitter_misc":{"Escrito por":"Thalles Cristiano","Est. tempo de leitura":"4 minutos"},"schema":{"@context":"https:\/\/schema.org","@graph":[{"@type":"Article","@id":"https:\/\/capivari.sp.gov.br\/portal\/segunda-edicao-da-quinta-esportiva-movimenta-capivari-nesta-quinta-feira\/#article","isPartOf":{"@id":"https:\/\/capivari.sp.gov.br\/portal\/segunda-edicao-da-quinta-esportiva-movimenta-capivari-nesta-quinta-feira\/"},"author":{"name":"Thalles Cristiano","@id":"https:\/\/capivari.sp.gov.br\/portal\/#\/schema\/person\/98801614a91d449946b0687ae2db9f29"},"headline":"Segunda edi\u00e7\u00e3o da Quinta Esportiva movimenta Capivari nesta quinta-feira","datePublished":"2026-09-02T17:25:39+00:00","mainEntityOfPage":{"@id":"https:\/\/capivari.sp.gov.br\/portal\/segunda-edicao-da-quinta-esportiva-movimenta-capivari-nesta-quinta-feira\/"},"wordCount":732,"publisher":{"@id":"https:\/\/capivari.sp.gov.br\/portal\/#organization"},"image":{"@id":"https:\/\/capivari.sp.gov.br\/portal\/segunda-edicao-da-quinta-esportiva-movimenta-capivari-nesta-quinta-feira\/#primaryimage"},"thumbnailUrl":"https:\/\/capivari.sp.gov.br\/portal\/wp-content\/uploads\/2026\/09\/DJI_20260806193718_0048_D-scaled.jpg","articleSection":["Desenvolvimento Econ\u00f4mico, Turismo e Inova\u00e7\u00e3o","Destaque","Esporte","Geral"],"inLanguage":"pt-BR"},{"@type":"WebPage","@id":"https:\/\/capivari.sp.gov.br\/portal\/segunda-edicao-da-quinta-esportiva-movimenta-capivari-nesta-quinta-feira\/","url":"https:\/\/capivari.sp.gov.br\/portal\/segunda-edicao-da-quinta-esportiva-movimenta-capivari-nesta-quinta-feira\/","name":"Segunda edi\u00e7\u00e3o da Quinta Esportiva movimenta Capivari nesta quinta-feira - Prefeitura de Capivari","isPartOf":{"@id":"https:\/\/capivari.sp.gov.br\/portal\/#website"},"primaryImageOfPage":{"@id":"https:\/\/capivari.sp.gov.br\/portal\/segunda-edicao-da-quinta-esportiva-movimenta-capivari-nesta-quinta-feira\/#primaryimage"},"image":{"@id":"https:\/\/capivari.sp.gov.br\/portal\/segunda-edicao-da-quinta-esportiva-movimenta-capivari-nesta-quinta-feira\/#primaryimage"},"thumbnailUrl":"https:\/\/capivari.sp.gov.br\/portal\/wp-content\/uploads\/2026\/09\/DJI_20260806193718_0048_D-scaled.jpg","datePublished":"2026-09-02T17:25:39+00:00","breadcrumb":{"@id":"https:\/\/capivari.sp.gov.br\/portal\/segunda-edicao-da-quinta-esportiva-movimenta-capivari-nesta-quinta-feira\/#breadcrumb"},"inLanguage":"pt-BR","potentialAction":[{"@type":"ReadAction","target":["https:\/\/capivari.sp.gov.br\/portal\/segunda-edicao-da-quinta-esportiva-movimenta-capivari-nesta-quinta-feira\/"]}]},{"@type":"ImageObject","inLanguage":"pt-BR","@id":"https:\/\/capivari.sp.gov.br\/portal\/segunda-edicao-da-quinta-esportiva-movimenta-capivari-nesta-quinta-feira\/#primaryimage","url":"https:\/\/capivari.sp.gov.br\/portal\/wp-content\/uploads\/2026\/09\/DJI_20260806193718_0048_D-scaled.jpg","contentUrl":"https:\/\/capivari.sp.gov.br\/portal\/wp-content\/uploads\/2026\/09\/DJI_20260806193718_0048_D-scaled.jpg","width":2560,"height":1920,"caption":"default"},{"@type":"BreadcrumbList","@id":"https:\/\/capivari.sp.gov.br\/portal\/segunda-edicao-da-quinta-esportiva-movimenta-capivari-nesta-quinta-feira\/#breadcrumb","itemListElement":[{"@type":"ListItem","position":1,"name":"In\u00edcio","item":"https:\/\/capivari.sp.gov.br\/portal\/"},{"@type":"ListItem","position":2,"name":"Segunda edi\u00e7\u00e3o da Quinta Esportiva movimenta Capivari nesta quinta-feira"}]},{"@type":"WebSite","@id":"https:\/\/capivari.sp.gov.br\/portal\/#website","url":"https:\/\/capivari.sp.gov.br\/portal\/","name":"Prefeitura de Capivari","description":"Prefeitura de Capivari","publisher":{"@id":"https:\/\/capivari.sp.gov.br\/portal\/#organization"},"potentialAction":[{"@type":"SearchAction","target":{"@type":"EntryPoint","urlTemplate":"https:\/\/capivari.sp.gov.br\/portal\/?s={search_term_string}"},"query-input":{"@type":"PropertyValueSpecification","valueRequired":true,"valueName":"search_term_string"}}],"inLanguage":"pt-BR"},{"@type":"Organization","@id":"https:\/\/capivari.sp.gov.br\/portal\/#organization","name":"Prefeitura de Capivari","url":"https:\/\/capivari.sp.gov.br\/portal\/","logo":{"@type":"ImageObject","inLanguage":"pt-BR","@id":"https:\/\/capivari.sp.gov.br\/portal\/#\/schema\/logo\/image\/","url":"https:\/\/capivari.sp.gov.br\/portal\/wp-content\/uploads\/2021\/09\/logo-prefeitura-de-capivari.png","contentUrl":"https:\/\/capivari.sp.gov.br\/portal\/wp-content\/uploads\/2021\/09\/logo-prefeitura-de-capivari.png","width":200,"height":147,"caption":"Prefeitura de Capivari"},"image":{"@id":"https:\/\/capivari.sp.gov.br\/portal\/#\/schema\/logo\/image\/"},"sameAs":["https:\/\/www.facebook.com\/PrefeituradeCapivari\/","https:\/\/x.com\/PrefCapivari","https:\/\/www.instagram.com\/prefeituracapivari\/"]},{"@type":"Person","@id":"https:\/\/capivari.sp.gov.br\/portal\/#\/schema\/person\/98801614a91d449946b0687ae2db9f29","name":"Thalles Cristiano","image":{"@type":"ImageObject","inLanguage":"pt-BR","@id":"https:\/\/secure.gravatar.com\/avatar\/0d1b9a4bdcde99ab11a8cd27abdcd088993749b82c4355c0301135023dc52b3d?s=96&d=mm&r=g","url":"https:\/\/secure.gravatar.com\/avatar\/0d1b9a4bdcde99ab11a8cd27abdcd088993749b82c4355c0301135023dc52b3d?s=96&d=mm&r=g","contentUrl":"https:\/\/secure.gravatar.com\/avatar\/0d1b9a4bdcde99ab11a8cd27abdcd088993749b82c4355c0301135023dc52b3d?s=96&d=mm&r=g","caption":"Thalles Cristiano"},"url":"https:\/\/capivari.sp.gov.br\/portal\/author\/thalles-cristiano\/"}]}},"_links":{"self":[{"href":"https:\/\/capivari.sp.gov.br\/portal\/wp-json\/wp\/v2\/posts\/23776","targetHints":{"allow":["GET"]}}],"collection":[{"href":"https:\/\/capivari.sp.gov.br\/portal\/wp-json\/wp\/v2\/posts"}],"about":[{"href":"https:\/\/capivari.sp.gov.br\/portal\/wp-json\/wp\/v2\/types\/post"}],"author":[{"embeddable":true,"href":"https:\/\/capivari.sp.gov.br\/portal\/wp-json\/wp\/v2\/users\/2"}],"replies":[{"embeddable":true,"href":"https:\/\/capivari.sp.gov.br\/portal\/wp-json\/wp\/v2\/comments?post=23776"}],"version-history":[{"count":1,"href":"https:\/\/capivari.sp.gov.br\/portal\/wp-json\/wp\/v2\/posts\/23776\/revisions"}],"predecessor-version":[{"id":23778,"href":"https:\/\/capivari.sp.gov.br\/portal\/wp-json\/wp\/v2\/posts\/23776\/revisions\/23778"}],"wp:featuredmedia":[{"embeddable":true,"href":"https:\/\/capivari.sp.gov.br\/portal\/wp-json\/wp\/v2\/media\/23777"}],"wp:attachment":[{"href":"https:\/\/capivari.sp.gov.br\/portal\/wp-json\/wp\/v2\/media?parent=23776"}],"wp:term":[{"taxonomy":"category","embeddable":true,"href":"https:\/\/capivari.sp.gov.br\/portal\/wp-json\/wp\/v2\/categories?post=23776"},{"taxonomy":"post_tag","embeddable":true,"href":"https:\/\/capivari.sp.gov.br\/portal\/wp-json\/wp\/v2\/tags?post=23776"}],"curies":[{"name":"wp","href":"https:\/\/api.w.org\/{rel}","templated":true}]}}