{"id":2657,"date":"2022-02-08T11:06:13","date_gmt":"2022-02-08T14:06:13","guid":{"rendered":"https:\/\/capivari.sp.gov.br\/portal\/?p=2657"},"modified":"2022-02-08T11:06:13","modified_gmt":"2022-02-08T14:06:13","slug":"doacoes-para-as-familias-afetadas-pelas-enchentes-comecarao-a-ser-recebidas-em-novos-locais-a-partir-desta-quarta-feira-dia-09","status":"publish","type":"post","link":"https:\/\/capivari.sp.gov.br\/portal\/doacoes-para-as-familias-afetadas-pelas-enchentes-comecarao-a-ser-recebidas-em-novos-locais-a-partir-desta-quarta-feira-dia-09\/","title":{"rendered":"Doa\u00e7\u00f5es para as fam\u00edlias afetadas pelas enchentes come\u00e7ar\u00e3o a ser recebidas em novos locais a partir desta quarta-feira, dia 09"},"content":{"rendered":"<p>A Secretaria de Desenvolvimento Social informa que a partir desta quarta-feira, dia 09, as doa\u00e7\u00f5es para as fam\u00edlias afetadas pelas enchentes dever\u00e3o ser feitas na sede da Secretaria de Desenvolvimento Social, que est\u00e1 localizada na rua Bar\u00e3o do Rio Branco, 361, no Centro, ou na nova sede da Secretaria da Educa\u00e7\u00e3o, que est\u00e1 localizada na rua Pedro Stucchi (pr\u00f3ximo \u00e0 sede da ACIC). A altera\u00e7\u00e3o de endere\u00e7o foi necess\u00e1ria devido ao retorno das aulas na Rede Municipal de Ensino.<\/p>\n<p>A Secretaria refor\u00e7a que n\u00e3o est\u00e1 mais aceitando doa\u00e7\u00e3o de roupas, pois j\u00e1 foi arrecadado uma grande quantia que j\u00e1 ajudar\u00e1 as fam\u00edlias. No momento, h\u00e1 necessidade de arrecadar \u00f3leo, a\u00e7\u00facar, p\u00f3 de caf\u00e9, roupas \u00edntimas e meias.<\/p>\n<p>Para mais informa\u00e7\u00f5es, entre em contato com o Desenvolvimento Social pelo telefone (19) 3492-7184.<\/p>\n","protected":false},"excerpt":{"rendered":"<p>A Secretaria de Desenvolvimento Social informa que a partir desta quarta-feira, dia 09, as doa\u00e7\u00f5es para as fam\u00edlias afetadas pelas enchentes dever\u00e3o ser feitas na sede da Secretaria de Desenvolvimento Social, que est\u00e1 localizada na rua Bar\u00e3o do Rio Branco, 361, no Centro, ou na nova sede da Secretaria da Educa\u00e7\u00e3o, que est\u00e1 localizada na [&hellip;]<\/p>\n","protected":false},"author":3,"featured_media":2598,"comment_status":"open","ping_status":"open","sticky":false,"template":"","format":"standard","meta":{"ocean_post_layout":"","ocean_both_sidebars_style":"","ocean_both_sidebars_content_width":0,"ocean_both_sidebars_sidebars_width":0,"ocean_sidebar":"0","ocean_second_sidebar":"0","ocean_disable_margins":"enable","ocean_add_body_class":"","ocean_shortcode_before_top_bar":"","ocean_shortcode_after_top_bar":"","ocean_shortcode_before_header":"","ocean_shortcode_after_header":"","ocean_has_shortcode":"","ocean_shortcode_after_title":"","ocean_shortcode_before_footer_widgets":"","ocean_shortcode_after_footer_widgets":"","ocean_shortcode_before_footer_bottom":"","ocean_shortcode_after_footer_bottom":"","ocean_display_top_bar":"default","ocean_display_header":"default","ocean_header_style":"","ocean_center_header_left_menu":"0","ocean_custom_header_template":"0","ocean_custom_logo":0,"ocean_custom_retina_logo":0,"ocean_custom_logo_max_width":0,"ocean_custom_logo_tablet_max_width":0,"ocean_custom_logo_mobile_max_width":0,"ocean_custom_logo_max_height":0,"ocean_custom_logo_tablet_max_height":0,"ocean_custom_logo_mobile_max_height":0,"ocean_header_custom_menu":"0","ocean_menu_typo_font_family":"0","ocean_menu_typo_font_subset":"","ocean_menu_typo_font_size":0,"ocean_menu_typo_font_size_tablet":0,"ocean_menu_typo_font_size_mobile":0,"ocean_menu_typo_font_size_unit":"px","ocean_menu_typo_font_weight":"","ocean_menu_typo_font_weight_tablet":"","ocean_menu_typo_font_weight_mobile":"","ocean_menu_typo_transform":"","ocean_menu_typo_transform_tablet":"","ocean_menu_typo_transform_mobile":"","ocean_menu_typo_line_height":0,"ocean_menu_typo_line_height_tablet":0,"ocean_menu_typo_line_height_mobile":0,"ocean_menu_typo_line_height_unit":"","ocean_menu_typo_spacing":0,"ocean_menu_typo_spacing_tablet":0,"ocean_menu_typo_spacing_mobile":0,"ocean_menu_typo_spacing_unit":"","ocean_menu_link_color":"","ocean_menu_link_color_hover":"","ocean_menu_link_color_active":"","ocean_menu_link_background":"","ocean_menu_link_hover_background":"","ocean_menu_link_active_background":"","ocean_menu_social_links_bg":"","ocean_menu_social_hover_links_bg":"","ocean_menu_social_links_color":"","ocean_menu_social_hover_links_color":"","ocean_disable_title":"default","ocean_disable_heading":"default","ocean_post_title":"","ocean_post_subheading":"","ocean_post_title_style":"","ocean_post_title_background_color":"","ocean_post_title_background":0,"ocean_post_title_bg_image_position":"","ocean_post_title_bg_image_attachment":"","ocean_post_title_bg_image_repeat":"","ocean_post_title_bg_image_size":"","ocean_post_title_height":0,"ocean_post_title_bg_overlay":0.5,"ocean_post_title_bg_overlay_color":"","ocean_disable_breadcrumbs":"default","ocean_breadcrumbs_color":"","ocean_breadcrumbs_separator_color":"","ocean_breadcrumbs_links_color":"","ocean_breadcrumbs_links_hover_color":"","ocean_display_footer_widgets":"default","ocean_display_footer_bottom":"default","ocean_custom_footer_template":"0","ocean_post_oembed":"","ocean_post_self_hosted_media":"","ocean_post_video_embed":"","ocean_link_format":"","ocean_link_format_target":"self","ocean_quote_format":"","ocean_quote_format_link":"post","ocean_gallery_link_images":"off","ocean_gallery_id":[],"footnotes":""},"categories":[19,4,5],"tags":[],"class_list":["post-2657","post","type-post","status-publish","format-standard","has-post-thumbnail","hentry","category-desenvolvimento-social","category-destaque","category-geral","entry","has-media"],"yoast_head":"<!-- This site is optimized with the Yoast SEO plugin v27.4 - https:\/\/yoast.com\/product\/yoast-seo-wordpress\/ -->\n<title>Doa\u00e7\u00f5es para as fam\u00edlias afetadas pelas enchentes come\u00e7ar\u00e3o a ser recebidas em novos locais a partir desta quarta-feira, dia 09 - Prefeitura de Capivari<\/title>\n<meta name=\"robots\" content=\"index, follow, max-snippet:-1, max-image-preview:large, max-video-preview:-1\" \/>\n<link rel=\"canonical\" href=\"https:\/\/capivari.sp.gov.br\/portal\/doacoes-para-as-familias-afetadas-pelas-enchentes-comecarao-a-ser-recebidas-em-novos-locais-a-partir-desta-quarta-feira-dia-09\/\" \/>\n<meta property=\"og:locale\" content=\"pt_BR\" \/>\n<meta property=\"og:type\" content=\"article\" \/>\n<meta property=\"og:title\" content=\"Doa\u00e7\u00f5es para as fam\u00edlias afetadas pelas enchentes come\u00e7ar\u00e3o a ser recebidas em novos locais a partir desta quarta-feira, dia 09 - Prefeitura de Capivari\" \/>\n<meta property=\"og:description\" content=\"A Secretaria de Desenvolvimento Social informa que a partir desta quarta-feira, dia 09, as doa\u00e7\u00f5es para as fam\u00edlias afetadas pelas enchentes dever\u00e3o ser feitas na sede da Secretaria de Desenvolvimento Social, que est\u00e1 localizada na rua Bar\u00e3o do Rio Branco, 361, no Centro, ou na nova sede da Secretaria da Educa\u00e7\u00e3o, que est\u00e1 localizada na [&hellip;]\" \/>\n<meta property=\"og:url\" content=\"https:\/\/capivari.sp.gov.br\/portal\/doacoes-para-as-familias-afetadas-pelas-enchentes-comecarao-a-ser-recebidas-em-novos-locais-a-partir-desta-quarta-feira-dia-09\/\" \/>\n<meta property=\"og:site_name\" content=\"Prefeitura de Capivari\" \/>\n<meta property=\"article:publisher\" content=\"https:\/\/www.facebook.com\/PrefeituradeCapivari\/\" \/>\n<meta property=\"article:published_time\" content=\"2022-02-08T14:06:13+00:00\" \/>\n<meta property=\"og:image\" content=\"https:\/\/capivari.sp.gov.br\/portal\/wp-content\/uploads\/2022\/02\/IMG_9520-scaled.jpg\" \/>\n\t<meta property=\"og:image:width\" content=\"2560\" \/>\n\t<meta property=\"og:image:height\" content=\"1707\" \/>\n\t<meta property=\"og:image:type\" content=\"image\/jpeg\" \/>\n<meta name=\"author\" content=\"Rafaella Uvini\" \/>\n<meta name=\"twitter:card\" content=\"summary_large_image\" \/>\n<meta name=\"twitter:creator\" content=\"@PrefCapivari\" \/>\n<meta name=\"twitter:site\" content=\"@PrefCapivari\" \/>\n<meta name=\"twitter:label1\" content=\"Escrito por\" \/>\n\t<meta name=\"twitter:data1\" content=\"Rafaella Uvini\" \/>\n\t<meta name=\"twitter:label2\" content=\"Est. tempo de leitura\" \/>\n\t<meta name=\"twitter:data2\" content=\"1 minuto\" \/>\n<script type=\"application\/ld+json\" class=\"yoast-schema-graph\">{\"@context\":\"https:\\\/\\\/schema.org\",\"@graph\":[{\"@type\":\"Article\",\"@id\":\"https:\\\/\\\/capivari.sp.gov.br\\\/portal\\\/doacoes-para-as-familias-afetadas-pelas-enchentes-comecarao-a-ser-recebidas-em-novos-locais-a-partir-desta-quarta-feira-dia-09\\\/#article\",\"isPartOf\":{\"@id\":\"https:\\\/\\\/capivari.sp.gov.br\\\/portal\\\/doacoes-para-as-familias-afetadas-pelas-enchentes-comecarao-a-ser-recebidas-em-novos-locais-a-partir-desta-quarta-feira-dia-09\\\/\"},\"author\":{\"name\":\"Rafaella Uvini\",\"@id\":\"https:\\\/\\\/capivari.sp.gov.br\\\/portal\\\/#\\\/schema\\\/person\\\/d7b1048525ce907b55245fe0fcaea2e5\"},\"headline\":\"Doa\u00e7\u00f5es para as fam\u00edlias afetadas pelas enchentes come\u00e7ar\u00e3o a ser recebidas em novos locais a partir desta quarta-feira, dia 09\",\"datePublished\":\"2022-02-08T14:06:13+00:00\",\"mainEntityOfPage\":{\"@id\":\"https:\\\/\\\/capivari.sp.gov.br\\\/portal\\\/doacoes-para-as-familias-afetadas-pelas-enchentes-comecarao-a-ser-recebidas-em-novos-locais-a-partir-desta-quarta-feira-dia-09\\\/\"},\"wordCount\":165,\"commentCount\":0,\"publisher\":{\"@id\":\"https:\\\/\\\/capivari.sp.gov.br\\\/portal\\\/#organization\"},\"image\":{\"@id\":\"https:\\\/\\\/capivari.sp.gov.br\\\/portal\\\/doacoes-para-as-familias-afetadas-pelas-enchentes-comecarao-a-ser-recebidas-em-novos-locais-a-partir-desta-quarta-feira-dia-09\\\/#primaryimage\"},\"thumbnailUrl\":\"https:\\\/\\\/capivari.sp.gov.br\\\/portal\\\/wp-content\\\/uploads\\\/2022\\\/02\\\/IMG_9520-scaled.jpg\",\"articleSection\":[\"Desenvolvimento Social\",\"Destaque\",\"Geral\"],\"inLanguage\":\"pt-BR\",\"potentialAction\":[{\"@type\":\"CommentAction\",\"name\":\"Comment\",\"target\":[\"https:\\\/\\\/capivari.sp.gov.br\\\/portal\\\/doacoes-para-as-familias-afetadas-pelas-enchentes-comecarao-a-ser-recebidas-em-novos-locais-a-partir-desta-quarta-feira-dia-09\\\/#respond\"]}]},{\"@type\":\"WebPage\",\"@id\":\"https:\\\/\\\/capivari.sp.gov.br\\\/portal\\\/doacoes-para-as-familias-afetadas-pelas-enchentes-comecarao-a-ser-recebidas-em-novos-locais-a-partir-desta-quarta-feira-dia-09\\\/\",\"url\":\"https:\\\/\\\/capivari.sp.gov.br\\\/portal\\\/doacoes-para-as-familias-afetadas-pelas-enchentes-comecarao-a-ser-recebidas-em-novos-locais-a-partir-desta-quarta-feira-dia-09\\\/\",\"name\":\"Doa\u00e7\u00f5es para as fam\u00edlias afetadas pelas enchentes come\u00e7ar\u00e3o a ser recebidas em novos locais a partir desta quarta-feira, dia 09 - Prefeitura de Capivari\",\"isPartOf\":{\"@id\":\"https:\\\/\\\/capivari.sp.gov.br\\\/portal\\\/#website\"},\"primaryImageOfPage\":{\"@id\":\"https:\\\/\\\/capivari.sp.gov.br\\\/portal\\\/doacoes-para-as-familias-afetadas-pelas-enchentes-comecarao-a-ser-recebidas-em-novos-locais-a-partir-desta-quarta-feira-dia-09\\\/#primaryimage\"},\"image\":{\"@id\":\"https:\\\/\\\/capivari.sp.gov.br\\\/portal\\\/doacoes-para-as-familias-afetadas-pelas-enchentes-comecarao-a-ser-recebidas-em-novos-locais-a-partir-desta-quarta-feira-dia-09\\\/#primaryimage\"},\"thumbnailUrl\":\"https:\\\/\\\/capivari.sp.gov.br\\\/portal\\\/wp-content\\\/uploads\\\/2022\\\/02\\\/IMG_9520-scaled.jpg\",\"datePublished\":\"2022-02-08T14:06:13+00:00\",\"breadcrumb\":{\"@id\":\"https:\\\/\\\/capivari.sp.gov.br\\\/portal\\\/doacoes-para-as-familias-afetadas-pelas-enchentes-comecarao-a-ser-recebidas-em-novos-locais-a-partir-desta-quarta-feira-dia-09\\\/#breadcrumb\"},\"inLanguage\":\"pt-BR\",\"potentialAction\":[{\"@type\":\"ReadAction\",\"target\":[\"https:\\\/\\\/capivari.sp.gov.br\\\/portal\\\/doacoes-para-as-familias-afetadas-pelas-enchentes-comecarao-a-ser-recebidas-em-novos-locais-a-partir-desta-quarta-feira-dia-09\\\/\"]}]},{\"@type\":\"ImageObject\",\"inLanguage\":\"pt-BR\",\"@id\":\"https:\\\/\\\/capivari.sp.gov.br\\\/portal\\\/doacoes-para-as-familias-afetadas-pelas-enchentes-comecarao-a-ser-recebidas-em-novos-locais-a-partir-desta-quarta-feira-dia-09\\\/#primaryimage\",\"url\":\"https:\\\/\\\/capivari.sp.gov.br\\\/portal\\\/wp-content\\\/uploads\\\/2022\\\/02\\\/IMG_9520-scaled.jpg\",\"contentUrl\":\"https:\\\/\\\/capivari.sp.gov.br\\\/portal\\\/wp-content\\\/uploads\\\/2022\\\/02\\\/IMG_9520-scaled.jpg\",\"width\":2560,\"height\":1707},{\"@type\":\"BreadcrumbList\",\"@id\":\"https:\\\/\\\/capivari.sp.gov.br\\\/portal\\\/doacoes-para-as-familias-afetadas-pelas-enchentes-comecarao-a-ser-recebidas-em-novos-locais-a-partir-desta-quarta-feira-dia-09\\\/#breadcrumb\",\"itemListElement\":[{\"@type\":\"ListItem\",\"position\":1,\"name\":\"In\u00edcio\",\"item\":\"https:\\\/\\\/capivari.sp.gov.br\\\/portal\\\/\"},{\"@type\":\"ListItem\",\"position\":2,\"name\":\"Doa\u00e7\u00f5es para as fam\u00edlias afetadas pelas enchentes come\u00e7ar\u00e3o a ser recebidas em novos locais a partir desta quarta-feira, dia 09\"}]},{\"@type\":\"WebSite\",\"@id\":\"https:\\\/\\\/capivari.sp.gov.br\\\/portal\\\/#website\",\"url\":\"https:\\\/\\\/capivari.sp.gov.br\\\/portal\\\/\",\"name\":\"Prefeitura de Capivari\",\"description\":\"Prefeitura de Capivari\",\"publisher\":{\"@id\":\"https:\\\/\\\/capivari.sp.gov.br\\\/portal\\\/#organization\"},\"potentialAction\":[{\"@type\":\"SearchAction\",\"target\":{\"@type\":\"EntryPoint\",\"urlTemplate\":\"https:\\\/\\\/capivari.sp.gov.br\\\/portal\\\/?s={search_term_string}\"},\"query-input\":{\"@type\":\"PropertyValueSpecification\",\"valueRequired\":true,\"valueName\":\"search_term_string\"}}],\"inLanguage\":\"pt-BR\"},{\"@type\":\"Organization\",\"@id\":\"https:\\\/\\\/capivari.sp.gov.br\\\/portal\\\/#organization\",\"name\":\"Prefeitura de Capivari\",\"url\":\"https:\\\/\\\/capivari.sp.gov.br\\\/portal\\\/\",\"logo\":{\"@type\":\"ImageObject\",\"inLanguage\":\"pt-BR\",\"@id\":\"https:\\\/\\\/capivari.sp.gov.br\\\/portal\\\/#\\\/schema\\\/logo\\\/image\\\/\",\"url\":\"https:\\\/\\\/capivari.sp.gov.br\\\/portal\\\/wp-content\\\/uploads\\\/2021\\\/09\\\/logo-prefeitura-de-capivari.png\",\"contentUrl\":\"https:\\\/\\\/capivari.sp.gov.br\\\/portal\\\/wp-content\\\/uploads\\\/2021\\\/09\\\/logo-prefeitura-de-capivari.png\",\"width\":200,\"height\":147,\"caption\":\"Prefeitura de Capivari\"},\"image\":{\"@id\":\"https:\\\/\\\/capivari.sp.gov.br\\\/portal\\\/#\\\/schema\\\/logo\\\/image\\\/\"},\"sameAs\":[\"https:\\\/\\\/www.facebook.com\\\/PrefeituradeCapivari\\\/\",\"https:\\\/\\\/x.com\\\/PrefCapivari\",\"https:\\\/\\\/www.instagram.com\\\/prefeituracapivari\\\/\"]},{\"@type\":\"Person\",\"@id\":\"https:\\\/\\\/capivari.sp.gov.br\\\/portal\\\/#\\\/schema\\\/person\\\/d7b1048525ce907b55245fe0fcaea2e5\",\"name\":\"Rafaella Uvini\",\"image\":{\"@type\":\"ImageObject\",\"inLanguage\":\"pt-BR\",\"@id\":\"https:\\\/\\\/secure.gravatar.com\\\/avatar\\\/698757f92517b418dbefa88732eb599ad7eed21dcca72e22815a04b2d6270e91?s=96&d=mm&r=g\",\"url\":\"https:\\\/\\\/secure.gravatar.com\\\/avatar\\\/698757f92517b418dbefa88732eb599ad7eed21dcca72e22815a04b2d6270e91?s=96&d=mm&r=g\",\"contentUrl\":\"https:\\\/\\\/secure.gravatar.com\\\/avatar\\\/698757f92517b418dbefa88732eb599ad7eed21dcca72e22815a04b2d6270e91?s=96&d=mm&r=g\",\"caption\":\"Rafaella Uvini\"},\"url\":\"https:\\\/\\\/capivari.sp.gov.br\\\/portal\\\/author\\\/rafaella-uvini\\\/\"}]}<\/script>\n<!-- \/ Yoast SEO plugin. -->","yoast_head_json":{"title":"Doa\u00e7\u00f5es para as fam\u00edlias afetadas pelas enchentes come\u00e7ar\u00e3o a ser recebidas em novos locais a partir desta quarta-feira, dia 09 - Prefeitura de Capivari","robots":{"index":"index","follow":"follow","max-snippet":"max-snippet:-1","max-image-preview":"max-image-preview:large","max-video-preview":"max-video-preview:-1"},"canonical":"https:\/\/capivari.sp.gov.br\/portal\/doacoes-para-as-familias-afetadas-pelas-enchentes-comecarao-a-ser-recebidas-em-novos-locais-a-partir-desta-quarta-feira-dia-09\/","og_locale":"pt_BR","og_type":"article","og_title":"Doa\u00e7\u00f5es para as fam\u00edlias afetadas pelas enchentes come\u00e7ar\u00e3o a ser recebidas em novos locais a partir desta quarta-feira, dia 09 - Prefeitura de Capivari","og_description":"A Secretaria de Desenvolvimento Social informa que a partir desta quarta-feira, dia 09, as doa\u00e7\u00f5es para as fam\u00edlias afetadas pelas enchentes dever\u00e3o ser feitas na sede da Secretaria de Desenvolvimento Social, que est\u00e1 localizada na rua Bar\u00e3o do Rio Branco, 361, no Centro, ou na nova sede da Secretaria da Educa\u00e7\u00e3o, que est\u00e1 localizada na [&hellip;]","og_url":"https:\/\/capivari.sp.gov.br\/portal\/doacoes-para-as-familias-afetadas-pelas-enchentes-comecarao-a-ser-recebidas-em-novos-locais-a-partir-desta-quarta-feira-dia-09\/","og_site_name":"Prefeitura de Capivari","article_publisher":"https:\/\/www.facebook.com\/PrefeituradeCapivari\/","article_published_time":"2022-02-08T14:06:13+00:00","og_image":[{"width":2560,"height":1707,"url":"https:\/\/capivari.sp.gov.br\/portal\/wp-content\/uploads\/2022\/02\/IMG_9520-scaled.jpg","type":"image\/jpeg"}],"author":"Rafaella Uvini","twitter_card":"summary_large_image","twitter_creator":"@PrefCapivari","twitter_site":"@PrefCapivari","twitter_misc":{"Escrito por":"Rafaella Uvini","Est. tempo de leitura":"1 minuto"},"schema":{"@context":"https:\/\/schema.org","@graph":[{"@type":"Article","@id":"https:\/\/capivari.sp.gov.br\/portal\/doacoes-para-as-familias-afetadas-pelas-enchentes-comecarao-a-ser-recebidas-em-novos-locais-a-partir-desta-quarta-feira-dia-09\/#article","isPartOf":{"@id":"https:\/\/capivari.sp.gov.br\/portal\/doacoes-para-as-familias-afetadas-pelas-enchentes-comecarao-a-ser-recebidas-em-novos-locais-a-partir-desta-quarta-feira-dia-09\/"},"author":{"name":"Rafaella Uvini","@id":"https:\/\/capivari.sp.gov.br\/portal\/#\/schema\/person\/d7b1048525ce907b55245fe0fcaea2e5"},"headline":"Doa\u00e7\u00f5es para as fam\u00edlias afetadas pelas enchentes come\u00e7ar\u00e3o a ser recebidas em novos locais a partir desta quarta-feira, dia 09","datePublished":"2022-02-08T14:06:13+00:00","mainEntityOfPage":{"@id":"https:\/\/capivari.sp.gov.br\/portal\/doacoes-para-as-familias-afetadas-pelas-enchentes-comecarao-a-ser-recebidas-em-novos-locais-a-partir-desta-quarta-feira-dia-09\/"},"wordCount":165,"commentCount":0,"publisher":{"@id":"https:\/\/capivari.sp.gov.br\/portal\/#organization"},"image":{"@id":"https:\/\/capivari.sp.gov.br\/portal\/doacoes-para-as-familias-afetadas-pelas-enchentes-comecarao-a-ser-recebidas-em-novos-locais-a-partir-desta-quarta-feira-dia-09\/#primaryimage"},"thumbnailUrl":"https:\/\/capivari.sp.gov.br\/portal\/wp-content\/uploads\/2022\/02\/IMG_9520-scaled.jpg","articleSection":["Desenvolvimento Social","Destaque","Geral"],"inLanguage":"pt-BR","potentialAction":[{"@type":"CommentAction","name":"Comment","target":["https:\/\/capivari.sp.gov.br\/portal\/doacoes-para-as-familias-afetadas-pelas-enchentes-comecarao-a-ser-recebidas-em-novos-locais-a-partir-desta-quarta-feira-dia-09\/#respond"]}]},{"@type":"WebPage","@id":"https:\/\/capivari.sp.gov.br\/portal\/doacoes-para-as-familias-afetadas-pelas-enchentes-comecarao-a-ser-recebidas-em-novos-locais-a-partir-desta-quarta-feira-dia-09\/","url":"https:\/\/capivari.sp.gov.br\/portal\/doacoes-para-as-familias-afetadas-pelas-enchentes-comecarao-a-ser-recebidas-em-novos-locais-a-partir-desta-quarta-feira-dia-09\/","name":"Doa\u00e7\u00f5es para as fam\u00edlias afetadas pelas enchentes come\u00e7ar\u00e3o a ser recebidas em novos locais a partir desta quarta-feira, dia 09 - Prefeitura de Capivari","isPartOf":{"@id":"https:\/\/capivari.sp.gov.br\/portal\/#website"},"primaryImageOfPage":{"@id":"https:\/\/capivari.sp.gov.br\/portal\/doacoes-para-as-familias-afetadas-pelas-enchentes-comecarao-a-ser-recebidas-em-novos-locais-a-partir-desta-quarta-feira-dia-09\/#primaryimage"},"image":{"@id":"https:\/\/capivari.sp.gov.br\/portal\/doacoes-para-as-familias-afetadas-pelas-enchentes-comecarao-a-ser-recebidas-em-novos-locais-a-partir-desta-quarta-feira-dia-09\/#primaryimage"},"thumbnailUrl":"https:\/\/capivari.sp.gov.br\/portal\/wp-content\/uploads\/2022\/02\/IMG_9520-scaled.jpg","datePublished":"2022-02-08T14:06:13+00:00","breadcrumb":{"@id":"https:\/\/capivari.sp.gov.br\/portal\/doacoes-para-as-familias-afetadas-pelas-enchentes-comecarao-a-ser-recebidas-em-novos-locais-a-partir-desta-quarta-feira-dia-09\/#breadcrumb"},"inLanguage":"pt-BR","potentialAction":[{"@type":"ReadAction","target":["https:\/\/capivari.sp.gov.br\/portal\/doacoes-para-as-familias-afetadas-pelas-enchentes-comecarao-a-ser-recebidas-em-novos-locais-a-partir-desta-quarta-feira-dia-09\/"]}]},{"@type":"ImageObject","inLanguage":"pt-BR","@id":"https:\/\/capivari.sp.gov.br\/portal\/doacoes-para-as-familias-afetadas-pelas-enchentes-comecarao-a-ser-recebidas-em-novos-locais-a-partir-desta-quarta-feira-dia-09\/#primaryimage","url":"https:\/\/capivari.sp.gov.br\/portal\/wp-content\/uploads\/2022\/02\/IMG_9520-scaled.jpg","contentUrl":"https:\/\/capivari.sp.gov.br\/portal\/wp-content\/uploads\/2022\/02\/IMG_9520-scaled.jpg","width":2560,"height":1707},{"@type":"BreadcrumbList","@id":"https:\/\/capivari.sp.gov.br\/portal\/doacoes-para-as-familias-afetadas-pelas-enchentes-comecarao-a-ser-recebidas-em-novos-locais-a-partir-desta-quarta-feira-dia-09\/#breadcrumb","itemListElement":[{"@type":"ListItem","position":1,"name":"In\u00edcio","item":"https:\/\/capivari.sp.gov.br\/portal\/"},{"@type":"ListItem","position":2,"name":"Doa\u00e7\u00f5es para as fam\u00edlias afetadas pelas enchentes come\u00e7ar\u00e3o a ser recebidas em novos locais a partir desta quarta-feira, dia 09"}]},{"@type":"WebSite","@id":"https:\/\/capivari.sp.gov.br\/portal\/#website","url":"https:\/\/capivari.sp.gov.br\/portal\/","name":"Prefeitura de Capivari","description":"Prefeitura de Capivari","publisher":{"@id":"https:\/\/capivari.sp.gov.br\/portal\/#organization"},"potentialAction":[{"@type":"SearchAction","target":{"@type":"EntryPoint","urlTemplate":"https:\/\/capivari.sp.gov.br\/portal\/?s={search_term_string}"},"query-input":{"@type":"PropertyValueSpecification","valueRequired":true,"valueName":"search_term_string"}}],"inLanguage":"pt-BR"},{"@type":"Organization","@id":"https:\/\/capivari.sp.gov.br\/portal\/#organization","name":"Prefeitura de Capivari","url":"https:\/\/capivari.sp.gov.br\/portal\/","logo":{"@type":"ImageObject","inLanguage":"pt-BR","@id":"https:\/\/capivari.sp.gov.br\/portal\/#\/schema\/logo\/image\/","url":"https:\/\/capivari.sp.gov.br\/portal\/wp-content\/uploads\/2021\/09\/logo-prefeitura-de-capivari.png","contentUrl":"https:\/\/capivari.sp.gov.br\/portal\/wp-content\/uploads\/2021\/09\/logo-prefeitura-de-capivari.png","width":200,"height":147,"caption":"Prefeitura de Capivari"},"image":{"@id":"https:\/\/capivari.sp.gov.br\/portal\/#\/schema\/logo\/image\/"},"sameAs":["https:\/\/www.facebook.com\/PrefeituradeCapivari\/","https:\/\/x.com\/PrefCapivari","https:\/\/www.instagram.com\/prefeituracapivari\/"]},{"@type":"Person","@id":"https:\/\/capivari.sp.gov.br\/portal\/#\/schema\/person\/d7b1048525ce907b55245fe0fcaea2e5","name":"Rafaella Uvini","image":{"@type":"ImageObject","inLanguage":"pt-BR","@id":"https:\/\/secure.gravatar.com\/avatar\/698757f92517b418dbefa88732eb599ad7eed21dcca72e22815a04b2d6270e91?s=96&d=mm&r=g","url":"https:\/\/secure.gravatar.com\/avatar\/698757f92517b418dbefa88732eb599ad7eed21dcca72e22815a04b2d6270e91?s=96&d=mm&r=g","contentUrl":"https:\/\/secure.gravatar.com\/avatar\/698757f92517b418dbefa88732eb599ad7eed21dcca72e22815a04b2d6270e91?s=96&d=mm&r=g","caption":"Rafaella Uvini"},"url":"https:\/\/capivari.sp.gov.br\/portal\/author\/rafaella-uvini\/"}]}},"_links":{"self":[{"href":"https:\/\/capivari.sp.gov.br\/portal\/wp-json\/wp\/v2\/posts\/2657","targetHints":{"allow":["GET"]}}],"collection":[{"href":"https:\/\/capivari.sp.gov.br\/portal\/wp-json\/wp\/v2\/posts"}],"about":[{"href":"https:\/\/capivari.sp.gov.br\/portal\/wp-json\/wp\/v2\/types\/post"}],"author":[{"embeddable":true,"href":"https:\/\/capivari.sp.gov.br\/portal\/wp-json\/wp\/v2\/users\/3"}],"replies":[{"embeddable":true,"href":"https:\/\/capivari.sp.gov.br\/portal\/wp-json\/wp\/v2\/comments?post=2657"}],"version-history":[{"count":2,"href":"https:\/\/capivari.sp.gov.br\/portal\/wp-json\/wp\/v2\/posts\/2657\/revisions"}],"predecessor-version":[{"id":2659,"href":"https:\/\/capivari.sp.gov.br\/portal\/wp-json\/wp\/v2\/posts\/2657\/revisions\/2659"}],"wp:featuredmedia":[{"embeddable":true,"href":"https:\/\/capivari.sp.gov.br\/portal\/wp-json\/wp\/v2\/media\/2598"}],"wp:attachment":[{"href":"https:\/\/capivari.sp.gov.br\/portal\/wp-json\/wp\/v2\/media?parent=2657"}],"wp:term":[{"taxonomy":"category","embeddable":true,"href":"https:\/\/capivari.sp.gov.br\/portal\/wp-json\/wp\/v2\/categories?post=2657"},{"taxonomy":"post_tag","embeddable":true,"href":"https:\/\/capivari.sp.gov.br\/portal\/wp-json\/wp\/v2\/tags?post=2657"}],"curies":[{"name":"wp","href":"https:\/\/api.w.org\/{rel}","templated":true}]}}