{"id":3217,"date":"2022-03-22T12:38:59","date_gmt":"2022-03-22T15:38:59","guid":{"rendered":"https:\/\/capivari.sp.gov.br\/portal\/?p=3217"},"modified":"2022-03-23T08:24:47","modified_gmt":"2022-03-23T11:24:47","slug":"distribuicao-de-cestas-basicas-para-familias-atingidas-pelas-enchentes-encerram-nesta-terca-feira-dia-22","status":"publish","type":"post","link":"https:\/\/capivari.sp.gov.br\/portal\/distribuicao-de-cestas-basicas-para-familias-atingidas-pelas-enchentes-encerram-nesta-terca-feira-dia-22\/","title":{"rendered":"Distribui\u00e7\u00e3o de cestas b\u00e1sicas para fam\u00edlias atingidas pelas enchentes encerram nesta ter\u00e7a-feira, dia 22"},"content":{"rendered":"<p>A Secretaria de Desenvolvimento Social informa que a distribui\u00e7\u00e3o de cestas b\u00e1sicas, distribu\u00eddas para as fam\u00edlias atingidas pelas enchentes, encerram nesta ter\u00e7a-feira, dia 22. O atendimento acontece das 8h \u00e0s 17h.<\/p>\n<p>Fam\u00edlias moradoras da avenida Duque de Caxias, avenida Dom Pedro I, rua Juventino Antunes de Moraes, rua Carlos de Toledo Piza, avenida Benedito M. de Camargo e rua Alcides Pires de Campos, do Cancian, devem retirar na sede da Secretaria, que est\u00e1 localizada na rua Bar\u00e3o do Rio Branco, 361, no Centro.<\/p>\n<p>A partir desta quarta-feira, dia 23, as fam\u00edlias em situa\u00e7\u00e3o de vulnerabilidade, dever\u00e3o procurar pela unidade CRAS mais pr\u00f3xima do seu bairro, ou a Secretaria de Desenvolvimento Social, para que as assistentes sociais possam atender e acompanhar a situa\u00e7\u00e3o.<\/p>\n<p>O Cras Conviver, que est\u00e1 localizado na avenida Josefina Giovana Rossi, 1000, no bairro Ribeir\u00e3o, atende a popula\u00e7\u00e3o dos bairros Bonag\u00fario I e II, Bosque dos Pinheiros, Cer\u00e2mica Batagin, Jardim Branyl, Jardim do Bosque, Rossi, Ribeir\u00e3o, S\u00e3o Pedro, S\u00e3o Jo\u00e3o, Pinhalzinho, S\u00e3o Lu\u00eds, Usina Bom Retiro, Santa Rita de C\u00e1ssia, Vila Balan, Castelani, Juventus, Vila Clemente, Baterra, Cara\u00e7a, Ismael Sanches, Jardim Imperial, Lot. S\u00e3o Benedito, Po\u00e7o Artesiano, Santa Helena, Rod. do A\u00e7\u00facar, Santa Rita do Trevo, Vila Cardoso e Vila do Carmo. Os telefones s\u00e3o (19) 3491-1645 e (19) 3492-7165.<\/p>\n<p>O Cras Cidadania est\u00e1 localizado na rua Prof\u00aa Dulcina Bartolomeu Hoppe, 78, no bairro Santo Ant\u00f4nio e atende a popula\u00e7\u00e3o dos bairros Santa Teresa D&#8217;\u00c1vila, Engenho Velho, Santo Ant\u00f4nio, S\u00e3o Jos\u00e9, Loteamento S\u00edtio S\u00e3o Jos\u00e9, Vila Izildinha, Castelani, Raia, G\u00eanova, S\u00edtio Pagotto, Morro Amarelo, Ch\u00e1cara Jaragu\u00e1 e Loteamento Jardim Jatob\u00e1. Os telefones s\u00e3o (19) 3491-5495 e (19) 3492-7163.<\/p>\n<p>&nbsp;<\/p>\n<p>A Secretaria de Desenvolvimento Social atende os demais bairros do munic\u00edpio. Os telefones s\u00e3o (19) 3492-7144 e (19) 3492-7184.<\/p>\n","protected":false},"excerpt":{"rendered":"<p>A Secretaria de Desenvolvimento Social informa que a distribui\u00e7\u00e3o de cestas b\u00e1sicas, distribu\u00eddas para as fam\u00edlias atingidas pelas enchentes, encerram nesta ter\u00e7a-feira, dia 22. O atendimento acontece das 8h \u00e0s 17h. Fam\u00edlias moradoras da avenida Duque de Caxias, avenida Dom Pedro I, rua Juventino Antunes de Moraes, rua Carlos de Toledo Piza, avenida Benedito M. [&hellip;]<\/p>\n","protected":false},"author":3,"featured_media":3218,"comment_status":"open","ping_status":"open","sticky":false,"template":"","format":"standard","meta":{"ocean_post_layout":"","ocean_both_sidebars_style":"","ocean_both_sidebars_content_width":0,"ocean_both_sidebars_sidebars_width":0,"ocean_sidebar":"0","ocean_second_sidebar":"0","ocean_disable_margins":"enable","ocean_add_body_class":"","ocean_shortcode_before_top_bar":"","ocean_shortcode_after_top_bar":"","ocean_shortcode_before_header":"","ocean_shortcode_after_header":"","ocean_has_shortcode":"","ocean_shortcode_after_title":"","ocean_shortcode_before_footer_widgets":"","ocean_shortcode_after_footer_widgets":"","ocean_shortcode_before_footer_bottom":"","ocean_shortcode_after_footer_bottom":"","ocean_display_top_bar":"default","ocean_display_header":"default","ocean_header_style":"","ocean_center_header_left_menu":"0","ocean_custom_header_template":"0","ocean_custom_logo":0,"ocean_custom_retina_logo":0,"ocean_custom_logo_max_width":0,"ocean_custom_logo_tablet_max_width":0,"ocean_custom_logo_mobile_max_width":0,"ocean_custom_logo_max_height":0,"ocean_custom_logo_tablet_max_height":0,"ocean_custom_logo_mobile_max_height":0,"ocean_header_custom_menu":"0","ocean_menu_typo_font_family":"0","ocean_menu_typo_font_subset":"","ocean_menu_typo_font_size":0,"ocean_menu_typo_font_size_tablet":0,"ocean_menu_typo_font_size_mobile":0,"ocean_menu_typo_font_size_unit":"px","ocean_menu_typo_font_weight":"","ocean_menu_typo_font_weight_tablet":"","ocean_menu_typo_font_weight_mobile":"","ocean_menu_typo_transform":"","ocean_menu_typo_transform_tablet":"","ocean_menu_typo_transform_mobile":"","ocean_menu_typo_line_height":0,"ocean_menu_typo_line_height_tablet":0,"ocean_menu_typo_line_height_mobile":0,"ocean_menu_typo_line_height_unit":"","ocean_menu_typo_spacing":0,"ocean_menu_typo_spacing_tablet":0,"ocean_menu_typo_spacing_mobile":0,"ocean_menu_typo_spacing_unit":"","ocean_menu_link_color":"","ocean_menu_link_color_hover":"","ocean_menu_link_color_active":"","ocean_menu_link_background":"","ocean_menu_link_hover_background":"","ocean_menu_link_active_background":"","ocean_menu_social_links_bg":"","ocean_menu_social_hover_links_bg":"","ocean_menu_social_links_color":"","ocean_menu_social_hover_links_color":"","ocean_disable_title":"default","ocean_disable_heading":"default","ocean_post_title":"","ocean_post_subheading":"","ocean_post_title_style":"","ocean_post_title_background_color":"","ocean_post_title_background":0,"ocean_post_title_bg_image_position":"","ocean_post_title_bg_image_attachment":"","ocean_post_title_bg_image_repeat":"","ocean_post_title_bg_image_size":"","ocean_post_title_height":0,"ocean_post_title_bg_overlay":0.5,"ocean_post_title_bg_overlay_color":"","ocean_disable_breadcrumbs":"default","ocean_breadcrumbs_color":"","ocean_breadcrumbs_separator_color":"","ocean_breadcrumbs_links_color":"","ocean_breadcrumbs_links_hover_color":"","ocean_display_footer_widgets":"default","ocean_display_footer_bottom":"default","ocean_custom_footer_template":"0","ocean_post_oembed":"","ocean_post_self_hosted_media":"","ocean_post_video_embed":"","ocean_link_format":"","ocean_link_format_target":"self","ocean_quote_format":"","ocean_quote_format_link":"post","ocean_gallery_link_images":"off","ocean_gallery_id":[],"footnotes":""},"categories":[19,4,5],"tags":[],"class_list":["post-3217","post","type-post","status-publish","format-standard","has-post-thumbnail","hentry","category-desenvolvimento-social","category-destaque","category-geral","entry","has-media"],"yoast_head":"<!-- This site is optimized with the Yoast SEO plugin v27.5 - https:\/\/yoast.com\/product\/yoast-seo-wordpress\/ -->\n<title>Distribui\u00e7\u00e3o de cestas b\u00e1sicas para fam\u00edlias atingidas pelas enchentes encerram nesta ter\u00e7a-feira, dia 22 - Prefeitura de Capivari<\/title>\n<meta name=\"robots\" content=\"index, follow, max-snippet:-1, max-image-preview:large, max-video-preview:-1\" \/>\n<link rel=\"canonical\" href=\"https:\/\/capivari.sp.gov.br\/portal\/distribuicao-de-cestas-basicas-para-familias-atingidas-pelas-enchentes-encerram-nesta-terca-feira-dia-22\/\" \/>\n<meta property=\"og:locale\" content=\"pt_BR\" \/>\n<meta property=\"og:type\" content=\"article\" \/>\n<meta property=\"og:title\" content=\"Distribui\u00e7\u00e3o de cestas b\u00e1sicas para fam\u00edlias atingidas pelas enchentes encerram nesta ter\u00e7a-feira, dia 22 - Prefeitura de Capivari\" \/>\n<meta property=\"og:description\" content=\"A Secretaria de Desenvolvimento Social informa que a distribui\u00e7\u00e3o de cestas b\u00e1sicas, distribu\u00eddas para as fam\u00edlias atingidas pelas enchentes, encerram nesta ter\u00e7a-feira, dia 22. O atendimento acontece das 8h \u00e0s 17h. Fam\u00edlias moradoras da avenida Duque de Caxias, avenida Dom Pedro I, rua Juventino Antunes de Moraes, rua Carlos de Toledo Piza, avenida Benedito M. [&hellip;]\" \/>\n<meta property=\"og:url\" content=\"https:\/\/capivari.sp.gov.br\/portal\/distribuicao-de-cestas-basicas-para-familias-atingidas-pelas-enchentes-encerram-nesta-terca-feira-dia-22\/\" \/>\n<meta property=\"og:site_name\" content=\"Prefeitura de Capivari\" \/>\n<meta property=\"article:publisher\" content=\"https:\/\/www.facebook.com\/PrefeituradeCapivari\/\" \/>\n<meta property=\"article:published_time\" content=\"2022-03-22T15:38:59+00:00\" \/>\n<meta property=\"article:modified_time\" content=\"2022-03-23T11:24:47+00:00\" \/>\n<meta property=\"og:image\" content=\"https:\/\/capivari.sp.gov.br\/portal\/wp-content\/uploads\/2022\/03\/IMG_0437.jpg\" \/>\n\t<meta property=\"og:image:width\" content=\"2256\" \/>\n\t<meta property=\"og:image:height\" content=\"1504\" \/>\n\t<meta property=\"og:image:type\" content=\"image\/jpeg\" \/>\n<meta name=\"author\" content=\"Rafaella Uvini\" \/>\n<meta name=\"twitter:card\" content=\"summary_large_image\" \/>\n<meta name=\"twitter:creator\" content=\"@PrefCapivari\" \/>\n<meta name=\"twitter:site\" content=\"@PrefCapivari\" \/>\n<meta name=\"twitter:label1\" content=\"Escrito por\" \/>\n\t<meta name=\"twitter:data1\" content=\"Rafaella Uvini\" \/>\n\t<meta name=\"twitter:label2\" content=\"Est. tempo de leitura\" \/>\n\t<meta name=\"twitter:data2\" content=\"2 minutos\" \/>\n<script type=\"application\/ld+json\" class=\"yoast-schema-graph\">{\"@context\":\"https:\\\/\\\/schema.org\",\"@graph\":[{\"@type\":\"Article\",\"@id\":\"https:\\\/\\\/capivari.sp.gov.br\\\/portal\\\/distribuicao-de-cestas-basicas-para-familias-atingidas-pelas-enchentes-encerram-nesta-terca-feira-dia-22\\\/#article\",\"isPartOf\":{\"@id\":\"https:\\\/\\\/capivari.sp.gov.br\\\/portal\\\/distribuicao-de-cestas-basicas-para-familias-atingidas-pelas-enchentes-encerram-nesta-terca-feira-dia-22\\\/\"},\"author\":{\"name\":\"Rafaella Uvini\",\"@id\":\"https:\\\/\\\/capivari.sp.gov.br\\\/portal\\\/#\\\/schema\\\/person\\\/d7b1048525ce907b55245fe0fcaea2e5\"},\"headline\":\"Distribui\u00e7\u00e3o de cestas b\u00e1sicas para fam\u00edlias atingidas pelas enchentes encerram nesta ter\u00e7a-feira, dia 22\",\"datePublished\":\"2022-03-22T15:38:59+00:00\",\"dateModified\":\"2022-03-23T11:24:47+00:00\",\"mainEntityOfPage\":{\"@id\":\"https:\\\/\\\/capivari.sp.gov.br\\\/portal\\\/distribuicao-de-cestas-basicas-para-familias-atingidas-pelas-enchentes-encerram-nesta-terca-feira-dia-22\\\/\"},\"wordCount\":337,\"commentCount\":0,\"publisher\":{\"@id\":\"https:\\\/\\\/capivari.sp.gov.br\\\/portal\\\/#organization\"},\"image\":{\"@id\":\"https:\\\/\\\/capivari.sp.gov.br\\\/portal\\\/distribuicao-de-cestas-basicas-para-familias-atingidas-pelas-enchentes-encerram-nesta-terca-feira-dia-22\\\/#primaryimage\"},\"thumbnailUrl\":\"https:\\\/\\\/capivari.sp.gov.br\\\/portal\\\/wp-content\\\/uploads\\\/2022\\\/03\\\/IMG_0437.jpg\",\"articleSection\":[\"Desenvolvimento Social\",\"Destaque\",\"Geral\"],\"inLanguage\":\"pt-BR\",\"potentialAction\":[{\"@type\":\"CommentAction\",\"name\":\"Comment\",\"target\":[\"https:\\\/\\\/capivari.sp.gov.br\\\/portal\\\/distribuicao-de-cestas-basicas-para-familias-atingidas-pelas-enchentes-encerram-nesta-terca-feira-dia-22\\\/#respond\"]}]},{\"@type\":\"WebPage\",\"@id\":\"https:\\\/\\\/capivari.sp.gov.br\\\/portal\\\/distribuicao-de-cestas-basicas-para-familias-atingidas-pelas-enchentes-encerram-nesta-terca-feira-dia-22\\\/\",\"url\":\"https:\\\/\\\/capivari.sp.gov.br\\\/portal\\\/distribuicao-de-cestas-basicas-para-familias-atingidas-pelas-enchentes-encerram-nesta-terca-feira-dia-22\\\/\",\"name\":\"Distribui\u00e7\u00e3o de cestas b\u00e1sicas para fam\u00edlias atingidas pelas enchentes encerram nesta ter\u00e7a-feira, dia 22 - Prefeitura de Capivari\",\"isPartOf\":{\"@id\":\"https:\\\/\\\/capivari.sp.gov.br\\\/portal\\\/#website\"},\"primaryImageOfPage\":{\"@id\":\"https:\\\/\\\/capivari.sp.gov.br\\\/portal\\\/distribuicao-de-cestas-basicas-para-familias-atingidas-pelas-enchentes-encerram-nesta-terca-feira-dia-22\\\/#primaryimage\"},\"image\":{\"@id\":\"https:\\\/\\\/capivari.sp.gov.br\\\/portal\\\/distribuicao-de-cestas-basicas-para-familias-atingidas-pelas-enchentes-encerram-nesta-terca-feira-dia-22\\\/#primaryimage\"},\"thumbnailUrl\":\"https:\\\/\\\/capivari.sp.gov.br\\\/portal\\\/wp-content\\\/uploads\\\/2022\\\/03\\\/IMG_0437.jpg\",\"datePublished\":\"2022-03-22T15:38:59+00:00\",\"dateModified\":\"2022-03-23T11:24:47+00:00\",\"breadcrumb\":{\"@id\":\"https:\\\/\\\/capivari.sp.gov.br\\\/portal\\\/distribuicao-de-cestas-basicas-para-familias-atingidas-pelas-enchentes-encerram-nesta-terca-feira-dia-22\\\/#breadcrumb\"},\"inLanguage\":\"pt-BR\",\"potentialAction\":[{\"@type\":\"ReadAction\",\"target\":[\"https:\\\/\\\/capivari.sp.gov.br\\\/portal\\\/distribuicao-de-cestas-basicas-para-familias-atingidas-pelas-enchentes-encerram-nesta-terca-feira-dia-22\\\/\"]}]},{\"@type\":\"ImageObject\",\"inLanguage\":\"pt-BR\",\"@id\":\"https:\\\/\\\/capivari.sp.gov.br\\\/portal\\\/distribuicao-de-cestas-basicas-para-familias-atingidas-pelas-enchentes-encerram-nesta-terca-feira-dia-22\\\/#primaryimage\",\"url\":\"https:\\\/\\\/capivari.sp.gov.br\\\/portal\\\/wp-content\\\/uploads\\\/2022\\\/03\\\/IMG_0437.jpg\",\"contentUrl\":\"https:\\\/\\\/capivari.sp.gov.br\\\/portal\\\/wp-content\\\/uploads\\\/2022\\\/03\\\/IMG_0437.jpg\",\"width\":2256,\"height\":1504},{\"@type\":\"BreadcrumbList\",\"@id\":\"https:\\\/\\\/capivari.sp.gov.br\\\/portal\\\/distribuicao-de-cestas-basicas-para-familias-atingidas-pelas-enchentes-encerram-nesta-terca-feira-dia-22\\\/#breadcrumb\",\"itemListElement\":[{\"@type\":\"ListItem\",\"position\":1,\"name\":\"In\u00edcio\",\"item\":\"https:\\\/\\\/capivari.sp.gov.br\\\/portal\\\/\"},{\"@type\":\"ListItem\",\"position\":2,\"name\":\"Distribui\u00e7\u00e3o de cestas b\u00e1sicas para fam\u00edlias atingidas pelas enchentes encerram nesta ter\u00e7a-feira, dia 22\"}]},{\"@type\":\"WebSite\",\"@id\":\"https:\\\/\\\/capivari.sp.gov.br\\\/portal\\\/#website\",\"url\":\"https:\\\/\\\/capivari.sp.gov.br\\\/portal\\\/\",\"name\":\"Prefeitura de Capivari\",\"description\":\"Prefeitura de Capivari\",\"publisher\":{\"@id\":\"https:\\\/\\\/capivari.sp.gov.br\\\/portal\\\/#organization\"},\"potentialAction\":[{\"@type\":\"SearchAction\",\"target\":{\"@type\":\"EntryPoint\",\"urlTemplate\":\"https:\\\/\\\/capivari.sp.gov.br\\\/portal\\\/?s={search_term_string}\"},\"query-input\":{\"@type\":\"PropertyValueSpecification\",\"valueRequired\":true,\"valueName\":\"search_term_string\"}}],\"inLanguage\":\"pt-BR\"},{\"@type\":\"Organization\",\"@id\":\"https:\\\/\\\/capivari.sp.gov.br\\\/portal\\\/#organization\",\"name\":\"Prefeitura de Capivari\",\"url\":\"https:\\\/\\\/capivari.sp.gov.br\\\/portal\\\/\",\"logo\":{\"@type\":\"ImageObject\",\"inLanguage\":\"pt-BR\",\"@id\":\"https:\\\/\\\/capivari.sp.gov.br\\\/portal\\\/#\\\/schema\\\/logo\\\/image\\\/\",\"url\":\"https:\\\/\\\/capivari.sp.gov.br\\\/portal\\\/wp-content\\\/uploads\\\/2021\\\/09\\\/logo-prefeitura-de-capivari.png\",\"contentUrl\":\"https:\\\/\\\/capivari.sp.gov.br\\\/portal\\\/wp-content\\\/uploads\\\/2021\\\/09\\\/logo-prefeitura-de-capivari.png\",\"width\":200,\"height\":147,\"caption\":\"Prefeitura de Capivari\"},\"image\":{\"@id\":\"https:\\\/\\\/capivari.sp.gov.br\\\/portal\\\/#\\\/schema\\\/logo\\\/image\\\/\"},\"sameAs\":[\"https:\\\/\\\/www.facebook.com\\\/PrefeituradeCapivari\\\/\",\"https:\\\/\\\/x.com\\\/PrefCapivari\",\"https:\\\/\\\/www.instagram.com\\\/prefeituracapivari\\\/\"]},{\"@type\":\"Person\",\"@id\":\"https:\\\/\\\/capivari.sp.gov.br\\\/portal\\\/#\\\/schema\\\/person\\\/d7b1048525ce907b55245fe0fcaea2e5\",\"name\":\"Rafaella Uvini\",\"image\":{\"@type\":\"ImageObject\",\"inLanguage\":\"pt-BR\",\"@id\":\"https:\\\/\\\/secure.gravatar.com\\\/avatar\\\/698757f92517b418dbefa88732eb599ad7eed21dcca72e22815a04b2d6270e91?s=96&d=mm&r=g\",\"url\":\"https:\\\/\\\/secure.gravatar.com\\\/avatar\\\/698757f92517b418dbefa88732eb599ad7eed21dcca72e22815a04b2d6270e91?s=96&d=mm&r=g\",\"contentUrl\":\"https:\\\/\\\/secure.gravatar.com\\\/avatar\\\/698757f92517b418dbefa88732eb599ad7eed21dcca72e22815a04b2d6270e91?s=96&d=mm&r=g\",\"caption\":\"Rafaella Uvini\"},\"url\":\"https:\\\/\\\/capivari.sp.gov.br\\\/portal\\\/author\\\/rafaella-uvini\\\/\"}]}<\/script>\n<!-- \/ Yoast SEO plugin. -->","yoast_head_json":{"title":"Distribui\u00e7\u00e3o de cestas b\u00e1sicas para fam\u00edlias atingidas pelas enchentes encerram nesta ter\u00e7a-feira, dia 22 - Prefeitura de Capivari","robots":{"index":"index","follow":"follow","max-snippet":"max-snippet:-1","max-image-preview":"max-image-preview:large","max-video-preview":"max-video-preview:-1"},"canonical":"https:\/\/capivari.sp.gov.br\/portal\/distribuicao-de-cestas-basicas-para-familias-atingidas-pelas-enchentes-encerram-nesta-terca-feira-dia-22\/","og_locale":"pt_BR","og_type":"article","og_title":"Distribui\u00e7\u00e3o de cestas b\u00e1sicas para fam\u00edlias atingidas pelas enchentes encerram nesta ter\u00e7a-feira, dia 22 - Prefeitura de Capivari","og_description":"A Secretaria de Desenvolvimento Social informa que a distribui\u00e7\u00e3o de cestas b\u00e1sicas, distribu\u00eddas para as fam\u00edlias atingidas pelas enchentes, encerram nesta ter\u00e7a-feira, dia 22. O atendimento acontece das 8h \u00e0s 17h. Fam\u00edlias moradoras da avenida Duque de Caxias, avenida Dom Pedro I, rua Juventino Antunes de Moraes, rua Carlos de Toledo Piza, avenida Benedito M. [&hellip;]","og_url":"https:\/\/capivari.sp.gov.br\/portal\/distribuicao-de-cestas-basicas-para-familias-atingidas-pelas-enchentes-encerram-nesta-terca-feira-dia-22\/","og_site_name":"Prefeitura de Capivari","article_publisher":"https:\/\/www.facebook.com\/PrefeituradeCapivari\/","article_published_time":"2022-03-22T15:38:59+00:00","article_modified_time":"2022-03-23T11:24:47+00:00","og_image":[{"width":2256,"height":1504,"url":"https:\/\/capivari.sp.gov.br\/portal\/wp-content\/uploads\/2022\/03\/IMG_0437.jpg","type":"image\/jpeg"}],"author":"Rafaella Uvini","twitter_card":"summary_large_image","twitter_creator":"@PrefCapivari","twitter_site":"@PrefCapivari","twitter_misc":{"Escrito por":"Rafaella Uvini","Est. tempo de leitura":"2 minutos"},"schema":{"@context":"https:\/\/schema.org","@graph":[{"@type":"Article","@id":"https:\/\/capivari.sp.gov.br\/portal\/distribuicao-de-cestas-basicas-para-familias-atingidas-pelas-enchentes-encerram-nesta-terca-feira-dia-22\/#article","isPartOf":{"@id":"https:\/\/capivari.sp.gov.br\/portal\/distribuicao-de-cestas-basicas-para-familias-atingidas-pelas-enchentes-encerram-nesta-terca-feira-dia-22\/"},"author":{"name":"Rafaella Uvini","@id":"https:\/\/capivari.sp.gov.br\/portal\/#\/schema\/person\/d7b1048525ce907b55245fe0fcaea2e5"},"headline":"Distribui\u00e7\u00e3o de cestas b\u00e1sicas para fam\u00edlias atingidas pelas enchentes encerram nesta ter\u00e7a-feira, dia 22","datePublished":"2022-03-22T15:38:59+00:00","dateModified":"2022-03-23T11:24:47+00:00","mainEntityOfPage":{"@id":"https:\/\/capivari.sp.gov.br\/portal\/distribuicao-de-cestas-basicas-para-familias-atingidas-pelas-enchentes-encerram-nesta-terca-feira-dia-22\/"},"wordCount":337,"commentCount":0,"publisher":{"@id":"https:\/\/capivari.sp.gov.br\/portal\/#organization"},"image":{"@id":"https:\/\/capivari.sp.gov.br\/portal\/distribuicao-de-cestas-basicas-para-familias-atingidas-pelas-enchentes-encerram-nesta-terca-feira-dia-22\/#primaryimage"},"thumbnailUrl":"https:\/\/capivari.sp.gov.br\/portal\/wp-content\/uploads\/2022\/03\/IMG_0437.jpg","articleSection":["Desenvolvimento Social","Destaque","Geral"],"inLanguage":"pt-BR","potentialAction":[{"@type":"CommentAction","name":"Comment","target":["https:\/\/capivari.sp.gov.br\/portal\/distribuicao-de-cestas-basicas-para-familias-atingidas-pelas-enchentes-encerram-nesta-terca-feira-dia-22\/#respond"]}]},{"@type":"WebPage","@id":"https:\/\/capivari.sp.gov.br\/portal\/distribuicao-de-cestas-basicas-para-familias-atingidas-pelas-enchentes-encerram-nesta-terca-feira-dia-22\/","url":"https:\/\/capivari.sp.gov.br\/portal\/distribuicao-de-cestas-basicas-para-familias-atingidas-pelas-enchentes-encerram-nesta-terca-feira-dia-22\/","name":"Distribui\u00e7\u00e3o de cestas b\u00e1sicas para fam\u00edlias atingidas pelas enchentes encerram nesta ter\u00e7a-feira, dia 22 - Prefeitura de Capivari","isPartOf":{"@id":"https:\/\/capivari.sp.gov.br\/portal\/#website"},"primaryImageOfPage":{"@id":"https:\/\/capivari.sp.gov.br\/portal\/distribuicao-de-cestas-basicas-para-familias-atingidas-pelas-enchentes-encerram-nesta-terca-feira-dia-22\/#primaryimage"},"image":{"@id":"https:\/\/capivari.sp.gov.br\/portal\/distribuicao-de-cestas-basicas-para-familias-atingidas-pelas-enchentes-encerram-nesta-terca-feira-dia-22\/#primaryimage"},"thumbnailUrl":"https:\/\/capivari.sp.gov.br\/portal\/wp-content\/uploads\/2022\/03\/IMG_0437.jpg","datePublished":"2022-03-22T15:38:59+00:00","dateModified":"2022-03-23T11:24:47+00:00","breadcrumb":{"@id":"https:\/\/capivari.sp.gov.br\/portal\/distribuicao-de-cestas-basicas-para-familias-atingidas-pelas-enchentes-encerram-nesta-terca-feira-dia-22\/#breadcrumb"},"inLanguage":"pt-BR","potentialAction":[{"@type":"ReadAction","target":["https:\/\/capivari.sp.gov.br\/portal\/distribuicao-de-cestas-basicas-para-familias-atingidas-pelas-enchentes-encerram-nesta-terca-feira-dia-22\/"]}]},{"@type":"ImageObject","inLanguage":"pt-BR","@id":"https:\/\/capivari.sp.gov.br\/portal\/distribuicao-de-cestas-basicas-para-familias-atingidas-pelas-enchentes-encerram-nesta-terca-feira-dia-22\/#primaryimage","url":"https:\/\/capivari.sp.gov.br\/portal\/wp-content\/uploads\/2022\/03\/IMG_0437.jpg","contentUrl":"https:\/\/capivari.sp.gov.br\/portal\/wp-content\/uploads\/2022\/03\/IMG_0437.jpg","width":2256,"height":1504},{"@type":"BreadcrumbList","@id":"https:\/\/capivari.sp.gov.br\/portal\/distribuicao-de-cestas-basicas-para-familias-atingidas-pelas-enchentes-encerram-nesta-terca-feira-dia-22\/#breadcrumb","itemListElement":[{"@type":"ListItem","position":1,"name":"In\u00edcio","item":"https:\/\/capivari.sp.gov.br\/portal\/"},{"@type":"ListItem","position":2,"name":"Distribui\u00e7\u00e3o de cestas b\u00e1sicas para fam\u00edlias atingidas pelas enchentes encerram nesta ter\u00e7a-feira, dia 22"}]},{"@type":"WebSite","@id":"https:\/\/capivari.sp.gov.br\/portal\/#website","url":"https:\/\/capivari.sp.gov.br\/portal\/","name":"Prefeitura de Capivari","description":"Prefeitura de Capivari","publisher":{"@id":"https:\/\/capivari.sp.gov.br\/portal\/#organization"},"potentialAction":[{"@type":"SearchAction","target":{"@type":"EntryPoint","urlTemplate":"https:\/\/capivari.sp.gov.br\/portal\/?s={search_term_string}"},"query-input":{"@type":"PropertyValueSpecification","valueRequired":true,"valueName":"search_term_string"}}],"inLanguage":"pt-BR"},{"@type":"Organization","@id":"https:\/\/capivari.sp.gov.br\/portal\/#organization","name":"Prefeitura de Capivari","url":"https:\/\/capivari.sp.gov.br\/portal\/","logo":{"@type":"ImageObject","inLanguage":"pt-BR","@id":"https:\/\/capivari.sp.gov.br\/portal\/#\/schema\/logo\/image\/","url":"https:\/\/capivari.sp.gov.br\/portal\/wp-content\/uploads\/2021\/09\/logo-prefeitura-de-capivari.png","contentUrl":"https:\/\/capivari.sp.gov.br\/portal\/wp-content\/uploads\/2021\/09\/logo-prefeitura-de-capivari.png","width":200,"height":147,"caption":"Prefeitura de Capivari"},"image":{"@id":"https:\/\/capivari.sp.gov.br\/portal\/#\/schema\/logo\/image\/"},"sameAs":["https:\/\/www.facebook.com\/PrefeituradeCapivari\/","https:\/\/x.com\/PrefCapivari","https:\/\/www.instagram.com\/prefeituracapivari\/"]},{"@type":"Person","@id":"https:\/\/capivari.sp.gov.br\/portal\/#\/schema\/person\/d7b1048525ce907b55245fe0fcaea2e5","name":"Rafaella Uvini","image":{"@type":"ImageObject","inLanguage":"pt-BR","@id":"https:\/\/secure.gravatar.com\/avatar\/698757f92517b418dbefa88732eb599ad7eed21dcca72e22815a04b2d6270e91?s=96&d=mm&r=g","url":"https:\/\/secure.gravatar.com\/avatar\/698757f92517b418dbefa88732eb599ad7eed21dcca72e22815a04b2d6270e91?s=96&d=mm&r=g","contentUrl":"https:\/\/secure.gravatar.com\/avatar\/698757f92517b418dbefa88732eb599ad7eed21dcca72e22815a04b2d6270e91?s=96&d=mm&r=g","caption":"Rafaella Uvini"},"url":"https:\/\/capivari.sp.gov.br\/portal\/author\/rafaella-uvini\/"}]}},"_links":{"self":[{"href":"https:\/\/capivari.sp.gov.br\/portal\/wp-json\/wp\/v2\/posts\/3217","targetHints":{"allow":["GET"]}}],"collection":[{"href":"https:\/\/capivari.sp.gov.br\/portal\/wp-json\/wp\/v2\/posts"}],"about":[{"href":"https:\/\/capivari.sp.gov.br\/portal\/wp-json\/wp\/v2\/types\/post"}],"author":[{"embeddable":true,"href":"https:\/\/capivari.sp.gov.br\/portal\/wp-json\/wp\/v2\/users\/3"}],"replies":[{"embeddable":true,"href":"https:\/\/capivari.sp.gov.br\/portal\/wp-json\/wp\/v2\/comments?post=3217"}],"version-history":[{"count":2,"href":"https:\/\/capivari.sp.gov.br\/portal\/wp-json\/wp\/v2\/posts\/3217\/revisions"}],"predecessor-version":[{"id":3236,"href":"https:\/\/capivari.sp.gov.br\/portal\/wp-json\/wp\/v2\/posts\/3217\/revisions\/3236"}],"wp:featuredmedia":[{"embeddable":true,"href":"https:\/\/capivari.sp.gov.br\/portal\/wp-json\/wp\/v2\/media\/3218"}],"wp:attachment":[{"href":"https:\/\/capivari.sp.gov.br\/portal\/wp-json\/wp\/v2\/media?parent=3217"}],"wp:term":[{"taxonomy":"category","embeddable":true,"href":"https:\/\/capivari.sp.gov.br\/portal\/wp-json\/wp\/v2\/categories?post=3217"},{"taxonomy":"post_tag","embeddable":true,"href":"https:\/\/capivari.sp.gov.br\/portal\/wp-json\/wp\/v2\/tags?post=3217"}],"curies":[{"name":"wp","href":"https:\/\/api.w.org\/{rel}","templated":true}]}}