{"id":3225,"date":"2022-03-22T15:20:49","date_gmt":"2022-03-22T18:20:49","guid":{"rendered":"https:\/\/capivari.sp.gov.br\/portal\/?p=3225"},"modified":"2022-03-22T15:20:49","modified_gmt":"2022-03-22T18:20:49","slug":"boletim-epidemiologico-do-dia-22-03-2022","status":"publish","type":"post","link":"https:\/\/capivari.sp.gov.br\/portal\/boletim-epidemiologico-do-dia-22-03-2022\/","title":{"rendered":"BOLETIM EPIDEMIOL\u00d3GICO DO DIA 22\/03\/2022"},"content":{"rendered":"<p>\u26a0\ufe0f Aten\u00e7\u00e3o, popula\u00e7\u00e3o! Fiquem atentos aos casos ativos que est\u00e3o em queda, pois h\u00e1 uma varia\u00e7\u00e3o e pode ter demora de informa\u00e7\u00e3o dos hospitais, laborat\u00f3rios e farm\u00e1cias para a Vigil\u00e2ncia Epidemiol\u00f3gica.<\/p>\n<p>A Prefeitura de Capivari, por meio da Vigil\u00e2ncia Epidemiol\u00f3gica, informa que para atualiza\u00e7\u00e3o do boletim desta ter\u00e7a-feira, dia 22, foram confirmados 229 casos da Covid-19, por\u00e9m destes casos contabilizados, apenas 14 est\u00e3o ativos.<\/p>\n<p>Notifica\u00e7\u00f5es \u2013 20.967;<br \/>\nConfirmados \u2013 9.297 (14 casos ativos);<br \/>\nAguardando resultado \u2013 0;<br \/>\nDescartados \u2013 11.670;<br \/>\nRecuperados \u2013 9.101;<br \/>\n\u00d3bitos -182;<\/p>\n<p>Positivos:<br \/>\n121 mulheres entre 15 e 88 anos;<br \/>\n93 homens entre 15 e 88 anos;<br \/>\n15 crian\u00e7as entre 01 e 12 anos;<br \/>\nBairros: Bosque dos Pinheiros, Cara\u00e7a, Castelani, Centro, Ch\u00e1cara Pagotto, Engenho Velho, Esta\u00e7\u00e3o, Flamboyant, G\u00eanova, Jardim Branyl, Jardim do Bosque, Jardim Elisa, Jardim Primavera, Jardim Tarsila, Maria Am\u00e9lia, Morada do Sol, Moreto, Nova Aparecida, Padovani, Pipeiro, Pitangueiras, Po\u00e7o Artesiano, Porto Alegre, Raia, Ribeir\u00e3o, Rossi, Santa Rita, Santa Rosa, Santa Terezinha, Santa Teresa D\u2019\u00c1vila, Santo Ant\u00f4nio, S\u00e3o Jo\u00e3o, S\u00e3o Jos\u00e9, S\u00e3o Pedro, Sgariboldi, Vila Balan, Vila Cardoso, Vila Clemente, Villa di Capri, Vila F\u00e1tima, Vila Izildinha e Vila Nova;<\/p>\n<p>Ocupa\u00e7\u00e3o de leitos:<br \/>\nUnimed UTI \u2013 0;<br \/>\nUnimed Cl\u00ednico \u2013 0;<br \/>\nSanta Casa Cl\u00ednico \u2013 0;<br \/>\nSanta Casa UTI \u2013 0;<\/p>\n<p>Faixa et\u00e1ria da vacina\u00e7\u00e3o: primeira dose para pessoas com 5 anos ou mais; terceira dose para pessoas que tenham tomado a segunda dose de AstraZeneca, CoronaVac ou Pfizer h\u00e1 pelo quatro meses; dose de refor\u00e7o para pessoas que tenham tomado Janssen h\u00e1 pelo menos dois meses; segunda dose de refor\u00e7o para pessoas com 18 anos ou mais com alto grau de imunossupress\u00e3o.<\/p>\n","protected":false},"excerpt":{"rendered":"<p>\u26a0\ufe0f Aten\u00e7\u00e3o, popula\u00e7\u00e3o! Fiquem atentos aos casos ativos que est\u00e3o em queda, pois h\u00e1 uma varia\u00e7\u00e3o e pode ter demora de informa\u00e7\u00e3o dos hospitais, laborat\u00f3rios e farm\u00e1cias para a Vigil\u00e2ncia Epidemiol\u00f3gica. A Prefeitura de Capivari, por meio da Vigil\u00e2ncia Epidemiol\u00f3gica, informa que para atualiza\u00e7\u00e3o do boletim desta ter\u00e7a-feira, dia 22, foram confirmados 229 casos da [&hellip;]<\/p>\n","protected":false},"author":3,"featured_media":3229,"comment_status":"open","ping_status":"open","sticky":false,"template":"","format":"standard","meta":{"ocean_post_layout":"","ocean_both_sidebars_style":"","ocean_both_sidebars_content_width":0,"ocean_both_sidebars_sidebars_width":0,"ocean_sidebar":"0","ocean_second_sidebar":"0","ocean_disable_margins":"enable","ocean_add_body_class":"","ocean_shortcode_before_top_bar":"","ocean_shortcode_after_top_bar":"","ocean_shortcode_before_header":"","ocean_shortcode_after_header":"","ocean_has_shortcode":"","ocean_shortcode_after_title":"","ocean_shortcode_before_footer_widgets":"","ocean_shortcode_after_footer_widgets":"","ocean_shortcode_before_footer_bottom":"","ocean_shortcode_after_footer_bottom":"","ocean_display_top_bar":"default","ocean_display_header":"default","ocean_header_style":"","ocean_center_header_left_menu":"0","ocean_custom_header_template":"0","ocean_custom_logo":0,"ocean_custom_retina_logo":0,"ocean_custom_logo_max_width":0,"ocean_custom_logo_tablet_max_width":0,"ocean_custom_logo_mobile_max_width":0,"ocean_custom_logo_max_height":0,"ocean_custom_logo_tablet_max_height":0,"ocean_custom_logo_mobile_max_height":0,"ocean_header_custom_menu":"0","ocean_menu_typo_font_family":"0","ocean_menu_typo_font_subset":"","ocean_menu_typo_font_size":0,"ocean_menu_typo_font_size_tablet":0,"ocean_menu_typo_font_size_mobile":0,"ocean_menu_typo_font_size_unit":"px","ocean_menu_typo_font_weight":"","ocean_menu_typo_font_weight_tablet":"","ocean_menu_typo_font_weight_mobile":"","ocean_menu_typo_transform":"","ocean_menu_typo_transform_tablet":"","ocean_menu_typo_transform_mobile":"","ocean_menu_typo_line_height":0,"ocean_menu_typo_line_height_tablet":0,"ocean_menu_typo_line_height_mobile":0,"ocean_menu_typo_line_height_unit":"","ocean_menu_typo_spacing":0,"ocean_menu_typo_spacing_tablet":0,"ocean_menu_typo_spacing_mobile":0,"ocean_menu_typo_spacing_unit":"","ocean_menu_link_color":"","ocean_menu_link_color_hover":"","ocean_menu_link_color_active":"","ocean_menu_link_background":"","ocean_menu_link_hover_background":"","ocean_menu_link_active_background":"","ocean_menu_social_links_bg":"","ocean_menu_social_hover_links_bg":"","ocean_menu_social_links_color":"","ocean_menu_social_hover_links_color":"","ocean_disable_title":"default","ocean_disable_heading":"default","ocean_post_title":"","ocean_post_subheading":"","ocean_post_title_style":"","ocean_post_title_background_color":"","ocean_post_title_background":0,"ocean_post_title_bg_image_position":"","ocean_post_title_bg_image_attachment":"","ocean_post_title_bg_image_repeat":"","ocean_post_title_bg_image_size":"","ocean_post_title_height":0,"ocean_post_title_bg_overlay":0.5,"ocean_post_title_bg_overlay_color":"","ocean_disable_breadcrumbs":"default","ocean_breadcrumbs_color":"","ocean_breadcrumbs_separator_color":"","ocean_breadcrumbs_links_color":"","ocean_breadcrumbs_links_hover_color":"","ocean_display_footer_widgets":"default","ocean_display_footer_bottom":"default","ocean_custom_footer_template":"0","ocean_post_oembed":"","ocean_post_self_hosted_media":"","ocean_post_video_embed":"","ocean_link_format":"","ocean_link_format_target":"self","ocean_quote_format":"","ocean_quote_format_link":"post","ocean_gallery_link_images":"off","ocean_gallery_id":[],"footnotes":""},"categories":[34,4,5,31],"tags":[],"class_list":["post-3225","post","type-post","status-publish","format-standard","has-post-thumbnail","hentry","category-coronavirus","category-destaque","category-geral","category-saude","entry","has-media"],"yoast_head":"<!-- This site is optimized with the Yoast SEO plugin v27.5 - https:\/\/yoast.com\/product\/yoast-seo-wordpress\/ -->\n<title>BOLETIM EPIDEMIOL\u00d3GICO DO DIA 22\/03\/2022 - Prefeitura de Capivari<\/title>\n<meta name=\"robots\" content=\"index, follow, max-snippet:-1, max-image-preview:large, max-video-preview:-1\" \/>\n<link rel=\"canonical\" href=\"https:\/\/capivari.sp.gov.br\/portal\/boletim-epidemiologico-do-dia-22-03-2022\/\" \/>\n<meta property=\"og:locale\" content=\"pt_BR\" \/>\n<meta property=\"og:type\" content=\"article\" \/>\n<meta property=\"og:title\" content=\"BOLETIM EPIDEMIOL\u00d3GICO DO DIA 22\/03\/2022 - Prefeitura de Capivari\" \/>\n<meta property=\"og:description\" content=\"\u26a0\ufe0f Aten\u00e7\u00e3o, popula\u00e7\u00e3o! Fiquem atentos aos casos ativos que est\u00e3o em queda, pois h\u00e1 uma varia\u00e7\u00e3o e pode ter demora de informa\u00e7\u00e3o dos hospitais, laborat\u00f3rios e farm\u00e1cias para a Vigil\u00e2ncia Epidemiol\u00f3gica. A Prefeitura de Capivari, por meio da Vigil\u00e2ncia Epidemiol\u00f3gica, informa que para atualiza\u00e7\u00e3o do boletim desta ter\u00e7a-feira, dia 22, foram confirmados 229 casos da [&hellip;]\" \/>\n<meta property=\"og:url\" content=\"https:\/\/capivari.sp.gov.br\/portal\/boletim-epidemiologico-do-dia-22-03-2022\/\" \/>\n<meta property=\"og:site_name\" content=\"Prefeitura de Capivari\" \/>\n<meta property=\"article:publisher\" content=\"https:\/\/www.facebook.com\/PrefeituradeCapivari\/\" \/>\n<meta property=\"article:published_time\" content=\"2022-03-22T18:20:49+00:00\" \/>\n<meta property=\"og:image\" content=\"https:\/\/capivari.sp.gov.br\/portal\/wp-content\/uploads\/2022\/03\/WhatsApp-Image-2022-03-22-at-15.18.54.jpeg\" \/>\n\t<meta property=\"og:image:width\" content=\"1200\" \/>\n\t<meta property=\"og:image:height\" content=\"1000\" \/>\n\t<meta property=\"og:image:type\" content=\"image\/jpeg\" \/>\n<meta name=\"author\" content=\"Rafaella Uvini\" \/>\n<meta name=\"twitter:card\" content=\"summary_large_image\" \/>\n<meta name=\"twitter:creator\" content=\"@PrefCapivari\" \/>\n<meta name=\"twitter:site\" content=\"@PrefCapivari\" \/>\n<meta name=\"twitter:label1\" content=\"Escrito por\" \/>\n\t<meta name=\"twitter:data1\" content=\"Rafaella Uvini\" \/>\n\t<meta name=\"twitter:label2\" content=\"Est. tempo de leitura\" \/>\n\t<meta name=\"twitter:data2\" content=\"2 minutos\" \/>\n<script type=\"application\/ld+json\" class=\"yoast-schema-graph\">{\"@context\":\"https:\\\/\\\/schema.org\",\"@graph\":[{\"@type\":\"Article\",\"@id\":\"https:\\\/\\\/capivari.sp.gov.br\\\/portal\\\/boletim-epidemiologico-do-dia-22-03-2022\\\/#article\",\"isPartOf\":{\"@id\":\"https:\\\/\\\/capivari.sp.gov.br\\\/portal\\\/boletim-epidemiologico-do-dia-22-03-2022\\\/\"},\"author\":{\"name\":\"Rafaella Uvini\",\"@id\":\"https:\\\/\\\/capivari.sp.gov.br\\\/portal\\\/#\\\/schema\\\/person\\\/d7b1048525ce907b55245fe0fcaea2e5\"},\"headline\":\"BOLETIM EPIDEMIOL\u00d3GICO DO DIA 22\\\/03\\\/2022\",\"datePublished\":\"2022-03-22T18:20:49+00:00\",\"mainEntityOfPage\":{\"@id\":\"https:\\\/\\\/capivari.sp.gov.br\\\/portal\\\/boletim-epidemiologico-do-dia-22-03-2022\\\/\"},\"wordCount\":277,\"commentCount\":0,\"publisher\":{\"@id\":\"https:\\\/\\\/capivari.sp.gov.br\\\/portal\\\/#organization\"},\"image\":{\"@id\":\"https:\\\/\\\/capivari.sp.gov.br\\\/portal\\\/boletim-epidemiologico-do-dia-22-03-2022\\\/#primaryimage\"},\"thumbnailUrl\":\"https:\\\/\\\/capivari.sp.gov.br\\\/portal\\\/wp-content\\\/uploads\\\/2022\\\/03\\\/WhatsApp-Image-2022-03-22-at-15.18.54.jpeg\",\"articleSection\":[\"Coronav\u00edrus\",\"Destaque\",\"Geral\",\"Sa\u00fade\"],\"inLanguage\":\"pt-BR\",\"potentialAction\":[{\"@type\":\"CommentAction\",\"name\":\"Comment\",\"target\":[\"https:\\\/\\\/capivari.sp.gov.br\\\/portal\\\/boletim-epidemiologico-do-dia-22-03-2022\\\/#respond\"]}]},{\"@type\":\"WebPage\",\"@id\":\"https:\\\/\\\/capivari.sp.gov.br\\\/portal\\\/boletim-epidemiologico-do-dia-22-03-2022\\\/\",\"url\":\"https:\\\/\\\/capivari.sp.gov.br\\\/portal\\\/boletim-epidemiologico-do-dia-22-03-2022\\\/\",\"name\":\"BOLETIM EPIDEMIOL\u00d3GICO DO DIA 22\\\/03\\\/2022 - Prefeitura de Capivari\",\"isPartOf\":{\"@id\":\"https:\\\/\\\/capivari.sp.gov.br\\\/portal\\\/#website\"},\"primaryImageOfPage\":{\"@id\":\"https:\\\/\\\/capivari.sp.gov.br\\\/portal\\\/boletim-epidemiologico-do-dia-22-03-2022\\\/#primaryimage\"},\"image\":{\"@id\":\"https:\\\/\\\/capivari.sp.gov.br\\\/portal\\\/boletim-epidemiologico-do-dia-22-03-2022\\\/#primaryimage\"},\"thumbnailUrl\":\"https:\\\/\\\/capivari.sp.gov.br\\\/portal\\\/wp-content\\\/uploads\\\/2022\\\/03\\\/WhatsApp-Image-2022-03-22-at-15.18.54.jpeg\",\"datePublished\":\"2022-03-22T18:20:49+00:00\",\"breadcrumb\":{\"@id\":\"https:\\\/\\\/capivari.sp.gov.br\\\/portal\\\/boletim-epidemiologico-do-dia-22-03-2022\\\/#breadcrumb\"},\"inLanguage\":\"pt-BR\",\"potentialAction\":[{\"@type\":\"ReadAction\",\"target\":[\"https:\\\/\\\/capivari.sp.gov.br\\\/portal\\\/boletim-epidemiologico-do-dia-22-03-2022\\\/\"]}]},{\"@type\":\"ImageObject\",\"inLanguage\":\"pt-BR\",\"@id\":\"https:\\\/\\\/capivari.sp.gov.br\\\/portal\\\/boletim-epidemiologico-do-dia-22-03-2022\\\/#primaryimage\",\"url\":\"https:\\\/\\\/capivari.sp.gov.br\\\/portal\\\/wp-content\\\/uploads\\\/2022\\\/03\\\/WhatsApp-Image-2022-03-22-at-15.18.54.jpeg\",\"contentUrl\":\"https:\\\/\\\/capivari.sp.gov.br\\\/portal\\\/wp-content\\\/uploads\\\/2022\\\/03\\\/WhatsApp-Image-2022-03-22-at-15.18.54.jpeg\",\"width\":1200,\"height\":1000},{\"@type\":\"BreadcrumbList\",\"@id\":\"https:\\\/\\\/capivari.sp.gov.br\\\/portal\\\/boletim-epidemiologico-do-dia-22-03-2022\\\/#breadcrumb\",\"itemListElement\":[{\"@type\":\"ListItem\",\"position\":1,\"name\":\"In\u00edcio\",\"item\":\"https:\\\/\\\/capivari.sp.gov.br\\\/portal\\\/\"},{\"@type\":\"ListItem\",\"position\":2,\"name\":\"BOLETIM EPIDEMIOL\u00d3GICO DO DIA 22\\\/03\\\/2022\"}]},{\"@type\":\"WebSite\",\"@id\":\"https:\\\/\\\/capivari.sp.gov.br\\\/portal\\\/#website\",\"url\":\"https:\\\/\\\/capivari.sp.gov.br\\\/portal\\\/\",\"name\":\"Prefeitura de Capivari\",\"description\":\"Prefeitura de Capivari\",\"publisher\":{\"@id\":\"https:\\\/\\\/capivari.sp.gov.br\\\/portal\\\/#organization\"},\"potentialAction\":[{\"@type\":\"SearchAction\",\"target\":{\"@type\":\"EntryPoint\",\"urlTemplate\":\"https:\\\/\\\/capivari.sp.gov.br\\\/portal\\\/?s={search_term_string}\"},\"query-input\":{\"@type\":\"PropertyValueSpecification\",\"valueRequired\":true,\"valueName\":\"search_term_string\"}}],\"inLanguage\":\"pt-BR\"},{\"@type\":\"Organization\",\"@id\":\"https:\\\/\\\/capivari.sp.gov.br\\\/portal\\\/#organization\",\"name\":\"Prefeitura de Capivari\",\"url\":\"https:\\\/\\\/capivari.sp.gov.br\\\/portal\\\/\",\"logo\":{\"@type\":\"ImageObject\",\"inLanguage\":\"pt-BR\",\"@id\":\"https:\\\/\\\/capivari.sp.gov.br\\\/portal\\\/#\\\/schema\\\/logo\\\/image\\\/\",\"url\":\"https:\\\/\\\/capivari.sp.gov.br\\\/portal\\\/wp-content\\\/uploads\\\/2021\\\/09\\\/logo-prefeitura-de-capivari.png\",\"contentUrl\":\"https:\\\/\\\/capivari.sp.gov.br\\\/portal\\\/wp-content\\\/uploads\\\/2021\\\/09\\\/logo-prefeitura-de-capivari.png\",\"width\":200,\"height\":147,\"caption\":\"Prefeitura de Capivari\"},\"image\":{\"@id\":\"https:\\\/\\\/capivari.sp.gov.br\\\/portal\\\/#\\\/schema\\\/logo\\\/image\\\/\"},\"sameAs\":[\"https:\\\/\\\/www.facebook.com\\\/PrefeituradeCapivari\\\/\",\"https:\\\/\\\/x.com\\\/PrefCapivari\",\"https:\\\/\\\/www.instagram.com\\\/prefeituracapivari\\\/\"]},{\"@type\":\"Person\",\"@id\":\"https:\\\/\\\/capivari.sp.gov.br\\\/portal\\\/#\\\/schema\\\/person\\\/d7b1048525ce907b55245fe0fcaea2e5\",\"name\":\"Rafaella Uvini\",\"image\":{\"@type\":\"ImageObject\",\"inLanguage\":\"pt-BR\",\"@id\":\"https:\\\/\\\/secure.gravatar.com\\\/avatar\\\/698757f92517b418dbefa88732eb599ad7eed21dcca72e22815a04b2d6270e91?s=96&d=mm&r=g\",\"url\":\"https:\\\/\\\/secure.gravatar.com\\\/avatar\\\/698757f92517b418dbefa88732eb599ad7eed21dcca72e22815a04b2d6270e91?s=96&d=mm&r=g\",\"contentUrl\":\"https:\\\/\\\/secure.gravatar.com\\\/avatar\\\/698757f92517b418dbefa88732eb599ad7eed21dcca72e22815a04b2d6270e91?s=96&d=mm&r=g\",\"caption\":\"Rafaella Uvini\"},\"url\":\"https:\\\/\\\/capivari.sp.gov.br\\\/portal\\\/author\\\/rafaella-uvini\\\/\"}]}<\/script>\n<!-- \/ Yoast SEO plugin. -->","yoast_head_json":{"title":"BOLETIM EPIDEMIOL\u00d3GICO DO DIA 22\/03\/2022 - Prefeitura de Capivari","robots":{"index":"index","follow":"follow","max-snippet":"max-snippet:-1","max-image-preview":"max-image-preview:large","max-video-preview":"max-video-preview:-1"},"canonical":"https:\/\/capivari.sp.gov.br\/portal\/boletim-epidemiologico-do-dia-22-03-2022\/","og_locale":"pt_BR","og_type":"article","og_title":"BOLETIM EPIDEMIOL\u00d3GICO DO DIA 22\/03\/2022 - Prefeitura de Capivari","og_description":"\u26a0\ufe0f Aten\u00e7\u00e3o, popula\u00e7\u00e3o! Fiquem atentos aos casos ativos que est\u00e3o em queda, pois h\u00e1 uma varia\u00e7\u00e3o e pode ter demora de informa\u00e7\u00e3o dos hospitais, laborat\u00f3rios e farm\u00e1cias para a Vigil\u00e2ncia Epidemiol\u00f3gica. A Prefeitura de Capivari, por meio da Vigil\u00e2ncia Epidemiol\u00f3gica, informa que para atualiza\u00e7\u00e3o do boletim desta ter\u00e7a-feira, dia 22, foram confirmados 229 casos da [&hellip;]","og_url":"https:\/\/capivari.sp.gov.br\/portal\/boletim-epidemiologico-do-dia-22-03-2022\/","og_site_name":"Prefeitura de Capivari","article_publisher":"https:\/\/www.facebook.com\/PrefeituradeCapivari\/","article_published_time":"2022-03-22T18:20:49+00:00","og_image":[{"width":1200,"height":1000,"url":"https:\/\/capivari.sp.gov.br\/portal\/wp-content\/uploads\/2022\/03\/WhatsApp-Image-2022-03-22-at-15.18.54.jpeg","type":"image\/jpeg"}],"author":"Rafaella Uvini","twitter_card":"summary_large_image","twitter_creator":"@PrefCapivari","twitter_site":"@PrefCapivari","twitter_misc":{"Escrito por":"Rafaella Uvini","Est. tempo de leitura":"2 minutos"},"schema":{"@context":"https:\/\/schema.org","@graph":[{"@type":"Article","@id":"https:\/\/capivari.sp.gov.br\/portal\/boletim-epidemiologico-do-dia-22-03-2022\/#article","isPartOf":{"@id":"https:\/\/capivari.sp.gov.br\/portal\/boletim-epidemiologico-do-dia-22-03-2022\/"},"author":{"name":"Rafaella Uvini","@id":"https:\/\/capivari.sp.gov.br\/portal\/#\/schema\/person\/d7b1048525ce907b55245fe0fcaea2e5"},"headline":"BOLETIM EPIDEMIOL\u00d3GICO DO DIA 22\/03\/2022","datePublished":"2022-03-22T18:20:49+00:00","mainEntityOfPage":{"@id":"https:\/\/capivari.sp.gov.br\/portal\/boletim-epidemiologico-do-dia-22-03-2022\/"},"wordCount":277,"commentCount":0,"publisher":{"@id":"https:\/\/capivari.sp.gov.br\/portal\/#organization"},"image":{"@id":"https:\/\/capivari.sp.gov.br\/portal\/boletim-epidemiologico-do-dia-22-03-2022\/#primaryimage"},"thumbnailUrl":"https:\/\/capivari.sp.gov.br\/portal\/wp-content\/uploads\/2022\/03\/WhatsApp-Image-2022-03-22-at-15.18.54.jpeg","articleSection":["Coronav\u00edrus","Destaque","Geral","Sa\u00fade"],"inLanguage":"pt-BR","potentialAction":[{"@type":"CommentAction","name":"Comment","target":["https:\/\/capivari.sp.gov.br\/portal\/boletim-epidemiologico-do-dia-22-03-2022\/#respond"]}]},{"@type":"WebPage","@id":"https:\/\/capivari.sp.gov.br\/portal\/boletim-epidemiologico-do-dia-22-03-2022\/","url":"https:\/\/capivari.sp.gov.br\/portal\/boletim-epidemiologico-do-dia-22-03-2022\/","name":"BOLETIM EPIDEMIOL\u00d3GICO DO DIA 22\/03\/2022 - Prefeitura de Capivari","isPartOf":{"@id":"https:\/\/capivari.sp.gov.br\/portal\/#website"},"primaryImageOfPage":{"@id":"https:\/\/capivari.sp.gov.br\/portal\/boletim-epidemiologico-do-dia-22-03-2022\/#primaryimage"},"image":{"@id":"https:\/\/capivari.sp.gov.br\/portal\/boletim-epidemiologico-do-dia-22-03-2022\/#primaryimage"},"thumbnailUrl":"https:\/\/capivari.sp.gov.br\/portal\/wp-content\/uploads\/2022\/03\/WhatsApp-Image-2022-03-22-at-15.18.54.jpeg","datePublished":"2022-03-22T18:20:49+00:00","breadcrumb":{"@id":"https:\/\/capivari.sp.gov.br\/portal\/boletim-epidemiologico-do-dia-22-03-2022\/#breadcrumb"},"inLanguage":"pt-BR","potentialAction":[{"@type":"ReadAction","target":["https:\/\/capivari.sp.gov.br\/portal\/boletim-epidemiologico-do-dia-22-03-2022\/"]}]},{"@type":"ImageObject","inLanguage":"pt-BR","@id":"https:\/\/capivari.sp.gov.br\/portal\/boletim-epidemiologico-do-dia-22-03-2022\/#primaryimage","url":"https:\/\/capivari.sp.gov.br\/portal\/wp-content\/uploads\/2022\/03\/WhatsApp-Image-2022-03-22-at-15.18.54.jpeg","contentUrl":"https:\/\/capivari.sp.gov.br\/portal\/wp-content\/uploads\/2022\/03\/WhatsApp-Image-2022-03-22-at-15.18.54.jpeg","width":1200,"height":1000},{"@type":"BreadcrumbList","@id":"https:\/\/capivari.sp.gov.br\/portal\/boletim-epidemiologico-do-dia-22-03-2022\/#breadcrumb","itemListElement":[{"@type":"ListItem","position":1,"name":"In\u00edcio","item":"https:\/\/capivari.sp.gov.br\/portal\/"},{"@type":"ListItem","position":2,"name":"BOLETIM EPIDEMIOL\u00d3GICO DO DIA 22\/03\/2022"}]},{"@type":"WebSite","@id":"https:\/\/capivari.sp.gov.br\/portal\/#website","url":"https:\/\/capivari.sp.gov.br\/portal\/","name":"Prefeitura de Capivari","description":"Prefeitura de Capivari","publisher":{"@id":"https:\/\/capivari.sp.gov.br\/portal\/#organization"},"potentialAction":[{"@type":"SearchAction","target":{"@type":"EntryPoint","urlTemplate":"https:\/\/capivari.sp.gov.br\/portal\/?s={search_term_string}"},"query-input":{"@type":"PropertyValueSpecification","valueRequired":true,"valueName":"search_term_string"}}],"inLanguage":"pt-BR"},{"@type":"Organization","@id":"https:\/\/capivari.sp.gov.br\/portal\/#organization","name":"Prefeitura de Capivari","url":"https:\/\/capivari.sp.gov.br\/portal\/","logo":{"@type":"ImageObject","inLanguage":"pt-BR","@id":"https:\/\/capivari.sp.gov.br\/portal\/#\/schema\/logo\/image\/","url":"https:\/\/capivari.sp.gov.br\/portal\/wp-content\/uploads\/2021\/09\/logo-prefeitura-de-capivari.png","contentUrl":"https:\/\/capivari.sp.gov.br\/portal\/wp-content\/uploads\/2021\/09\/logo-prefeitura-de-capivari.png","width":200,"height":147,"caption":"Prefeitura de Capivari"},"image":{"@id":"https:\/\/capivari.sp.gov.br\/portal\/#\/schema\/logo\/image\/"},"sameAs":["https:\/\/www.facebook.com\/PrefeituradeCapivari\/","https:\/\/x.com\/PrefCapivari","https:\/\/www.instagram.com\/prefeituracapivari\/"]},{"@type":"Person","@id":"https:\/\/capivari.sp.gov.br\/portal\/#\/schema\/person\/d7b1048525ce907b55245fe0fcaea2e5","name":"Rafaella Uvini","image":{"@type":"ImageObject","inLanguage":"pt-BR","@id":"https:\/\/secure.gravatar.com\/avatar\/698757f92517b418dbefa88732eb599ad7eed21dcca72e22815a04b2d6270e91?s=96&d=mm&r=g","url":"https:\/\/secure.gravatar.com\/avatar\/698757f92517b418dbefa88732eb599ad7eed21dcca72e22815a04b2d6270e91?s=96&d=mm&r=g","contentUrl":"https:\/\/secure.gravatar.com\/avatar\/698757f92517b418dbefa88732eb599ad7eed21dcca72e22815a04b2d6270e91?s=96&d=mm&r=g","caption":"Rafaella Uvini"},"url":"https:\/\/capivari.sp.gov.br\/portal\/author\/rafaella-uvini\/"}]}},"_links":{"self":[{"href":"https:\/\/capivari.sp.gov.br\/portal\/wp-json\/wp\/v2\/posts\/3225","targetHints":{"allow":["GET"]}}],"collection":[{"href":"https:\/\/capivari.sp.gov.br\/portal\/wp-json\/wp\/v2\/posts"}],"about":[{"href":"https:\/\/capivari.sp.gov.br\/portal\/wp-json\/wp\/v2\/types\/post"}],"author":[{"embeddable":true,"href":"https:\/\/capivari.sp.gov.br\/portal\/wp-json\/wp\/v2\/users\/3"}],"replies":[{"embeddable":true,"href":"https:\/\/capivari.sp.gov.br\/portal\/wp-json\/wp\/v2\/comments?post=3225"}],"version-history":[{"count":1,"href":"https:\/\/capivari.sp.gov.br\/portal\/wp-json\/wp\/v2\/posts\/3225\/revisions"}],"predecessor-version":[{"id":3230,"href":"https:\/\/capivari.sp.gov.br\/portal\/wp-json\/wp\/v2\/posts\/3225\/revisions\/3230"}],"wp:featuredmedia":[{"embeddable":true,"href":"https:\/\/capivari.sp.gov.br\/portal\/wp-json\/wp\/v2\/media\/3229"}],"wp:attachment":[{"href":"https:\/\/capivari.sp.gov.br\/portal\/wp-json\/wp\/v2\/media?parent=3225"}],"wp:term":[{"taxonomy":"category","embeddable":true,"href":"https:\/\/capivari.sp.gov.br\/portal\/wp-json\/wp\/v2\/categories?post=3225"},{"taxonomy":"post_tag","embeddable":true,"href":"https:\/\/capivari.sp.gov.br\/portal\/wp-json\/wp\/v2\/tags?post=3225"}],"curies":[{"name":"wp","href":"https:\/\/api.w.org\/{rel}","templated":true}]}}