{"id":3350,"date":"2022-03-29T15:52:40","date_gmt":"2022-03-29T18:52:40","guid":{"rendered":"https:\/\/capivari.sp.gov.br\/portal\/?p=3350"},"modified":"2022-03-30T13:48:33","modified_gmt":"2022-03-30T16:48:33","slug":"reforma-em-ponte-que-liga-bairro-estacao-a-nova-aparecida-vai-liberar-trafego-de-veiculos-leves-no-local-depois-de-mais-de-10-anos","status":"publish","type":"post","link":"https:\/\/capivari.sp.gov.br\/portal\/reforma-em-ponte-que-liga-bairro-estacao-a-nova-aparecida-vai-liberar-trafego-de-veiculos-leves-no-local-depois-de-mais-de-10-anos\/","title":{"rendered":"Substitui\u00e7\u00e3o da ponte que liga bairro Esta\u00e7\u00e3o a Nova Aparecida vai liberar tr\u00e1fego de ve\u00edculos leves no local depois de mais de 10 anos"},"content":{"rendered":"<p>A Prefeitura de Capivari anunciou uma nova obra na cidade, que dever\u00e1 come\u00e7ar nos pr\u00f3ximos dias. A ponte situada na rua Francisco Lembo, respons\u00e1vel por interligar o bairro Esta\u00e7\u00e3o ao bairro Nova Aparecida, que estava com tr\u00e2nsito interditado a mais de 10 anos, ser\u00e1 substitu\u00edda para solucionar este problema. O custo da obra ser\u00e1 de aproximadamente R$565 mil, sendo R$400 mil em recursos conquistados pelo deputado federal, Vanderlei Macris, com o restante do valor sendo investido em contrapartida pela Prefeitura.<\/p>\n<p>O prefeito de Capivari, Vit\u00e3o Riccomini, mostrou entusiasmo em mais uma obra de infraestrutura na cidade. \u201cGostaria de agradecer o deputado Vanderlei Macris, que viabilizou grande parte da verba para que essa obra se concretizasse. \u00c9 um ponto crucial para interligar dois bairros e que normalmente possui um grande movimento, quando ela for conclu\u00edda, certamente vamos melhorar a vida de muitas pessoas que utilizam do trecho para seu trajeto di\u00e1rio\u201d, afirmou.<\/p>\n<p>A nova ponte vai comportar apenas ve\u00edculos leves, a obra inclui tamb\u00e9m uma passarela para tr\u00e2nsito de pedestres. Segundo estimativas, a obra vai beneficiar cerca de 3.000 pessoas que v\u00e3o passar pelo trecho diariamente, vindo tanto do bairro Esta\u00e7\u00e3o, quanto dos bairros Nova Aparecida, Vila F\u00e1tima, Jardim Santa Maria, Villa Di Capri e Piazza Di Roma.<\/p>\n<p>A empresa ganhadora da licita\u00e7\u00e3o para a obra, tem o prazo de quatro meses para conclus\u00e3o dos trabalhos, que ser\u00e3o monitorados pela Secretaria de Projetos, Conv\u00eanios e Capta\u00e7\u00e3o de Recursos, em conjunto com a Secretaria de Desenvolvimento Urbano.<\/p>\n","protected":false},"excerpt":{"rendered":"<p>A Prefeitura de Capivari anunciou uma nova obra na cidade, que dever\u00e1 come\u00e7ar nos pr\u00f3ximos dias. A ponte situada na rua Francisco Lembo, respons\u00e1vel por interligar o bairro Esta\u00e7\u00e3o ao bairro Nova Aparecida, que estava com tr\u00e2nsito interditado a mais de 10 anos, ser\u00e1 substitu\u00edda para solucionar este problema. O custo da obra ser\u00e1 de [&hellip;]<\/p>\n","protected":false},"author":2,"featured_media":3351,"comment_status":"open","ping_status":"open","sticky":false,"template":"","format":"standard","meta":{"ocean_post_layout":"","ocean_both_sidebars_style":"","ocean_both_sidebars_content_width":0,"ocean_both_sidebars_sidebars_width":0,"ocean_sidebar":"","ocean_second_sidebar":"","ocean_disable_margins":"enable","ocean_add_body_class":"","ocean_shortcode_before_top_bar":"","ocean_shortcode_after_top_bar":"","ocean_shortcode_before_header":"","ocean_shortcode_after_header":"","ocean_has_shortcode":"","ocean_shortcode_after_title":"","ocean_shortcode_before_footer_widgets":"","ocean_shortcode_after_footer_widgets":"","ocean_shortcode_before_footer_bottom":"","ocean_shortcode_after_footer_bottom":"","ocean_display_top_bar":"default","ocean_display_header":"default","ocean_header_style":"","ocean_center_header_left_menu":"","ocean_custom_header_template":"","ocean_custom_logo":0,"ocean_custom_retina_logo":0,"ocean_custom_logo_max_width":0,"ocean_custom_logo_tablet_max_width":0,"ocean_custom_logo_mobile_max_width":0,"ocean_custom_logo_max_height":0,"ocean_custom_logo_tablet_max_height":0,"ocean_custom_logo_mobile_max_height":0,"ocean_header_custom_menu":"","ocean_menu_typo_font_family":"","ocean_menu_typo_font_subset":"","ocean_menu_typo_font_size":0,"ocean_menu_typo_font_size_tablet":0,"ocean_menu_typo_font_size_mobile":0,"ocean_menu_typo_font_size_unit":"px","ocean_menu_typo_font_weight":"","ocean_menu_typo_font_weight_tablet":"","ocean_menu_typo_font_weight_mobile":"","ocean_menu_typo_transform":"","ocean_menu_typo_transform_tablet":"","ocean_menu_typo_transform_mobile":"","ocean_menu_typo_line_height":0,"ocean_menu_typo_line_height_tablet":0,"ocean_menu_typo_line_height_mobile":0,"ocean_menu_typo_line_height_unit":"","ocean_menu_typo_spacing":0,"ocean_menu_typo_spacing_tablet":0,"ocean_menu_typo_spacing_mobile":0,"ocean_menu_typo_spacing_unit":"","ocean_menu_link_color":"","ocean_menu_link_color_hover":"","ocean_menu_link_color_active":"","ocean_menu_link_background":"","ocean_menu_link_hover_background":"","ocean_menu_link_active_background":"","ocean_menu_social_links_bg":"","ocean_menu_social_hover_links_bg":"","ocean_menu_social_links_color":"","ocean_menu_social_hover_links_color":"","ocean_disable_title":"default","ocean_disable_heading":"default","ocean_post_title":"","ocean_post_subheading":"","ocean_post_title_style":"","ocean_post_title_background_color":"","ocean_post_title_background":0,"ocean_post_title_bg_image_position":"","ocean_post_title_bg_image_attachment":"","ocean_post_title_bg_image_repeat":"","ocean_post_title_bg_image_size":"","ocean_post_title_height":0,"ocean_post_title_bg_overlay":0.5,"ocean_post_title_bg_overlay_color":"","ocean_disable_breadcrumbs":"default","ocean_breadcrumbs_color":"","ocean_breadcrumbs_separator_color":"","ocean_breadcrumbs_links_color":"","ocean_breadcrumbs_links_hover_color":"","ocean_display_footer_widgets":"default","ocean_display_footer_bottom":"default","ocean_custom_footer_template":"","ocean_post_oembed":"","ocean_post_self_hosted_media":"","ocean_post_video_embed":"","ocean_link_format":"","ocean_link_format_target":"self","ocean_quote_format":"","ocean_quote_format_link":"post","ocean_gallery_link_images":"off","ocean_gallery_id":[],"footnotes":""},"categories":[4,5,29],"tags":[],"class_list":["post-3350","post","type-post","status-publish","format-standard","has-post-thumbnail","hentry","category-destaque","category-geral","category-planejamento-e-urbanismo","entry","has-media"],"yoast_head":"<!-- This site is optimized with the Yoast SEO plugin v27.5 - https:\/\/yoast.com\/product\/yoast-seo-wordpress\/ -->\n<title>Substitui\u00e7\u00e3o da ponte que liga bairro Esta\u00e7\u00e3o a Nova Aparecida vai liberar tr\u00e1fego de ve\u00edculos leves no local depois de mais de 10 anos - Prefeitura de Capivari<\/title>\n<meta name=\"robots\" content=\"index, follow, max-snippet:-1, max-image-preview:large, max-video-preview:-1\" \/>\n<link rel=\"canonical\" href=\"https:\/\/capivari.sp.gov.br\/portal\/reforma-em-ponte-que-liga-bairro-estacao-a-nova-aparecida-vai-liberar-trafego-de-veiculos-leves-no-local-depois-de-mais-de-10-anos\/\" \/>\n<meta property=\"og:locale\" content=\"pt_BR\" \/>\n<meta property=\"og:type\" content=\"article\" \/>\n<meta property=\"og:title\" content=\"Substitui\u00e7\u00e3o da ponte que liga bairro Esta\u00e7\u00e3o a Nova Aparecida vai liberar tr\u00e1fego de ve\u00edculos leves no local depois de mais de 10 anos - Prefeitura de Capivari\" \/>\n<meta property=\"og:description\" content=\"A Prefeitura de Capivari anunciou uma nova obra na cidade, que dever\u00e1 come\u00e7ar nos pr\u00f3ximos dias. A ponte situada na rua Francisco Lembo, respons\u00e1vel por interligar o bairro Esta\u00e7\u00e3o ao bairro Nova Aparecida, que estava com tr\u00e2nsito interditado a mais de 10 anos, ser\u00e1 substitu\u00edda para solucionar este problema. O custo da obra ser\u00e1 de [&hellip;]\" \/>\n<meta property=\"og:url\" content=\"https:\/\/capivari.sp.gov.br\/portal\/reforma-em-ponte-que-liga-bairro-estacao-a-nova-aparecida-vai-liberar-trafego-de-veiculos-leves-no-local-depois-de-mais-de-10-anos\/\" \/>\n<meta property=\"og:site_name\" content=\"Prefeitura de Capivari\" \/>\n<meta property=\"article:publisher\" content=\"https:\/\/www.facebook.com\/PrefeituradeCapivari\/\" \/>\n<meta property=\"article:published_time\" content=\"2022-03-29T18:52:40+00:00\" \/>\n<meta property=\"article:modified_time\" content=\"2022-03-30T16:48:33+00:00\" \/>\n<meta property=\"og:image\" content=\"https:\/\/capivari.sp.gov.br\/portal\/wp-content\/uploads\/2022\/03\/2-1024x576.png\" \/>\n\t<meta property=\"og:image:width\" content=\"1024\" \/>\n\t<meta property=\"og:image:height\" content=\"576\" \/>\n\t<meta property=\"og:image:type\" content=\"image\/png\" \/>\n<meta name=\"author\" content=\"Thalles Cristiano\" \/>\n<meta name=\"twitter:card\" content=\"summary_large_image\" \/>\n<meta name=\"twitter:creator\" content=\"@PrefCapivari\" \/>\n<meta name=\"twitter:site\" content=\"@PrefCapivari\" \/>\n<meta name=\"twitter:label1\" content=\"Escrito por\" \/>\n\t<meta name=\"twitter:data1\" content=\"Thalles Cristiano\" \/>\n\t<meta name=\"twitter:label2\" content=\"Est. tempo de leitura\" \/>\n\t<meta name=\"twitter:data2\" content=\"2 minutos\" \/>\n<script type=\"application\/ld+json\" class=\"yoast-schema-graph\">{\"@context\":\"https:\\\/\\\/schema.org\",\"@graph\":[{\"@type\":\"Article\",\"@id\":\"https:\\\/\\\/capivari.sp.gov.br\\\/portal\\\/reforma-em-ponte-que-liga-bairro-estacao-a-nova-aparecida-vai-liberar-trafego-de-veiculos-leves-no-local-depois-de-mais-de-10-anos\\\/#article\",\"isPartOf\":{\"@id\":\"https:\\\/\\\/capivari.sp.gov.br\\\/portal\\\/reforma-em-ponte-que-liga-bairro-estacao-a-nova-aparecida-vai-liberar-trafego-de-veiculos-leves-no-local-depois-de-mais-de-10-anos\\\/\"},\"author\":{\"name\":\"Thalles Cristiano\",\"@id\":\"https:\\\/\\\/capivari.sp.gov.br\\\/portal\\\/#\\\/schema\\\/person\\\/98801614a91d449946b0687ae2db9f29\"},\"headline\":\"Substitui\u00e7\u00e3o da ponte que liga bairro Esta\u00e7\u00e3o a Nova Aparecida vai liberar tr\u00e1fego de ve\u00edculos leves no local depois de mais de 10 anos\",\"datePublished\":\"2022-03-29T18:52:40+00:00\",\"dateModified\":\"2022-03-30T16:48:33+00:00\",\"mainEntityOfPage\":{\"@id\":\"https:\\\/\\\/capivari.sp.gov.br\\\/portal\\\/reforma-em-ponte-que-liga-bairro-estacao-a-nova-aparecida-vai-liberar-trafego-de-veiculos-leves-no-local-depois-de-mais-de-10-anos\\\/\"},\"wordCount\":289,\"commentCount\":0,\"publisher\":{\"@id\":\"https:\\\/\\\/capivari.sp.gov.br\\\/portal\\\/#organization\"},\"image\":{\"@id\":\"https:\\\/\\\/capivari.sp.gov.br\\\/portal\\\/reforma-em-ponte-que-liga-bairro-estacao-a-nova-aparecida-vai-liberar-trafego-de-veiculos-leves-no-local-depois-de-mais-de-10-anos\\\/#primaryimage\"},\"thumbnailUrl\":\"https:\\\/\\\/capivari.sp.gov.br\\\/portal\\\/wp-content\\\/uploads\\\/2022\\\/03\\\/2.png\",\"articleSection\":[\"Destaque\",\"Geral\",\"Planejamento e Urbanismo\"],\"inLanguage\":\"pt-BR\",\"potentialAction\":[{\"@type\":\"CommentAction\",\"name\":\"Comment\",\"target\":[\"https:\\\/\\\/capivari.sp.gov.br\\\/portal\\\/reforma-em-ponte-que-liga-bairro-estacao-a-nova-aparecida-vai-liberar-trafego-de-veiculos-leves-no-local-depois-de-mais-de-10-anos\\\/#respond\"]}]},{\"@type\":\"WebPage\",\"@id\":\"https:\\\/\\\/capivari.sp.gov.br\\\/portal\\\/reforma-em-ponte-que-liga-bairro-estacao-a-nova-aparecida-vai-liberar-trafego-de-veiculos-leves-no-local-depois-de-mais-de-10-anos\\\/\",\"url\":\"https:\\\/\\\/capivari.sp.gov.br\\\/portal\\\/reforma-em-ponte-que-liga-bairro-estacao-a-nova-aparecida-vai-liberar-trafego-de-veiculos-leves-no-local-depois-de-mais-de-10-anos\\\/\",\"name\":\"Substitui\u00e7\u00e3o da ponte que liga bairro Esta\u00e7\u00e3o a Nova Aparecida vai liberar tr\u00e1fego de ve\u00edculos leves no local depois de mais de 10 anos - Prefeitura de Capivari\",\"isPartOf\":{\"@id\":\"https:\\\/\\\/capivari.sp.gov.br\\\/portal\\\/#website\"},\"primaryImageOfPage\":{\"@id\":\"https:\\\/\\\/capivari.sp.gov.br\\\/portal\\\/reforma-em-ponte-que-liga-bairro-estacao-a-nova-aparecida-vai-liberar-trafego-de-veiculos-leves-no-local-depois-de-mais-de-10-anos\\\/#primaryimage\"},\"image\":{\"@id\":\"https:\\\/\\\/capivari.sp.gov.br\\\/portal\\\/reforma-em-ponte-que-liga-bairro-estacao-a-nova-aparecida-vai-liberar-trafego-de-veiculos-leves-no-local-depois-de-mais-de-10-anos\\\/#primaryimage\"},\"thumbnailUrl\":\"https:\\\/\\\/capivari.sp.gov.br\\\/portal\\\/wp-content\\\/uploads\\\/2022\\\/03\\\/2.png\",\"datePublished\":\"2022-03-29T18:52:40+00:00\",\"dateModified\":\"2022-03-30T16:48:33+00:00\",\"breadcrumb\":{\"@id\":\"https:\\\/\\\/capivari.sp.gov.br\\\/portal\\\/reforma-em-ponte-que-liga-bairro-estacao-a-nova-aparecida-vai-liberar-trafego-de-veiculos-leves-no-local-depois-de-mais-de-10-anos\\\/#breadcrumb\"},\"inLanguage\":\"pt-BR\",\"potentialAction\":[{\"@type\":\"ReadAction\",\"target\":[\"https:\\\/\\\/capivari.sp.gov.br\\\/portal\\\/reforma-em-ponte-que-liga-bairro-estacao-a-nova-aparecida-vai-liberar-trafego-de-veiculos-leves-no-local-depois-de-mais-de-10-anos\\\/\"]}]},{\"@type\":\"ImageObject\",\"inLanguage\":\"pt-BR\",\"@id\":\"https:\\\/\\\/capivari.sp.gov.br\\\/portal\\\/reforma-em-ponte-que-liga-bairro-estacao-a-nova-aparecida-vai-liberar-trafego-de-veiculos-leves-no-local-depois-de-mais-de-10-anos\\\/#primaryimage\",\"url\":\"https:\\\/\\\/capivari.sp.gov.br\\\/portal\\\/wp-content\\\/uploads\\\/2022\\\/03\\\/2.png\",\"contentUrl\":\"https:\\\/\\\/capivari.sp.gov.br\\\/portal\\\/wp-content\\\/uploads\\\/2022\\\/03\\\/2.png\",\"width\":1366,\"height\":768},{\"@type\":\"BreadcrumbList\",\"@id\":\"https:\\\/\\\/capivari.sp.gov.br\\\/portal\\\/reforma-em-ponte-que-liga-bairro-estacao-a-nova-aparecida-vai-liberar-trafego-de-veiculos-leves-no-local-depois-de-mais-de-10-anos\\\/#breadcrumb\",\"itemListElement\":[{\"@type\":\"ListItem\",\"position\":1,\"name\":\"In\u00edcio\",\"item\":\"https:\\\/\\\/capivari.sp.gov.br\\\/portal\\\/\"},{\"@type\":\"ListItem\",\"position\":2,\"name\":\"Substitui\u00e7\u00e3o da ponte que liga bairro Esta\u00e7\u00e3o a Nova Aparecida vai liberar tr\u00e1fego de ve\u00edculos leves no local depois de mais de 10 anos\"}]},{\"@type\":\"WebSite\",\"@id\":\"https:\\\/\\\/capivari.sp.gov.br\\\/portal\\\/#website\",\"url\":\"https:\\\/\\\/capivari.sp.gov.br\\\/portal\\\/\",\"name\":\"Prefeitura de Capivari\",\"description\":\"Prefeitura de Capivari\",\"publisher\":{\"@id\":\"https:\\\/\\\/capivari.sp.gov.br\\\/portal\\\/#organization\"},\"potentialAction\":[{\"@type\":\"SearchAction\",\"target\":{\"@type\":\"EntryPoint\",\"urlTemplate\":\"https:\\\/\\\/capivari.sp.gov.br\\\/portal\\\/?s={search_term_string}\"},\"query-input\":{\"@type\":\"PropertyValueSpecification\",\"valueRequired\":true,\"valueName\":\"search_term_string\"}}],\"inLanguage\":\"pt-BR\"},{\"@type\":\"Organization\",\"@id\":\"https:\\\/\\\/capivari.sp.gov.br\\\/portal\\\/#organization\",\"name\":\"Prefeitura de Capivari\",\"url\":\"https:\\\/\\\/capivari.sp.gov.br\\\/portal\\\/\",\"logo\":{\"@type\":\"ImageObject\",\"inLanguage\":\"pt-BR\",\"@id\":\"https:\\\/\\\/capivari.sp.gov.br\\\/portal\\\/#\\\/schema\\\/logo\\\/image\\\/\",\"url\":\"https:\\\/\\\/capivari.sp.gov.br\\\/portal\\\/wp-content\\\/uploads\\\/2021\\\/09\\\/logo-prefeitura-de-capivari.png\",\"contentUrl\":\"https:\\\/\\\/capivari.sp.gov.br\\\/portal\\\/wp-content\\\/uploads\\\/2021\\\/09\\\/logo-prefeitura-de-capivari.png\",\"width\":200,\"height\":147,\"caption\":\"Prefeitura de Capivari\"},\"image\":{\"@id\":\"https:\\\/\\\/capivari.sp.gov.br\\\/portal\\\/#\\\/schema\\\/logo\\\/image\\\/\"},\"sameAs\":[\"https:\\\/\\\/www.facebook.com\\\/PrefeituradeCapivari\\\/\",\"https:\\\/\\\/x.com\\\/PrefCapivari\",\"https:\\\/\\\/www.instagram.com\\\/prefeituracapivari\\\/\"]},{\"@type\":\"Person\",\"@id\":\"https:\\\/\\\/capivari.sp.gov.br\\\/portal\\\/#\\\/schema\\\/person\\\/98801614a91d449946b0687ae2db9f29\",\"name\":\"Thalles Cristiano\",\"image\":{\"@type\":\"ImageObject\",\"inLanguage\":\"pt-BR\",\"@id\":\"https:\\\/\\\/secure.gravatar.com\\\/avatar\\\/0d1b9a4bdcde99ab11a8cd27abdcd088993749b82c4355c0301135023dc52b3d?s=96&d=mm&r=g\",\"url\":\"https:\\\/\\\/secure.gravatar.com\\\/avatar\\\/0d1b9a4bdcde99ab11a8cd27abdcd088993749b82c4355c0301135023dc52b3d?s=96&d=mm&r=g\",\"contentUrl\":\"https:\\\/\\\/secure.gravatar.com\\\/avatar\\\/0d1b9a4bdcde99ab11a8cd27abdcd088993749b82c4355c0301135023dc52b3d?s=96&d=mm&r=g\",\"caption\":\"Thalles Cristiano\"},\"url\":\"https:\\\/\\\/capivari.sp.gov.br\\\/portal\\\/author\\\/thalles-cristiano\\\/\"}]}<\/script>\n<!-- \/ Yoast SEO plugin. -->","yoast_head_json":{"title":"Substitui\u00e7\u00e3o da ponte que liga bairro Esta\u00e7\u00e3o a Nova Aparecida vai liberar tr\u00e1fego de ve\u00edculos leves no local depois de mais de 10 anos - Prefeitura de Capivari","robots":{"index":"index","follow":"follow","max-snippet":"max-snippet:-1","max-image-preview":"max-image-preview:large","max-video-preview":"max-video-preview:-1"},"canonical":"https:\/\/capivari.sp.gov.br\/portal\/reforma-em-ponte-que-liga-bairro-estacao-a-nova-aparecida-vai-liberar-trafego-de-veiculos-leves-no-local-depois-de-mais-de-10-anos\/","og_locale":"pt_BR","og_type":"article","og_title":"Substitui\u00e7\u00e3o da ponte que liga bairro Esta\u00e7\u00e3o a Nova Aparecida vai liberar tr\u00e1fego de ve\u00edculos leves no local depois de mais de 10 anos - Prefeitura de Capivari","og_description":"A Prefeitura de Capivari anunciou uma nova obra na cidade, que dever\u00e1 come\u00e7ar nos pr\u00f3ximos dias. A ponte situada na rua Francisco Lembo, respons\u00e1vel por interligar o bairro Esta\u00e7\u00e3o ao bairro Nova Aparecida, que estava com tr\u00e2nsito interditado a mais de 10 anos, ser\u00e1 substitu\u00edda para solucionar este problema. O custo da obra ser\u00e1 de [&hellip;]","og_url":"https:\/\/capivari.sp.gov.br\/portal\/reforma-em-ponte-que-liga-bairro-estacao-a-nova-aparecida-vai-liberar-trafego-de-veiculos-leves-no-local-depois-de-mais-de-10-anos\/","og_site_name":"Prefeitura de Capivari","article_publisher":"https:\/\/www.facebook.com\/PrefeituradeCapivari\/","article_published_time":"2022-03-29T18:52:40+00:00","article_modified_time":"2022-03-30T16:48:33+00:00","og_image":[{"width":1024,"height":576,"url":"https:\/\/capivari.sp.gov.br\/portal\/wp-content\/uploads\/2022\/03\/2-1024x576.png","type":"image\/png"}],"author":"Thalles Cristiano","twitter_card":"summary_large_image","twitter_creator":"@PrefCapivari","twitter_site":"@PrefCapivari","twitter_misc":{"Escrito por":"Thalles Cristiano","Est. tempo de leitura":"2 minutos"},"schema":{"@context":"https:\/\/schema.org","@graph":[{"@type":"Article","@id":"https:\/\/capivari.sp.gov.br\/portal\/reforma-em-ponte-que-liga-bairro-estacao-a-nova-aparecida-vai-liberar-trafego-de-veiculos-leves-no-local-depois-de-mais-de-10-anos\/#article","isPartOf":{"@id":"https:\/\/capivari.sp.gov.br\/portal\/reforma-em-ponte-que-liga-bairro-estacao-a-nova-aparecida-vai-liberar-trafego-de-veiculos-leves-no-local-depois-de-mais-de-10-anos\/"},"author":{"name":"Thalles Cristiano","@id":"https:\/\/capivari.sp.gov.br\/portal\/#\/schema\/person\/98801614a91d449946b0687ae2db9f29"},"headline":"Substitui\u00e7\u00e3o da ponte que liga bairro Esta\u00e7\u00e3o a Nova Aparecida vai liberar tr\u00e1fego de ve\u00edculos leves no local depois de mais de 10 anos","datePublished":"2022-03-29T18:52:40+00:00","dateModified":"2022-03-30T16:48:33+00:00","mainEntityOfPage":{"@id":"https:\/\/capivari.sp.gov.br\/portal\/reforma-em-ponte-que-liga-bairro-estacao-a-nova-aparecida-vai-liberar-trafego-de-veiculos-leves-no-local-depois-de-mais-de-10-anos\/"},"wordCount":289,"commentCount":0,"publisher":{"@id":"https:\/\/capivari.sp.gov.br\/portal\/#organization"},"image":{"@id":"https:\/\/capivari.sp.gov.br\/portal\/reforma-em-ponte-que-liga-bairro-estacao-a-nova-aparecida-vai-liberar-trafego-de-veiculos-leves-no-local-depois-de-mais-de-10-anos\/#primaryimage"},"thumbnailUrl":"https:\/\/capivari.sp.gov.br\/portal\/wp-content\/uploads\/2022\/03\/2.png","articleSection":["Destaque","Geral","Planejamento e Urbanismo"],"inLanguage":"pt-BR","potentialAction":[{"@type":"CommentAction","name":"Comment","target":["https:\/\/capivari.sp.gov.br\/portal\/reforma-em-ponte-que-liga-bairro-estacao-a-nova-aparecida-vai-liberar-trafego-de-veiculos-leves-no-local-depois-de-mais-de-10-anos\/#respond"]}]},{"@type":"WebPage","@id":"https:\/\/capivari.sp.gov.br\/portal\/reforma-em-ponte-que-liga-bairro-estacao-a-nova-aparecida-vai-liberar-trafego-de-veiculos-leves-no-local-depois-de-mais-de-10-anos\/","url":"https:\/\/capivari.sp.gov.br\/portal\/reforma-em-ponte-que-liga-bairro-estacao-a-nova-aparecida-vai-liberar-trafego-de-veiculos-leves-no-local-depois-de-mais-de-10-anos\/","name":"Substitui\u00e7\u00e3o da ponte que liga bairro Esta\u00e7\u00e3o a Nova Aparecida vai liberar tr\u00e1fego de ve\u00edculos leves no local depois de mais de 10 anos - Prefeitura de Capivari","isPartOf":{"@id":"https:\/\/capivari.sp.gov.br\/portal\/#website"},"primaryImageOfPage":{"@id":"https:\/\/capivari.sp.gov.br\/portal\/reforma-em-ponte-que-liga-bairro-estacao-a-nova-aparecida-vai-liberar-trafego-de-veiculos-leves-no-local-depois-de-mais-de-10-anos\/#primaryimage"},"image":{"@id":"https:\/\/capivari.sp.gov.br\/portal\/reforma-em-ponte-que-liga-bairro-estacao-a-nova-aparecida-vai-liberar-trafego-de-veiculos-leves-no-local-depois-de-mais-de-10-anos\/#primaryimage"},"thumbnailUrl":"https:\/\/capivari.sp.gov.br\/portal\/wp-content\/uploads\/2022\/03\/2.png","datePublished":"2022-03-29T18:52:40+00:00","dateModified":"2022-03-30T16:48:33+00:00","breadcrumb":{"@id":"https:\/\/capivari.sp.gov.br\/portal\/reforma-em-ponte-que-liga-bairro-estacao-a-nova-aparecida-vai-liberar-trafego-de-veiculos-leves-no-local-depois-de-mais-de-10-anos\/#breadcrumb"},"inLanguage":"pt-BR","potentialAction":[{"@type":"ReadAction","target":["https:\/\/capivari.sp.gov.br\/portal\/reforma-em-ponte-que-liga-bairro-estacao-a-nova-aparecida-vai-liberar-trafego-de-veiculos-leves-no-local-depois-de-mais-de-10-anos\/"]}]},{"@type":"ImageObject","inLanguage":"pt-BR","@id":"https:\/\/capivari.sp.gov.br\/portal\/reforma-em-ponte-que-liga-bairro-estacao-a-nova-aparecida-vai-liberar-trafego-de-veiculos-leves-no-local-depois-de-mais-de-10-anos\/#primaryimage","url":"https:\/\/capivari.sp.gov.br\/portal\/wp-content\/uploads\/2022\/03\/2.png","contentUrl":"https:\/\/capivari.sp.gov.br\/portal\/wp-content\/uploads\/2022\/03\/2.png","width":1366,"height":768},{"@type":"BreadcrumbList","@id":"https:\/\/capivari.sp.gov.br\/portal\/reforma-em-ponte-que-liga-bairro-estacao-a-nova-aparecida-vai-liberar-trafego-de-veiculos-leves-no-local-depois-de-mais-de-10-anos\/#breadcrumb","itemListElement":[{"@type":"ListItem","position":1,"name":"In\u00edcio","item":"https:\/\/capivari.sp.gov.br\/portal\/"},{"@type":"ListItem","position":2,"name":"Substitui\u00e7\u00e3o da ponte que liga bairro Esta\u00e7\u00e3o a Nova Aparecida vai liberar tr\u00e1fego de ve\u00edculos leves no local depois de mais de 10 anos"}]},{"@type":"WebSite","@id":"https:\/\/capivari.sp.gov.br\/portal\/#website","url":"https:\/\/capivari.sp.gov.br\/portal\/","name":"Prefeitura de Capivari","description":"Prefeitura de Capivari","publisher":{"@id":"https:\/\/capivari.sp.gov.br\/portal\/#organization"},"potentialAction":[{"@type":"SearchAction","target":{"@type":"EntryPoint","urlTemplate":"https:\/\/capivari.sp.gov.br\/portal\/?s={search_term_string}"},"query-input":{"@type":"PropertyValueSpecification","valueRequired":true,"valueName":"search_term_string"}}],"inLanguage":"pt-BR"},{"@type":"Organization","@id":"https:\/\/capivari.sp.gov.br\/portal\/#organization","name":"Prefeitura de Capivari","url":"https:\/\/capivari.sp.gov.br\/portal\/","logo":{"@type":"ImageObject","inLanguage":"pt-BR","@id":"https:\/\/capivari.sp.gov.br\/portal\/#\/schema\/logo\/image\/","url":"https:\/\/capivari.sp.gov.br\/portal\/wp-content\/uploads\/2021\/09\/logo-prefeitura-de-capivari.png","contentUrl":"https:\/\/capivari.sp.gov.br\/portal\/wp-content\/uploads\/2021\/09\/logo-prefeitura-de-capivari.png","width":200,"height":147,"caption":"Prefeitura de Capivari"},"image":{"@id":"https:\/\/capivari.sp.gov.br\/portal\/#\/schema\/logo\/image\/"},"sameAs":["https:\/\/www.facebook.com\/PrefeituradeCapivari\/","https:\/\/x.com\/PrefCapivari","https:\/\/www.instagram.com\/prefeituracapivari\/"]},{"@type":"Person","@id":"https:\/\/capivari.sp.gov.br\/portal\/#\/schema\/person\/98801614a91d449946b0687ae2db9f29","name":"Thalles Cristiano","image":{"@type":"ImageObject","inLanguage":"pt-BR","@id":"https:\/\/secure.gravatar.com\/avatar\/0d1b9a4bdcde99ab11a8cd27abdcd088993749b82c4355c0301135023dc52b3d?s=96&d=mm&r=g","url":"https:\/\/secure.gravatar.com\/avatar\/0d1b9a4bdcde99ab11a8cd27abdcd088993749b82c4355c0301135023dc52b3d?s=96&d=mm&r=g","contentUrl":"https:\/\/secure.gravatar.com\/avatar\/0d1b9a4bdcde99ab11a8cd27abdcd088993749b82c4355c0301135023dc52b3d?s=96&d=mm&r=g","caption":"Thalles Cristiano"},"url":"https:\/\/capivari.sp.gov.br\/portal\/author\/thalles-cristiano\/"}]}},"_links":{"self":[{"href":"https:\/\/capivari.sp.gov.br\/portal\/wp-json\/wp\/v2\/posts\/3350","targetHints":{"allow":["GET"]}}],"collection":[{"href":"https:\/\/capivari.sp.gov.br\/portal\/wp-json\/wp\/v2\/posts"}],"about":[{"href":"https:\/\/capivari.sp.gov.br\/portal\/wp-json\/wp\/v2\/types\/post"}],"author":[{"embeddable":true,"href":"https:\/\/capivari.sp.gov.br\/portal\/wp-json\/wp\/v2\/users\/2"}],"replies":[{"embeddable":true,"href":"https:\/\/capivari.sp.gov.br\/portal\/wp-json\/wp\/v2\/comments?post=3350"}],"version-history":[{"count":2,"href":"https:\/\/capivari.sp.gov.br\/portal\/wp-json\/wp\/v2\/posts\/3350\/revisions"}],"predecessor-version":[{"id":3358,"href":"https:\/\/capivari.sp.gov.br\/portal\/wp-json\/wp\/v2\/posts\/3350\/revisions\/3358"}],"wp:featuredmedia":[{"embeddable":true,"href":"https:\/\/capivari.sp.gov.br\/portal\/wp-json\/wp\/v2\/media\/3351"}],"wp:attachment":[{"href":"https:\/\/capivari.sp.gov.br\/portal\/wp-json\/wp\/v2\/media?parent=3350"}],"wp:term":[{"taxonomy":"category","embeddable":true,"href":"https:\/\/capivari.sp.gov.br\/portal\/wp-json\/wp\/v2\/categories?post=3350"},{"taxonomy":"post_tag","embeddable":true,"href":"https:\/\/capivari.sp.gov.br\/portal\/wp-json\/wp\/v2\/tags?post=3350"}],"curies":[{"name":"wp","href":"https:\/\/api.w.org\/{rel}","templated":true}]}}