{"id":3359,"date":"2022-03-30T15:49:36","date_gmt":"2022-03-30T18:49:36","guid":{"rendered":"https:\/\/capivari.sp.gov.br\/portal\/?p=3359"},"modified":"2022-03-30T15:49:36","modified_gmt":"2022-03-30T18:49:36","slug":"grupo-guaia-do-batuque-de-umbigada-de-capivari-se-apresenta-em-praca-do-bairro-castelani-neste-domingo-dia-03","status":"publish","type":"post","link":"https:\/\/capivari.sp.gov.br\/portal\/grupo-guaia-do-batuque-de-umbigada-de-capivari-se-apresenta-em-praca-do-bairro-castelani-neste-domingo-dia-03\/","title":{"rendered":"Grupo Guai\u00e1 do Batuque de Umbigada de Capivari se apresenta em pra\u00e7a do bairro Castelani neste domingo, dia 03"},"content":{"rendered":"<p>As atra\u00e7\u00f5es da Secretaria de Cultura e Turismo continuam a todo vapor. A pasta anunciou o pr\u00f3ximo evento cultural, parte do cronograma de apresenta\u00e7\u00f5es organizados semanalmente pela secretaria. O Grupo Guai\u00e1 do Batuque de Umbigada de Capivari vai se apresentar na pra\u00e7a do bairro Castelani, situada pr\u00f3ximo a Escola Municipal Dirceu Ortolani Stein, neste domingo, dia 03, \u00e0s 19h.<\/p>\n<p>A principal mudan\u00e7a na programa\u00e7\u00e3o em vista do que vinha sendo organizado, a Secretaria de Cultura e Turismo vai levar as atra\u00e7\u00f5es diretamente aos bairros durante este m\u00eas de abril. Em todos os finais de semana de mar\u00e7o, as apresenta\u00e7\u00f5es musicais aconteceram no coreto da Pra\u00e7a Central da cidade, com exce\u00e7\u00e3o do \u00faltimo domingo, dia 26, onde o evento foi adiado em fun\u00e7\u00e3o do mau tempo.<\/p>\n<p>O Grupo Guai\u00e1 do Batuque de Umbigada de Capivari vai trazer a tradi\u00e7\u00e3o e hist\u00f3ria da cultura Afro em nossa sociedade ao p\u00fablico do bairro Castelani e redondezas. Para mais informa\u00e7\u00f5es, a Secretaria de Cultura e Turismo atende atrav\u00e9s do telefone 3491-1322.<\/p>\n","protected":false},"excerpt":{"rendered":"<p>As atra\u00e7\u00f5es da Secretaria de Cultura e Turismo continuam a todo vapor. A pasta anunciou o pr\u00f3ximo evento cultural, parte do cronograma de apresenta\u00e7\u00f5es organizados semanalmente pela secretaria. O Grupo Guai\u00e1 do Batuque de Umbigada de Capivari vai se apresentar na pra\u00e7a do bairro Castelani, situada pr\u00f3ximo a Escola Municipal Dirceu Ortolani Stein, neste domingo, [&hellip;]<\/p>\n","protected":false},"author":2,"featured_media":3360,"comment_status":"open","ping_status":"open","sticky":false,"template":"","format":"standard","meta":{"ocean_post_layout":"","ocean_both_sidebars_style":"","ocean_both_sidebars_content_width":0,"ocean_both_sidebars_sidebars_width":0,"ocean_sidebar":"","ocean_second_sidebar":"","ocean_disable_margins":"enable","ocean_add_body_class":"","ocean_shortcode_before_top_bar":"","ocean_shortcode_after_top_bar":"","ocean_shortcode_before_header":"","ocean_shortcode_after_header":"","ocean_has_shortcode":"","ocean_shortcode_after_title":"","ocean_shortcode_before_footer_widgets":"","ocean_shortcode_after_footer_widgets":"","ocean_shortcode_before_footer_bottom":"","ocean_shortcode_after_footer_bottom":"","ocean_display_top_bar":"default","ocean_display_header":"default","ocean_header_style":"","ocean_center_header_left_menu":"","ocean_custom_header_template":"","ocean_custom_logo":0,"ocean_custom_retina_logo":0,"ocean_custom_logo_max_width":0,"ocean_custom_logo_tablet_max_width":0,"ocean_custom_logo_mobile_max_width":0,"ocean_custom_logo_max_height":0,"ocean_custom_logo_tablet_max_height":0,"ocean_custom_logo_mobile_max_height":0,"ocean_header_custom_menu":"","ocean_menu_typo_font_family":"","ocean_menu_typo_font_subset":"","ocean_menu_typo_font_size":0,"ocean_menu_typo_font_size_tablet":0,"ocean_menu_typo_font_size_mobile":0,"ocean_menu_typo_font_size_unit":"px","ocean_menu_typo_font_weight":"","ocean_menu_typo_font_weight_tablet":"","ocean_menu_typo_font_weight_mobile":"","ocean_menu_typo_transform":"","ocean_menu_typo_transform_tablet":"","ocean_menu_typo_transform_mobile":"","ocean_menu_typo_line_height":0,"ocean_menu_typo_line_height_tablet":0,"ocean_menu_typo_line_height_mobile":0,"ocean_menu_typo_line_height_unit":"","ocean_menu_typo_spacing":0,"ocean_menu_typo_spacing_tablet":0,"ocean_menu_typo_spacing_mobile":0,"ocean_menu_typo_spacing_unit":"","ocean_menu_link_color":"","ocean_menu_link_color_hover":"","ocean_menu_link_color_active":"","ocean_menu_link_background":"","ocean_menu_link_hover_background":"","ocean_menu_link_active_background":"","ocean_menu_social_links_bg":"","ocean_menu_social_hover_links_bg":"","ocean_menu_social_links_color":"","ocean_menu_social_hover_links_color":"","ocean_disable_title":"default","ocean_disable_heading":"default","ocean_post_title":"","ocean_post_subheading":"","ocean_post_title_style":"","ocean_post_title_background_color":"","ocean_post_title_background":0,"ocean_post_title_bg_image_position":"","ocean_post_title_bg_image_attachment":"","ocean_post_title_bg_image_repeat":"","ocean_post_title_bg_image_size":"","ocean_post_title_height":0,"ocean_post_title_bg_overlay":0.5,"ocean_post_title_bg_overlay_color":"","ocean_disable_breadcrumbs":"default","ocean_breadcrumbs_color":"","ocean_breadcrumbs_separator_color":"","ocean_breadcrumbs_links_color":"","ocean_breadcrumbs_links_hover_color":"","ocean_display_footer_widgets":"default","ocean_display_footer_bottom":"default","ocean_custom_footer_template":"","ocean_post_oembed":"","ocean_post_self_hosted_media":"","ocean_post_video_embed":"","ocean_link_format":"","ocean_link_format_target":"self","ocean_quote_format":"","ocean_quote_format_link":"post","ocean_gallery_link_images":"off","ocean_gallery_id":[],"footnotes":""},"categories":[17,4,5],"tags":[],"class_list":["post-3359","post","type-post","status-publish","format-standard","has-post-thumbnail","hentry","category-cultura","category-destaque","category-geral","entry","has-media"],"yoast_head":"<!-- This site is optimized with the Yoast SEO plugin v27.5 - https:\/\/yoast.com\/product\/yoast-seo-wordpress\/ -->\n<title>Grupo Guai\u00e1 do Batuque de Umbigada de Capivari se apresenta em pra\u00e7a do bairro Castelani neste domingo, dia 03 - Prefeitura de Capivari<\/title>\n<meta name=\"robots\" content=\"index, follow, max-snippet:-1, max-image-preview:large, max-video-preview:-1\" \/>\n<link rel=\"canonical\" href=\"https:\/\/capivari.sp.gov.br\/portal\/grupo-guaia-do-batuque-de-umbigada-de-capivari-se-apresenta-em-praca-do-bairro-castelani-neste-domingo-dia-03\/\" \/>\n<meta property=\"og:locale\" content=\"pt_BR\" \/>\n<meta property=\"og:type\" content=\"article\" \/>\n<meta property=\"og:title\" content=\"Grupo Guai\u00e1 do Batuque de Umbigada de Capivari se apresenta em pra\u00e7a do bairro Castelani neste domingo, dia 03 - Prefeitura de Capivari\" \/>\n<meta property=\"og:description\" content=\"As atra\u00e7\u00f5es da Secretaria de Cultura e Turismo continuam a todo vapor. A pasta anunciou o pr\u00f3ximo evento cultural, parte do cronograma de apresenta\u00e7\u00f5es organizados semanalmente pela secretaria. O Grupo Guai\u00e1 do Batuque de Umbigada de Capivari vai se apresentar na pra\u00e7a do bairro Castelani, situada pr\u00f3ximo a Escola Municipal Dirceu Ortolani Stein, neste domingo, [&hellip;]\" \/>\n<meta property=\"og:url\" content=\"https:\/\/capivari.sp.gov.br\/portal\/grupo-guaia-do-batuque-de-umbigada-de-capivari-se-apresenta-em-praca-do-bairro-castelani-neste-domingo-dia-03\/\" \/>\n<meta property=\"og:site_name\" content=\"Prefeitura de Capivari\" \/>\n<meta property=\"article:publisher\" content=\"https:\/\/www.facebook.com\/PrefeituradeCapivari\/\" \/>\n<meta property=\"article:published_time\" content=\"2022-03-30T18:49:36+00:00\" \/>\n<meta property=\"og:image\" content=\"https:\/\/capivari.sp.gov.br\/portal\/wp-content\/uploads\/2022\/03\/WhatsApp-Image-2022-03-30-at-15.46.50.jpeg\" \/>\n\t<meta property=\"og:image:width\" content=\"1000\" \/>\n\t<meta property=\"og:image:height\" content=\"1200\" \/>\n\t<meta property=\"og:image:type\" content=\"image\/jpeg\" \/>\n<meta name=\"author\" content=\"Thalles Cristiano\" \/>\n<meta name=\"twitter:card\" content=\"summary_large_image\" \/>\n<meta name=\"twitter:creator\" content=\"@PrefCapivari\" \/>\n<meta name=\"twitter:site\" content=\"@PrefCapivari\" \/>\n<meta name=\"twitter:label1\" content=\"Escrito por\" \/>\n\t<meta name=\"twitter:data1\" content=\"Thalles Cristiano\" \/>\n\t<meta name=\"twitter:label2\" content=\"Est. tempo de leitura\" \/>\n\t<meta name=\"twitter:data2\" content=\"1 minuto\" \/>\n<script type=\"application\/ld+json\" class=\"yoast-schema-graph\">{\"@context\":\"https:\\\/\\\/schema.org\",\"@graph\":[{\"@type\":\"Article\",\"@id\":\"https:\\\/\\\/capivari.sp.gov.br\\\/portal\\\/grupo-guaia-do-batuque-de-umbigada-de-capivari-se-apresenta-em-praca-do-bairro-castelani-neste-domingo-dia-03\\\/#article\",\"isPartOf\":{\"@id\":\"https:\\\/\\\/capivari.sp.gov.br\\\/portal\\\/grupo-guaia-do-batuque-de-umbigada-de-capivari-se-apresenta-em-praca-do-bairro-castelani-neste-domingo-dia-03\\\/\"},\"author\":{\"name\":\"Thalles Cristiano\",\"@id\":\"https:\\\/\\\/capivari.sp.gov.br\\\/portal\\\/#\\\/schema\\\/person\\\/98801614a91d449946b0687ae2db9f29\"},\"headline\":\"Grupo Guai\u00e1 do Batuque de Umbigada de Capivari se apresenta em pra\u00e7a do bairro Castelani neste domingo, dia 03\",\"datePublished\":\"2022-03-30T18:49:36+00:00\",\"mainEntityOfPage\":{\"@id\":\"https:\\\/\\\/capivari.sp.gov.br\\\/portal\\\/grupo-guaia-do-batuque-de-umbigada-de-capivari-se-apresenta-em-praca-do-bairro-castelani-neste-domingo-dia-03\\\/\"},\"wordCount\":203,\"commentCount\":0,\"publisher\":{\"@id\":\"https:\\\/\\\/capivari.sp.gov.br\\\/portal\\\/#organization\"},\"image\":{\"@id\":\"https:\\\/\\\/capivari.sp.gov.br\\\/portal\\\/grupo-guaia-do-batuque-de-umbigada-de-capivari-se-apresenta-em-praca-do-bairro-castelani-neste-domingo-dia-03\\\/#primaryimage\"},\"thumbnailUrl\":\"https:\\\/\\\/capivari.sp.gov.br\\\/portal\\\/wp-content\\\/uploads\\\/2022\\\/03\\\/WhatsApp-Image-2022-03-30-at-15.46.50.jpeg\",\"articleSection\":[\"Cultura\",\"Destaque\",\"Geral\"],\"inLanguage\":\"pt-BR\",\"potentialAction\":[{\"@type\":\"CommentAction\",\"name\":\"Comment\",\"target\":[\"https:\\\/\\\/capivari.sp.gov.br\\\/portal\\\/grupo-guaia-do-batuque-de-umbigada-de-capivari-se-apresenta-em-praca-do-bairro-castelani-neste-domingo-dia-03\\\/#respond\"]}]},{\"@type\":\"WebPage\",\"@id\":\"https:\\\/\\\/capivari.sp.gov.br\\\/portal\\\/grupo-guaia-do-batuque-de-umbigada-de-capivari-se-apresenta-em-praca-do-bairro-castelani-neste-domingo-dia-03\\\/\",\"url\":\"https:\\\/\\\/capivari.sp.gov.br\\\/portal\\\/grupo-guaia-do-batuque-de-umbigada-de-capivari-se-apresenta-em-praca-do-bairro-castelani-neste-domingo-dia-03\\\/\",\"name\":\"Grupo Guai\u00e1 do Batuque de Umbigada de Capivari se apresenta em pra\u00e7a do bairro Castelani neste domingo, dia 03 - Prefeitura de Capivari\",\"isPartOf\":{\"@id\":\"https:\\\/\\\/capivari.sp.gov.br\\\/portal\\\/#website\"},\"primaryImageOfPage\":{\"@id\":\"https:\\\/\\\/capivari.sp.gov.br\\\/portal\\\/grupo-guaia-do-batuque-de-umbigada-de-capivari-se-apresenta-em-praca-do-bairro-castelani-neste-domingo-dia-03\\\/#primaryimage\"},\"image\":{\"@id\":\"https:\\\/\\\/capivari.sp.gov.br\\\/portal\\\/grupo-guaia-do-batuque-de-umbigada-de-capivari-se-apresenta-em-praca-do-bairro-castelani-neste-domingo-dia-03\\\/#primaryimage\"},\"thumbnailUrl\":\"https:\\\/\\\/capivari.sp.gov.br\\\/portal\\\/wp-content\\\/uploads\\\/2022\\\/03\\\/WhatsApp-Image-2022-03-30-at-15.46.50.jpeg\",\"datePublished\":\"2022-03-30T18:49:36+00:00\",\"breadcrumb\":{\"@id\":\"https:\\\/\\\/capivari.sp.gov.br\\\/portal\\\/grupo-guaia-do-batuque-de-umbigada-de-capivari-se-apresenta-em-praca-do-bairro-castelani-neste-domingo-dia-03\\\/#breadcrumb\"},\"inLanguage\":\"pt-BR\",\"potentialAction\":[{\"@type\":\"ReadAction\",\"target\":[\"https:\\\/\\\/capivari.sp.gov.br\\\/portal\\\/grupo-guaia-do-batuque-de-umbigada-de-capivari-se-apresenta-em-praca-do-bairro-castelani-neste-domingo-dia-03\\\/\"]}]},{\"@type\":\"ImageObject\",\"inLanguage\":\"pt-BR\",\"@id\":\"https:\\\/\\\/capivari.sp.gov.br\\\/portal\\\/grupo-guaia-do-batuque-de-umbigada-de-capivari-se-apresenta-em-praca-do-bairro-castelani-neste-domingo-dia-03\\\/#primaryimage\",\"url\":\"https:\\\/\\\/capivari.sp.gov.br\\\/portal\\\/wp-content\\\/uploads\\\/2022\\\/03\\\/WhatsApp-Image-2022-03-30-at-15.46.50.jpeg\",\"contentUrl\":\"https:\\\/\\\/capivari.sp.gov.br\\\/portal\\\/wp-content\\\/uploads\\\/2022\\\/03\\\/WhatsApp-Image-2022-03-30-at-15.46.50.jpeg\",\"width\":1000,\"height\":1200},{\"@type\":\"BreadcrumbList\",\"@id\":\"https:\\\/\\\/capivari.sp.gov.br\\\/portal\\\/grupo-guaia-do-batuque-de-umbigada-de-capivari-se-apresenta-em-praca-do-bairro-castelani-neste-domingo-dia-03\\\/#breadcrumb\",\"itemListElement\":[{\"@type\":\"ListItem\",\"position\":1,\"name\":\"In\u00edcio\",\"item\":\"https:\\\/\\\/capivari.sp.gov.br\\\/portal\\\/\"},{\"@type\":\"ListItem\",\"position\":2,\"name\":\"Grupo Guai\u00e1 do Batuque de Umbigada de Capivari se apresenta em pra\u00e7a do bairro Castelani neste domingo, dia 03\"}]},{\"@type\":\"WebSite\",\"@id\":\"https:\\\/\\\/capivari.sp.gov.br\\\/portal\\\/#website\",\"url\":\"https:\\\/\\\/capivari.sp.gov.br\\\/portal\\\/\",\"name\":\"Prefeitura de Capivari\",\"description\":\"Prefeitura de Capivari\",\"publisher\":{\"@id\":\"https:\\\/\\\/capivari.sp.gov.br\\\/portal\\\/#organization\"},\"potentialAction\":[{\"@type\":\"SearchAction\",\"target\":{\"@type\":\"EntryPoint\",\"urlTemplate\":\"https:\\\/\\\/capivari.sp.gov.br\\\/portal\\\/?s={search_term_string}\"},\"query-input\":{\"@type\":\"PropertyValueSpecification\",\"valueRequired\":true,\"valueName\":\"search_term_string\"}}],\"inLanguage\":\"pt-BR\"},{\"@type\":\"Organization\",\"@id\":\"https:\\\/\\\/capivari.sp.gov.br\\\/portal\\\/#organization\",\"name\":\"Prefeitura de Capivari\",\"url\":\"https:\\\/\\\/capivari.sp.gov.br\\\/portal\\\/\",\"logo\":{\"@type\":\"ImageObject\",\"inLanguage\":\"pt-BR\",\"@id\":\"https:\\\/\\\/capivari.sp.gov.br\\\/portal\\\/#\\\/schema\\\/logo\\\/image\\\/\",\"url\":\"https:\\\/\\\/capivari.sp.gov.br\\\/portal\\\/wp-content\\\/uploads\\\/2021\\\/09\\\/logo-prefeitura-de-capivari.png\",\"contentUrl\":\"https:\\\/\\\/capivari.sp.gov.br\\\/portal\\\/wp-content\\\/uploads\\\/2021\\\/09\\\/logo-prefeitura-de-capivari.png\",\"width\":200,\"height\":147,\"caption\":\"Prefeitura de Capivari\"},\"image\":{\"@id\":\"https:\\\/\\\/capivari.sp.gov.br\\\/portal\\\/#\\\/schema\\\/logo\\\/image\\\/\"},\"sameAs\":[\"https:\\\/\\\/www.facebook.com\\\/PrefeituradeCapivari\\\/\",\"https:\\\/\\\/x.com\\\/PrefCapivari\",\"https:\\\/\\\/www.instagram.com\\\/prefeituracapivari\\\/\"]},{\"@type\":\"Person\",\"@id\":\"https:\\\/\\\/capivari.sp.gov.br\\\/portal\\\/#\\\/schema\\\/person\\\/98801614a91d449946b0687ae2db9f29\",\"name\":\"Thalles Cristiano\",\"image\":{\"@type\":\"ImageObject\",\"inLanguage\":\"pt-BR\",\"@id\":\"https:\\\/\\\/secure.gravatar.com\\\/avatar\\\/0d1b9a4bdcde99ab11a8cd27abdcd088993749b82c4355c0301135023dc52b3d?s=96&d=mm&r=g\",\"url\":\"https:\\\/\\\/secure.gravatar.com\\\/avatar\\\/0d1b9a4bdcde99ab11a8cd27abdcd088993749b82c4355c0301135023dc52b3d?s=96&d=mm&r=g\",\"contentUrl\":\"https:\\\/\\\/secure.gravatar.com\\\/avatar\\\/0d1b9a4bdcde99ab11a8cd27abdcd088993749b82c4355c0301135023dc52b3d?s=96&d=mm&r=g\",\"caption\":\"Thalles Cristiano\"},\"url\":\"https:\\\/\\\/capivari.sp.gov.br\\\/portal\\\/author\\\/thalles-cristiano\\\/\"}]}<\/script>\n<!-- \/ Yoast SEO plugin. -->","yoast_head_json":{"title":"Grupo Guai\u00e1 do Batuque de Umbigada de Capivari se apresenta em pra\u00e7a do bairro Castelani neste domingo, dia 03 - Prefeitura de Capivari","robots":{"index":"index","follow":"follow","max-snippet":"max-snippet:-1","max-image-preview":"max-image-preview:large","max-video-preview":"max-video-preview:-1"},"canonical":"https:\/\/capivari.sp.gov.br\/portal\/grupo-guaia-do-batuque-de-umbigada-de-capivari-se-apresenta-em-praca-do-bairro-castelani-neste-domingo-dia-03\/","og_locale":"pt_BR","og_type":"article","og_title":"Grupo Guai\u00e1 do Batuque de Umbigada de Capivari se apresenta em pra\u00e7a do bairro Castelani neste domingo, dia 03 - Prefeitura de Capivari","og_description":"As atra\u00e7\u00f5es da Secretaria de Cultura e Turismo continuam a todo vapor. A pasta anunciou o pr\u00f3ximo evento cultural, parte do cronograma de apresenta\u00e7\u00f5es organizados semanalmente pela secretaria. O Grupo Guai\u00e1 do Batuque de Umbigada de Capivari vai se apresentar na pra\u00e7a do bairro Castelani, situada pr\u00f3ximo a Escola Municipal Dirceu Ortolani Stein, neste domingo, [&hellip;]","og_url":"https:\/\/capivari.sp.gov.br\/portal\/grupo-guaia-do-batuque-de-umbigada-de-capivari-se-apresenta-em-praca-do-bairro-castelani-neste-domingo-dia-03\/","og_site_name":"Prefeitura de Capivari","article_publisher":"https:\/\/www.facebook.com\/PrefeituradeCapivari\/","article_published_time":"2022-03-30T18:49:36+00:00","og_image":[{"width":1000,"height":1200,"url":"https:\/\/capivari.sp.gov.br\/portal\/wp-content\/uploads\/2022\/03\/WhatsApp-Image-2022-03-30-at-15.46.50.jpeg","type":"image\/jpeg"}],"author":"Thalles Cristiano","twitter_card":"summary_large_image","twitter_creator":"@PrefCapivari","twitter_site":"@PrefCapivari","twitter_misc":{"Escrito por":"Thalles Cristiano","Est. tempo de leitura":"1 minuto"},"schema":{"@context":"https:\/\/schema.org","@graph":[{"@type":"Article","@id":"https:\/\/capivari.sp.gov.br\/portal\/grupo-guaia-do-batuque-de-umbigada-de-capivari-se-apresenta-em-praca-do-bairro-castelani-neste-domingo-dia-03\/#article","isPartOf":{"@id":"https:\/\/capivari.sp.gov.br\/portal\/grupo-guaia-do-batuque-de-umbigada-de-capivari-se-apresenta-em-praca-do-bairro-castelani-neste-domingo-dia-03\/"},"author":{"name":"Thalles Cristiano","@id":"https:\/\/capivari.sp.gov.br\/portal\/#\/schema\/person\/98801614a91d449946b0687ae2db9f29"},"headline":"Grupo Guai\u00e1 do Batuque de Umbigada de Capivari se apresenta em pra\u00e7a do bairro Castelani neste domingo, dia 03","datePublished":"2022-03-30T18:49:36+00:00","mainEntityOfPage":{"@id":"https:\/\/capivari.sp.gov.br\/portal\/grupo-guaia-do-batuque-de-umbigada-de-capivari-se-apresenta-em-praca-do-bairro-castelani-neste-domingo-dia-03\/"},"wordCount":203,"commentCount":0,"publisher":{"@id":"https:\/\/capivari.sp.gov.br\/portal\/#organization"},"image":{"@id":"https:\/\/capivari.sp.gov.br\/portal\/grupo-guaia-do-batuque-de-umbigada-de-capivari-se-apresenta-em-praca-do-bairro-castelani-neste-domingo-dia-03\/#primaryimage"},"thumbnailUrl":"https:\/\/capivari.sp.gov.br\/portal\/wp-content\/uploads\/2022\/03\/WhatsApp-Image-2022-03-30-at-15.46.50.jpeg","articleSection":["Cultura","Destaque","Geral"],"inLanguage":"pt-BR","potentialAction":[{"@type":"CommentAction","name":"Comment","target":["https:\/\/capivari.sp.gov.br\/portal\/grupo-guaia-do-batuque-de-umbigada-de-capivari-se-apresenta-em-praca-do-bairro-castelani-neste-domingo-dia-03\/#respond"]}]},{"@type":"WebPage","@id":"https:\/\/capivari.sp.gov.br\/portal\/grupo-guaia-do-batuque-de-umbigada-de-capivari-se-apresenta-em-praca-do-bairro-castelani-neste-domingo-dia-03\/","url":"https:\/\/capivari.sp.gov.br\/portal\/grupo-guaia-do-batuque-de-umbigada-de-capivari-se-apresenta-em-praca-do-bairro-castelani-neste-domingo-dia-03\/","name":"Grupo Guai\u00e1 do Batuque de Umbigada de Capivari se apresenta em pra\u00e7a do bairro Castelani neste domingo, dia 03 - Prefeitura de Capivari","isPartOf":{"@id":"https:\/\/capivari.sp.gov.br\/portal\/#website"},"primaryImageOfPage":{"@id":"https:\/\/capivari.sp.gov.br\/portal\/grupo-guaia-do-batuque-de-umbigada-de-capivari-se-apresenta-em-praca-do-bairro-castelani-neste-domingo-dia-03\/#primaryimage"},"image":{"@id":"https:\/\/capivari.sp.gov.br\/portal\/grupo-guaia-do-batuque-de-umbigada-de-capivari-se-apresenta-em-praca-do-bairro-castelani-neste-domingo-dia-03\/#primaryimage"},"thumbnailUrl":"https:\/\/capivari.sp.gov.br\/portal\/wp-content\/uploads\/2022\/03\/WhatsApp-Image-2022-03-30-at-15.46.50.jpeg","datePublished":"2022-03-30T18:49:36+00:00","breadcrumb":{"@id":"https:\/\/capivari.sp.gov.br\/portal\/grupo-guaia-do-batuque-de-umbigada-de-capivari-se-apresenta-em-praca-do-bairro-castelani-neste-domingo-dia-03\/#breadcrumb"},"inLanguage":"pt-BR","potentialAction":[{"@type":"ReadAction","target":["https:\/\/capivari.sp.gov.br\/portal\/grupo-guaia-do-batuque-de-umbigada-de-capivari-se-apresenta-em-praca-do-bairro-castelani-neste-domingo-dia-03\/"]}]},{"@type":"ImageObject","inLanguage":"pt-BR","@id":"https:\/\/capivari.sp.gov.br\/portal\/grupo-guaia-do-batuque-de-umbigada-de-capivari-se-apresenta-em-praca-do-bairro-castelani-neste-domingo-dia-03\/#primaryimage","url":"https:\/\/capivari.sp.gov.br\/portal\/wp-content\/uploads\/2022\/03\/WhatsApp-Image-2022-03-30-at-15.46.50.jpeg","contentUrl":"https:\/\/capivari.sp.gov.br\/portal\/wp-content\/uploads\/2022\/03\/WhatsApp-Image-2022-03-30-at-15.46.50.jpeg","width":1000,"height":1200},{"@type":"BreadcrumbList","@id":"https:\/\/capivari.sp.gov.br\/portal\/grupo-guaia-do-batuque-de-umbigada-de-capivari-se-apresenta-em-praca-do-bairro-castelani-neste-domingo-dia-03\/#breadcrumb","itemListElement":[{"@type":"ListItem","position":1,"name":"In\u00edcio","item":"https:\/\/capivari.sp.gov.br\/portal\/"},{"@type":"ListItem","position":2,"name":"Grupo Guai\u00e1 do Batuque de Umbigada de Capivari se apresenta em pra\u00e7a do bairro Castelani neste domingo, dia 03"}]},{"@type":"WebSite","@id":"https:\/\/capivari.sp.gov.br\/portal\/#website","url":"https:\/\/capivari.sp.gov.br\/portal\/","name":"Prefeitura de Capivari","description":"Prefeitura de Capivari","publisher":{"@id":"https:\/\/capivari.sp.gov.br\/portal\/#organization"},"potentialAction":[{"@type":"SearchAction","target":{"@type":"EntryPoint","urlTemplate":"https:\/\/capivari.sp.gov.br\/portal\/?s={search_term_string}"},"query-input":{"@type":"PropertyValueSpecification","valueRequired":true,"valueName":"search_term_string"}}],"inLanguage":"pt-BR"},{"@type":"Organization","@id":"https:\/\/capivari.sp.gov.br\/portal\/#organization","name":"Prefeitura de Capivari","url":"https:\/\/capivari.sp.gov.br\/portal\/","logo":{"@type":"ImageObject","inLanguage":"pt-BR","@id":"https:\/\/capivari.sp.gov.br\/portal\/#\/schema\/logo\/image\/","url":"https:\/\/capivari.sp.gov.br\/portal\/wp-content\/uploads\/2021\/09\/logo-prefeitura-de-capivari.png","contentUrl":"https:\/\/capivari.sp.gov.br\/portal\/wp-content\/uploads\/2021\/09\/logo-prefeitura-de-capivari.png","width":200,"height":147,"caption":"Prefeitura de Capivari"},"image":{"@id":"https:\/\/capivari.sp.gov.br\/portal\/#\/schema\/logo\/image\/"},"sameAs":["https:\/\/www.facebook.com\/PrefeituradeCapivari\/","https:\/\/x.com\/PrefCapivari","https:\/\/www.instagram.com\/prefeituracapivari\/"]},{"@type":"Person","@id":"https:\/\/capivari.sp.gov.br\/portal\/#\/schema\/person\/98801614a91d449946b0687ae2db9f29","name":"Thalles Cristiano","image":{"@type":"ImageObject","inLanguage":"pt-BR","@id":"https:\/\/secure.gravatar.com\/avatar\/0d1b9a4bdcde99ab11a8cd27abdcd088993749b82c4355c0301135023dc52b3d?s=96&d=mm&r=g","url":"https:\/\/secure.gravatar.com\/avatar\/0d1b9a4bdcde99ab11a8cd27abdcd088993749b82c4355c0301135023dc52b3d?s=96&d=mm&r=g","contentUrl":"https:\/\/secure.gravatar.com\/avatar\/0d1b9a4bdcde99ab11a8cd27abdcd088993749b82c4355c0301135023dc52b3d?s=96&d=mm&r=g","caption":"Thalles Cristiano"},"url":"https:\/\/capivari.sp.gov.br\/portal\/author\/thalles-cristiano\/"}]}},"_links":{"self":[{"href":"https:\/\/capivari.sp.gov.br\/portal\/wp-json\/wp\/v2\/posts\/3359","targetHints":{"allow":["GET"]}}],"collection":[{"href":"https:\/\/capivari.sp.gov.br\/portal\/wp-json\/wp\/v2\/posts"}],"about":[{"href":"https:\/\/capivari.sp.gov.br\/portal\/wp-json\/wp\/v2\/types\/post"}],"author":[{"embeddable":true,"href":"https:\/\/capivari.sp.gov.br\/portal\/wp-json\/wp\/v2\/users\/2"}],"replies":[{"embeddable":true,"href":"https:\/\/capivari.sp.gov.br\/portal\/wp-json\/wp\/v2\/comments?post=3359"}],"version-history":[{"count":1,"href":"https:\/\/capivari.sp.gov.br\/portal\/wp-json\/wp\/v2\/posts\/3359\/revisions"}],"predecessor-version":[{"id":3361,"href":"https:\/\/capivari.sp.gov.br\/portal\/wp-json\/wp\/v2\/posts\/3359\/revisions\/3361"}],"wp:featuredmedia":[{"embeddable":true,"href":"https:\/\/capivari.sp.gov.br\/portal\/wp-json\/wp\/v2\/media\/3360"}],"wp:attachment":[{"href":"https:\/\/capivari.sp.gov.br\/portal\/wp-json\/wp\/v2\/media?parent=3359"}],"wp:term":[{"taxonomy":"category","embeddable":true,"href":"https:\/\/capivari.sp.gov.br\/portal\/wp-json\/wp\/v2\/categories?post=3359"},{"taxonomy":"post_tag","embeddable":true,"href":"https:\/\/capivari.sp.gov.br\/portal\/wp-json\/wp\/v2\/tags?post=3359"}],"curies":[{"name":"wp","href":"https:\/\/api.w.org\/{rel}","templated":true}]}}