{"id":3475,"date":"2022-04-05T10:56:48","date_gmt":"2022-04-05T13:56:48","guid":{"rendered":"https:\/\/capivari.sp.gov.br\/portal\/?p=3475"},"modified":"2022-04-05T10:56:48","modified_gmt":"2022-04-05T13:56:48","slug":"ifsp-campus-capivari-abre-inscricoes-para-cursinho-preparatorio-para-enem-e-vestibulares","status":"publish","type":"post","link":"https:\/\/capivari.sp.gov.br\/portal\/ifsp-campus-capivari-abre-inscricoes-para-cursinho-preparatorio-para-enem-e-vestibulares\/","title":{"rendered":"IFSP \u2013 C\u00e2mpus Capivari abre inscri\u00e7\u00f5es para \u201cCursinho Preparat\u00f3rio\u201d para ENEM e vestibulares"},"content":{"rendered":"<p>O Instituto Federal de Ci\u00eancia e Tecnologia de S\u00e3o Paulo \u2013 C\u00e2mpus Capivari, est\u00e1 com inscri\u00e7\u00f5es abertas para cursos de extens\u00e3o, como o \u201cCursinho Preparat\u00f3rio\u201d, que prop\u00f5e preparar jovens e adultos para o Exame Nacional do Ensino M\u00e9dio (ENEM) e demais vestibulares.<\/p>\n<p>O curso \u00e9 oferecido para jovens e adultos das institui\u00e7\u00f5es p\u00fablicas de ensino, preferencialmente alunos do 3\u00ba ano do Ensino M\u00e9dio ou com Ensino M\u00e9dio conclu\u00eddo. Se houver a necessidade de completar turmas, no segundo semestre ser\u00e1 aberta uma nova oferta de vagas apenas para alunos do 3\u00ba ano do Ensino M\u00e9dio.<\/p>\n<p>O \u201cCursinho Preparat\u00f3rio\u201d visa preparar os jovens e adultos de baixa renda das escolas p\u00fablicas, oferecer ensino gratuito e de qualidade com inclus\u00e3o social da popula\u00e7\u00e3o de baixa renda e incentivar os cursistas a participarem do Enem e dos demais vestibulares.<\/p>\n<p>As inscri\u00e7\u00f5es acontecem de 01 a 17 de abril, atrav\u00e9s do formul\u00e1rio online, que est\u00e1 no site https:\/\/tinyurl.com\/cursinho-preparatorio-ifsp. As aulas se iniciam no dia 25 de abril e v\u00e3o at\u00e9 o dia 16 de dezembro, totalizando em uma carga hor\u00e1rio de 480 horas, com aulas de Matem\u00e1tica, Biologia, F\u00edsica, Qu\u00edmica, Hist\u00f3ria, Geografia, Filosofia, Sociologia e L\u00edngua Portuguesa e Literatura. L\u00edngua Estrangeira (Inglesa ou Espanhola) ainda est\u00e1 a confirmar.<\/p>\n<p>As aulas acontecer\u00e3o na sede do IFSP \u2013 C\u00e2mpus Capivari, que est\u00e1 localizado na avenida Doutor \u00canio Pires de Camargo, 2.971, no bairro S\u00e3o Jo\u00e3o Batista. O hor\u00e1rio ser\u00e1 das 19h \u00e0s 22h.<\/p>\n","protected":false},"excerpt":{"rendered":"<p>O Instituto Federal de Ci\u00eancia e Tecnologia de S\u00e3o Paulo \u2013 C\u00e2mpus Capivari, est\u00e1 com inscri\u00e7\u00f5es abertas para cursos de extens\u00e3o, como o \u201cCursinho Preparat\u00f3rio\u201d, que prop\u00f5e preparar jovens e adultos para o Exame Nacional do Ensino M\u00e9dio (ENEM) e demais vestibulares. O curso \u00e9 oferecido para jovens e adultos das institui\u00e7\u00f5es p\u00fablicas de ensino, [&hellip;]<\/p>\n","protected":false},"author":3,"featured_media":3476,"comment_status":"open","ping_status":"open","sticky":false,"template":"","format":"standard","meta":{"ocean_post_layout":"","ocean_both_sidebars_style":"","ocean_both_sidebars_content_width":0,"ocean_both_sidebars_sidebars_width":0,"ocean_sidebar":"0","ocean_second_sidebar":"0","ocean_disable_margins":"enable","ocean_add_body_class":"","ocean_shortcode_before_top_bar":"","ocean_shortcode_after_top_bar":"","ocean_shortcode_before_header":"","ocean_shortcode_after_header":"","ocean_has_shortcode":"","ocean_shortcode_after_title":"","ocean_shortcode_before_footer_widgets":"","ocean_shortcode_after_footer_widgets":"","ocean_shortcode_before_footer_bottom":"","ocean_shortcode_after_footer_bottom":"","ocean_display_top_bar":"default","ocean_display_header":"default","ocean_header_style":"","ocean_center_header_left_menu":"0","ocean_custom_header_template":"0","ocean_custom_logo":0,"ocean_custom_retina_logo":0,"ocean_custom_logo_max_width":0,"ocean_custom_logo_tablet_max_width":0,"ocean_custom_logo_mobile_max_width":0,"ocean_custom_logo_max_height":0,"ocean_custom_logo_tablet_max_height":0,"ocean_custom_logo_mobile_max_height":0,"ocean_header_custom_menu":"0","ocean_menu_typo_font_family":"0","ocean_menu_typo_font_subset":"","ocean_menu_typo_font_size":0,"ocean_menu_typo_font_size_tablet":0,"ocean_menu_typo_font_size_mobile":0,"ocean_menu_typo_font_size_unit":"px","ocean_menu_typo_font_weight":"","ocean_menu_typo_font_weight_tablet":"","ocean_menu_typo_font_weight_mobile":"","ocean_menu_typo_transform":"","ocean_menu_typo_transform_tablet":"","ocean_menu_typo_transform_mobile":"","ocean_menu_typo_line_height":0,"ocean_menu_typo_line_height_tablet":0,"ocean_menu_typo_line_height_mobile":0,"ocean_menu_typo_line_height_unit":"","ocean_menu_typo_spacing":0,"ocean_menu_typo_spacing_tablet":0,"ocean_menu_typo_spacing_mobile":0,"ocean_menu_typo_spacing_unit":"","ocean_menu_link_color":"","ocean_menu_link_color_hover":"","ocean_menu_link_color_active":"","ocean_menu_link_background":"","ocean_menu_link_hover_background":"","ocean_menu_link_active_background":"","ocean_menu_social_links_bg":"","ocean_menu_social_hover_links_bg":"","ocean_menu_social_links_color":"","ocean_menu_social_hover_links_color":"","ocean_disable_title":"default","ocean_disable_heading":"default","ocean_post_title":"","ocean_post_subheading":"","ocean_post_title_style":"","ocean_post_title_background_color":"","ocean_post_title_background":0,"ocean_post_title_bg_image_position":"","ocean_post_title_bg_image_attachment":"","ocean_post_title_bg_image_repeat":"","ocean_post_title_bg_image_size":"","ocean_post_title_height":0,"ocean_post_title_bg_overlay":0.5,"ocean_post_title_bg_overlay_color":"","ocean_disable_breadcrumbs":"default","ocean_breadcrumbs_color":"","ocean_breadcrumbs_separator_color":"","ocean_breadcrumbs_links_color":"","ocean_breadcrumbs_links_hover_color":"","ocean_display_footer_widgets":"default","ocean_display_footer_bottom":"default","ocean_custom_footer_template":"0","ocean_post_oembed":"","ocean_post_self_hosted_media":"","ocean_post_video_embed":"","ocean_link_format":"","ocean_link_format_target":"self","ocean_quote_format":"","ocean_quote_format_link":"post","ocean_gallery_link_images":"off","ocean_gallery_id":[],"footnotes":""},"categories":[4,21,5,30],"tags":[],"class_list":["post-3475","post","type-post","status-publish","format-standard","has-post-thumbnail","hentry","category-destaque","category-educacao","category-geral","category-relacoes-publicas","entry","has-media"],"yoast_head":"<!-- This site is optimized with the Yoast SEO plugin v27.4 - https:\/\/yoast.com\/product\/yoast-seo-wordpress\/ -->\n<title>IFSP \u2013 C\u00e2mpus Capivari abre inscri\u00e7\u00f5es para \u201cCursinho Preparat\u00f3rio\u201d para ENEM e vestibulares - Prefeitura de Capivari<\/title>\n<meta name=\"robots\" content=\"index, follow, max-snippet:-1, max-image-preview:large, max-video-preview:-1\" \/>\n<link rel=\"canonical\" href=\"https:\/\/capivari.sp.gov.br\/portal\/ifsp-campus-capivari-abre-inscricoes-para-cursinho-preparatorio-para-enem-e-vestibulares\/\" \/>\n<meta property=\"og:locale\" content=\"pt_BR\" \/>\n<meta property=\"og:type\" content=\"article\" \/>\n<meta property=\"og:title\" content=\"IFSP \u2013 C\u00e2mpus Capivari abre inscri\u00e7\u00f5es para \u201cCursinho Preparat\u00f3rio\u201d para ENEM e vestibulares - Prefeitura de Capivari\" \/>\n<meta property=\"og:description\" content=\"O Instituto Federal de Ci\u00eancia e Tecnologia de S\u00e3o Paulo \u2013 C\u00e2mpus Capivari, est\u00e1 com inscri\u00e7\u00f5es abertas para cursos de extens\u00e3o, como o \u201cCursinho Preparat\u00f3rio\u201d, que prop\u00f5e preparar jovens e adultos para o Exame Nacional do Ensino M\u00e9dio (ENEM) e demais vestibulares. O curso \u00e9 oferecido para jovens e adultos das institui\u00e7\u00f5es p\u00fablicas de ensino, [&hellip;]\" \/>\n<meta property=\"og:url\" content=\"https:\/\/capivari.sp.gov.br\/portal\/ifsp-campus-capivari-abre-inscricoes-para-cursinho-preparatorio-para-enem-e-vestibulares\/\" \/>\n<meta property=\"og:site_name\" content=\"Prefeitura de Capivari\" \/>\n<meta property=\"article:publisher\" content=\"https:\/\/www.facebook.com\/PrefeituradeCapivari\/\" \/>\n<meta property=\"article:published_time\" content=\"2022-04-05T13:56:48+00:00\" \/>\n<meta property=\"og:image\" content=\"https:\/\/capivari.sp.gov.br\/portal\/wp-content\/uploads\/2022\/04\/Cursinho-Preparatorio-IFSP.jpg\" \/>\n\t<meta property=\"og:image:width\" content=\"750\" \/>\n\t<meta property=\"og:image:height\" content=\"231\" \/>\n\t<meta property=\"og:image:type\" content=\"image\/jpeg\" \/>\n<meta name=\"author\" content=\"Rafaella Uvini\" \/>\n<meta name=\"twitter:card\" content=\"summary_large_image\" \/>\n<meta name=\"twitter:creator\" content=\"@PrefCapivari\" \/>\n<meta name=\"twitter:site\" content=\"@PrefCapivari\" \/>\n<meta name=\"twitter:label1\" content=\"Escrito por\" \/>\n\t<meta name=\"twitter:data1\" content=\"Rafaella Uvini\" \/>\n\t<meta name=\"twitter:label2\" content=\"Est. tempo de leitura\" \/>\n\t<meta name=\"twitter:data2\" content=\"2 minutos\" \/>\n<script type=\"application\/ld+json\" class=\"yoast-schema-graph\">{\"@context\":\"https:\\\/\\\/schema.org\",\"@graph\":[{\"@type\":\"Article\",\"@id\":\"https:\\\/\\\/capivari.sp.gov.br\\\/portal\\\/ifsp-campus-capivari-abre-inscricoes-para-cursinho-preparatorio-para-enem-e-vestibulares\\\/#article\",\"isPartOf\":{\"@id\":\"https:\\\/\\\/capivari.sp.gov.br\\\/portal\\\/ifsp-campus-capivari-abre-inscricoes-para-cursinho-preparatorio-para-enem-e-vestibulares\\\/\"},\"author\":{\"name\":\"Rafaella Uvini\",\"@id\":\"https:\\\/\\\/capivari.sp.gov.br\\\/portal\\\/#\\\/schema\\\/person\\\/d7b1048525ce907b55245fe0fcaea2e5\"},\"headline\":\"IFSP \u2013 C\u00e2mpus Capivari abre inscri\u00e7\u00f5es para \u201cCursinho Preparat\u00f3rio\u201d para ENEM e vestibulares\",\"datePublished\":\"2022-04-05T13:56:48+00:00\",\"mainEntityOfPage\":{\"@id\":\"https:\\\/\\\/capivari.sp.gov.br\\\/portal\\\/ifsp-campus-capivari-abre-inscricoes-para-cursinho-preparatorio-para-enem-e-vestibulares\\\/\"},\"wordCount\":277,\"commentCount\":0,\"publisher\":{\"@id\":\"https:\\\/\\\/capivari.sp.gov.br\\\/portal\\\/#organization\"},\"image\":{\"@id\":\"https:\\\/\\\/capivari.sp.gov.br\\\/portal\\\/ifsp-campus-capivari-abre-inscricoes-para-cursinho-preparatorio-para-enem-e-vestibulares\\\/#primaryimage\"},\"thumbnailUrl\":\"https:\\\/\\\/capivari.sp.gov.br\\\/portal\\\/wp-content\\\/uploads\\\/2022\\\/04\\\/Cursinho-Preparatorio-IFSP.jpg\",\"articleSection\":[\"Destaque\",\"Educa\u00e7\u00e3o\",\"Geral\",\"Rela\u00e7\u00f5es P\u00fablicas\"],\"inLanguage\":\"pt-BR\",\"potentialAction\":[{\"@type\":\"CommentAction\",\"name\":\"Comment\",\"target\":[\"https:\\\/\\\/capivari.sp.gov.br\\\/portal\\\/ifsp-campus-capivari-abre-inscricoes-para-cursinho-preparatorio-para-enem-e-vestibulares\\\/#respond\"]}]},{\"@type\":\"WebPage\",\"@id\":\"https:\\\/\\\/capivari.sp.gov.br\\\/portal\\\/ifsp-campus-capivari-abre-inscricoes-para-cursinho-preparatorio-para-enem-e-vestibulares\\\/\",\"url\":\"https:\\\/\\\/capivari.sp.gov.br\\\/portal\\\/ifsp-campus-capivari-abre-inscricoes-para-cursinho-preparatorio-para-enem-e-vestibulares\\\/\",\"name\":\"IFSP \u2013 C\u00e2mpus Capivari abre inscri\u00e7\u00f5es para \u201cCursinho Preparat\u00f3rio\u201d para ENEM e vestibulares - Prefeitura de Capivari\",\"isPartOf\":{\"@id\":\"https:\\\/\\\/capivari.sp.gov.br\\\/portal\\\/#website\"},\"primaryImageOfPage\":{\"@id\":\"https:\\\/\\\/capivari.sp.gov.br\\\/portal\\\/ifsp-campus-capivari-abre-inscricoes-para-cursinho-preparatorio-para-enem-e-vestibulares\\\/#primaryimage\"},\"image\":{\"@id\":\"https:\\\/\\\/capivari.sp.gov.br\\\/portal\\\/ifsp-campus-capivari-abre-inscricoes-para-cursinho-preparatorio-para-enem-e-vestibulares\\\/#primaryimage\"},\"thumbnailUrl\":\"https:\\\/\\\/capivari.sp.gov.br\\\/portal\\\/wp-content\\\/uploads\\\/2022\\\/04\\\/Cursinho-Preparatorio-IFSP.jpg\",\"datePublished\":\"2022-04-05T13:56:48+00:00\",\"breadcrumb\":{\"@id\":\"https:\\\/\\\/capivari.sp.gov.br\\\/portal\\\/ifsp-campus-capivari-abre-inscricoes-para-cursinho-preparatorio-para-enem-e-vestibulares\\\/#breadcrumb\"},\"inLanguage\":\"pt-BR\",\"potentialAction\":[{\"@type\":\"ReadAction\",\"target\":[\"https:\\\/\\\/capivari.sp.gov.br\\\/portal\\\/ifsp-campus-capivari-abre-inscricoes-para-cursinho-preparatorio-para-enem-e-vestibulares\\\/\"]}]},{\"@type\":\"ImageObject\",\"inLanguage\":\"pt-BR\",\"@id\":\"https:\\\/\\\/capivari.sp.gov.br\\\/portal\\\/ifsp-campus-capivari-abre-inscricoes-para-cursinho-preparatorio-para-enem-e-vestibulares\\\/#primaryimage\",\"url\":\"https:\\\/\\\/capivari.sp.gov.br\\\/portal\\\/wp-content\\\/uploads\\\/2022\\\/04\\\/Cursinho-Preparatorio-IFSP.jpg\",\"contentUrl\":\"https:\\\/\\\/capivari.sp.gov.br\\\/portal\\\/wp-content\\\/uploads\\\/2022\\\/04\\\/Cursinho-Preparatorio-IFSP.jpg\",\"width\":750,\"height\":231},{\"@type\":\"BreadcrumbList\",\"@id\":\"https:\\\/\\\/capivari.sp.gov.br\\\/portal\\\/ifsp-campus-capivari-abre-inscricoes-para-cursinho-preparatorio-para-enem-e-vestibulares\\\/#breadcrumb\",\"itemListElement\":[{\"@type\":\"ListItem\",\"position\":1,\"name\":\"In\u00edcio\",\"item\":\"https:\\\/\\\/capivari.sp.gov.br\\\/portal\\\/\"},{\"@type\":\"ListItem\",\"position\":2,\"name\":\"IFSP \u2013 C\u00e2mpus Capivari abre inscri\u00e7\u00f5es para \u201cCursinho Preparat\u00f3rio\u201d para ENEM e vestibulares\"}]},{\"@type\":\"WebSite\",\"@id\":\"https:\\\/\\\/capivari.sp.gov.br\\\/portal\\\/#website\",\"url\":\"https:\\\/\\\/capivari.sp.gov.br\\\/portal\\\/\",\"name\":\"Prefeitura de Capivari\",\"description\":\"Prefeitura de Capivari\",\"publisher\":{\"@id\":\"https:\\\/\\\/capivari.sp.gov.br\\\/portal\\\/#organization\"},\"potentialAction\":[{\"@type\":\"SearchAction\",\"target\":{\"@type\":\"EntryPoint\",\"urlTemplate\":\"https:\\\/\\\/capivari.sp.gov.br\\\/portal\\\/?s={search_term_string}\"},\"query-input\":{\"@type\":\"PropertyValueSpecification\",\"valueRequired\":true,\"valueName\":\"search_term_string\"}}],\"inLanguage\":\"pt-BR\"},{\"@type\":\"Organization\",\"@id\":\"https:\\\/\\\/capivari.sp.gov.br\\\/portal\\\/#organization\",\"name\":\"Prefeitura de Capivari\",\"url\":\"https:\\\/\\\/capivari.sp.gov.br\\\/portal\\\/\",\"logo\":{\"@type\":\"ImageObject\",\"inLanguage\":\"pt-BR\",\"@id\":\"https:\\\/\\\/capivari.sp.gov.br\\\/portal\\\/#\\\/schema\\\/logo\\\/image\\\/\",\"url\":\"https:\\\/\\\/capivari.sp.gov.br\\\/portal\\\/wp-content\\\/uploads\\\/2021\\\/09\\\/logo-prefeitura-de-capivari.png\",\"contentUrl\":\"https:\\\/\\\/capivari.sp.gov.br\\\/portal\\\/wp-content\\\/uploads\\\/2021\\\/09\\\/logo-prefeitura-de-capivari.png\",\"width\":200,\"height\":147,\"caption\":\"Prefeitura de Capivari\"},\"image\":{\"@id\":\"https:\\\/\\\/capivari.sp.gov.br\\\/portal\\\/#\\\/schema\\\/logo\\\/image\\\/\"},\"sameAs\":[\"https:\\\/\\\/www.facebook.com\\\/PrefeituradeCapivari\\\/\",\"https:\\\/\\\/x.com\\\/PrefCapivari\",\"https:\\\/\\\/www.instagram.com\\\/prefeituracapivari\\\/\"]},{\"@type\":\"Person\",\"@id\":\"https:\\\/\\\/capivari.sp.gov.br\\\/portal\\\/#\\\/schema\\\/person\\\/d7b1048525ce907b55245fe0fcaea2e5\",\"name\":\"Rafaella Uvini\",\"image\":{\"@type\":\"ImageObject\",\"inLanguage\":\"pt-BR\",\"@id\":\"https:\\\/\\\/secure.gravatar.com\\\/avatar\\\/698757f92517b418dbefa88732eb599ad7eed21dcca72e22815a04b2d6270e91?s=96&d=mm&r=g\",\"url\":\"https:\\\/\\\/secure.gravatar.com\\\/avatar\\\/698757f92517b418dbefa88732eb599ad7eed21dcca72e22815a04b2d6270e91?s=96&d=mm&r=g\",\"contentUrl\":\"https:\\\/\\\/secure.gravatar.com\\\/avatar\\\/698757f92517b418dbefa88732eb599ad7eed21dcca72e22815a04b2d6270e91?s=96&d=mm&r=g\",\"caption\":\"Rafaella Uvini\"},\"url\":\"https:\\\/\\\/capivari.sp.gov.br\\\/portal\\\/author\\\/rafaella-uvini\\\/\"}]}<\/script>\n<!-- \/ Yoast SEO plugin. -->","yoast_head_json":{"title":"IFSP \u2013 C\u00e2mpus Capivari abre inscri\u00e7\u00f5es para \u201cCursinho Preparat\u00f3rio\u201d para ENEM e vestibulares - Prefeitura de Capivari","robots":{"index":"index","follow":"follow","max-snippet":"max-snippet:-1","max-image-preview":"max-image-preview:large","max-video-preview":"max-video-preview:-1"},"canonical":"https:\/\/capivari.sp.gov.br\/portal\/ifsp-campus-capivari-abre-inscricoes-para-cursinho-preparatorio-para-enem-e-vestibulares\/","og_locale":"pt_BR","og_type":"article","og_title":"IFSP \u2013 C\u00e2mpus Capivari abre inscri\u00e7\u00f5es para \u201cCursinho Preparat\u00f3rio\u201d para ENEM e vestibulares - Prefeitura de Capivari","og_description":"O Instituto Federal de Ci\u00eancia e Tecnologia de S\u00e3o Paulo \u2013 C\u00e2mpus Capivari, est\u00e1 com inscri\u00e7\u00f5es abertas para cursos de extens\u00e3o, como o \u201cCursinho Preparat\u00f3rio\u201d, que prop\u00f5e preparar jovens e adultos para o Exame Nacional do Ensino M\u00e9dio (ENEM) e demais vestibulares. O curso \u00e9 oferecido para jovens e adultos das institui\u00e7\u00f5es p\u00fablicas de ensino, [&hellip;]","og_url":"https:\/\/capivari.sp.gov.br\/portal\/ifsp-campus-capivari-abre-inscricoes-para-cursinho-preparatorio-para-enem-e-vestibulares\/","og_site_name":"Prefeitura de Capivari","article_publisher":"https:\/\/www.facebook.com\/PrefeituradeCapivari\/","article_published_time":"2022-04-05T13:56:48+00:00","og_image":[{"width":750,"height":231,"url":"https:\/\/capivari.sp.gov.br\/portal\/wp-content\/uploads\/2022\/04\/Cursinho-Preparatorio-IFSP.jpg","type":"image\/jpeg"}],"author":"Rafaella Uvini","twitter_card":"summary_large_image","twitter_creator":"@PrefCapivari","twitter_site":"@PrefCapivari","twitter_misc":{"Escrito por":"Rafaella Uvini","Est. tempo de leitura":"2 minutos"},"schema":{"@context":"https:\/\/schema.org","@graph":[{"@type":"Article","@id":"https:\/\/capivari.sp.gov.br\/portal\/ifsp-campus-capivari-abre-inscricoes-para-cursinho-preparatorio-para-enem-e-vestibulares\/#article","isPartOf":{"@id":"https:\/\/capivari.sp.gov.br\/portal\/ifsp-campus-capivari-abre-inscricoes-para-cursinho-preparatorio-para-enem-e-vestibulares\/"},"author":{"name":"Rafaella Uvini","@id":"https:\/\/capivari.sp.gov.br\/portal\/#\/schema\/person\/d7b1048525ce907b55245fe0fcaea2e5"},"headline":"IFSP \u2013 C\u00e2mpus Capivari abre inscri\u00e7\u00f5es para \u201cCursinho Preparat\u00f3rio\u201d para ENEM e vestibulares","datePublished":"2022-04-05T13:56:48+00:00","mainEntityOfPage":{"@id":"https:\/\/capivari.sp.gov.br\/portal\/ifsp-campus-capivari-abre-inscricoes-para-cursinho-preparatorio-para-enem-e-vestibulares\/"},"wordCount":277,"commentCount":0,"publisher":{"@id":"https:\/\/capivari.sp.gov.br\/portal\/#organization"},"image":{"@id":"https:\/\/capivari.sp.gov.br\/portal\/ifsp-campus-capivari-abre-inscricoes-para-cursinho-preparatorio-para-enem-e-vestibulares\/#primaryimage"},"thumbnailUrl":"https:\/\/capivari.sp.gov.br\/portal\/wp-content\/uploads\/2022\/04\/Cursinho-Preparatorio-IFSP.jpg","articleSection":["Destaque","Educa\u00e7\u00e3o","Geral","Rela\u00e7\u00f5es P\u00fablicas"],"inLanguage":"pt-BR","potentialAction":[{"@type":"CommentAction","name":"Comment","target":["https:\/\/capivari.sp.gov.br\/portal\/ifsp-campus-capivari-abre-inscricoes-para-cursinho-preparatorio-para-enem-e-vestibulares\/#respond"]}]},{"@type":"WebPage","@id":"https:\/\/capivari.sp.gov.br\/portal\/ifsp-campus-capivari-abre-inscricoes-para-cursinho-preparatorio-para-enem-e-vestibulares\/","url":"https:\/\/capivari.sp.gov.br\/portal\/ifsp-campus-capivari-abre-inscricoes-para-cursinho-preparatorio-para-enem-e-vestibulares\/","name":"IFSP \u2013 C\u00e2mpus Capivari abre inscri\u00e7\u00f5es para \u201cCursinho Preparat\u00f3rio\u201d para ENEM e vestibulares - Prefeitura de Capivari","isPartOf":{"@id":"https:\/\/capivari.sp.gov.br\/portal\/#website"},"primaryImageOfPage":{"@id":"https:\/\/capivari.sp.gov.br\/portal\/ifsp-campus-capivari-abre-inscricoes-para-cursinho-preparatorio-para-enem-e-vestibulares\/#primaryimage"},"image":{"@id":"https:\/\/capivari.sp.gov.br\/portal\/ifsp-campus-capivari-abre-inscricoes-para-cursinho-preparatorio-para-enem-e-vestibulares\/#primaryimage"},"thumbnailUrl":"https:\/\/capivari.sp.gov.br\/portal\/wp-content\/uploads\/2022\/04\/Cursinho-Preparatorio-IFSP.jpg","datePublished":"2022-04-05T13:56:48+00:00","breadcrumb":{"@id":"https:\/\/capivari.sp.gov.br\/portal\/ifsp-campus-capivari-abre-inscricoes-para-cursinho-preparatorio-para-enem-e-vestibulares\/#breadcrumb"},"inLanguage":"pt-BR","potentialAction":[{"@type":"ReadAction","target":["https:\/\/capivari.sp.gov.br\/portal\/ifsp-campus-capivari-abre-inscricoes-para-cursinho-preparatorio-para-enem-e-vestibulares\/"]}]},{"@type":"ImageObject","inLanguage":"pt-BR","@id":"https:\/\/capivari.sp.gov.br\/portal\/ifsp-campus-capivari-abre-inscricoes-para-cursinho-preparatorio-para-enem-e-vestibulares\/#primaryimage","url":"https:\/\/capivari.sp.gov.br\/portal\/wp-content\/uploads\/2022\/04\/Cursinho-Preparatorio-IFSP.jpg","contentUrl":"https:\/\/capivari.sp.gov.br\/portal\/wp-content\/uploads\/2022\/04\/Cursinho-Preparatorio-IFSP.jpg","width":750,"height":231},{"@type":"BreadcrumbList","@id":"https:\/\/capivari.sp.gov.br\/portal\/ifsp-campus-capivari-abre-inscricoes-para-cursinho-preparatorio-para-enem-e-vestibulares\/#breadcrumb","itemListElement":[{"@type":"ListItem","position":1,"name":"In\u00edcio","item":"https:\/\/capivari.sp.gov.br\/portal\/"},{"@type":"ListItem","position":2,"name":"IFSP \u2013 C\u00e2mpus Capivari abre inscri\u00e7\u00f5es para \u201cCursinho Preparat\u00f3rio\u201d para ENEM e vestibulares"}]},{"@type":"WebSite","@id":"https:\/\/capivari.sp.gov.br\/portal\/#website","url":"https:\/\/capivari.sp.gov.br\/portal\/","name":"Prefeitura de Capivari","description":"Prefeitura de Capivari","publisher":{"@id":"https:\/\/capivari.sp.gov.br\/portal\/#organization"},"potentialAction":[{"@type":"SearchAction","target":{"@type":"EntryPoint","urlTemplate":"https:\/\/capivari.sp.gov.br\/portal\/?s={search_term_string}"},"query-input":{"@type":"PropertyValueSpecification","valueRequired":true,"valueName":"search_term_string"}}],"inLanguage":"pt-BR"},{"@type":"Organization","@id":"https:\/\/capivari.sp.gov.br\/portal\/#organization","name":"Prefeitura de Capivari","url":"https:\/\/capivari.sp.gov.br\/portal\/","logo":{"@type":"ImageObject","inLanguage":"pt-BR","@id":"https:\/\/capivari.sp.gov.br\/portal\/#\/schema\/logo\/image\/","url":"https:\/\/capivari.sp.gov.br\/portal\/wp-content\/uploads\/2021\/09\/logo-prefeitura-de-capivari.png","contentUrl":"https:\/\/capivari.sp.gov.br\/portal\/wp-content\/uploads\/2021\/09\/logo-prefeitura-de-capivari.png","width":200,"height":147,"caption":"Prefeitura de Capivari"},"image":{"@id":"https:\/\/capivari.sp.gov.br\/portal\/#\/schema\/logo\/image\/"},"sameAs":["https:\/\/www.facebook.com\/PrefeituradeCapivari\/","https:\/\/x.com\/PrefCapivari","https:\/\/www.instagram.com\/prefeituracapivari\/"]},{"@type":"Person","@id":"https:\/\/capivari.sp.gov.br\/portal\/#\/schema\/person\/d7b1048525ce907b55245fe0fcaea2e5","name":"Rafaella Uvini","image":{"@type":"ImageObject","inLanguage":"pt-BR","@id":"https:\/\/secure.gravatar.com\/avatar\/698757f92517b418dbefa88732eb599ad7eed21dcca72e22815a04b2d6270e91?s=96&d=mm&r=g","url":"https:\/\/secure.gravatar.com\/avatar\/698757f92517b418dbefa88732eb599ad7eed21dcca72e22815a04b2d6270e91?s=96&d=mm&r=g","contentUrl":"https:\/\/secure.gravatar.com\/avatar\/698757f92517b418dbefa88732eb599ad7eed21dcca72e22815a04b2d6270e91?s=96&d=mm&r=g","caption":"Rafaella Uvini"},"url":"https:\/\/capivari.sp.gov.br\/portal\/author\/rafaella-uvini\/"}]}},"_links":{"self":[{"href":"https:\/\/capivari.sp.gov.br\/portal\/wp-json\/wp\/v2\/posts\/3475","targetHints":{"allow":["GET"]}}],"collection":[{"href":"https:\/\/capivari.sp.gov.br\/portal\/wp-json\/wp\/v2\/posts"}],"about":[{"href":"https:\/\/capivari.sp.gov.br\/portal\/wp-json\/wp\/v2\/types\/post"}],"author":[{"embeddable":true,"href":"https:\/\/capivari.sp.gov.br\/portal\/wp-json\/wp\/v2\/users\/3"}],"replies":[{"embeddable":true,"href":"https:\/\/capivari.sp.gov.br\/portal\/wp-json\/wp\/v2\/comments?post=3475"}],"version-history":[{"count":1,"href":"https:\/\/capivari.sp.gov.br\/portal\/wp-json\/wp\/v2\/posts\/3475\/revisions"}],"predecessor-version":[{"id":3477,"href":"https:\/\/capivari.sp.gov.br\/portal\/wp-json\/wp\/v2\/posts\/3475\/revisions\/3477"}],"wp:featuredmedia":[{"embeddable":true,"href":"https:\/\/capivari.sp.gov.br\/portal\/wp-json\/wp\/v2\/media\/3476"}],"wp:attachment":[{"href":"https:\/\/capivari.sp.gov.br\/portal\/wp-json\/wp\/v2\/media?parent=3475"}],"wp:term":[{"taxonomy":"category","embeddable":true,"href":"https:\/\/capivari.sp.gov.br\/portal\/wp-json\/wp\/v2\/categories?post=3475"},{"taxonomy":"post_tag","embeddable":true,"href":"https:\/\/capivari.sp.gov.br\/portal\/wp-json\/wp\/v2\/tags?post=3475"}],"curies":[{"name":"wp","href":"https:\/\/api.w.org\/{rel}","templated":true}]}}