{"id":3760,"date":"2022-04-29T13:30:02","date_gmt":"2022-04-29T16:30:02","guid":{"rendered":"https:\/\/capivari.sp.gov.br\/portal\/?p=3760"},"modified":"2022-04-29T13:34:04","modified_gmt":"2022-04-29T16:34:04","slug":"karateka-capivariano-edison-zuin-participara-do-arnold-south-america-2022-neste-sabado-dia-30","status":"publish","type":"post","link":"https:\/\/capivari.sp.gov.br\/portal\/karateka-capivariano-edison-zuin-participara-do-arnold-south-america-2022-neste-sabado-dia-30\/","title":{"rendered":"Karateka capivariano, Edison Zuin, participar\u00e1 do Arnold South America 2022 neste s\u00e1bado, dia 30"},"content":{"rendered":"<p>Neste s\u00e1bado, dia 30, acontecer\u00e1 em S\u00e3o Paulo, o maior evento multiesportivo da Am\u00e9rica do Sul e do mundo, Arnold South America 2022, reunindo em um mesmo lugar, exposi\u00e7\u00f5es, congressos e competi\u00e7\u00f5es nos segmentos de nutri\u00e7\u00e3o esportiva, equipamentos, lutas, fitness e qualidade de vida. Realizando um sonho, o karateka capivariano, Edison Zuin, estar\u00e1 presente participando da competi\u00e7\u00e3o.<\/p>\n<p>Para Edison Zuin, karateka capivariano, sonhar \u00e9 o que nos mant\u00e9m vivos, e ir em busca dos nossos sonhos precisa ser nossa maior motiva\u00e7\u00e3o. \u201cEu lutei pelo meu sonho e estou a um passo de fazer acontecer: rumo a mais uma grande competi\u00e7\u00e3o. \u00c9 claro que n\u00e3o posso deixar de agradecer a algumas pessoas especiais, que, sem elas nada disso seria poss\u00edvel: sempre, primeiramente, a Deus, por permitir que tudo isso aconte\u00e7a; A minha fam\u00edlia, que s\u00e3o minha base, onde eu busco for\u00e7as e me mant\u00e9m firme, forte e disposto pra lutar por mais; \u00c0 Prefeitura de Capivari, atrav\u00e9s da Secretaria de Juventude, Esporte e Lazer, por todo apoio e suporte; Aos personal trainers, Caio e Luiz, que me deram todo o suporte nos treinamentos e na prepara\u00e7\u00e3o para a competi\u00e7\u00e3o, fazendo com que eu chegasse hoje na minha melhor forma poss\u00edvel. A maior vit\u00f3ria n\u00e3o \u00e9 ser melhor que todos, mas ser o melhor que voc\u00ea pode ser. J\u00e1 me sinto vitorioso, e motivado pra fazer cada vez mais e melhor. Vamos sempre em busca dos nossos sonhos!\u201d, comentou.<\/p>\n<p>A Secretaria de Juventude, Esporte e Lazer, parabeniza o atleta Edison Zuin pela realiza\u00e7\u00e3o desse sonho e agradece tamb\u00e9m por todo o seu trabalho desenvolvido no munic\u00edpio com as crian\u00e7as da EICAP \u201cJos\u00e9 Annicchino Fu Paulo\u201d, do bairro S\u00e3o Jo\u00e3o.<\/p>\n<p>\u201cAgrade\u00e7o ao sensei Edison por todo o trabalho que ele vem fazendo com as nossas crian\u00e7as e dando a oportunidade para que elas possam praticar tamb\u00e9m essa modalidade, o karat\u00ea, que ensina muito sobre respeito e perseveran\u00e7a. Em nome da SEJEL, desejo muita sorte na competi\u00e7\u00e3o da Arnold South America 2022 e estou torcendo para que voc\u00ea consiga trazer mais um t\u00edtulo para a nossa cidade. Conte sempre com a Secretaria de Juventude, Esporte e Lazer\u201d, disse Amarildo Bortoleto J\u00fanior, secret\u00e1rio da SEJEL.<\/p>\n<p><strong>SOBRE O KARATEKA<\/strong><br \/>\nEdison Zuin \u00e9 fundador e professor da Associa\u00e7\u00e3o de Karat\u00ea Washi-Ki-O de Capivari h\u00e1 mais de 35 anos, com alunos que j\u00e1 conquistaram t\u00edtulos expressivos em competi\u00e7\u00f5es de karat\u00ea e, muitos deles, considerados de alto rendimento em classifica\u00e7\u00f5es de disputas estaduais, nacionais e mundiais.<\/p>\n<p><strong>ARNOLD SOUTH AMERICA 2022<\/strong><br \/>\nO maior evento multiesportivo da Am\u00e9rica Latina e do Mundo acontece entre os dias 29 de abril e 1\u00ba de maio, no Expo Center Norte, em S\u00e3o Paulo. J\u00e1 a categoria \u201cKarat\u00ea | S\u00eanior &amp; Master\u201d, acontecer\u00e1 neste s\u00e1bado, dia 30, das 8h \u00e0s 20h e, quem desejar assistir a participa\u00e7\u00e3o do karateka capivariano, poder\u00e1 acompanhar pela Arnold TV.<\/p>\n","protected":false},"excerpt":{"rendered":"<p>Neste s\u00e1bado, dia 30, acontecer\u00e1 em S\u00e3o Paulo, o maior evento multiesportivo da Am\u00e9rica do Sul e do mundo, Arnold South America 2022, reunindo em um mesmo lugar, exposi\u00e7\u00f5es, congressos e competi\u00e7\u00f5es nos segmentos de nutri\u00e7\u00e3o esportiva, equipamentos, lutas, fitness e qualidade de vida. Realizando um sonho, o karateka capivariano, Edison Zuin, estar\u00e1 presente participando [&hellip;]<\/p>\n","protected":false},"author":3,"featured_media":3761,"comment_status":"open","ping_status":"open","sticky":false,"template":"","format":"standard","meta":{"ocean_post_layout":"","ocean_both_sidebars_style":"","ocean_both_sidebars_content_width":0,"ocean_both_sidebars_sidebars_width":0,"ocean_sidebar":"0","ocean_second_sidebar":"0","ocean_disable_margins":"enable","ocean_add_body_class":"","ocean_shortcode_before_top_bar":"","ocean_shortcode_after_top_bar":"","ocean_shortcode_before_header":"","ocean_shortcode_after_header":"","ocean_has_shortcode":"","ocean_shortcode_after_title":"","ocean_shortcode_before_footer_widgets":"","ocean_shortcode_after_footer_widgets":"","ocean_shortcode_before_footer_bottom":"","ocean_shortcode_after_footer_bottom":"","ocean_display_top_bar":"default","ocean_display_header":"default","ocean_header_style":"","ocean_center_header_left_menu":"0","ocean_custom_header_template":"0","ocean_custom_logo":0,"ocean_custom_retina_logo":0,"ocean_custom_logo_max_width":0,"ocean_custom_logo_tablet_max_width":0,"ocean_custom_logo_mobile_max_width":0,"ocean_custom_logo_max_height":0,"ocean_custom_logo_tablet_max_height":0,"ocean_custom_logo_mobile_max_height":0,"ocean_header_custom_menu":"0","ocean_menu_typo_font_family":"0","ocean_menu_typo_font_subset":"","ocean_menu_typo_font_size":0,"ocean_menu_typo_font_size_tablet":0,"ocean_menu_typo_font_size_mobile":0,"ocean_menu_typo_font_size_unit":"px","ocean_menu_typo_font_weight":"","ocean_menu_typo_font_weight_tablet":"","ocean_menu_typo_font_weight_mobile":"","ocean_menu_typo_transform":"","ocean_menu_typo_transform_tablet":"","ocean_menu_typo_transform_mobile":"","ocean_menu_typo_line_height":0,"ocean_menu_typo_line_height_tablet":0,"ocean_menu_typo_line_height_mobile":0,"ocean_menu_typo_line_height_unit":"","ocean_menu_typo_spacing":0,"ocean_menu_typo_spacing_tablet":0,"ocean_menu_typo_spacing_mobile":0,"ocean_menu_typo_spacing_unit":"","ocean_menu_link_color":"","ocean_menu_link_color_hover":"","ocean_menu_link_color_active":"","ocean_menu_link_background":"","ocean_menu_link_hover_background":"","ocean_menu_link_active_background":"","ocean_menu_social_links_bg":"","ocean_menu_social_hover_links_bg":"","ocean_menu_social_links_color":"","ocean_menu_social_hover_links_color":"","ocean_disable_title":"default","ocean_disable_heading":"default","ocean_post_title":"","ocean_post_subheading":"","ocean_post_title_style":"","ocean_post_title_background_color":"","ocean_post_title_background":0,"ocean_post_title_bg_image_position":"","ocean_post_title_bg_image_attachment":"","ocean_post_title_bg_image_repeat":"","ocean_post_title_bg_image_size":"","ocean_post_title_height":0,"ocean_post_title_bg_overlay":0.5,"ocean_post_title_bg_overlay_color":"","ocean_disable_breadcrumbs":"default","ocean_breadcrumbs_color":"","ocean_breadcrumbs_separator_color":"","ocean_breadcrumbs_links_color":"","ocean_breadcrumbs_links_hover_color":"","ocean_display_footer_widgets":"default","ocean_display_footer_bottom":"default","ocean_custom_footer_template":"0","ocean_post_oembed":"","ocean_post_self_hosted_media":"","ocean_post_video_embed":"","ocean_link_format":"","ocean_link_format_target":"self","ocean_quote_format":"","ocean_quote_format_link":"post","ocean_gallery_link_images":"off","ocean_gallery_id":[],"footnotes":""},"categories":[4,25,5],"tags":[],"class_list":["post-3760","post","type-post","status-publish","format-standard","has-post-thumbnail","hentry","category-destaque","category-esporte","category-geral","entry","has-media"],"yoast_head":"<!-- This site is optimized with the Yoast SEO plugin v27.4 - https:\/\/yoast.com\/product\/yoast-seo-wordpress\/ -->\n<title>Karateka capivariano, Edison Zuin, participar\u00e1 do Arnold South America 2022 neste s\u00e1bado, dia 30 - Prefeitura de Capivari<\/title>\n<meta name=\"robots\" content=\"index, follow, max-snippet:-1, max-image-preview:large, max-video-preview:-1\" \/>\n<link rel=\"canonical\" href=\"https:\/\/capivari.sp.gov.br\/portal\/karateka-capivariano-edison-zuin-participara-do-arnold-south-america-2022-neste-sabado-dia-30\/\" \/>\n<meta property=\"og:locale\" content=\"pt_BR\" \/>\n<meta property=\"og:type\" content=\"article\" \/>\n<meta property=\"og:title\" content=\"Karateka capivariano, Edison Zuin, participar\u00e1 do Arnold South America 2022 neste s\u00e1bado, dia 30 - Prefeitura de Capivari\" \/>\n<meta property=\"og:description\" content=\"Neste s\u00e1bado, dia 30, acontecer\u00e1 em S\u00e3o Paulo, o maior evento multiesportivo da Am\u00e9rica do Sul e do mundo, Arnold South America 2022, reunindo em um mesmo lugar, exposi\u00e7\u00f5es, congressos e competi\u00e7\u00f5es nos segmentos de nutri\u00e7\u00e3o esportiva, equipamentos, lutas, fitness e qualidade de vida. Realizando um sonho, o karateka capivariano, Edison Zuin, estar\u00e1 presente participando [&hellip;]\" \/>\n<meta property=\"og:url\" content=\"https:\/\/capivari.sp.gov.br\/portal\/karateka-capivariano-edison-zuin-participara-do-arnold-south-america-2022-neste-sabado-dia-30\/\" \/>\n<meta property=\"og:site_name\" content=\"Prefeitura de Capivari\" \/>\n<meta property=\"article:publisher\" content=\"https:\/\/www.facebook.com\/PrefeituradeCapivari\/\" \/>\n<meta property=\"article:published_time\" content=\"2022-04-29T16:30:02+00:00\" \/>\n<meta property=\"article:modified_time\" content=\"2022-04-29T16:34:04+00:00\" \/>\n<meta property=\"og:image\" content=\"https:\/\/capivari.sp.gov.br\/portal\/wp-content\/uploads\/2022\/04\/osvaldo-e1651250031784.jpg\" \/>\n\t<meta property=\"og:image:width\" content=\"624\" \/>\n\t<meta property=\"og:image:height\" content=\"812\" \/>\n\t<meta property=\"og:image:type\" content=\"image\/jpeg\" \/>\n<meta name=\"author\" content=\"Rafaella Uvini\" \/>\n<meta name=\"twitter:card\" content=\"summary_large_image\" \/>\n<meta name=\"twitter:creator\" content=\"@PrefCapivari\" \/>\n<meta name=\"twitter:site\" content=\"@PrefCapivari\" \/>\n<meta name=\"twitter:label1\" content=\"Escrito por\" \/>\n\t<meta name=\"twitter:data1\" content=\"Rafaella Uvini\" \/>\n\t<meta name=\"twitter:label2\" content=\"Est. tempo de leitura\" \/>\n\t<meta name=\"twitter:data2\" content=\"3 minutos\" \/>\n<script type=\"application\/ld+json\" class=\"yoast-schema-graph\">{\"@context\":\"https:\\\/\\\/schema.org\",\"@graph\":[{\"@type\":\"Article\",\"@id\":\"https:\\\/\\\/capivari.sp.gov.br\\\/portal\\\/karateka-capivariano-edison-zuin-participara-do-arnold-south-america-2022-neste-sabado-dia-30\\\/#article\",\"isPartOf\":{\"@id\":\"https:\\\/\\\/capivari.sp.gov.br\\\/portal\\\/karateka-capivariano-edison-zuin-participara-do-arnold-south-america-2022-neste-sabado-dia-30\\\/\"},\"author\":{\"name\":\"Rafaella Uvini\",\"@id\":\"https:\\\/\\\/capivari.sp.gov.br\\\/portal\\\/#\\\/schema\\\/person\\\/d7b1048525ce907b55245fe0fcaea2e5\"},\"headline\":\"Karateka capivariano, Edison Zuin, participar\u00e1 do Arnold South America 2022 neste s\u00e1bado, dia 30\",\"datePublished\":\"2022-04-29T16:30:02+00:00\",\"dateModified\":\"2022-04-29T16:34:04+00:00\",\"mainEntityOfPage\":{\"@id\":\"https:\\\/\\\/capivari.sp.gov.br\\\/portal\\\/karateka-capivariano-edison-zuin-participara-do-arnold-south-america-2022-neste-sabado-dia-30\\\/\"},\"wordCount\":515,\"commentCount\":0,\"publisher\":{\"@id\":\"https:\\\/\\\/capivari.sp.gov.br\\\/portal\\\/#organization\"},\"image\":{\"@id\":\"https:\\\/\\\/capivari.sp.gov.br\\\/portal\\\/karateka-capivariano-edison-zuin-participara-do-arnold-south-america-2022-neste-sabado-dia-30\\\/#primaryimage\"},\"thumbnailUrl\":\"https:\\\/\\\/capivari.sp.gov.br\\\/portal\\\/wp-content\\\/uploads\\\/2022\\\/04\\\/osvaldo-e1651250031784.jpg\",\"articleSection\":[\"Destaque\",\"Esporte\",\"Geral\"],\"inLanguage\":\"pt-BR\",\"potentialAction\":[{\"@type\":\"CommentAction\",\"name\":\"Comment\",\"target\":[\"https:\\\/\\\/capivari.sp.gov.br\\\/portal\\\/karateka-capivariano-edison-zuin-participara-do-arnold-south-america-2022-neste-sabado-dia-30\\\/#respond\"]}]},{\"@type\":\"WebPage\",\"@id\":\"https:\\\/\\\/capivari.sp.gov.br\\\/portal\\\/karateka-capivariano-edison-zuin-participara-do-arnold-south-america-2022-neste-sabado-dia-30\\\/\",\"url\":\"https:\\\/\\\/capivari.sp.gov.br\\\/portal\\\/karateka-capivariano-edison-zuin-participara-do-arnold-south-america-2022-neste-sabado-dia-30\\\/\",\"name\":\"Karateka capivariano, Edison Zuin, participar\u00e1 do Arnold South America 2022 neste s\u00e1bado, dia 30 - Prefeitura de Capivari\",\"isPartOf\":{\"@id\":\"https:\\\/\\\/capivari.sp.gov.br\\\/portal\\\/#website\"},\"primaryImageOfPage\":{\"@id\":\"https:\\\/\\\/capivari.sp.gov.br\\\/portal\\\/karateka-capivariano-edison-zuin-participara-do-arnold-south-america-2022-neste-sabado-dia-30\\\/#primaryimage\"},\"image\":{\"@id\":\"https:\\\/\\\/capivari.sp.gov.br\\\/portal\\\/karateka-capivariano-edison-zuin-participara-do-arnold-south-america-2022-neste-sabado-dia-30\\\/#primaryimage\"},\"thumbnailUrl\":\"https:\\\/\\\/capivari.sp.gov.br\\\/portal\\\/wp-content\\\/uploads\\\/2022\\\/04\\\/osvaldo-e1651250031784.jpg\",\"datePublished\":\"2022-04-29T16:30:02+00:00\",\"dateModified\":\"2022-04-29T16:34:04+00:00\",\"breadcrumb\":{\"@id\":\"https:\\\/\\\/capivari.sp.gov.br\\\/portal\\\/karateka-capivariano-edison-zuin-participara-do-arnold-south-america-2022-neste-sabado-dia-30\\\/#breadcrumb\"},\"inLanguage\":\"pt-BR\",\"potentialAction\":[{\"@type\":\"ReadAction\",\"target\":[\"https:\\\/\\\/capivari.sp.gov.br\\\/portal\\\/karateka-capivariano-edison-zuin-participara-do-arnold-south-america-2022-neste-sabado-dia-30\\\/\"]}]},{\"@type\":\"ImageObject\",\"inLanguage\":\"pt-BR\",\"@id\":\"https:\\\/\\\/capivari.sp.gov.br\\\/portal\\\/karateka-capivariano-edison-zuin-participara-do-arnold-south-america-2022-neste-sabado-dia-30\\\/#primaryimage\",\"url\":\"https:\\\/\\\/capivari.sp.gov.br\\\/portal\\\/wp-content\\\/uploads\\\/2022\\\/04\\\/osvaldo-e1651250031784.jpg\",\"contentUrl\":\"https:\\\/\\\/capivari.sp.gov.br\\\/portal\\\/wp-content\\\/uploads\\\/2022\\\/04\\\/osvaldo-e1651250031784.jpg\",\"width\":624,\"height\":812},{\"@type\":\"BreadcrumbList\",\"@id\":\"https:\\\/\\\/capivari.sp.gov.br\\\/portal\\\/karateka-capivariano-edison-zuin-participara-do-arnold-south-america-2022-neste-sabado-dia-30\\\/#breadcrumb\",\"itemListElement\":[{\"@type\":\"ListItem\",\"position\":1,\"name\":\"In\u00edcio\",\"item\":\"https:\\\/\\\/capivari.sp.gov.br\\\/portal\\\/\"},{\"@type\":\"ListItem\",\"position\":2,\"name\":\"Karateka capivariano, Edison Zuin, participar\u00e1 do Arnold South America 2022 neste s\u00e1bado, dia 30\"}]},{\"@type\":\"WebSite\",\"@id\":\"https:\\\/\\\/capivari.sp.gov.br\\\/portal\\\/#website\",\"url\":\"https:\\\/\\\/capivari.sp.gov.br\\\/portal\\\/\",\"name\":\"Prefeitura de Capivari\",\"description\":\"Prefeitura de Capivari\",\"publisher\":{\"@id\":\"https:\\\/\\\/capivari.sp.gov.br\\\/portal\\\/#organization\"},\"potentialAction\":[{\"@type\":\"SearchAction\",\"target\":{\"@type\":\"EntryPoint\",\"urlTemplate\":\"https:\\\/\\\/capivari.sp.gov.br\\\/portal\\\/?s={search_term_string}\"},\"query-input\":{\"@type\":\"PropertyValueSpecification\",\"valueRequired\":true,\"valueName\":\"search_term_string\"}}],\"inLanguage\":\"pt-BR\"},{\"@type\":\"Organization\",\"@id\":\"https:\\\/\\\/capivari.sp.gov.br\\\/portal\\\/#organization\",\"name\":\"Prefeitura de Capivari\",\"url\":\"https:\\\/\\\/capivari.sp.gov.br\\\/portal\\\/\",\"logo\":{\"@type\":\"ImageObject\",\"inLanguage\":\"pt-BR\",\"@id\":\"https:\\\/\\\/capivari.sp.gov.br\\\/portal\\\/#\\\/schema\\\/logo\\\/image\\\/\",\"url\":\"https:\\\/\\\/capivari.sp.gov.br\\\/portal\\\/wp-content\\\/uploads\\\/2021\\\/09\\\/logo-prefeitura-de-capivari.png\",\"contentUrl\":\"https:\\\/\\\/capivari.sp.gov.br\\\/portal\\\/wp-content\\\/uploads\\\/2021\\\/09\\\/logo-prefeitura-de-capivari.png\",\"width\":200,\"height\":147,\"caption\":\"Prefeitura de Capivari\"},\"image\":{\"@id\":\"https:\\\/\\\/capivari.sp.gov.br\\\/portal\\\/#\\\/schema\\\/logo\\\/image\\\/\"},\"sameAs\":[\"https:\\\/\\\/www.facebook.com\\\/PrefeituradeCapivari\\\/\",\"https:\\\/\\\/x.com\\\/PrefCapivari\",\"https:\\\/\\\/www.instagram.com\\\/prefeituracapivari\\\/\"]},{\"@type\":\"Person\",\"@id\":\"https:\\\/\\\/capivari.sp.gov.br\\\/portal\\\/#\\\/schema\\\/person\\\/d7b1048525ce907b55245fe0fcaea2e5\",\"name\":\"Rafaella Uvini\",\"image\":{\"@type\":\"ImageObject\",\"inLanguage\":\"pt-BR\",\"@id\":\"https:\\\/\\\/secure.gravatar.com\\\/avatar\\\/698757f92517b418dbefa88732eb599ad7eed21dcca72e22815a04b2d6270e91?s=96&d=mm&r=g\",\"url\":\"https:\\\/\\\/secure.gravatar.com\\\/avatar\\\/698757f92517b418dbefa88732eb599ad7eed21dcca72e22815a04b2d6270e91?s=96&d=mm&r=g\",\"contentUrl\":\"https:\\\/\\\/secure.gravatar.com\\\/avatar\\\/698757f92517b418dbefa88732eb599ad7eed21dcca72e22815a04b2d6270e91?s=96&d=mm&r=g\",\"caption\":\"Rafaella Uvini\"},\"url\":\"https:\\\/\\\/capivari.sp.gov.br\\\/portal\\\/author\\\/rafaella-uvini\\\/\"}]}<\/script>\n<!-- \/ Yoast SEO plugin. -->","yoast_head_json":{"title":"Karateka capivariano, Edison Zuin, participar\u00e1 do Arnold South America 2022 neste s\u00e1bado, dia 30 - Prefeitura de Capivari","robots":{"index":"index","follow":"follow","max-snippet":"max-snippet:-1","max-image-preview":"max-image-preview:large","max-video-preview":"max-video-preview:-1"},"canonical":"https:\/\/capivari.sp.gov.br\/portal\/karateka-capivariano-edison-zuin-participara-do-arnold-south-america-2022-neste-sabado-dia-30\/","og_locale":"pt_BR","og_type":"article","og_title":"Karateka capivariano, Edison Zuin, participar\u00e1 do Arnold South America 2022 neste s\u00e1bado, dia 30 - Prefeitura de Capivari","og_description":"Neste s\u00e1bado, dia 30, acontecer\u00e1 em S\u00e3o Paulo, o maior evento multiesportivo da Am\u00e9rica do Sul e do mundo, Arnold South America 2022, reunindo em um mesmo lugar, exposi\u00e7\u00f5es, congressos e competi\u00e7\u00f5es nos segmentos de nutri\u00e7\u00e3o esportiva, equipamentos, lutas, fitness e qualidade de vida. Realizando um sonho, o karateka capivariano, Edison Zuin, estar\u00e1 presente participando [&hellip;]","og_url":"https:\/\/capivari.sp.gov.br\/portal\/karateka-capivariano-edison-zuin-participara-do-arnold-south-america-2022-neste-sabado-dia-30\/","og_site_name":"Prefeitura de Capivari","article_publisher":"https:\/\/www.facebook.com\/PrefeituradeCapivari\/","article_published_time":"2022-04-29T16:30:02+00:00","article_modified_time":"2022-04-29T16:34:04+00:00","og_image":[{"width":624,"height":812,"url":"https:\/\/capivari.sp.gov.br\/portal\/wp-content\/uploads\/2022\/04\/osvaldo-e1651250031784.jpg","type":"image\/jpeg"}],"author":"Rafaella Uvini","twitter_card":"summary_large_image","twitter_creator":"@PrefCapivari","twitter_site":"@PrefCapivari","twitter_misc":{"Escrito por":"Rafaella Uvini","Est. tempo de leitura":"3 minutos"},"schema":{"@context":"https:\/\/schema.org","@graph":[{"@type":"Article","@id":"https:\/\/capivari.sp.gov.br\/portal\/karateka-capivariano-edison-zuin-participara-do-arnold-south-america-2022-neste-sabado-dia-30\/#article","isPartOf":{"@id":"https:\/\/capivari.sp.gov.br\/portal\/karateka-capivariano-edison-zuin-participara-do-arnold-south-america-2022-neste-sabado-dia-30\/"},"author":{"name":"Rafaella Uvini","@id":"https:\/\/capivari.sp.gov.br\/portal\/#\/schema\/person\/d7b1048525ce907b55245fe0fcaea2e5"},"headline":"Karateka capivariano, Edison Zuin, participar\u00e1 do Arnold South America 2022 neste s\u00e1bado, dia 30","datePublished":"2022-04-29T16:30:02+00:00","dateModified":"2022-04-29T16:34:04+00:00","mainEntityOfPage":{"@id":"https:\/\/capivari.sp.gov.br\/portal\/karateka-capivariano-edison-zuin-participara-do-arnold-south-america-2022-neste-sabado-dia-30\/"},"wordCount":515,"commentCount":0,"publisher":{"@id":"https:\/\/capivari.sp.gov.br\/portal\/#organization"},"image":{"@id":"https:\/\/capivari.sp.gov.br\/portal\/karateka-capivariano-edison-zuin-participara-do-arnold-south-america-2022-neste-sabado-dia-30\/#primaryimage"},"thumbnailUrl":"https:\/\/capivari.sp.gov.br\/portal\/wp-content\/uploads\/2022\/04\/osvaldo-e1651250031784.jpg","articleSection":["Destaque","Esporte","Geral"],"inLanguage":"pt-BR","potentialAction":[{"@type":"CommentAction","name":"Comment","target":["https:\/\/capivari.sp.gov.br\/portal\/karateka-capivariano-edison-zuin-participara-do-arnold-south-america-2022-neste-sabado-dia-30\/#respond"]}]},{"@type":"WebPage","@id":"https:\/\/capivari.sp.gov.br\/portal\/karateka-capivariano-edison-zuin-participara-do-arnold-south-america-2022-neste-sabado-dia-30\/","url":"https:\/\/capivari.sp.gov.br\/portal\/karateka-capivariano-edison-zuin-participara-do-arnold-south-america-2022-neste-sabado-dia-30\/","name":"Karateka capivariano, Edison Zuin, participar\u00e1 do Arnold South America 2022 neste s\u00e1bado, dia 30 - Prefeitura de Capivari","isPartOf":{"@id":"https:\/\/capivari.sp.gov.br\/portal\/#website"},"primaryImageOfPage":{"@id":"https:\/\/capivari.sp.gov.br\/portal\/karateka-capivariano-edison-zuin-participara-do-arnold-south-america-2022-neste-sabado-dia-30\/#primaryimage"},"image":{"@id":"https:\/\/capivari.sp.gov.br\/portal\/karateka-capivariano-edison-zuin-participara-do-arnold-south-america-2022-neste-sabado-dia-30\/#primaryimage"},"thumbnailUrl":"https:\/\/capivari.sp.gov.br\/portal\/wp-content\/uploads\/2022\/04\/osvaldo-e1651250031784.jpg","datePublished":"2022-04-29T16:30:02+00:00","dateModified":"2022-04-29T16:34:04+00:00","breadcrumb":{"@id":"https:\/\/capivari.sp.gov.br\/portal\/karateka-capivariano-edison-zuin-participara-do-arnold-south-america-2022-neste-sabado-dia-30\/#breadcrumb"},"inLanguage":"pt-BR","potentialAction":[{"@type":"ReadAction","target":["https:\/\/capivari.sp.gov.br\/portal\/karateka-capivariano-edison-zuin-participara-do-arnold-south-america-2022-neste-sabado-dia-30\/"]}]},{"@type":"ImageObject","inLanguage":"pt-BR","@id":"https:\/\/capivari.sp.gov.br\/portal\/karateka-capivariano-edison-zuin-participara-do-arnold-south-america-2022-neste-sabado-dia-30\/#primaryimage","url":"https:\/\/capivari.sp.gov.br\/portal\/wp-content\/uploads\/2022\/04\/osvaldo-e1651250031784.jpg","contentUrl":"https:\/\/capivari.sp.gov.br\/portal\/wp-content\/uploads\/2022\/04\/osvaldo-e1651250031784.jpg","width":624,"height":812},{"@type":"BreadcrumbList","@id":"https:\/\/capivari.sp.gov.br\/portal\/karateka-capivariano-edison-zuin-participara-do-arnold-south-america-2022-neste-sabado-dia-30\/#breadcrumb","itemListElement":[{"@type":"ListItem","position":1,"name":"In\u00edcio","item":"https:\/\/capivari.sp.gov.br\/portal\/"},{"@type":"ListItem","position":2,"name":"Karateka capivariano, Edison Zuin, participar\u00e1 do Arnold South America 2022 neste s\u00e1bado, dia 30"}]},{"@type":"WebSite","@id":"https:\/\/capivari.sp.gov.br\/portal\/#website","url":"https:\/\/capivari.sp.gov.br\/portal\/","name":"Prefeitura de Capivari","description":"Prefeitura de Capivari","publisher":{"@id":"https:\/\/capivari.sp.gov.br\/portal\/#organization"},"potentialAction":[{"@type":"SearchAction","target":{"@type":"EntryPoint","urlTemplate":"https:\/\/capivari.sp.gov.br\/portal\/?s={search_term_string}"},"query-input":{"@type":"PropertyValueSpecification","valueRequired":true,"valueName":"search_term_string"}}],"inLanguage":"pt-BR"},{"@type":"Organization","@id":"https:\/\/capivari.sp.gov.br\/portal\/#organization","name":"Prefeitura de Capivari","url":"https:\/\/capivari.sp.gov.br\/portal\/","logo":{"@type":"ImageObject","inLanguage":"pt-BR","@id":"https:\/\/capivari.sp.gov.br\/portal\/#\/schema\/logo\/image\/","url":"https:\/\/capivari.sp.gov.br\/portal\/wp-content\/uploads\/2021\/09\/logo-prefeitura-de-capivari.png","contentUrl":"https:\/\/capivari.sp.gov.br\/portal\/wp-content\/uploads\/2021\/09\/logo-prefeitura-de-capivari.png","width":200,"height":147,"caption":"Prefeitura de Capivari"},"image":{"@id":"https:\/\/capivari.sp.gov.br\/portal\/#\/schema\/logo\/image\/"},"sameAs":["https:\/\/www.facebook.com\/PrefeituradeCapivari\/","https:\/\/x.com\/PrefCapivari","https:\/\/www.instagram.com\/prefeituracapivari\/"]},{"@type":"Person","@id":"https:\/\/capivari.sp.gov.br\/portal\/#\/schema\/person\/d7b1048525ce907b55245fe0fcaea2e5","name":"Rafaella Uvini","image":{"@type":"ImageObject","inLanguage":"pt-BR","@id":"https:\/\/secure.gravatar.com\/avatar\/698757f92517b418dbefa88732eb599ad7eed21dcca72e22815a04b2d6270e91?s=96&d=mm&r=g","url":"https:\/\/secure.gravatar.com\/avatar\/698757f92517b418dbefa88732eb599ad7eed21dcca72e22815a04b2d6270e91?s=96&d=mm&r=g","contentUrl":"https:\/\/secure.gravatar.com\/avatar\/698757f92517b418dbefa88732eb599ad7eed21dcca72e22815a04b2d6270e91?s=96&d=mm&r=g","caption":"Rafaella Uvini"},"url":"https:\/\/capivari.sp.gov.br\/portal\/author\/rafaella-uvini\/"}]}},"_links":{"self":[{"href":"https:\/\/capivari.sp.gov.br\/portal\/wp-json\/wp\/v2\/posts\/3760","targetHints":{"allow":["GET"]}}],"collection":[{"href":"https:\/\/capivari.sp.gov.br\/portal\/wp-json\/wp\/v2\/posts"}],"about":[{"href":"https:\/\/capivari.sp.gov.br\/portal\/wp-json\/wp\/v2\/types\/post"}],"author":[{"embeddable":true,"href":"https:\/\/capivari.sp.gov.br\/portal\/wp-json\/wp\/v2\/users\/3"}],"replies":[{"embeddable":true,"href":"https:\/\/capivari.sp.gov.br\/portal\/wp-json\/wp\/v2\/comments?post=3760"}],"version-history":[{"count":2,"href":"https:\/\/capivari.sp.gov.br\/portal\/wp-json\/wp\/v2\/posts\/3760\/revisions"}],"predecessor-version":[{"id":3764,"href":"https:\/\/capivari.sp.gov.br\/portal\/wp-json\/wp\/v2\/posts\/3760\/revisions\/3764"}],"wp:featuredmedia":[{"embeddable":true,"href":"https:\/\/capivari.sp.gov.br\/portal\/wp-json\/wp\/v2\/media\/3761"}],"wp:attachment":[{"href":"https:\/\/capivari.sp.gov.br\/portal\/wp-json\/wp\/v2\/media?parent=3760"}],"wp:term":[{"taxonomy":"category","embeddable":true,"href":"https:\/\/capivari.sp.gov.br\/portal\/wp-json\/wp\/v2\/categories?post=3760"},{"taxonomy":"post_tag","embeddable":true,"href":"https:\/\/capivari.sp.gov.br\/portal\/wp-json\/wp\/v2\/tags?post=3760"}],"curies":[{"name":"wp","href":"https:\/\/api.w.org\/{rel}","templated":true}]}}