{"id":4855,"date":"2022-07-26T14:57:23","date_gmt":"2022-07-26T17:57:23","guid":{"rendered":"https:\/\/capivari.sp.gov.br\/portal\/?p=4855"},"modified":"2022-07-26T14:57:23","modified_gmt":"2022-07-26T17:57:23","slug":"guarda-civil-de-capivari-prende-dois-homens-por-violencia-domestica-no-ultimo-final-de-semana","status":"publish","type":"post","link":"https:\/\/capivari.sp.gov.br\/portal\/guarda-civil-de-capivari-prende-dois-homens-por-violencia-domestica-no-ultimo-final-de-semana\/","title":{"rendered":"Guarda Civil de Capivari prende dois homens por viol\u00eancia dom\u00e9stica no \u00faltimo final de semana"},"content":{"rendered":"<p>No \u00faltimo final de semana, a Guarda Civil de Capivari atendeu dois chamados em ocorr\u00eancias de viol\u00eancia dom\u00e9stica, que culminaram em pris\u00f5es dos agressores, sendo uma delas no bairro Castelani, que resultou na pris\u00e3o de um homem de 36 anos e outra no bairro Ribeir\u00e3o, onde um homem de 38 anos foi detido.<\/p>\n<p>Na sexta-feira, dia 22, os agentes faziam patrulhamento no bairro Ribeir\u00e3o quando repararam uma mulher de 45 anos andando na rua, alegando ter sido agredida por seu companheiro, um homem de 38 anos. Ap\u00f3s receberem as caracter\u00edsticas do suspeito, os oficiais tiveram \u00eaxito ao localizar o agressor nas proximidades, o autuando em flagrante. O homem foi encaminhado \u00e0 Delegacia de Pol\u00edcia, onde permaneceu \u00e0 disposi\u00e7\u00e3o da justi\u00e7a.<\/p>\n<p>Um dia depois, s\u00e1bado, dia 23, durante patrulhamento preventivo no bairro Castelani, os oficiais encontraram uma mulher de 41 anos pedindo socorro na rua, de maneira parecida ao caso anterior, informando que ela, seu filho e sua vizinha haviam sido agredidos pelo seu parceiro, um homem de 36 anos, al\u00e9m de receber amea\u00e7as com uma faca pelo agressor. Ap\u00f3s breve procura, os agentes encontraram o suspeito, efetuando dessa a sua pris\u00e3o em flagrante. Ele ainda foi encaminhado \u00e0 Delegacia de Piracicaba, onde permaneceu \u00e0 disposi\u00e7\u00e3o da justi\u00e7a.<\/p>\n<p>A Guarda Civil de Capivari possui uma equipe especializada para atender casos de viol\u00eancia dom\u00e9stica, al\u00e9m de fazer patrulhamento preventivo em todos os bairros da cidade e atender todo tipo de ocorr\u00eancia. Para entrar em contato com a corpora\u00e7\u00e3o, o telefone 153 est\u00e1 dispon\u00edvel 24 horas por dia, sete dias por semana.<\/p>\n","protected":false},"excerpt":{"rendered":"<p>No \u00faltimo final de semana, a Guarda Civil de Capivari atendeu dois chamados em ocorr\u00eancias de viol\u00eancia dom\u00e9stica, que culminaram em pris\u00f5es dos agressores, sendo uma delas no bairro Castelani, que resultou na pris\u00e3o de um homem de 36 anos e outra no bairro Ribeir\u00e3o, onde um homem de 38 anos foi detido. Na sexta-feira, [&hellip;]<\/p>\n","protected":false},"author":2,"featured_media":4856,"comment_status":"open","ping_status":"open","sticky":false,"template":"","format":"standard","meta":{"ocean_post_layout":"","ocean_both_sidebars_style":"","ocean_both_sidebars_content_width":0,"ocean_both_sidebars_sidebars_width":0,"ocean_sidebar":"","ocean_second_sidebar":"","ocean_disable_margins":"enable","ocean_add_body_class":"","ocean_shortcode_before_top_bar":"","ocean_shortcode_after_top_bar":"","ocean_shortcode_before_header":"","ocean_shortcode_after_header":"","ocean_has_shortcode":"","ocean_shortcode_after_title":"","ocean_shortcode_before_footer_widgets":"","ocean_shortcode_after_footer_widgets":"","ocean_shortcode_before_footer_bottom":"","ocean_shortcode_after_footer_bottom":"","ocean_display_top_bar":"default","ocean_display_header":"default","ocean_header_style":"","ocean_center_header_left_menu":"","ocean_custom_header_template":"","ocean_custom_logo":0,"ocean_custom_retina_logo":0,"ocean_custom_logo_max_width":0,"ocean_custom_logo_tablet_max_width":0,"ocean_custom_logo_mobile_max_width":0,"ocean_custom_logo_max_height":0,"ocean_custom_logo_tablet_max_height":0,"ocean_custom_logo_mobile_max_height":0,"ocean_header_custom_menu":"","ocean_menu_typo_font_family":"","ocean_menu_typo_font_subset":"","ocean_menu_typo_font_size":0,"ocean_menu_typo_font_size_tablet":0,"ocean_menu_typo_font_size_mobile":0,"ocean_menu_typo_font_size_unit":"px","ocean_menu_typo_font_weight":"","ocean_menu_typo_font_weight_tablet":"","ocean_menu_typo_font_weight_mobile":"","ocean_menu_typo_transform":"","ocean_menu_typo_transform_tablet":"","ocean_menu_typo_transform_mobile":"","ocean_menu_typo_line_height":0,"ocean_menu_typo_line_height_tablet":0,"ocean_menu_typo_line_height_mobile":0,"ocean_menu_typo_line_height_unit":"","ocean_menu_typo_spacing":0,"ocean_menu_typo_spacing_tablet":0,"ocean_menu_typo_spacing_mobile":0,"ocean_menu_typo_spacing_unit":"","ocean_menu_link_color":"","ocean_menu_link_color_hover":"","ocean_menu_link_color_active":"","ocean_menu_link_background":"","ocean_menu_link_hover_background":"","ocean_menu_link_active_background":"","ocean_menu_social_links_bg":"","ocean_menu_social_hover_links_bg":"","ocean_menu_social_links_color":"","ocean_menu_social_hover_links_color":"","ocean_disable_title":"default","ocean_disable_heading":"default","ocean_post_title":"","ocean_post_subheading":"","ocean_post_title_style":"","ocean_post_title_background_color":"","ocean_post_title_background":0,"ocean_post_title_bg_image_position":"","ocean_post_title_bg_image_attachment":"","ocean_post_title_bg_image_repeat":"","ocean_post_title_bg_image_size":"","ocean_post_title_height":0,"ocean_post_title_bg_overlay":0.5,"ocean_post_title_bg_overlay_color":"","ocean_disable_breadcrumbs":"default","ocean_breadcrumbs_color":"","ocean_breadcrumbs_separator_color":"","ocean_breadcrumbs_links_color":"","ocean_breadcrumbs_links_hover_color":"","ocean_display_footer_widgets":"default","ocean_display_footer_bottom":"default","ocean_custom_footer_template":"","ocean_post_oembed":"","ocean_post_self_hosted_media":"","ocean_post_video_embed":"","ocean_link_format":"","ocean_link_format_target":"self","ocean_quote_format":"","ocean_quote_format_link":"post","ocean_gallery_link_images":"off","ocean_gallery_id":[],"footnotes":""},"categories":[4,5,32],"tags":[],"class_list":["post-4855","post","type-post","status-publish","format-standard","has-post-thumbnail","hentry","category-destaque","category-geral","category-seguranca-publica","entry","has-media"],"yoast_head":"<!-- This site is optimized with the Yoast SEO plugin v27.5 - https:\/\/yoast.com\/product\/yoast-seo-wordpress\/ -->\n<title>Guarda Civil de Capivari prende dois homens por viol\u00eancia dom\u00e9stica no \u00faltimo final de semana - Prefeitura de Capivari<\/title>\n<meta name=\"robots\" content=\"index, follow, max-snippet:-1, max-image-preview:large, max-video-preview:-1\" \/>\n<link rel=\"canonical\" href=\"https:\/\/capivari.sp.gov.br\/portal\/guarda-civil-de-capivari-prende-dois-homens-por-violencia-domestica-no-ultimo-final-de-semana\/\" \/>\n<meta property=\"og:locale\" content=\"pt_BR\" \/>\n<meta property=\"og:type\" content=\"article\" \/>\n<meta property=\"og:title\" content=\"Guarda Civil de Capivari prende dois homens por viol\u00eancia dom\u00e9stica no \u00faltimo final de semana - Prefeitura de Capivari\" \/>\n<meta property=\"og:description\" content=\"No \u00faltimo final de semana, a Guarda Civil de Capivari atendeu dois chamados em ocorr\u00eancias de viol\u00eancia dom\u00e9stica, que culminaram em pris\u00f5es dos agressores, sendo uma delas no bairro Castelani, que resultou na pris\u00e3o de um homem de 36 anos e outra no bairro Ribeir\u00e3o, onde um homem de 38 anos foi detido. Na sexta-feira, [&hellip;]\" \/>\n<meta property=\"og:url\" content=\"https:\/\/capivari.sp.gov.br\/portal\/guarda-civil-de-capivari-prende-dois-homens-por-violencia-domestica-no-ultimo-final-de-semana\/\" \/>\n<meta property=\"og:site_name\" content=\"Prefeitura de Capivari\" \/>\n<meta property=\"article:publisher\" content=\"https:\/\/www.facebook.com\/PrefeituradeCapivari\/\" \/>\n<meta property=\"article:published_time\" content=\"2022-07-26T17:57:23+00:00\" \/>\n<meta property=\"og:image\" content=\"https:\/\/capivari.sp.gov.br\/portal\/wp-content\/uploads\/2022\/07\/photo_2021-09-21_14-41-56-2.jpg\" \/>\n\t<meta property=\"og:image:width\" content=\"1280\" \/>\n\t<meta property=\"og:image:height\" content=\"853\" \/>\n\t<meta property=\"og:image:type\" content=\"image\/jpeg\" \/>\n<meta name=\"author\" content=\"Thalles Cristiano\" \/>\n<meta name=\"twitter:card\" content=\"summary_large_image\" \/>\n<meta name=\"twitter:creator\" content=\"@PrefCapivari\" \/>\n<meta name=\"twitter:site\" content=\"@PrefCapivari\" \/>\n<meta name=\"twitter:label1\" content=\"Escrito por\" \/>\n\t<meta name=\"twitter:data1\" content=\"Thalles Cristiano\" \/>\n\t<meta name=\"twitter:label2\" content=\"Est. tempo de leitura\" \/>\n\t<meta name=\"twitter:data2\" content=\"1 minuto\" \/>\n<script type=\"application\/ld+json\" class=\"yoast-schema-graph\">{\"@context\":\"https:\\\/\\\/schema.org\",\"@graph\":[{\"@type\":\"Article\",\"@id\":\"https:\\\/\\\/capivari.sp.gov.br\\\/portal\\\/guarda-civil-de-capivari-prende-dois-homens-por-violencia-domestica-no-ultimo-final-de-semana\\\/#article\",\"isPartOf\":{\"@id\":\"https:\\\/\\\/capivari.sp.gov.br\\\/portal\\\/guarda-civil-de-capivari-prende-dois-homens-por-violencia-domestica-no-ultimo-final-de-semana\\\/\"},\"author\":{\"name\":\"Thalles Cristiano\",\"@id\":\"https:\\\/\\\/capivari.sp.gov.br\\\/portal\\\/#\\\/schema\\\/person\\\/98801614a91d449946b0687ae2db9f29\"},\"headline\":\"Guarda Civil de Capivari prende dois homens por viol\u00eancia dom\u00e9stica no \u00faltimo final de semana\",\"datePublished\":\"2022-07-26T17:57:23+00:00\",\"mainEntityOfPage\":{\"@id\":\"https:\\\/\\\/capivari.sp.gov.br\\\/portal\\\/guarda-civil-de-capivari-prende-dois-homens-por-violencia-domestica-no-ultimo-final-de-semana\\\/\"},\"wordCount\":287,\"commentCount\":0,\"publisher\":{\"@id\":\"https:\\\/\\\/capivari.sp.gov.br\\\/portal\\\/#organization\"},\"image\":{\"@id\":\"https:\\\/\\\/capivari.sp.gov.br\\\/portal\\\/guarda-civil-de-capivari-prende-dois-homens-por-violencia-domestica-no-ultimo-final-de-semana\\\/#primaryimage\"},\"thumbnailUrl\":\"https:\\\/\\\/capivari.sp.gov.br\\\/portal\\\/wp-content\\\/uploads\\\/2022\\\/07\\\/photo_2021-09-21_14-41-56-2.jpg\",\"articleSection\":[\"Destaque\",\"Geral\",\"Seguran\u00e7a P\u00fablica\"],\"inLanguage\":\"pt-BR\",\"potentialAction\":[{\"@type\":\"CommentAction\",\"name\":\"Comment\",\"target\":[\"https:\\\/\\\/capivari.sp.gov.br\\\/portal\\\/guarda-civil-de-capivari-prende-dois-homens-por-violencia-domestica-no-ultimo-final-de-semana\\\/#respond\"]}]},{\"@type\":\"WebPage\",\"@id\":\"https:\\\/\\\/capivari.sp.gov.br\\\/portal\\\/guarda-civil-de-capivari-prende-dois-homens-por-violencia-domestica-no-ultimo-final-de-semana\\\/\",\"url\":\"https:\\\/\\\/capivari.sp.gov.br\\\/portal\\\/guarda-civil-de-capivari-prende-dois-homens-por-violencia-domestica-no-ultimo-final-de-semana\\\/\",\"name\":\"Guarda Civil de Capivari prende dois homens por viol\u00eancia dom\u00e9stica no \u00faltimo final de semana - Prefeitura de Capivari\",\"isPartOf\":{\"@id\":\"https:\\\/\\\/capivari.sp.gov.br\\\/portal\\\/#website\"},\"primaryImageOfPage\":{\"@id\":\"https:\\\/\\\/capivari.sp.gov.br\\\/portal\\\/guarda-civil-de-capivari-prende-dois-homens-por-violencia-domestica-no-ultimo-final-de-semana\\\/#primaryimage\"},\"image\":{\"@id\":\"https:\\\/\\\/capivari.sp.gov.br\\\/portal\\\/guarda-civil-de-capivari-prende-dois-homens-por-violencia-domestica-no-ultimo-final-de-semana\\\/#primaryimage\"},\"thumbnailUrl\":\"https:\\\/\\\/capivari.sp.gov.br\\\/portal\\\/wp-content\\\/uploads\\\/2022\\\/07\\\/photo_2021-09-21_14-41-56-2.jpg\",\"datePublished\":\"2022-07-26T17:57:23+00:00\",\"breadcrumb\":{\"@id\":\"https:\\\/\\\/capivari.sp.gov.br\\\/portal\\\/guarda-civil-de-capivari-prende-dois-homens-por-violencia-domestica-no-ultimo-final-de-semana\\\/#breadcrumb\"},\"inLanguage\":\"pt-BR\",\"potentialAction\":[{\"@type\":\"ReadAction\",\"target\":[\"https:\\\/\\\/capivari.sp.gov.br\\\/portal\\\/guarda-civil-de-capivari-prende-dois-homens-por-violencia-domestica-no-ultimo-final-de-semana\\\/\"]}]},{\"@type\":\"ImageObject\",\"inLanguage\":\"pt-BR\",\"@id\":\"https:\\\/\\\/capivari.sp.gov.br\\\/portal\\\/guarda-civil-de-capivari-prende-dois-homens-por-violencia-domestica-no-ultimo-final-de-semana\\\/#primaryimage\",\"url\":\"https:\\\/\\\/capivari.sp.gov.br\\\/portal\\\/wp-content\\\/uploads\\\/2022\\\/07\\\/photo_2021-09-21_14-41-56-2.jpg\",\"contentUrl\":\"https:\\\/\\\/capivari.sp.gov.br\\\/portal\\\/wp-content\\\/uploads\\\/2022\\\/07\\\/photo_2021-09-21_14-41-56-2.jpg\",\"width\":1280,\"height\":853},{\"@type\":\"BreadcrumbList\",\"@id\":\"https:\\\/\\\/capivari.sp.gov.br\\\/portal\\\/guarda-civil-de-capivari-prende-dois-homens-por-violencia-domestica-no-ultimo-final-de-semana\\\/#breadcrumb\",\"itemListElement\":[{\"@type\":\"ListItem\",\"position\":1,\"name\":\"In\u00edcio\",\"item\":\"https:\\\/\\\/capivari.sp.gov.br\\\/portal\\\/\"},{\"@type\":\"ListItem\",\"position\":2,\"name\":\"Guarda Civil de Capivari prende dois homens por viol\u00eancia dom\u00e9stica no \u00faltimo final de semana\"}]},{\"@type\":\"WebSite\",\"@id\":\"https:\\\/\\\/capivari.sp.gov.br\\\/portal\\\/#website\",\"url\":\"https:\\\/\\\/capivari.sp.gov.br\\\/portal\\\/\",\"name\":\"Prefeitura de Capivari\",\"description\":\"Prefeitura de Capivari\",\"publisher\":{\"@id\":\"https:\\\/\\\/capivari.sp.gov.br\\\/portal\\\/#organization\"},\"potentialAction\":[{\"@type\":\"SearchAction\",\"target\":{\"@type\":\"EntryPoint\",\"urlTemplate\":\"https:\\\/\\\/capivari.sp.gov.br\\\/portal\\\/?s={search_term_string}\"},\"query-input\":{\"@type\":\"PropertyValueSpecification\",\"valueRequired\":true,\"valueName\":\"search_term_string\"}}],\"inLanguage\":\"pt-BR\"},{\"@type\":\"Organization\",\"@id\":\"https:\\\/\\\/capivari.sp.gov.br\\\/portal\\\/#organization\",\"name\":\"Prefeitura de Capivari\",\"url\":\"https:\\\/\\\/capivari.sp.gov.br\\\/portal\\\/\",\"logo\":{\"@type\":\"ImageObject\",\"inLanguage\":\"pt-BR\",\"@id\":\"https:\\\/\\\/capivari.sp.gov.br\\\/portal\\\/#\\\/schema\\\/logo\\\/image\\\/\",\"url\":\"https:\\\/\\\/capivari.sp.gov.br\\\/portal\\\/wp-content\\\/uploads\\\/2021\\\/09\\\/logo-prefeitura-de-capivari.png\",\"contentUrl\":\"https:\\\/\\\/capivari.sp.gov.br\\\/portal\\\/wp-content\\\/uploads\\\/2021\\\/09\\\/logo-prefeitura-de-capivari.png\",\"width\":200,\"height\":147,\"caption\":\"Prefeitura de Capivari\"},\"image\":{\"@id\":\"https:\\\/\\\/capivari.sp.gov.br\\\/portal\\\/#\\\/schema\\\/logo\\\/image\\\/\"},\"sameAs\":[\"https:\\\/\\\/www.facebook.com\\\/PrefeituradeCapivari\\\/\",\"https:\\\/\\\/x.com\\\/PrefCapivari\",\"https:\\\/\\\/www.instagram.com\\\/prefeituracapivari\\\/\"]},{\"@type\":\"Person\",\"@id\":\"https:\\\/\\\/capivari.sp.gov.br\\\/portal\\\/#\\\/schema\\\/person\\\/98801614a91d449946b0687ae2db9f29\",\"name\":\"Thalles Cristiano\",\"image\":{\"@type\":\"ImageObject\",\"inLanguage\":\"pt-BR\",\"@id\":\"https:\\\/\\\/secure.gravatar.com\\\/avatar\\\/0d1b9a4bdcde99ab11a8cd27abdcd088993749b82c4355c0301135023dc52b3d?s=96&d=mm&r=g\",\"url\":\"https:\\\/\\\/secure.gravatar.com\\\/avatar\\\/0d1b9a4bdcde99ab11a8cd27abdcd088993749b82c4355c0301135023dc52b3d?s=96&d=mm&r=g\",\"contentUrl\":\"https:\\\/\\\/secure.gravatar.com\\\/avatar\\\/0d1b9a4bdcde99ab11a8cd27abdcd088993749b82c4355c0301135023dc52b3d?s=96&d=mm&r=g\",\"caption\":\"Thalles Cristiano\"},\"url\":\"https:\\\/\\\/capivari.sp.gov.br\\\/portal\\\/author\\\/thalles-cristiano\\\/\"}]}<\/script>\n<!-- \/ Yoast SEO plugin. -->","yoast_head_json":{"title":"Guarda Civil de Capivari prende dois homens por viol\u00eancia dom\u00e9stica no \u00faltimo final de semana - Prefeitura de Capivari","robots":{"index":"index","follow":"follow","max-snippet":"max-snippet:-1","max-image-preview":"max-image-preview:large","max-video-preview":"max-video-preview:-1"},"canonical":"https:\/\/capivari.sp.gov.br\/portal\/guarda-civil-de-capivari-prende-dois-homens-por-violencia-domestica-no-ultimo-final-de-semana\/","og_locale":"pt_BR","og_type":"article","og_title":"Guarda Civil de Capivari prende dois homens por viol\u00eancia dom\u00e9stica no \u00faltimo final de semana - Prefeitura de Capivari","og_description":"No \u00faltimo final de semana, a Guarda Civil de Capivari atendeu dois chamados em ocorr\u00eancias de viol\u00eancia dom\u00e9stica, que culminaram em pris\u00f5es dos agressores, sendo uma delas no bairro Castelani, que resultou na pris\u00e3o de um homem de 36 anos e outra no bairro Ribeir\u00e3o, onde um homem de 38 anos foi detido. Na sexta-feira, [&hellip;]","og_url":"https:\/\/capivari.sp.gov.br\/portal\/guarda-civil-de-capivari-prende-dois-homens-por-violencia-domestica-no-ultimo-final-de-semana\/","og_site_name":"Prefeitura de Capivari","article_publisher":"https:\/\/www.facebook.com\/PrefeituradeCapivari\/","article_published_time":"2022-07-26T17:57:23+00:00","og_image":[{"width":1280,"height":853,"url":"https:\/\/capivari.sp.gov.br\/portal\/wp-content\/uploads\/2022\/07\/photo_2021-09-21_14-41-56-2.jpg","type":"image\/jpeg"}],"author":"Thalles Cristiano","twitter_card":"summary_large_image","twitter_creator":"@PrefCapivari","twitter_site":"@PrefCapivari","twitter_misc":{"Escrito por":"Thalles Cristiano","Est. tempo de leitura":"1 minuto"},"schema":{"@context":"https:\/\/schema.org","@graph":[{"@type":"Article","@id":"https:\/\/capivari.sp.gov.br\/portal\/guarda-civil-de-capivari-prende-dois-homens-por-violencia-domestica-no-ultimo-final-de-semana\/#article","isPartOf":{"@id":"https:\/\/capivari.sp.gov.br\/portal\/guarda-civil-de-capivari-prende-dois-homens-por-violencia-domestica-no-ultimo-final-de-semana\/"},"author":{"name":"Thalles Cristiano","@id":"https:\/\/capivari.sp.gov.br\/portal\/#\/schema\/person\/98801614a91d449946b0687ae2db9f29"},"headline":"Guarda Civil de Capivari prende dois homens por viol\u00eancia dom\u00e9stica no \u00faltimo final de semana","datePublished":"2022-07-26T17:57:23+00:00","mainEntityOfPage":{"@id":"https:\/\/capivari.sp.gov.br\/portal\/guarda-civil-de-capivari-prende-dois-homens-por-violencia-domestica-no-ultimo-final-de-semana\/"},"wordCount":287,"commentCount":0,"publisher":{"@id":"https:\/\/capivari.sp.gov.br\/portal\/#organization"},"image":{"@id":"https:\/\/capivari.sp.gov.br\/portal\/guarda-civil-de-capivari-prende-dois-homens-por-violencia-domestica-no-ultimo-final-de-semana\/#primaryimage"},"thumbnailUrl":"https:\/\/capivari.sp.gov.br\/portal\/wp-content\/uploads\/2022\/07\/photo_2021-09-21_14-41-56-2.jpg","articleSection":["Destaque","Geral","Seguran\u00e7a P\u00fablica"],"inLanguage":"pt-BR","potentialAction":[{"@type":"CommentAction","name":"Comment","target":["https:\/\/capivari.sp.gov.br\/portal\/guarda-civil-de-capivari-prende-dois-homens-por-violencia-domestica-no-ultimo-final-de-semana\/#respond"]}]},{"@type":"WebPage","@id":"https:\/\/capivari.sp.gov.br\/portal\/guarda-civil-de-capivari-prende-dois-homens-por-violencia-domestica-no-ultimo-final-de-semana\/","url":"https:\/\/capivari.sp.gov.br\/portal\/guarda-civil-de-capivari-prende-dois-homens-por-violencia-domestica-no-ultimo-final-de-semana\/","name":"Guarda Civil de Capivari prende dois homens por viol\u00eancia dom\u00e9stica no \u00faltimo final de semana - Prefeitura de Capivari","isPartOf":{"@id":"https:\/\/capivari.sp.gov.br\/portal\/#website"},"primaryImageOfPage":{"@id":"https:\/\/capivari.sp.gov.br\/portal\/guarda-civil-de-capivari-prende-dois-homens-por-violencia-domestica-no-ultimo-final-de-semana\/#primaryimage"},"image":{"@id":"https:\/\/capivari.sp.gov.br\/portal\/guarda-civil-de-capivari-prende-dois-homens-por-violencia-domestica-no-ultimo-final-de-semana\/#primaryimage"},"thumbnailUrl":"https:\/\/capivari.sp.gov.br\/portal\/wp-content\/uploads\/2022\/07\/photo_2021-09-21_14-41-56-2.jpg","datePublished":"2022-07-26T17:57:23+00:00","breadcrumb":{"@id":"https:\/\/capivari.sp.gov.br\/portal\/guarda-civil-de-capivari-prende-dois-homens-por-violencia-domestica-no-ultimo-final-de-semana\/#breadcrumb"},"inLanguage":"pt-BR","potentialAction":[{"@type":"ReadAction","target":["https:\/\/capivari.sp.gov.br\/portal\/guarda-civil-de-capivari-prende-dois-homens-por-violencia-domestica-no-ultimo-final-de-semana\/"]}]},{"@type":"ImageObject","inLanguage":"pt-BR","@id":"https:\/\/capivari.sp.gov.br\/portal\/guarda-civil-de-capivari-prende-dois-homens-por-violencia-domestica-no-ultimo-final-de-semana\/#primaryimage","url":"https:\/\/capivari.sp.gov.br\/portal\/wp-content\/uploads\/2022\/07\/photo_2021-09-21_14-41-56-2.jpg","contentUrl":"https:\/\/capivari.sp.gov.br\/portal\/wp-content\/uploads\/2022\/07\/photo_2021-09-21_14-41-56-2.jpg","width":1280,"height":853},{"@type":"BreadcrumbList","@id":"https:\/\/capivari.sp.gov.br\/portal\/guarda-civil-de-capivari-prende-dois-homens-por-violencia-domestica-no-ultimo-final-de-semana\/#breadcrumb","itemListElement":[{"@type":"ListItem","position":1,"name":"In\u00edcio","item":"https:\/\/capivari.sp.gov.br\/portal\/"},{"@type":"ListItem","position":2,"name":"Guarda Civil de Capivari prende dois homens por viol\u00eancia dom\u00e9stica no \u00faltimo final de semana"}]},{"@type":"WebSite","@id":"https:\/\/capivari.sp.gov.br\/portal\/#website","url":"https:\/\/capivari.sp.gov.br\/portal\/","name":"Prefeitura de Capivari","description":"Prefeitura de Capivari","publisher":{"@id":"https:\/\/capivari.sp.gov.br\/portal\/#organization"},"potentialAction":[{"@type":"SearchAction","target":{"@type":"EntryPoint","urlTemplate":"https:\/\/capivari.sp.gov.br\/portal\/?s={search_term_string}"},"query-input":{"@type":"PropertyValueSpecification","valueRequired":true,"valueName":"search_term_string"}}],"inLanguage":"pt-BR"},{"@type":"Organization","@id":"https:\/\/capivari.sp.gov.br\/portal\/#organization","name":"Prefeitura de Capivari","url":"https:\/\/capivari.sp.gov.br\/portal\/","logo":{"@type":"ImageObject","inLanguage":"pt-BR","@id":"https:\/\/capivari.sp.gov.br\/portal\/#\/schema\/logo\/image\/","url":"https:\/\/capivari.sp.gov.br\/portal\/wp-content\/uploads\/2021\/09\/logo-prefeitura-de-capivari.png","contentUrl":"https:\/\/capivari.sp.gov.br\/portal\/wp-content\/uploads\/2021\/09\/logo-prefeitura-de-capivari.png","width":200,"height":147,"caption":"Prefeitura de Capivari"},"image":{"@id":"https:\/\/capivari.sp.gov.br\/portal\/#\/schema\/logo\/image\/"},"sameAs":["https:\/\/www.facebook.com\/PrefeituradeCapivari\/","https:\/\/x.com\/PrefCapivari","https:\/\/www.instagram.com\/prefeituracapivari\/"]},{"@type":"Person","@id":"https:\/\/capivari.sp.gov.br\/portal\/#\/schema\/person\/98801614a91d449946b0687ae2db9f29","name":"Thalles Cristiano","image":{"@type":"ImageObject","inLanguage":"pt-BR","@id":"https:\/\/secure.gravatar.com\/avatar\/0d1b9a4bdcde99ab11a8cd27abdcd088993749b82c4355c0301135023dc52b3d?s=96&d=mm&r=g","url":"https:\/\/secure.gravatar.com\/avatar\/0d1b9a4bdcde99ab11a8cd27abdcd088993749b82c4355c0301135023dc52b3d?s=96&d=mm&r=g","contentUrl":"https:\/\/secure.gravatar.com\/avatar\/0d1b9a4bdcde99ab11a8cd27abdcd088993749b82c4355c0301135023dc52b3d?s=96&d=mm&r=g","caption":"Thalles Cristiano"},"url":"https:\/\/capivari.sp.gov.br\/portal\/author\/thalles-cristiano\/"}]}},"_links":{"self":[{"href":"https:\/\/capivari.sp.gov.br\/portal\/wp-json\/wp\/v2\/posts\/4855","targetHints":{"allow":["GET"]}}],"collection":[{"href":"https:\/\/capivari.sp.gov.br\/portal\/wp-json\/wp\/v2\/posts"}],"about":[{"href":"https:\/\/capivari.sp.gov.br\/portal\/wp-json\/wp\/v2\/types\/post"}],"author":[{"embeddable":true,"href":"https:\/\/capivari.sp.gov.br\/portal\/wp-json\/wp\/v2\/users\/2"}],"replies":[{"embeddable":true,"href":"https:\/\/capivari.sp.gov.br\/portal\/wp-json\/wp\/v2\/comments?post=4855"}],"version-history":[{"count":1,"href":"https:\/\/capivari.sp.gov.br\/portal\/wp-json\/wp\/v2\/posts\/4855\/revisions"}],"predecessor-version":[{"id":4857,"href":"https:\/\/capivari.sp.gov.br\/portal\/wp-json\/wp\/v2\/posts\/4855\/revisions\/4857"}],"wp:featuredmedia":[{"embeddable":true,"href":"https:\/\/capivari.sp.gov.br\/portal\/wp-json\/wp\/v2\/media\/4856"}],"wp:attachment":[{"href":"https:\/\/capivari.sp.gov.br\/portal\/wp-json\/wp\/v2\/media?parent=4855"}],"wp:term":[{"taxonomy":"category","embeddable":true,"href":"https:\/\/capivari.sp.gov.br\/portal\/wp-json\/wp\/v2\/categories?post=4855"},{"taxonomy":"post_tag","embeddable":true,"href":"https:\/\/capivari.sp.gov.br\/portal\/wp-json\/wp\/v2\/tags?post=4855"}],"curies":[{"name":"wp","href":"https:\/\/api.w.org\/{rel}","templated":true}]}}