{"id":5705,"date":"2022-10-04T09:11:29","date_gmt":"2022-10-04T12:11:29","guid":{"rendered":"https:\/\/capivari.sp.gov.br\/portal\/?p=5705"},"modified":"2023-07-17T18:35:42","modified_gmt":"2023-07-17T21:35:42","slug":"facil-empresarial","status":"publish","type":"post","link":"https:\/\/capivari.sp.gov.br\/portal\/facil-empresarial\/","title":{"rendered":"F\u00c1CIL EMPRESARIAL"},"content":{"rendered":"<p align=\"justify\"><strong><span style=\"color: #000000;\"><span style=\"font-family: Liberation Serif, serif;\"><span style=\"font-size: medium;\">F\u00c1CIL EMPRESARIAL<\/span><\/span><\/span><\/strong><span style=\"color: #0563c1;\"><u><span style=\"color: #000000;\"><span style=\"font-family: Liberation Serif, serif;\"><span style=\"font-size: medium;\"><b><br \/>\nO F\u00e1cil Empresarial facilita a vida do(a) empreendedor(a) em Capivari.<br \/>\nClique <a href=\"https:\/\/capivari.obaratec.com.br\/apex\/capivari\/f?p=1498:105:::NO\">AQUI<\/a> e acesse!<br \/>\n<a href=\"https:\/\/capivari.sp.gov.br\/portal\/wp-content\/uploads\/2022\/11\/Passo-a-passo-Facil-Empresarial.pdf\">Passo a Passo<\/a><\/b><\/span><\/span><\/span><\/u><\/span><\/p>\n<p><strong><span style=\"color: #000000;\">&#8211; Abrir Empresa:<\/span><\/strong><span style=\"color: #000000;\"><br \/>\nO munic\u00edpio de Capivari est\u00e1 integrado com o sistema VRE da JUCESP, tanto para abertura de empresas, quanto para altera\u00e7\u00f5es e encerramentos.<br \/>\nClique <a href=\"https:\/\/vreredesim.sp.gov.br\/home\">AQUI<\/a> e saiba mais.<br \/>\n<\/span><strong><span style=\"color: #000000;\">OBSERVA\u00c7\u00c3O: Quando solicitar a Inscri\u00e7\u00e3o Municipal de primeiro estabelecimento ou altera\u00e7\u00e3o de endere\u00e7o, em ato cont\u00ednuo solicitar tamb\u00e9m o Licenciamento.<\/span><\/strong><\/p>\n<p><strong><span style=\"color: #000000;\">&#8211; Micro Empreendedor Individual (MEI):<\/span><\/strong><span style=\"color: #000000;\"><br \/>\nAbertura do MEI maiores informa\u00e7\u00f5es clique <a href=\"https:\/\/www.gov.br\/empresas-e-negocios\/pt-br\/empreendedor\/quero-ser-mei\">AQUI:<\/a><\/span><\/p>\n<p><strong><span style=\"color: #000000;\">Inscri\u00e7\u00e3o Municipal MEI:<\/span><\/strong><span style=\"color: #000000;\"><br \/>\nAbertura, altera\u00e7\u00f5es e encerramento da inscri\u00e7\u00e3o municipal do MEI:<br \/>\nClique <a href=\"https:\/\/capivari.obaratec.com.br\/apex\/capivari\/f?p=1498:105:::NO\">AQUI<\/a> e saiba mais.<\/span><\/p>\n<p><span style=\"color: #000000;\">Documentos necess\u00e1rios:<br \/>\nCertificado de Condi\u00e7\u00e3o de Microempreendedor Individual \u2013 CCMEI<\/span><\/p>\n<p><strong><span style=\"color: #000000;\">&#8211; Pessoa F\u00edsica (Aut\u00f4nomos)<\/span><\/strong><span style=\"color: #000000;\"><br \/>\nAbertura, altera\u00e7\u00f5es e pedidos de baixa para pessoa f\u00edsica (aut\u00f4nomos):<br \/>\nPara saber mais, clique <a href=\"https:\/\/capivari.obaratec.com.br\/apex\/capivari\/f?p=1498:105:::NO\">AQUI<\/a>:<\/span><\/p>\n<p><span style=\"color: #000000;\">Documentos necess\u00e1rios:<br \/>\nDocumentos pessoais (CPF, RG), IPTU e Registro de Classe (caso necess\u00e1rio)<\/span><\/p>\n<p align=\"justify\"><span style=\"color: #000000;\"><span style=\"font-family: Liberation Serif, serif;\"><span style=\"font-size: large;\"><b>Classifica\u00e7\u00e3o de Risco das Atividades<\/b><\/span><\/span><\/span><\/p>\n<p align=\"justify\"><span style=\"color: #000000;\"><span style=\"font-family: Liberation Serif, serif;\"><span style=\"font-size: large;\">O Grau de Risco atribu\u00eddo a cada CNAE respeitar\u00e1, o disposto nas resolu\u00e7\u00f5es federais e instru\u00e7\u00f5es normativas emitidas para esta finalidade e suas altera\u00e7\u00f5es.<\/span><\/span><\/span><\/p>\n<p align=\"justify\"><span style=\"color: #000000;\"><span style=\"font-family: Liberation Serif, serif;\"><span style=\"font-size: large;\"><b>&#8211; Atividades <\/b><u><b>Baixo Risco<\/b><\/u><\/span><\/span><\/span><\/p>\n<p align=\"justify\"><span style=\"color: #000000;\"><span style=\"font-family: Liberation Serif, serif;\"><span style=\"font-size: large;\">As atividades econ\u00f4micas classificadas como de Baixo Risco ou baixo risco A, s\u00e3o dispensadas de licenciamento e alvar\u00e1 de licen\u00e7a para localiza\u00e7\u00e3o.<\/span><\/span><\/span><\/p>\n<p align=\"justify\"><span style=\"color: #000000;\"><span style=\"font-family: Liberation Serif, serif;\"><span style=\"font-size: large;\">A dispensa n\u00e3o exime o empreendedor de cumprir a legisla\u00e7\u00e3o sanit\u00e1ria, fiscal, postura, ambiental e relativa \u00e0 seguran\u00e7a, prote\u00e7\u00e3o e preven\u00e7\u00e3o contra inc\u00eandio quando a atividade Econ\u00f4mica Assim o Exigir.<\/span><\/span><\/span><\/p>\n<p align=\"justify\"><span style=\"color: #000000;\"><span style=\"font-family: Liberation Serif, serif;\"><span style=\"font-size: large;\"><b>&#8211; Atividades <\/b><u><b>M\u00e9dio Risco<\/b><\/u><\/span><\/span><\/span><\/p>\n<p align=\"justify\"><span style=\"color: #000000;\"><span style=\"font-family: Liberation Serif, serif;\"><span style=\"font-size: large;\">As atividades econ\u00f4micas classificadas como de M\u00e9dio Risco ou baixo risco B ter\u00e3o o Alvar\u00e1 Eletr\u00f4nico emitido, <u>em car\u00e1ter provis\u00f3rio<\/u>, condicionado \u00e0 apresenta\u00e7\u00e3o de <u><b>Autodeclara\u00e7\u00e3o<\/b><\/u>, constante no Anexo I, da Lei 6348\/2022.<\/span><\/span><\/span><\/p>\n<p align=\"justify\"><span style=\"color: #000000;\"><span style=\"font-family: Liberation Serif, serif;\"><span style=\"font-size: large;\">Ap\u00f3s a emiss\u00e3o do Certificado de Licenciamento Integrado (CLI), o alvar\u00e1 eletr\u00f4nico em <u>car\u00e1ter provis\u00f3rio<\/u>, ser\u00e1 convertido em definitivo.<\/span><\/span><\/span><\/p>\n<p align=\"justify\"><span style=\"color: #000000;\"><span style=\"font-family: Liberation Serif, serif;\"><span style=\"font-size: large;\"><b>&#8211; Atividade <\/b><u><b>Alto Risco<\/b><\/u><\/span><\/span><\/span><\/p>\n<p align=\"justify\"><span style=\"color: #000000;\"><span style=\"font-family: Liberation Serif, serif;\"><span style=\"font-size: large;\">As atividades econ\u00f4micas classificadas de Alto Risco, ter\u00e3o o Alvar\u00e1 Eletr\u00f4nico emitido ap\u00f3s o cumprimento de todas as exig\u00eancias pr\u00e9vias dos \u00f3rg\u00e3os fiscalizadores.<\/span><\/span><\/span><\/p>\n<p><span style=\"color: #000000;\">\u00a0<\/span><strong><span style=\"color: #000000;\"><span style=\"font-family: Liberation Serif, serif;\"><span style=\"font-size: large;\">Documentos necess\u00e1rios: <\/span><\/span><\/span><\/strong><\/p>\n<p align=\"justify\"><span style=\"color: #000000;\"><span style=\"font-family: Liberation Serif, serif;\"><span style=\"font-size: large;\">Certificado de Licenciamento Integrado (CLI)<\/span><\/span><\/span><\/p>\n<p align=\"justify\"><span style=\"color: #000000;\"><span style=\"font-family: Liberation Serif, serif;\"><span style=\"font-size: large;\">&#8211; Relat\u00f3rio de Vistoria, AVCB ou CLCB, Vigil\u00e2ncia Sanit\u00e1ria, CETESB e outros documentos pertinentes quando a atividade econ\u00f4mica assim o exigir.<\/span><\/span><\/span><\/p>\n<p align=\"justify\"><span style=\"color: #000000;\"><span style=\"font-family: Liberation Serif, serif;\"><span style=\"font-size: large;\">Como solicitar o Relat\u00f3rio de Vistoria:<\/span><\/span><\/span><\/p>\n<p align=\"justify\"><span style=\"color: #000000;\"><span style=\"font-family: Liberation Serif, serif;\"><span style=\"font-size: large;\">Preencher o formul\u00e1rio relat\u00f3rio de vistoria, anexar o AVCB ou CLCB e demais documentos existentes e enviar para o e-mail <\/span><\/span><\/span><a href=\"mailto:protocolo@capivari.sp.gov.br\"><span style=\"color: #000000;\"><span style=\"font-family: Liberation Serif, serif;\"><span style=\"font-size: large;\"><u>protocolo@capivari.sp.gov.br<\/u><\/span><\/span><\/span><\/a><\/p>\n<p><strong><span style=\"color: #000000;\"><br \/>\nEmiss\u00e3o de certid\u00f5es (alvar\u00e1, comprovante de inscri\u00e7\u00e3o, CND), segunda via de Tributos e extrato de d\u00e9bitos<\/span><\/strong><span style=\"color: #000000;\"><br \/>\nClique <a href=\"https:\/\/cidadaocapivari.obaratec.com.br\/apex\/capivari\/f?p=244:1\">AQUI<\/a> e saiba mais.<\/span><\/p>\n<p><strong>ANEXOS:<\/strong><br \/>\n<a href=\"https:\/\/capivari.sp.gov.br\/portal\/wp-content\/uploads\/2022\/10\/ATUALIZADO-LEI-6348-2022-Simplifica-Procedimentos-de-Licenciamento-de-Estabelecimentos-e-da-outras-providencias-1-1-10.pdf\" target=\"_blank\" rel=\"noopener\">Simplifica\u00e7\u00e3o de procedimentos relativos ao Licenciamento de Estabelecimentos no munic\u00edpio<\/a><br \/>\n<a href=\"https:\/\/capivari.sp.gov.br\/portal\/wp-content\/uploads\/2022\/10\/TABELA-CLASSIFICACAO-RISCO-ATIV-CGSM-1-5-1-2.xlsx\">Tabela de classifica\u00e7\u00e3o de riscos<\/a><br \/>\n<a href=\"https:\/\/capivari.sp.gov.br\/portal\/wp-content\/uploads\/2022\/10\/Autodeclaracao-atividade-Medio-Risco.doc\" target=\"_blank\" rel=\"noopener\">Autodeclara\u00e7\u00e3o para atividades de m\u00e9dio risco<\/a><br \/>\n<a href=\"https:\/\/capivari.sp.gov.br\/portal\/wp-content\/uploads\/2022\/11\/Formulario-Relatorio-de-Vistoria.doc\">Formul\u00e1rio Relat\u00f3rio de Vistoria<\/a><\/p>\n<p><span style=\"color: #000000;\"><br \/>\n<\/span><strong><span style=\"color: #000000;\">SAIBA O QUE CADA SETOR FAZ:<\/span><\/strong><\/p>\n<p><strong><span style=\"color: #000000;\">SEPROJ<\/span><\/strong><span style=\"color: #000000;\"><br \/>\nA Secretaria de Projetos, Conv\u00eanios e Capta\u00e7\u00e3o de Recursos, atrav\u00e9s do Departamento de Cadastro T\u00e9cnico Imobili\u00e1rio, tem como fun\u00e7\u00e3o, verificar o zoneamento e a regularidade dos im\u00f3veis onde se pretende iniciar as atividades requeridas, que ser\u00e1 pass\u00edvel ou n\u00e3o pass\u00edvel, atrav\u00e9s do sistema integrador (viabilidade).<br \/>\nTelefone: (19) 3492-9303<\/span><\/p>\n<p><strong><span style=\"color: #000000;\">Casa do Empreendedor<\/span><\/strong><span style=\"color: #000000;\"><br \/>\nA Casa do Empreendedor concentra o apoio e atendimento aos empres\u00e1rios, seja para informa\u00e7\u00e3o, orienta\u00e7\u00e3o e regulariza\u00e7\u00e3o ou para disponibiliza\u00e7\u00e3o de servi\u00e7os para todos os segmentos de empreendedores, como abertura de empresas, altera\u00e7\u00f5es e MEI.<br \/>\nTelefone: (19) 3491-9386<br \/>\nE-mail: casadoempreendedor@capivari.sp.gov.br<\/span><\/p>\n<p><strong><span style=\"color: #000000;\">Fiscaliza\u00e7\u00e3o de Rendas<\/span><\/strong><span style=\"color: #000000;\"><br \/>\nO Departamento de Fiscaliza\u00e7\u00e3o de Rendas \u00e9 respons\u00e1vel pelo cadastro mobili\u00e1rio do munic\u00edpio e fornecimento da inscri\u00e7\u00e3o municipal. Tem como fun\u00e7\u00e3o, atrav\u00e9s do sistema integrador VRE\/JUCESP e F\u00e1cil Empresarial, analisar todos os processos de abertura, altera\u00e7\u00f5es e encerramento de empresas e aut\u00f4nomos para lan\u00e7amentos de taxas, emiss\u00e3o de alvar\u00e1s de funcionamento e demais certid\u00f5es. \u00c9 respons\u00e1vel tamb\u00e9m pela fiscaliza\u00e7\u00e3o tribut\u00e1ria do munic\u00edpio, tendo como fun\u00e7\u00e3o o gerenciamento do sistema de escritura\u00e7\u00e3o fiscal online e do sistema emissor de Nota Fiscal de Servi\u00e7o Eletr\u00f4nica, relativas ao ISSQN, fornecendo senhas de acesso e orienta\u00e7\u00f5es aos contribuintes em rela\u00e7\u00e3o as normas tribut\u00e1rias.<br \/>\nTelefones: (19) 3492-9253 (19) 3492-9223 e (19) 3492-9200 Ramal 9281<br \/>\nE-mail: atendimento.fiscalizacao@capivari.sp.gov.br e fiscalizacao@capivari.sp.gov.br<br \/>\n<a href=\"https:\/\/capivari.ginfes.com.br\/\">NFSe<\/a><br \/>\n<a href=\"https:\/\/portal.gissonline.com.br\/\">Escritura\u00e7\u00e3o Fiscal Eletr\u00f4nica &#8211; Giss Online<\/a><\/span><\/p>\n<p><strong><span style=\"color: #000000;\">Vigil\u00e2ncia Sanit\u00e1ria<\/span><\/strong><span style=\"color: #000000;\"><br \/>\nA Vigil\u00e2ncia Sanit\u00e1ria corresponde ao conjunto de atos demandados ao servi\u00e7o de vigil\u00e2ncia sanit\u00e1ria competente, por meio do preenchimento do Formul\u00e1rio de Solicita\u00e7\u00e3o de Atos de Vigil\u00e2ncia Sanit\u00e1ria (Anexo V e seus Subanexos), consistentes em: solicita\u00e7\u00e3o inicial, renova\u00e7\u00e3o e cancelamento de Licen\u00e7a Sanit\u00e1ria (LS); altera\u00e7\u00f5es de dados cadastrais do estabelecimento de interesse da sa\u00fade e das fontes de radia\u00e7\u00e3o ionizante; e assun\u00e7\u00e3o ou baixa de responsabilidade t\u00e9cnica.<br \/>\nTelefone: (19) 3492-7368<\/span><\/p>\n<p><strong><span style=\"color: #000000;\">Secretaria de Desenvolvimento Urbano e Diretoria de Meio Ambiente<\/span><\/strong><span style=\"color: #000000;\"><br \/>\nA Diretoria de Meio Ambiente \u00e9 respons\u00e1vel por executar as atividades relacionadas ao licenciamento e \u00e0 fiscaliza\u00e7\u00e3o ambiental, al\u00e9m de promover a\u00e7\u00f5es de educa\u00e7\u00e3o ambiental, normatiza\u00e7\u00e3o, controle, regulariza\u00e7\u00e3o, prote\u00e7\u00e3o, conserva\u00e7\u00e3o e recupera\u00e7\u00e3o dos recursos naturais. A Secretaria de Desenvolvimento Urbano tem por finalidade promover a qualifica\u00e7\u00e3o e requalifica\u00e7\u00e3o urbana, atrav\u00e9s do ordenamento f\u00edsico e territorial, visando o desenvolvimento econ\u00f4mico\/social com qualidade de vida.<br \/>\nTelefone: (19) 3492-2975<br \/>\nE-mail: ambiente.capivari@gmail.com<br \/>\n<a href=\"https:\/\/capivari.sp.gov.br\/portal\/wp-content\/uploads\/2022\/10\/LISTA-DE-DOCUMENTOS.pdf\">LISTA DE DOCUMENTOS<\/a><br \/>\n<a href=\"https:\/\/capivari.sp.gov.br\/portal\/wp-content\/uploads\/2022\/10\/EMPREENDIMENTOS-E-ATIVIDADES-DE-POTENCIAL-IMPACTO-AMBIENTAL-LOCAL-INDUSTRIAL.pdf\">EMPREENDIMENTOS E ATIVIDADES DE POSS\u00cdVEL IMPACTO AMBIENTAL LOCAL<\/a><\/span><\/p>\n<p><strong><span style=\"color: #000000;\">Fiscaliza\u00e7\u00e3o de Posturas<\/span><\/strong><span style=\"color: #000000;\"><br \/>\nFiscaliza\u00e7\u00e3o de Posturas tem como fun\u00e7\u00e3o fiscalizar o funcionamento de estabelecimentos comerciais, industriais, regular o uso e a manuten\u00e7\u00e3o dos logradouros p\u00fablicos, como propagandas, a presen\u00e7a de camel\u00f4s e ambulantes, regularidade de feiras livres.<br \/>\nTelefones: (19) 3492-9235 e (19) 3492-9226<br \/>\nE-mail: admposturas@capivari.sp.gov.br<\/span><\/p>\n<p><strong><span style=\"color: #000000;\">Corpo de Bombeiros<\/span><\/strong><span style=\"color: #000000;\"><br \/>\nCorpo de Bombeiros da Pol\u00edcia Militar do Estado de S\u00e3o Paulo (CBMESP) possui como miss\u00e3o primordial a execu\u00e7\u00e3o de atividades de defesa civil, preven\u00e7\u00e3o e combate a inc\u00eandios, buscas, salvamentos e socorros p\u00fablicos no \u00e2mbito do estado de S\u00e3o Paulo.<br \/>\nTelefone: 193<\/span><\/p>\n","protected":false},"excerpt":{"rendered":"<p>F\u00c1CIL EMPRESARIAL O F\u00e1cil Empresarial facilita a vida do(a) empreendedor(a) em Capivari. Clique AQUI e acesse! Passo a Passo &#8211; Abrir Empresa: O munic\u00edpio de Capivari est\u00e1 integrado com o sistema VRE da JUCESP, tanto para abertura de empresas, quanto para altera\u00e7\u00f5es e encerramentos. Clique AQUI e saiba mais. OBSERVA\u00c7\u00c3O: Quando solicitar a Inscri\u00e7\u00e3o Municipal [&hellip;]<\/p>\n","protected":false},"author":3,"featured_media":0,"comment_status":"open","ping_status":"open","sticky":false,"template":"","format":"standard","meta":{"ocean_post_layout":"","ocean_both_sidebars_style":"","ocean_both_sidebars_content_width":0,"ocean_both_sidebars_sidebars_width":0,"ocean_sidebar":"0","ocean_second_sidebar":"0","ocean_disable_margins":"enable","ocean_add_body_class":"","ocean_shortcode_before_top_bar":"","ocean_shortcode_after_top_bar":"","ocean_shortcode_before_header":"","ocean_shortcode_after_header":"","ocean_has_shortcode":"","ocean_shortcode_after_title":"","ocean_shortcode_before_footer_widgets":"","ocean_shortcode_after_footer_widgets":"","ocean_shortcode_before_footer_bottom":"","ocean_shortcode_after_footer_bottom":"","ocean_display_top_bar":"default","ocean_display_header":"default","ocean_header_style":"","ocean_center_header_left_menu":"0","ocean_custom_header_template":"0","ocean_custom_logo":0,"ocean_custom_retina_logo":0,"ocean_custom_logo_max_width":0,"ocean_custom_logo_tablet_max_width":0,"ocean_custom_logo_mobile_max_width":0,"ocean_custom_logo_max_height":0,"ocean_custom_logo_tablet_max_height":0,"ocean_custom_logo_mobile_max_height":0,"ocean_header_custom_menu":"0","ocean_menu_typo_font_family":"0","ocean_menu_typo_font_subset":"","ocean_menu_typo_font_size":0,"ocean_menu_typo_font_size_tablet":0,"ocean_menu_typo_font_size_mobile":0,"ocean_menu_typo_font_size_unit":"px","ocean_menu_typo_font_weight":"","ocean_menu_typo_font_weight_tablet":"","ocean_menu_typo_font_weight_mobile":"","ocean_menu_typo_transform":"","ocean_menu_typo_transform_tablet":"","ocean_menu_typo_transform_mobile":"","ocean_menu_typo_line_height":0,"ocean_menu_typo_line_height_tablet":0,"ocean_menu_typo_line_height_mobile":0,"ocean_menu_typo_line_height_unit":"","ocean_menu_typo_spacing":0,"ocean_menu_typo_spacing_tablet":0,"ocean_menu_typo_spacing_mobile":0,"ocean_menu_typo_spacing_unit":"","ocean_menu_link_color":"","ocean_menu_link_color_hover":"","ocean_menu_link_color_active":"","ocean_menu_link_background":"","ocean_menu_link_hover_background":"","ocean_menu_link_active_background":"","ocean_menu_social_links_bg":"","ocean_menu_social_hover_links_bg":"","ocean_menu_social_links_color":"","ocean_menu_social_hover_links_color":"","ocean_disable_title":"default","ocean_disable_heading":"default","ocean_post_title":"","ocean_post_subheading":"","ocean_post_title_style":"","ocean_post_title_background_color":"","ocean_post_title_background":0,"ocean_post_title_bg_image_position":"","ocean_post_title_bg_image_attachment":"","ocean_post_title_bg_image_repeat":"","ocean_post_title_bg_image_size":"","ocean_post_title_height":0,"ocean_post_title_bg_overlay":0.5,"ocean_post_title_bg_overlay_color":"","ocean_disable_breadcrumbs":"default","ocean_breadcrumbs_color":"","ocean_breadcrumbs_separator_color":"","ocean_breadcrumbs_links_color":"","ocean_breadcrumbs_links_hover_color":"","ocean_display_footer_widgets":"default","ocean_display_footer_bottom":"default","ocean_custom_footer_template":"0","ocean_post_oembed":"","ocean_post_self_hosted_media":"","ocean_post_video_embed":"","ocean_link_format":"","ocean_link_format_target":"self","ocean_quote_format":"","ocean_quote_format_link":"post","ocean_gallery_link_images":"off","ocean_gallery_id":[],"footnotes":""},"categories":[5],"tags":[],"class_list":["post-5705","post","type-post","status-publish","format-standard","hentry","category-geral","entry"],"yoast_head":"<!-- This site is optimized with the Yoast SEO plugin v27.4 - https:\/\/yoast.com\/product\/yoast-seo-wordpress\/ -->\n<title>F\u00c1CIL EMPRESARIAL - Prefeitura de Capivari<\/title>\n<meta name=\"robots\" content=\"index, follow, max-snippet:-1, max-image-preview:large, max-video-preview:-1\" \/>\n<link rel=\"canonical\" href=\"https:\/\/capivari.sp.gov.br\/portal\/facil-empresarial\/\" \/>\n<meta property=\"og:locale\" content=\"pt_BR\" \/>\n<meta property=\"og:type\" content=\"article\" \/>\n<meta property=\"og:title\" content=\"F\u00c1CIL EMPRESARIAL - Prefeitura de Capivari\" \/>\n<meta property=\"og:description\" content=\"F\u00c1CIL EMPRESARIAL O F\u00e1cil Empresarial facilita a vida do(a) empreendedor(a) em Capivari. Clique AQUI e acesse! Passo a Passo &#8211; Abrir Empresa: O munic\u00edpio de Capivari est\u00e1 integrado com o sistema VRE da JUCESP, tanto para abertura de empresas, quanto para altera\u00e7\u00f5es e encerramentos. Clique AQUI e saiba mais. OBSERVA\u00c7\u00c3O: Quando solicitar a Inscri\u00e7\u00e3o Municipal [&hellip;]\" \/>\n<meta property=\"og:url\" content=\"https:\/\/capivari.sp.gov.br\/portal\/facil-empresarial\/\" \/>\n<meta property=\"og:site_name\" content=\"Prefeitura de Capivari\" \/>\n<meta property=\"article:publisher\" content=\"https:\/\/www.facebook.com\/PrefeituradeCapivari\/\" \/>\n<meta property=\"article:published_time\" content=\"2022-10-04T12:11:29+00:00\" \/>\n<meta property=\"article:modified_time\" content=\"2023-07-17T21:35:42+00:00\" \/>\n<meta name=\"author\" content=\"Rafaella Uvini\" \/>\n<meta name=\"twitter:card\" content=\"summary_large_image\" \/>\n<meta name=\"twitter:creator\" content=\"@PrefCapivari\" \/>\n<meta name=\"twitter:site\" content=\"@PrefCapivari\" \/>\n<meta name=\"twitter:label1\" content=\"Escrito por\" \/>\n\t<meta name=\"twitter:data1\" content=\"Rafaella Uvini\" \/>\n\t<meta name=\"twitter:label2\" content=\"Est. tempo de leitura\" \/>\n\t<meta name=\"twitter:data2\" content=\"5 minutos\" \/>\n<script type=\"application\/ld+json\" class=\"yoast-schema-graph\">{\"@context\":\"https:\\\/\\\/schema.org\",\"@graph\":[{\"@type\":\"Article\",\"@id\":\"https:\\\/\\\/capivari.sp.gov.br\\\/portal\\\/facil-empresarial\\\/#article\",\"isPartOf\":{\"@id\":\"https:\\\/\\\/capivari.sp.gov.br\\\/portal\\\/facil-empresarial\\\/\"},\"author\":{\"name\":\"Rafaella Uvini\",\"@id\":\"https:\\\/\\\/capivari.sp.gov.br\\\/portal\\\/#\\\/schema\\\/person\\\/d7b1048525ce907b55245fe0fcaea2e5\"},\"headline\":\"F\u00c1CIL EMPRESARIAL\",\"datePublished\":\"2022-10-04T12:11:29+00:00\",\"dateModified\":\"2023-07-17T21:35:42+00:00\",\"mainEntityOfPage\":{\"@id\":\"https:\\\/\\\/capivari.sp.gov.br\\\/portal\\\/facil-empresarial\\\/\"},\"wordCount\":1070,\"commentCount\":0,\"publisher\":{\"@id\":\"https:\\\/\\\/capivari.sp.gov.br\\\/portal\\\/#organization\"},\"articleSection\":[\"Geral\"],\"inLanguage\":\"pt-BR\",\"potentialAction\":[{\"@type\":\"CommentAction\",\"name\":\"Comment\",\"target\":[\"https:\\\/\\\/capivari.sp.gov.br\\\/portal\\\/facil-empresarial\\\/#respond\"]}]},{\"@type\":\"WebPage\",\"@id\":\"https:\\\/\\\/capivari.sp.gov.br\\\/portal\\\/facil-empresarial\\\/\",\"url\":\"https:\\\/\\\/capivari.sp.gov.br\\\/portal\\\/facil-empresarial\\\/\",\"name\":\"F\u00c1CIL EMPRESARIAL - Prefeitura de Capivari\",\"isPartOf\":{\"@id\":\"https:\\\/\\\/capivari.sp.gov.br\\\/portal\\\/#website\"},\"datePublished\":\"2022-10-04T12:11:29+00:00\",\"dateModified\":\"2023-07-17T21:35:42+00:00\",\"breadcrumb\":{\"@id\":\"https:\\\/\\\/capivari.sp.gov.br\\\/portal\\\/facil-empresarial\\\/#breadcrumb\"},\"inLanguage\":\"pt-BR\",\"potentialAction\":[{\"@type\":\"ReadAction\",\"target\":[\"https:\\\/\\\/capivari.sp.gov.br\\\/portal\\\/facil-empresarial\\\/\"]}]},{\"@type\":\"BreadcrumbList\",\"@id\":\"https:\\\/\\\/capivari.sp.gov.br\\\/portal\\\/facil-empresarial\\\/#breadcrumb\",\"itemListElement\":[{\"@type\":\"ListItem\",\"position\":1,\"name\":\"In\u00edcio\",\"item\":\"https:\\\/\\\/capivari.sp.gov.br\\\/portal\\\/\"},{\"@type\":\"ListItem\",\"position\":2,\"name\":\"F\u00c1CIL EMPRESARIAL\"}]},{\"@type\":\"WebSite\",\"@id\":\"https:\\\/\\\/capivari.sp.gov.br\\\/portal\\\/#website\",\"url\":\"https:\\\/\\\/capivari.sp.gov.br\\\/portal\\\/\",\"name\":\"Prefeitura de Capivari\",\"description\":\"Prefeitura de Capivari\",\"publisher\":{\"@id\":\"https:\\\/\\\/capivari.sp.gov.br\\\/portal\\\/#organization\"},\"potentialAction\":[{\"@type\":\"SearchAction\",\"target\":{\"@type\":\"EntryPoint\",\"urlTemplate\":\"https:\\\/\\\/capivari.sp.gov.br\\\/portal\\\/?s={search_term_string}\"},\"query-input\":{\"@type\":\"PropertyValueSpecification\",\"valueRequired\":true,\"valueName\":\"search_term_string\"}}],\"inLanguage\":\"pt-BR\"},{\"@type\":\"Organization\",\"@id\":\"https:\\\/\\\/capivari.sp.gov.br\\\/portal\\\/#organization\",\"name\":\"Prefeitura de Capivari\",\"url\":\"https:\\\/\\\/capivari.sp.gov.br\\\/portal\\\/\",\"logo\":{\"@type\":\"ImageObject\",\"inLanguage\":\"pt-BR\",\"@id\":\"https:\\\/\\\/capivari.sp.gov.br\\\/portal\\\/#\\\/schema\\\/logo\\\/image\\\/\",\"url\":\"https:\\\/\\\/capivari.sp.gov.br\\\/portal\\\/wp-content\\\/uploads\\\/2021\\\/09\\\/logo-prefeitura-de-capivari.png\",\"contentUrl\":\"https:\\\/\\\/capivari.sp.gov.br\\\/portal\\\/wp-content\\\/uploads\\\/2021\\\/09\\\/logo-prefeitura-de-capivari.png\",\"width\":200,\"height\":147,\"caption\":\"Prefeitura de Capivari\"},\"image\":{\"@id\":\"https:\\\/\\\/capivari.sp.gov.br\\\/portal\\\/#\\\/schema\\\/logo\\\/image\\\/\"},\"sameAs\":[\"https:\\\/\\\/www.facebook.com\\\/PrefeituradeCapivari\\\/\",\"https:\\\/\\\/x.com\\\/PrefCapivari\",\"https:\\\/\\\/www.instagram.com\\\/prefeituracapivari\\\/\"]},{\"@type\":\"Person\",\"@id\":\"https:\\\/\\\/capivari.sp.gov.br\\\/portal\\\/#\\\/schema\\\/person\\\/d7b1048525ce907b55245fe0fcaea2e5\",\"name\":\"Rafaella Uvini\",\"image\":{\"@type\":\"ImageObject\",\"inLanguage\":\"pt-BR\",\"@id\":\"https:\\\/\\\/secure.gravatar.com\\\/avatar\\\/698757f92517b418dbefa88732eb599ad7eed21dcca72e22815a04b2d6270e91?s=96&d=mm&r=g\",\"url\":\"https:\\\/\\\/secure.gravatar.com\\\/avatar\\\/698757f92517b418dbefa88732eb599ad7eed21dcca72e22815a04b2d6270e91?s=96&d=mm&r=g\",\"contentUrl\":\"https:\\\/\\\/secure.gravatar.com\\\/avatar\\\/698757f92517b418dbefa88732eb599ad7eed21dcca72e22815a04b2d6270e91?s=96&d=mm&r=g\",\"caption\":\"Rafaella Uvini\"},\"url\":\"https:\\\/\\\/capivari.sp.gov.br\\\/portal\\\/author\\\/rafaella-uvini\\\/\"}]}<\/script>\n<!-- \/ Yoast SEO plugin. -->","yoast_head_json":{"title":"F\u00c1CIL EMPRESARIAL - Prefeitura de Capivari","robots":{"index":"index","follow":"follow","max-snippet":"max-snippet:-1","max-image-preview":"max-image-preview:large","max-video-preview":"max-video-preview:-1"},"canonical":"https:\/\/capivari.sp.gov.br\/portal\/facil-empresarial\/","og_locale":"pt_BR","og_type":"article","og_title":"F\u00c1CIL EMPRESARIAL - Prefeitura de Capivari","og_description":"F\u00c1CIL EMPRESARIAL O F\u00e1cil Empresarial facilita a vida do(a) empreendedor(a) em Capivari. Clique AQUI e acesse! Passo a Passo &#8211; Abrir Empresa: O munic\u00edpio de Capivari est\u00e1 integrado com o sistema VRE da JUCESP, tanto para abertura de empresas, quanto para altera\u00e7\u00f5es e encerramentos. Clique AQUI e saiba mais. OBSERVA\u00c7\u00c3O: Quando solicitar a Inscri\u00e7\u00e3o Municipal [&hellip;]","og_url":"https:\/\/capivari.sp.gov.br\/portal\/facil-empresarial\/","og_site_name":"Prefeitura de Capivari","article_publisher":"https:\/\/www.facebook.com\/PrefeituradeCapivari\/","article_published_time":"2022-10-04T12:11:29+00:00","article_modified_time":"2023-07-17T21:35:42+00:00","author":"Rafaella Uvini","twitter_card":"summary_large_image","twitter_creator":"@PrefCapivari","twitter_site":"@PrefCapivari","twitter_misc":{"Escrito por":"Rafaella Uvini","Est. tempo de leitura":"5 minutos"},"schema":{"@context":"https:\/\/schema.org","@graph":[{"@type":"Article","@id":"https:\/\/capivari.sp.gov.br\/portal\/facil-empresarial\/#article","isPartOf":{"@id":"https:\/\/capivari.sp.gov.br\/portal\/facil-empresarial\/"},"author":{"name":"Rafaella Uvini","@id":"https:\/\/capivari.sp.gov.br\/portal\/#\/schema\/person\/d7b1048525ce907b55245fe0fcaea2e5"},"headline":"F\u00c1CIL EMPRESARIAL","datePublished":"2022-10-04T12:11:29+00:00","dateModified":"2023-07-17T21:35:42+00:00","mainEntityOfPage":{"@id":"https:\/\/capivari.sp.gov.br\/portal\/facil-empresarial\/"},"wordCount":1070,"commentCount":0,"publisher":{"@id":"https:\/\/capivari.sp.gov.br\/portal\/#organization"},"articleSection":["Geral"],"inLanguage":"pt-BR","potentialAction":[{"@type":"CommentAction","name":"Comment","target":["https:\/\/capivari.sp.gov.br\/portal\/facil-empresarial\/#respond"]}]},{"@type":"WebPage","@id":"https:\/\/capivari.sp.gov.br\/portal\/facil-empresarial\/","url":"https:\/\/capivari.sp.gov.br\/portal\/facil-empresarial\/","name":"F\u00c1CIL EMPRESARIAL - Prefeitura de Capivari","isPartOf":{"@id":"https:\/\/capivari.sp.gov.br\/portal\/#website"},"datePublished":"2022-10-04T12:11:29+00:00","dateModified":"2023-07-17T21:35:42+00:00","breadcrumb":{"@id":"https:\/\/capivari.sp.gov.br\/portal\/facil-empresarial\/#breadcrumb"},"inLanguage":"pt-BR","potentialAction":[{"@type":"ReadAction","target":["https:\/\/capivari.sp.gov.br\/portal\/facil-empresarial\/"]}]},{"@type":"BreadcrumbList","@id":"https:\/\/capivari.sp.gov.br\/portal\/facil-empresarial\/#breadcrumb","itemListElement":[{"@type":"ListItem","position":1,"name":"In\u00edcio","item":"https:\/\/capivari.sp.gov.br\/portal\/"},{"@type":"ListItem","position":2,"name":"F\u00c1CIL EMPRESARIAL"}]},{"@type":"WebSite","@id":"https:\/\/capivari.sp.gov.br\/portal\/#website","url":"https:\/\/capivari.sp.gov.br\/portal\/","name":"Prefeitura de Capivari","description":"Prefeitura de Capivari","publisher":{"@id":"https:\/\/capivari.sp.gov.br\/portal\/#organization"},"potentialAction":[{"@type":"SearchAction","target":{"@type":"EntryPoint","urlTemplate":"https:\/\/capivari.sp.gov.br\/portal\/?s={search_term_string}"},"query-input":{"@type":"PropertyValueSpecification","valueRequired":true,"valueName":"search_term_string"}}],"inLanguage":"pt-BR"},{"@type":"Organization","@id":"https:\/\/capivari.sp.gov.br\/portal\/#organization","name":"Prefeitura de Capivari","url":"https:\/\/capivari.sp.gov.br\/portal\/","logo":{"@type":"ImageObject","inLanguage":"pt-BR","@id":"https:\/\/capivari.sp.gov.br\/portal\/#\/schema\/logo\/image\/","url":"https:\/\/capivari.sp.gov.br\/portal\/wp-content\/uploads\/2021\/09\/logo-prefeitura-de-capivari.png","contentUrl":"https:\/\/capivari.sp.gov.br\/portal\/wp-content\/uploads\/2021\/09\/logo-prefeitura-de-capivari.png","width":200,"height":147,"caption":"Prefeitura de Capivari"},"image":{"@id":"https:\/\/capivari.sp.gov.br\/portal\/#\/schema\/logo\/image\/"},"sameAs":["https:\/\/www.facebook.com\/PrefeituradeCapivari\/","https:\/\/x.com\/PrefCapivari","https:\/\/www.instagram.com\/prefeituracapivari\/"]},{"@type":"Person","@id":"https:\/\/capivari.sp.gov.br\/portal\/#\/schema\/person\/d7b1048525ce907b55245fe0fcaea2e5","name":"Rafaella Uvini","image":{"@type":"ImageObject","inLanguage":"pt-BR","@id":"https:\/\/secure.gravatar.com\/avatar\/698757f92517b418dbefa88732eb599ad7eed21dcca72e22815a04b2d6270e91?s=96&d=mm&r=g","url":"https:\/\/secure.gravatar.com\/avatar\/698757f92517b418dbefa88732eb599ad7eed21dcca72e22815a04b2d6270e91?s=96&d=mm&r=g","contentUrl":"https:\/\/secure.gravatar.com\/avatar\/698757f92517b418dbefa88732eb599ad7eed21dcca72e22815a04b2d6270e91?s=96&d=mm&r=g","caption":"Rafaella Uvini"},"url":"https:\/\/capivari.sp.gov.br\/portal\/author\/rafaella-uvini\/"}]}},"_links":{"self":[{"href":"https:\/\/capivari.sp.gov.br\/portal\/wp-json\/wp\/v2\/posts\/5705","targetHints":{"allow":["GET"]}}],"collection":[{"href":"https:\/\/capivari.sp.gov.br\/portal\/wp-json\/wp\/v2\/posts"}],"about":[{"href":"https:\/\/capivari.sp.gov.br\/portal\/wp-json\/wp\/v2\/types\/post"}],"author":[{"embeddable":true,"href":"https:\/\/capivari.sp.gov.br\/portal\/wp-json\/wp\/v2\/users\/3"}],"replies":[{"embeddable":true,"href":"https:\/\/capivari.sp.gov.br\/portal\/wp-json\/wp\/v2\/comments?post=5705"}],"version-history":[{"count":31,"href":"https:\/\/capivari.sp.gov.br\/portal\/wp-json\/wp\/v2\/posts\/5705\/revisions"}],"predecessor-version":[{"id":10113,"href":"https:\/\/capivari.sp.gov.br\/portal\/wp-json\/wp\/v2\/posts\/5705\/revisions\/10113"}],"wp:attachment":[{"href":"https:\/\/capivari.sp.gov.br\/portal\/wp-json\/wp\/v2\/media?parent=5705"}],"wp:term":[{"taxonomy":"category","embeddable":true,"href":"https:\/\/capivari.sp.gov.br\/portal\/wp-json\/wp\/v2\/categories?post=5705"},{"taxonomy":"post_tag","embeddable":true,"href":"https:\/\/capivari.sp.gov.br\/portal\/wp-json\/wp\/v2\/tags?post=5705"}],"curies":[{"name":"wp","href":"https:\/\/api.w.org\/{rel}","templated":true}]}}