{"id":7286,"date":"2022-11-14T10:51:43","date_gmt":"2022-11-14T13:51:43","guid":{"rendered":"https:\/\/capivari.sp.gov.br\/portal\/?p=7286"},"modified":"2022-11-14T10:51:43","modified_gmt":"2022-11-14T13:51:43","slug":"homem-desrespeita-medida-protetiva-e-e-preso-em-flagrante-pela-guarda-civil-de-capivari","status":"publish","type":"post","link":"https:\/\/capivari.sp.gov.br\/portal\/homem-desrespeita-medida-protetiva-e-e-preso-em-flagrante-pela-guarda-civil-de-capivari\/","title":{"rendered":"Homem desrespeita medida protetiva e \u00e9 preso em flagrante pela Guarda Civil de Capivari"},"content":{"rendered":"<p>Na \u00faltima sexta-feira, dia 11, os oficiais da Guarda Civil de Capivari, receberam uma den\u00fancia atrav\u00e9s da Central de Comunica\u00e7\u00f5es (CECOM), sobre um caso de viol\u00eancia dom\u00e9stica que estava acontecendo no bairro Santa Teresa D\u2019\u00c1vila. Ao chegar no local, os agentes logo viram a denunciante em frente a casa, que contou aos oficiais que seu filho estava no interior do im\u00f3vel, com drogas e a amea\u00e7ando com uma faca e um martelo.<\/p>\n<p>Os oficiais logo abordaram o suspeito, que levava com ele 15 por\u00e7\u00f5es de crack. Ap\u00f3s breve averigua\u00e7\u00e3o, foi poss\u00edvel descobrir tamb\u00e9m, que sua m\u00e3e possu\u00eda uma medida protetiva contra ele, o que n\u00e3o permitiria a presen\u00e7a dele no recinto. Diante dos fatos, o homem foi levado ao Pronto-socorro para exames cautelares e posteriormente levado \u00e0 Central de Flagrantes de Piracicaba.<\/p>\n<p>A autoridade policial tomou ci\u00eancia dos fatos e determinou a pris\u00e3o em flagrante do suspeito, permanecendo ele \u00e0 disposi\u00e7\u00e3o da justi\u00e7a.<\/p>\n<p>A Guarda Civil de Capivari atende todo tipo de ocorr\u00eancia atrav\u00e9s do telefone 153, que funciona 24 horas por dia, sete dias por semana.<\/p>\n","protected":false},"excerpt":{"rendered":"<p>Na \u00faltima sexta-feira, dia 11, os oficiais da Guarda Civil de Capivari, receberam uma den\u00fancia atrav\u00e9s da Central de Comunica\u00e7\u00f5es (CECOM), sobre um caso de viol\u00eancia dom\u00e9stica que estava acontecendo no bairro Santa Teresa D\u2019\u00c1vila. Ao chegar no local, os agentes logo viram a denunciante em frente a casa, que contou aos oficiais que seu [&hellip;]<\/p>\n","protected":false},"author":2,"featured_media":7291,"comment_status":"open","ping_status":"open","sticky":false,"template":"","format":"standard","meta":{"ocean_post_layout":"","ocean_both_sidebars_style":"","ocean_both_sidebars_content_width":0,"ocean_both_sidebars_sidebars_width":0,"ocean_sidebar":"","ocean_second_sidebar":"","ocean_disable_margins":"enable","ocean_add_body_class":"","ocean_shortcode_before_top_bar":"","ocean_shortcode_after_top_bar":"","ocean_shortcode_before_header":"","ocean_shortcode_after_header":"","ocean_has_shortcode":"","ocean_shortcode_after_title":"","ocean_shortcode_before_footer_widgets":"","ocean_shortcode_after_footer_widgets":"","ocean_shortcode_before_footer_bottom":"","ocean_shortcode_after_footer_bottom":"","ocean_display_top_bar":"default","ocean_display_header":"default","ocean_header_style":"","ocean_center_header_left_menu":"","ocean_custom_header_template":"","ocean_custom_logo":0,"ocean_custom_retina_logo":0,"ocean_custom_logo_max_width":0,"ocean_custom_logo_tablet_max_width":0,"ocean_custom_logo_mobile_max_width":0,"ocean_custom_logo_max_height":0,"ocean_custom_logo_tablet_max_height":0,"ocean_custom_logo_mobile_max_height":0,"ocean_header_custom_menu":"","ocean_menu_typo_font_family":"","ocean_menu_typo_font_subset":"","ocean_menu_typo_font_size":0,"ocean_menu_typo_font_size_tablet":0,"ocean_menu_typo_font_size_mobile":0,"ocean_menu_typo_font_size_unit":"px","ocean_menu_typo_font_weight":"","ocean_menu_typo_font_weight_tablet":"","ocean_menu_typo_font_weight_mobile":"","ocean_menu_typo_transform":"","ocean_menu_typo_transform_tablet":"","ocean_menu_typo_transform_mobile":"","ocean_menu_typo_line_height":0,"ocean_menu_typo_line_height_tablet":0,"ocean_menu_typo_line_height_mobile":0,"ocean_menu_typo_line_height_unit":"","ocean_menu_typo_spacing":0,"ocean_menu_typo_spacing_tablet":0,"ocean_menu_typo_spacing_mobile":0,"ocean_menu_typo_spacing_unit":"","ocean_menu_link_color":"","ocean_menu_link_color_hover":"","ocean_menu_link_color_active":"","ocean_menu_link_background":"","ocean_menu_link_hover_background":"","ocean_menu_link_active_background":"","ocean_menu_social_links_bg":"","ocean_menu_social_hover_links_bg":"","ocean_menu_social_links_color":"","ocean_menu_social_hover_links_color":"","ocean_disable_title":"default","ocean_disable_heading":"default","ocean_post_title":"","ocean_post_subheading":"","ocean_post_title_style":"","ocean_post_title_background_color":"","ocean_post_title_background":0,"ocean_post_title_bg_image_position":"","ocean_post_title_bg_image_attachment":"","ocean_post_title_bg_image_repeat":"","ocean_post_title_bg_image_size":"","ocean_post_title_height":0,"ocean_post_title_bg_overlay":0.5,"ocean_post_title_bg_overlay_color":"","ocean_disable_breadcrumbs":"default","ocean_breadcrumbs_color":"","ocean_breadcrumbs_separator_color":"","ocean_breadcrumbs_links_color":"","ocean_breadcrumbs_links_hover_color":"","ocean_display_footer_widgets":"default","ocean_display_footer_bottom":"default","ocean_custom_footer_template":"","ocean_post_oembed":"","ocean_post_self_hosted_media":"","ocean_post_video_embed":"","ocean_link_format":"","ocean_link_format_target":"self","ocean_quote_format":"","ocean_quote_format_link":"post","ocean_gallery_link_images":"off","ocean_gallery_id":[],"footnotes":""},"categories":[4,5,32],"tags":[],"class_list":["post-7286","post","type-post","status-publish","format-standard","has-post-thumbnail","hentry","category-destaque","category-geral","category-seguranca-publica","entry","has-media"],"yoast_head":"<!-- This site is optimized with the Yoast SEO plugin v27.5 - https:\/\/yoast.com\/product\/yoast-seo-wordpress\/ -->\n<title>Homem desrespeita medida protetiva e \u00e9 preso em flagrante pela Guarda Civil de Capivari - Prefeitura de Capivari<\/title>\n<meta name=\"robots\" content=\"index, follow, max-snippet:-1, max-image-preview:large, max-video-preview:-1\" \/>\n<link rel=\"canonical\" href=\"https:\/\/capivari.sp.gov.br\/portal\/homem-desrespeita-medida-protetiva-e-e-preso-em-flagrante-pela-guarda-civil-de-capivari\/\" \/>\n<meta property=\"og:locale\" content=\"pt_BR\" \/>\n<meta property=\"og:type\" content=\"article\" \/>\n<meta property=\"og:title\" content=\"Homem desrespeita medida protetiva e \u00e9 preso em flagrante pela Guarda Civil de Capivari - Prefeitura de Capivari\" \/>\n<meta property=\"og:description\" content=\"Na \u00faltima sexta-feira, dia 11, os oficiais da Guarda Civil de Capivari, receberam uma den\u00fancia atrav\u00e9s da Central de Comunica\u00e7\u00f5es (CECOM), sobre um caso de viol\u00eancia dom\u00e9stica que estava acontecendo no bairro Santa Teresa D\u2019\u00c1vila. Ao chegar no local, os agentes logo viram a denunciante em frente a casa, que contou aos oficiais que seu [&hellip;]\" \/>\n<meta property=\"og:url\" content=\"https:\/\/capivari.sp.gov.br\/portal\/homem-desrespeita-medida-protetiva-e-e-preso-em-flagrante-pela-guarda-civil-de-capivari\/\" \/>\n<meta property=\"og:site_name\" content=\"Prefeitura de Capivari\" \/>\n<meta property=\"article:publisher\" content=\"https:\/\/www.facebook.com\/PrefeituradeCapivari\/\" \/>\n<meta property=\"article:published_time\" content=\"2022-11-14T13:51:43+00:00\" \/>\n<meta property=\"og:image\" content=\"https:\/\/capivari.sp.gov.br\/portal\/wp-content\/uploads\/2022\/11\/APREENSAO-11-11.jpeg\" \/>\n\t<meta property=\"og:image:width\" content=\"1182\" \/>\n\t<meta property=\"og:image:height\" content=\"1600\" \/>\n\t<meta property=\"og:image:type\" content=\"image\/jpeg\" \/>\n<meta name=\"author\" content=\"Thalles Cristiano\" \/>\n<meta name=\"twitter:card\" content=\"summary_large_image\" \/>\n<meta name=\"twitter:creator\" content=\"@PrefCapivari\" \/>\n<meta name=\"twitter:site\" content=\"@PrefCapivari\" \/>\n<meta name=\"twitter:label1\" content=\"Escrito por\" \/>\n\t<meta name=\"twitter:data1\" content=\"Thalles Cristiano\" \/>\n\t<meta name=\"twitter:label2\" content=\"Est. tempo de leitura\" \/>\n\t<meta name=\"twitter:data2\" content=\"1 minuto\" \/>\n<script type=\"application\/ld+json\" class=\"yoast-schema-graph\">{\"@context\":\"https:\\\/\\\/schema.org\",\"@graph\":[{\"@type\":\"Article\",\"@id\":\"https:\\\/\\\/capivari.sp.gov.br\\\/portal\\\/homem-desrespeita-medida-protetiva-e-e-preso-em-flagrante-pela-guarda-civil-de-capivari\\\/#article\",\"isPartOf\":{\"@id\":\"https:\\\/\\\/capivari.sp.gov.br\\\/portal\\\/homem-desrespeita-medida-protetiva-e-e-preso-em-flagrante-pela-guarda-civil-de-capivari\\\/\"},\"author\":{\"name\":\"Thalles Cristiano\",\"@id\":\"https:\\\/\\\/capivari.sp.gov.br\\\/portal\\\/#\\\/schema\\\/person\\\/98801614a91d449946b0687ae2db9f29\"},\"headline\":\"Homem desrespeita medida protetiva e \u00e9 preso em flagrante pela Guarda Civil de Capivari\",\"datePublished\":\"2022-11-14T13:51:43+00:00\",\"mainEntityOfPage\":{\"@id\":\"https:\\\/\\\/capivari.sp.gov.br\\\/portal\\\/homem-desrespeita-medida-protetiva-e-e-preso-em-flagrante-pela-guarda-civil-de-capivari\\\/\"},\"wordCount\":207,\"commentCount\":0,\"publisher\":{\"@id\":\"https:\\\/\\\/capivari.sp.gov.br\\\/portal\\\/#organization\"},\"image\":{\"@id\":\"https:\\\/\\\/capivari.sp.gov.br\\\/portal\\\/homem-desrespeita-medida-protetiva-e-e-preso-em-flagrante-pela-guarda-civil-de-capivari\\\/#primaryimage\"},\"thumbnailUrl\":\"https:\\\/\\\/capivari.sp.gov.br\\\/portal\\\/wp-content\\\/uploads\\\/2022\\\/11\\\/APREENSAO-11-11.jpeg\",\"articleSection\":[\"Destaque\",\"Geral\",\"Seguran\u00e7a P\u00fablica\"],\"inLanguage\":\"pt-BR\",\"potentialAction\":[{\"@type\":\"CommentAction\",\"name\":\"Comment\",\"target\":[\"https:\\\/\\\/capivari.sp.gov.br\\\/portal\\\/homem-desrespeita-medida-protetiva-e-e-preso-em-flagrante-pela-guarda-civil-de-capivari\\\/#respond\"]}]},{\"@type\":\"WebPage\",\"@id\":\"https:\\\/\\\/capivari.sp.gov.br\\\/portal\\\/homem-desrespeita-medida-protetiva-e-e-preso-em-flagrante-pela-guarda-civil-de-capivari\\\/\",\"url\":\"https:\\\/\\\/capivari.sp.gov.br\\\/portal\\\/homem-desrespeita-medida-protetiva-e-e-preso-em-flagrante-pela-guarda-civil-de-capivari\\\/\",\"name\":\"Homem desrespeita medida protetiva e \u00e9 preso em flagrante pela Guarda Civil de Capivari - Prefeitura de Capivari\",\"isPartOf\":{\"@id\":\"https:\\\/\\\/capivari.sp.gov.br\\\/portal\\\/#website\"},\"primaryImageOfPage\":{\"@id\":\"https:\\\/\\\/capivari.sp.gov.br\\\/portal\\\/homem-desrespeita-medida-protetiva-e-e-preso-em-flagrante-pela-guarda-civil-de-capivari\\\/#primaryimage\"},\"image\":{\"@id\":\"https:\\\/\\\/capivari.sp.gov.br\\\/portal\\\/homem-desrespeita-medida-protetiva-e-e-preso-em-flagrante-pela-guarda-civil-de-capivari\\\/#primaryimage\"},\"thumbnailUrl\":\"https:\\\/\\\/capivari.sp.gov.br\\\/portal\\\/wp-content\\\/uploads\\\/2022\\\/11\\\/APREENSAO-11-11.jpeg\",\"datePublished\":\"2022-11-14T13:51:43+00:00\",\"breadcrumb\":{\"@id\":\"https:\\\/\\\/capivari.sp.gov.br\\\/portal\\\/homem-desrespeita-medida-protetiva-e-e-preso-em-flagrante-pela-guarda-civil-de-capivari\\\/#breadcrumb\"},\"inLanguage\":\"pt-BR\",\"potentialAction\":[{\"@type\":\"ReadAction\",\"target\":[\"https:\\\/\\\/capivari.sp.gov.br\\\/portal\\\/homem-desrespeita-medida-protetiva-e-e-preso-em-flagrante-pela-guarda-civil-de-capivari\\\/\"]}]},{\"@type\":\"ImageObject\",\"inLanguage\":\"pt-BR\",\"@id\":\"https:\\\/\\\/capivari.sp.gov.br\\\/portal\\\/homem-desrespeita-medida-protetiva-e-e-preso-em-flagrante-pela-guarda-civil-de-capivari\\\/#primaryimage\",\"url\":\"https:\\\/\\\/capivari.sp.gov.br\\\/portal\\\/wp-content\\\/uploads\\\/2022\\\/11\\\/APREENSAO-11-11.jpeg\",\"contentUrl\":\"https:\\\/\\\/capivari.sp.gov.br\\\/portal\\\/wp-content\\\/uploads\\\/2022\\\/11\\\/APREENSAO-11-11.jpeg\",\"width\":1182,\"height\":1600},{\"@type\":\"BreadcrumbList\",\"@id\":\"https:\\\/\\\/capivari.sp.gov.br\\\/portal\\\/homem-desrespeita-medida-protetiva-e-e-preso-em-flagrante-pela-guarda-civil-de-capivari\\\/#breadcrumb\",\"itemListElement\":[{\"@type\":\"ListItem\",\"position\":1,\"name\":\"In\u00edcio\",\"item\":\"https:\\\/\\\/capivari.sp.gov.br\\\/portal\\\/\"},{\"@type\":\"ListItem\",\"position\":2,\"name\":\"Homem desrespeita medida protetiva e \u00e9 preso em flagrante pela Guarda Civil de Capivari\"}]},{\"@type\":\"WebSite\",\"@id\":\"https:\\\/\\\/capivari.sp.gov.br\\\/portal\\\/#website\",\"url\":\"https:\\\/\\\/capivari.sp.gov.br\\\/portal\\\/\",\"name\":\"Prefeitura de Capivari\",\"description\":\"Prefeitura de Capivari\",\"publisher\":{\"@id\":\"https:\\\/\\\/capivari.sp.gov.br\\\/portal\\\/#organization\"},\"potentialAction\":[{\"@type\":\"SearchAction\",\"target\":{\"@type\":\"EntryPoint\",\"urlTemplate\":\"https:\\\/\\\/capivari.sp.gov.br\\\/portal\\\/?s={search_term_string}\"},\"query-input\":{\"@type\":\"PropertyValueSpecification\",\"valueRequired\":true,\"valueName\":\"search_term_string\"}}],\"inLanguage\":\"pt-BR\"},{\"@type\":\"Organization\",\"@id\":\"https:\\\/\\\/capivari.sp.gov.br\\\/portal\\\/#organization\",\"name\":\"Prefeitura de Capivari\",\"url\":\"https:\\\/\\\/capivari.sp.gov.br\\\/portal\\\/\",\"logo\":{\"@type\":\"ImageObject\",\"inLanguage\":\"pt-BR\",\"@id\":\"https:\\\/\\\/capivari.sp.gov.br\\\/portal\\\/#\\\/schema\\\/logo\\\/image\\\/\",\"url\":\"https:\\\/\\\/capivari.sp.gov.br\\\/portal\\\/wp-content\\\/uploads\\\/2021\\\/09\\\/logo-prefeitura-de-capivari.png\",\"contentUrl\":\"https:\\\/\\\/capivari.sp.gov.br\\\/portal\\\/wp-content\\\/uploads\\\/2021\\\/09\\\/logo-prefeitura-de-capivari.png\",\"width\":200,\"height\":147,\"caption\":\"Prefeitura de Capivari\"},\"image\":{\"@id\":\"https:\\\/\\\/capivari.sp.gov.br\\\/portal\\\/#\\\/schema\\\/logo\\\/image\\\/\"},\"sameAs\":[\"https:\\\/\\\/www.facebook.com\\\/PrefeituradeCapivari\\\/\",\"https:\\\/\\\/x.com\\\/PrefCapivari\",\"https:\\\/\\\/www.instagram.com\\\/prefeituracapivari\\\/\"]},{\"@type\":\"Person\",\"@id\":\"https:\\\/\\\/capivari.sp.gov.br\\\/portal\\\/#\\\/schema\\\/person\\\/98801614a91d449946b0687ae2db9f29\",\"name\":\"Thalles Cristiano\",\"image\":{\"@type\":\"ImageObject\",\"inLanguage\":\"pt-BR\",\"@id\":\"https:\\\/\\\/secure.gravatar.com\\\/avatar\\\/0d1b9a4bdcde99ab11a8cd27abdcd088993749b82c4355c0301135023dc52b3d?s=96&d=mm&r=g\",\"url\":\"https:\\\/\\\/secure.gravatar.com\\\/avatar\\\/0d1b9a4bdcde99ab11a8cd27abdcd088993749b82c4355c0301135023dc52b3d?s=96&d=mm&r=g\",\"contentUrl\":\"https:\\\/\\\/secure.gravatar.com\\\/avatar\\\/0d1b9a4bdcde99ab11a8cd27abdcd088993749b82c4355c0301135023dc52b3d?s=96&d=mm&r=g\",\"caption\":\"Thalles Cristiano\"},\"url\":\"https:\\\/\\\/capivari.sp.gov.br\\\/portal\\\/author\\\/thalles-cristiano\\\/\"}]}<\/script>\n<!-- \/ Yoast SEO plugin. -->","yoast_head_json":{"title":"Homem desrespeita medida protetiva e \u00e9 preso em flagrante pela Guarda Civil de Capivari - Prefeitura de Capivari","robots":{"index":"index","follow":"follow","max-snippet":"max-snippet:-1","max-image-preview":"max-image-preview:large","max-video-preview":"max-video-preview:-1"},"canonical":"https:\/\/capivari.sp.gov.br\/portal\/homem-desrespeita-medida-protetiva-e-e-preso-em-flagrante-pela-guarda-civil-de-capivari\/","og_locale":"pt_BR","og_type":"article","og_title":"Homem desrespeita medida protetiva e \u00e9 preso em flagrante pela Guarda Civil de Capivari - Prefeitura de Capivari","og_description":"Na \u00faltima sexta-feira, dia 11, os oficiais da Guarda Civil de Capivari, receberam uma den\u00fancia atrav\u00e9s da Central de Comunica\u00e7\u00f5es (CECOM), sobre um caso de viol\u00eancia dom\u00e9stica que estava acontecendo no bairro Santa Teresa D\u2019\u00c1vila. Ao chegar no local, os agentes logo viram a denunciante em frente a casa, que contou aos oficiais que seu [&hellip;]","og_url":"https:\/\/capivari.sp.gov.br\/portal\/homem-desrespeita-medida-protetiva-e-e-preso-em-flagrante-pela-guarda-civil-de-capivari\/","og_site_name":"Prefeitura de Capivari","article_publisher":"https:\/\/www.facebook.com\/PrefeituradeCapivari\/","article_published_time":"2022-11-14T13:51:43+00:00","og_image":[{"width":1182,"height":1600,"url":"https:\/\/capivari.sp.gov.br\/portal\/wp-content\/uploads\/2022\/11\/APREENSAO-11-11.jpeg","type":"image\/jpeg"}],"author":"Thalles Cristiano","twitter_card":"summary_large_image","twitter_creator":"@PrefCapivari","twitter_site":"@PrefCapivari","twitter_misc":{"Escrito por":"Thalles Cristiano","Est. tempo de leitura":"1 minuto"},"schema":{"@context":"https:\/\/schema.org","@graph":[{"@type":"Article","@id":"https:\/\/capivari.sp.gov.br\/portal\/homem-desrespeita-medida-protetiva-e-e-preso-em-flagrante-pela-guarda-civil-de-capivari\/#article","isPartOf":{"@id":"https:\/\/capivari.sp.gov.br\/portal\/homem-desrespeita-medida-protetiva-e-e-preso-em-flagrante-pela-guarda-civil-de-capivari\/"},"author":{"name":"Thalles Cristiano","@id":"https:\/\/capivari.sp.gov.br\/portal\/#\/schema\/person\/98801614a91d449946b0687ae2db9f29"},"headline":"Homem desrespeita medida protetiva e \u00e9 preso em flagrante pela Guarda Civil de Capivari","datePublished":"2022-11-14T13:51:43+00:00","mainEntityOfPage":{"@id":"https:\/\/capivari.sp.gov.br\/portal\/homem-desrespeita-medida-protetiva-e-e-preso-em-flagrante-pela-guarda-civil-de-capivari\/"},"wordCount":207,"commentCount":0,"publisher":{"@id":"https:\/\/capivari.sp.gov.br\/portal\/#organization"},"image":{"@id":"https:\/\/capivari.sp.gov.br\/portal\/homem-desrespeita-medida-protetiva-e-e-preso-em-flagrante-pela-guarda-civil-de-capivari\/#primaryimage"},"thumbnailUrl":"https:\/\/capivari.sp.gov.br\/portal\/wp-content\/uploads\/2022\/11\/APREENSAO-11-11.jpeg","articleSection":["Destaque","Geral","Seguran\u00e7a P\u00fablica"],"inLanguage":"pt-BR","potentialAction":[{"@type":"CommentAction","name":"Comment","target":["https:\/\/capivari.sp.gov.br\/portal\/homem-desrespeita-medida-protetiva-e-e-preso-em-flagrante-pela-guarda-civil-de-capivari\/#respond"]}]},{"@type":"WebPage","@id":"https:\/\/capivari.sp.gov.br\/portal\/homem-desrespeita-medida-protetiva-e-e-preso-em-flagrante-pela-guarda-civil-de-capivari\/","url":"https:\/\/capivari.sp.gov.br\/portal\/homem-desrespeita-medida-protetiva-e-e-preso-em-flagrante-pela-guarda-civil-de-capivari\/","name":"Homem desrespeita medida protetiva e \u00e9 preso em flagrante pela Guarda Civil de Capivari - Prefeitura de Capivari","isPartOf":{"@id":"https:\/\/capivari.sp.gov.br\/portal\/#website"},"primaryImageOfPage":{"@id":"https:\/\/capivari.sp.gov.br\/portal\/homem-desrespeita-medida-protetiva-e-e-preso-em-flagrante-pela-guarda-civil-de-capivari\/#primaryimage"},"image":{"@id":"https:\/\/capivari.sp.gov.br\/portal\/homem-desrespeita-medida-protetiva-e-e-preso-em-flagrante-pela-guarda-civil-de-capivari\/#primaryimage"},"thumbnailUrl":"https:\/\/capivari.sp.gov.br\/portal\/wp-content\/uploads\/2022\/11\/APREENSAO-11-11.jpeg","datePublished":"2022-11-14T13:51:43+00:00","breadcrumb":{"@id":"https:\/\/capivari.sp.gov.br\/portal\/homem-desrespeita-medida-protetiva-e-e-preso-em-flagrante-pela-guarda-civil-de-capivari\/#breadcrumb"},"inLanguage":"pt-BR","potentialAction":[{"@type":"ReadAction","target":["https:\/\/capivari.sp.gov.br\/portal\/homem-desrespeita-medida-protetiva-e-e-preso-em-flagrante-pela-guarda-civil-de-capivari\/"]}]},{"@type":"ImageObject","inLanguage":"pt-BR","@id":"https:\/\/capivari.sp.gov.br\/portal\/homem-desrespeita-medida-protetiva-e-e-preso-em-flagrante-pela-guarda-civil-de-capivari\/#primaryimage","url":"https:\/\/capivari.sp.gov.br\/portal\/wp-content\/uploads\/2022\/11\/APREENSAO-11-11.jpeg","contentUrl":"https:\/\/capivari.sp.gov.br\/portal\/wp-content\/uploads\/2022\/11\/APREENSAO-11-11.jpeg","width":1182,"height":1600},{"@type":"BreadcrumbList","@id":"https:\/\/capivari.sp.gov.br\/portal\/homem-desrespeita-medida-protetiva-e-e-preso-em-flagrante-pela-guarda-civil-de-capivari\/#breadcrumb","itemListElement":[{"@type":"ListItem","position":1,"name":"In\u00edcio","item":"https:\/\/capivari.sp.gov.br\/portal\/"},{"@type":"ListItem","position":2,"name":"Homem desrespeita medida protetiva e \u00e9 preso em flagrante pela Guarda Civil de Capivari"}]},{"@type":"WebSite","@id":"https:\/\/capivari.sp.gov.br\/portal\/#website","url":"https:\/\/capivari.sp.gov.br\/portal\/","name":"Prefeitura de Capivari","description":"Prefeitura de Capivari","publisher":{"@id":"https:\/\/capivari.sp.gov.br\/portal\/#organization"},"potentialAction":[{"@type":"SearchAction","target":{"@type":"EntryPoint","urlTemplate":"https:\/\/capivari.sp.gov.br\/portal\/?s={search_term_string}"},"query-input":{"@type":"PropertyValueSpecification","valueRequired":true,"valueName":"search_term_string"}}],"inLanguage":"pt-BR"},{"@type":"Organization","@id":"https:\/\/capivari.sp.gov.br\/portal\/#organization","name":"Prefeitura de Capivari","url":"https:\/\/capivari.sp.gov.br\/portal\/","logo":{"@type":"ImageObject","inLanguage":"pt-BR","@id":"https:\/\/capivari.sp.gov.br\/portal\/#\/schema\/logo\/image\/","url":"https:\/\/capivari.sp.gov.br\/portal\/wp-content\/uploads\/2021\/09\/logo-prefeitura-de-capivari.png","contentUrl":"https:\/\/capivari.sp.gov.br\/portal\/wp-content\/uploads\/2021\/09\/logo-prefeitura-de-capivari.png","width":200,"height":147,"caption":"Prefeitura de Capivari"},"image":{"@id":"https:\/\/capivari.sp.gov.br\/portal\/#\/schema\/logo\/image\/"},"sameAs":["https:\/\/www.facebook.com\/PrefeituradeCapivari\/","https:\/\/x.com\/PrefCapivari","https:\/\/www.instagram.com\/prefeituracapivari\/"]},{"@type":"Person","@id":"https:\/\/capivari.sp.gov.br\/portal\/#\/schema\/person\/98801614a91d449946b0687ae2db9f29","name":"Thalles Cristiano","image":{"@type":"ImageObject","inLanguage":"pt-BR","@id":"https:\/\/secure.gravatar.com\/avatar\/0d1b9a4bdcde99ab11a8cd27abdcd088993749b82c4355c0301135023dc52b3d?s=96&d=mm&r=g","url":"https:\/\/secure.gravatar.com\/avatar\/0d1b9a4bdcde99ab11a8cd27abdcd088993749b82c4355c0301135023dc52b3d?s=96&d=mm&r=g","contentUrl":"https:\/\/secure.gravatar.com\/avatar\/0d1b9a4bdcde99ab11a8cd27abdcd088993749b82c4355c0301135023dc52b3d?s=96&d=mm&r=g","caption":"Thalles Cristiano"},"url":"https:\/\/capivari.sp.gov.br\/portal\/author\/thalles-cristiano\/"}]}},"_links":{"self":[{"href":"https:\/\/capivari.sp.gov.br\/portal\/wp-json\/wp\/v2\/posts\/7286","targetHints":{"allow":["GET"]}}],"collection":[{"href":"https:\/\/capivari.sp.gov.br\/portal\/wp-json\/wp\/v2\/posts"}],"about":[{"href":"https:\/\/capivari.sp.gov.br\/portal\/wp-json\/wp\/v2\/types\/post"}],"author":[{"embeddable":true,"href":"https:\/\/capivari.sp.gov.br\/portal\/wp-json\/wp\/v2\/users\/2"}],"replies":[{"embeddable":true,"href":"https:\/\/capivari.sp.gov.br\/portal\/wp-json\/wp\/v2\/comments?post=7286"}],"version-history":[{"count":1,"href":"https:\/\/capivari.sp.gov.br\/portal\/wp-json\/wp\/v2\/posts\/7286\/revisions"}],"predecessor-version":[{"id":7292,"href":"https:\/\/capivari.sp.gov.br\/portal\/wp-json\/wp\/v2\/posts\/7286\/revisions\/7292"}],"wp:featuredmedia":[{"embeddable":true,"href":"https:\/\/capivari.sp.gov.br\/portal\/wp-json\/wp\/v2\/media\/7291"}],"wp:attachment":[{"href":"https:\/\/capivari.sp.gov.br\/portal\/wp-json\/wp\/v2\/media?parent=7286"}],"wp:term":[{"taxonomy":"category","embeddable":true,"href":"https:\/\/capivari.sp.gov.br\/portal\/wp-json\/wp\/v2\/categories?post=7286"},{"taxonomy":"post_tag","embeddable":true,"href":"https:\/\/capivari.sp.gov.br\/portal\/wp-json\/wp\/v2\/tags?post=7286"}],"curies":[{"name":"wp","href":"https:\/\/api.w.org\/{rel}","templated":true}]}}