{"id":7287,"date":"2022-11-14T09:11:55","date_gmt":"2022-11-14T12:11:55","guid":{"rendered":"https:\/\/capivari.sp.gov.br\/portal\/?p=7287"},"modified":"2022-11-14T09:11:55","modified_gmt":"2022-11-14T12:11:55","slug":"secretario-da-educacao-participa-de-evento-de-preparacao-de-lancamento-do-educa-tv-em-campinas","status":"publish","type":"post","link":"https:\/\/capivari.sp.gov.br\/portal\/secretario-da-educacao-participa-de-evento-de-preparacao-de-lancamento-do-educa-tv-em-campinas\/","title":{"rendered":"Secret\u00e1rio da Educa\u00e7\u00e3o participa de evento de prepara\u00e7\u00e3o de lan\u00e7amento do Educa TV em Campinas"},"content":{"rendered":"<p>Nesta \u00faltima quinta-feira, dia 10, o secret\u00e1rio da Educa\u00e7\u00e3o, Jos\u00e9 Lucas de Moraes, esteve na cidade de Campinas, participando do evento de prepara\u00e7\u00e3o de lan\u00e7amento do canal educativo de TV aberta da Prefeitura de Campinas, Educa TV, feito em parceria com a EPTV Campinas.<\/p>\n<p>Capivari faz parte das 26 cidades da regi\u00e3o que produzir\u00e1 conte\u00fado especializado para o canal, transmitindo conte\u00fados educativos voltados para crian\u00e7as, jovens e adultos em sincronia com as diretrizes da Secretaria da Educa\u00e7\u00e3o de Campinas.<\/p>\n<p>O canal tamb\u00e9m ter\u00e1 um servi\u00e7o de streaming chamado \u201cEducaflix\u201d, se tornando relevante pela possibilidade de transmiss\u00e3o pela TV aberta, o que n\u00e3o gera problemas de conex\u00e3o, atendendo toda a regi\u00e3o.<\/p>\n<p>\u201cFomos at\u00e9 a cidade de Campinas para prestigiar a prepara\u00e7\u00e3o do lan\u00e7amento do Educa TV, que \u00e9 muito interessante e temos certeza que agregar\u00e1 muito conhecimento para os alunos da nossa Rede Municipal de Ensino\u201d, disse Jos\u00e9 Lucas de Moraes, secret\u00e1rio da Educa\u00e7\u00e3o.<\/p>\n<p>O encontro aconteceu no Instituto Agron\u00f4mico de Campinas, realizado pela Prefeitura de Campinas, atrav\u00e9s da Secretaria de Educa\u00e7\u00e3o, Governo do Estado de S\u00e3o Paulo, Funda\u00e7\u00e3o Educar e Funda\u00e7\u00e3o Feac.<\/p>\n<p>Para mais informa\u00e7\u00f5es sobre Educa\u00e7\u00e3o, entre em contato pelo telefone (19) 3491-9367.<\/p>\n","protected":false},"excerpt":{"rendered":"<p>Nesta \u00faltima quinta-feira, dia 10, o secret\u00e1rio da Educa\u00e7\u00e3o, Jos\u00e9 Lucas de Moraes, esteve na cidade de Campinas, participando do evento de prepara\u00e7\u00e3o de lan\u00e7amento do canal educativo de TV aberta da Prefeitura de Campinas, Educa TV, feito em parceria com a EPTV Campinas. Capivari faz parte das 26 cidades da regi\u00e3o que produzir\u00e1 conte\u00fado [&hellip;]<\/p>\n","protected":false},"author":3,"featured_media":7288,"comment_status":"open","ping_status":"open","sticky":false,"template":"","format":"standard","meta":{"ocean_post_layout":"","ocean_both_sidebars_style":"","ocean_both_sidebars_content_width":0,"ocean_both_sidebars_sidebars_width":0,"ocean_sidebar":"0","ocean_second_sidebar":"0","ocean_disable_margins":"enable","ocean_add_body_class":"","ocean_shortcode_before_top_bar":"","ocean_shortcode_after_top_bar":"","ocean_shortcode_before_header":"","ocean_shortcode_after_header":"","ocean_has_shortcode":"","ocean_shortcode_after_title":"","ocean_shortcode_before_footer_widgets":"","ocean_shortcode_after_footer_widgets":"","ocean_shortcode_before_footer_bottom":"","ocean_shortcode_after_footer_bottom":"","ocean_display_top_bar":"default","ocean_display_header":"default","ocean_header_style":"","ocean_center_header_left_menu":"0","ocean_custom_header_template":"0","ocean_custom_logo":0,"ocean_custom_retina_logo":0,"ocean_custom_logo_max_width":0,"ocean_custom_logo_tablet_max_width":0,"ocean_custom_logo_mobile_max_width":0,"ocean_custom_logo_max_height":0,"ocean_custom_logo_tablet_max_height":0,"ocean_custom_logo_mobile_max_height":0,"ocean_header_custom_menu":"0","ocean_menu_typo_font_family":"0","ocean_menu_typo_font_subset":"","ocean_menu_typo_font_size":0,"ocean_menu_typo_font_size_tablet":0,"ocean_menu_typo_font_size_mobile":0,"ocean_menu_typo_font_size_unit":"px","ocean_menu_typo_font_weight":"","ocean_menu_typo_font_weight_tablet":"","ocean_menu_typo_font_weight_mobile":"","ocean_menu_typo_transform":"","ocean_menu_typo_transform_tablet":"","ocean_menu_typo_transform_mobile":"","ocean_menu_typo_line_height":0,"ocean_menu_typo_line_height_tablet":0,"ocean_menu_typo_line_height_mobile":0,"ocean_menu_typo_line_height_unit":"","ocean_menu_typo_spacing":0,"ocean_menu_typo_spacing_tablet":0,"ocean_menu_typo_spacing_mobile":0,"ocean_menu_typo_spacing_unit":"","ocean_menu_link_color":"","ocean_menu_link_color_hover":"","ocean_menu_link_color_active":"","ocean_menu_link_background":"","ocean_menu_link_hover_background":"","ocean_menu_link_active_background":"","ocean_menu_social_links_bg":"","ocean_menu_social_hover_links_bg":"","ocean_menu_social_links_color":"","ocean_menu_social_hover_links_color":"","ocean_disable_title":"default","ocean_disable_heading":"default","ocean_post_title":"","ocean_post_subheading":"","ocean_post_title_style":"","ocean_post_title_background_color":"","ocean_post_title_background":0,"ocean_post_title_bg_image_position":"","ocean_post_title_bg_image_attachment":"","ocean_post_title_bg_image_repeat":"","ocean_post_title_bg_image_size":"","ocean_post_title_height":0,"ocean_post_title_bg_overlay":0.5,"ocean_post_title_bg_overlay_color":"","ocean_disable_breadcrumbs":"default","ocean_breadcrumbs_color":"","ocean_breadcrumbs_separator_color":"","ocean_breadcrumbs_links_color":"","ocean_breadcrumbs_links_hover_color":"","ocean_display_footer_widgets":"default","ocean_display_footer_bottom":"default","ocean_custom_footer_template":"0","ocean_post_oembed":"","ocean_post_self_hosted_media":"","ocean_post_video_embed":"","ocean_link_format":"","ocean_link_format_target":"self","ocean_quote_format":"","ocean_quote_format_link":"post","ocean_gallery_link_images":"off","ocean_gallery_id":[],"footnotes":""},"categories":[4,21,5],"tags":[],"class_list":["post-7287","post","type-post","status-publish","format-standard","has-post-thumbnail","hentry","category-destaque","category-educacao","category-geral","entry","has-media"],"yoast_head":"<!-- This site is optimized with the Yoast SEO plugin v27.5 - https:\/\/yoast.com\/product\/yoast-seo-wordpress\/ -->\n<title>Secret\u00e1rio da Educa\u00e7\u00e3o participa de evento de prepara\u00e7\u00e3o de lan\u00e7amento do Educa TV em Campinas - Prefeitura de Capivari<\/title>\n<meta name=\"robots\" content=\"index, follow, max-snippet:-1, max-image-preview:large, max-video-preview:-1\" \/>\n<link rel=\"canonical\" href=\"https:\/\/capivari.sp.gov.br\/portal\/secretario-da-educacao-participa-de-evento-de-preparacao-de-lancamento-do-educa-tv-em-campinas\/\" \/>\n<meta property=\"og:locale\" content=\"pt_BR\" \/>\n<meta property=\"og:type\" content=\"article\" \/>\n<meta property=\"og:title\" content=\"Secret\u00e1rio da Educa\u00e7\u00e3o participa de evento de prepara\u00e7\u00e3o de lan\u00e7amento do Educa TV em Campinas - Prefeitura de Capivari\" \/>\n<meta property=\"og:description\" content=\"Nesta \u00faltima quinta-feira, dia 10, o secret\u00e1rio da Educa\u00e7\u00e3o, Jos\u00e9 Lucas de Moraes, esteve na cidade de Campinas, participando do evento de prepara\u00e7\u00e3o de lan\u00e7amento do canal educativo de TV aberta da Prefeitura de Campinas, Educa TV, feito em parceria com a EPTV Campinas. Capivari faz parte das 26 cidades da regi\u00e3o que produzir\u00e1 conte\u00fado [&hellip;]\" \/>\n<meta property=\"og:url\" content=\"https:\/\/capivari.sp.gov.br\/portal\/secretario-da-educacao-participa-de-evento-de-preparacao-de-lancamento-do-educa-tv-em-campinas\/\" \/>\n<meta property=\"og:site_name\" content=\"Prefeitura de Capivari\" \/>\n<meta property=\"article:publisher\" content=\"https:\/\/www.facebook.com\/PrefeituradeCapivari\/\" \/>\n<meta property=\"article:published_time\" content=\"2022-11-14T12:11:55+00:00\" \/>\n<meta property=\"og:image\" content=\"https:\/\/capivari.sp.gov.br\/portal\/wp-content\/uploads\/2022\/11\/IMG_9662-scaled.jpg\" \/>\n\t<meta property=\"og:image:width\" content=\"2560\" \/>\n\t<meta property=\"og:image:height\" content=\"1707\" \/>\n\t<meta property=\"og:image:type\" content=\"image\/jpeg\" \/>\n<meta name=\"author\" content=\"Rafaella Uvini\" \/>\n<meta name=\"twitter:card\" content=\"summary_large_image\" \/>\n<meta name=\"twitter:creator\" content=\"@PrefCapivari\" \/>\n<meta name=\"twitter:site\" content=\"@PrefCapivari\" \/>\n<meta name=\"twitter:label1\" content=\"Escrito por\" \/>\n\t<meta name=\"twitter:data1\" content=\"Rafaella Uvini\" \/>\n\t<meta name=\"twitter:label2\" content=\"Est. tempo de leitura\" \/>\n\t<meta name=\"twitter:data2\" content=\"2 minutos\" \/>\n<script type=\"application\/ld+json\" class=\"yoast-schema-graph\">{\"@context\":\"https:\\\/\\\/schema.org\",\"@graph\":[{\"@type\":\"Article\",\"@id\":\"https:\\\/\\\/capivari.sp.gov.br\\\/portal\\\/secretario-da-educacao-participa-de-evento-de-preparacao-de-lancamento-do-educa-tv-em-campinas\\\/#article\",\"isPartOf\":{\"@id\":\"https:\\\/\\\/capivari.sp.gov.br\\\/portal\\\/secretario-da-educacao-participa-de-evento-de-preparacao-de-lancamento-do-educa-tv-em-campinas\\\/\"},\"author\":{\"name\":\"Rafaella Uvini\",\"@id\":\"https:\\\/\\\/capivari.sp.gov.br\\\/portal\\\/#\\\/schema\\\/person\\\/d7b1048525ce907b55245fe0fcaea2e5\"},\"headline\":\"Secret\u00e1rio da Educa\u00e7\u00e3o participa de evento de prepara\u00e7\u00e3o de lan\u00e7amento do Educa TV em Campinas\",\"datePublished\":\"2022-11-14T12:11:55+00:00\",\"mainEntityOfPage\":{\"@id\":\"https:\\\/\\\/capivari.sp.gov.br\\\/portal\\\/secretario-da-educacao-participa-de-evento-de-preparacao-de-lancamento-do-educa-tv-em-campinas\\\/\"},\"wordCount\":236,\"commentCount\":0,\"publisher\":{\"@id\":\"https:\\\/\\\/capivari.sp.gov.br\\\/portal\\\/#organization\"},\"image\":{\"@id\":\"https:\\\/\\\/capivari.sp.gov.br\\\/portal\\\/secretario-da-educacao-participa-de-evento-de-preparacao-de-lancamento-do-educa-tv-em-campinas\\\/#primaryimage\"},\"thumbnailUrl\":\"https:\\\/\\\/capivari.sp.gov.br\\\/portal\\\/wp-content\\\/uploads\\\/2022\\\/11\\\/IMG_9662-scaled.jpg\",\"articleSection\":[\"Destaque\",\"Educa\u00e7\u00e3o\",\"Geral\"],\"inLanguage\":\"pt-BR\",\"potentialAction\":[{\"@type\":\"CommentAction\",\"name\":\"Comment\",\"target\":[\"https:\\\/\\\/capivari.sp.gov.br\\\/portal\\\/secretario-da-educacao-participa-de-evento-de-preparacao-de-lancamento-do-educa-tv-em-campinas\\\/#respond\"]}]},{\"@type\":\"WebPage\",\"@id\":\"https:\\\/\\\/capivari.sp.gov.br\\\/portal\\\/secretario-da-educacao-participa-de-evento-de-preparacao-de-lancamento-do-educa-tv-em-campinas\\\/\",\"url\":\"https:\\\/\\\/capivari.sp.gov.br\\\/portal\\\/secretario-da-educacao-participa-de-evento-de-preparacao-de-lancamento-do-educa-tv-em-campinas\\\/\",\"name\":\"Secret\u00e1rio da Educa\u00e7\u00e3o participa de evento de prepara\u00e7\u00e3o de lan\u00e7amento do Educa TV em Campinas - Prefeitura de Capivari\",\"isPartOf\":{\"@id\":\"https:\\\/\\\/capivari.sp.gov.br\\\/portal\\\/#website\"},\"primaryImageOfPage\":{\"@id\":\"https:\\\/\\\/capivari.sp.gov.br\\\/portal\\\/secretario-da-educacao-participa-de-evento-de-preparacao-de-lancamento-do-educa-tv-em-campinas\\\/#primaryimage\"},\"image\":{\"@id\":\"https:\\\/\\\/capivari.sp.gov.br\\\/portal\\\/secretario-da-educacao-participa-de-evento-de-preparacao-de-lancamento-do-educa-tv-em-campinas\\\/#primaryimage\"},\"thumbnailUrl\":\"https:\\\/\\\/capivari.sp.gov.br\\\/portal\\\/wp-content\\\/uploads\\\/2022\\\/11\\\/IMG_9662-scaled.jpg\",\"datePublished\":\"2022-11-14T12:11:55+00:00\",\"breadcrumb\":{\"@id\":\"https:\\\/\\\/capivari.sp.gov.br\\\/portal\\\/secretario-da-educacao-participa-de-evento-de-preparacao-de-lancamento-do-educa-tv-em-campinas\\\/#breadcrumb\"},\"inLanguage\":\"pt-BR\",\"potentialAction\":[{\"@type\":\"ReadAction\",\"target\":[\"https:\\\/\\\/capivari.sp.gov.br\\\/portal\\\/secretario-da-educacao-participa-de-evento-de-preparacao-de-lancamento-do-educa-tv-em-campinas\\\/\"]}]},{\"@type\":\"ImageObject\",\"inLanguage\":\"pt-BR\",\"@id\":\"https:\\\/\\\/capivari.sp.gov.br\\\/portal\\\/secretario-da-educacao-participa-de-evento-de-preparacao-de-lancamento-do-educa-tv-em-campinas\\\/#primaryimage\",\"url\":\"https:\\\/\\\/capivari.sp.gov.br\\\/portal\\\/wp-content\\\/uploads\\\/2022\\\/11\\\/IMG_9662-scaled.jpg\",\"contentUrl\":\"https:\\\/\\\/capivari.sp.gov.br\\\/portal\\\/wp-content\\\/uploads\\\/2022\\\/11\\\/IMG_9662-scaled.jpg\",\"width\":2560,\"height\":1707},{\"@type\":\"BreadcrumbList\",\"@id\":\"https:\\\/\\\/capivari.sp.gov.br\\\/portal\\\/secretario-da-educacao-participa-de-evento-de-preparacao-de-lancamento-do-educa-tv-em-campinas\\\/#breadcrumb\",\"itemListElement\":[{\"@type\":\"ListItem\",\"position\":1,\"name\":\"In\u00edcio\",\"item\":\"https:\\\/\\\/capivari.sp.gov.br\\\/portal\\\/\"},{\"@type\":\"ListItem\",\"position\":2,\"name\":\"Secret\u00e1rio da Educa\u00e7\u00e3o participa de evento de prepara\u00e7\u00e3o de lan\u00e7amento do Educa TV em Campinas\"}]},{\"@type\":\"WebSite\",\"@id\":\"https:\\\/\\\/capivari.sp.gov.br\\\/portal\\\/#website\",\"url\":\"https:\\\/\\\/capivari.sp.gov.br\\\/portal\\\/\",\"name\":\"Prefeitura de Capivari\",\"description\":\"Prefeitura de Capivari\",\"publisher\":{\"@id\":\"https:\\\/\\\/capivari.sp.gov.br\\\/portal\\\/#organization\"},\"potentialAction\":[{\"@type\":\"SearchAction\",\"target\":{\"@type\":\"EntryPoint\",\"urlTemplate\":\"https:\\\/\\\/capivari.sp.gov.br\\\/portal\\\/?s={search_term_string}\"},\"query-input\":{\"@type\":\"PropertyValueSpecification\",\"valueRequired\":true,\"valueName\":\"search_term_string\"}}],\"inLanguage\":\"pt-BR\"},{\"@type\":\"Organization\",\"@id\":\"https:\\\/\\\/capivari.sp.gov.br\\\/portal\\\/#organization\",\"name\":\"Prefeitura de Capivari\",\"url\":\"https:\\\/\\\/capivari.sp.gov.br\\\/portal\\\/\",\"logo\":{\"@type\":\"ImageObject\",\"inLanguage\":\"pt-BR\",\"@id\":\"https:\\\/\\\/capivari.sp.gov.br\\\/portal\\\/#\\\/schema\\\/logo\\\/image\\\/\",\"url\":\"https:\\\/\\\/capivari.sp.gov.br\\\/portal\\\/wp-content\\\/uploads\\\/2021\\\/09\\\/logo-prefeitura-de-capivari.png\",\"contentUrl\":\"https:\\\/\\\/capivari.sp.gov.br\\\/portal\\\/wp-content\\\/uploads\\\/2021\\\/09\\\/logo-prefeitura-de-capivari.png\",\"width\":200,\"height\":147,\"caption\":\"Prefeitura de Capivari\"},\"image\":{\"@id\":\"https:\\\/\\\/capivari.sp.gov.br\\\/portal\\\/#\\\/schema\\\/logo\\\/image\\\/\"},\"sameAs\":[\"https:\\\/\\\/www.facebook.com\\\/PrefeituradeCapivari\\\/\",\"https:\\\/\\\/x.com\\\/PrefCapivari\",\"https:\\\/\\\/www.instagram.com\\\/prefeituracapivari\\\/\"]},{\"@type\":\"Person\",\"@id\":\"https:\\\/\\\/capivari.sp.gov.br\\\/portal\\\/#\\\/schema\\\/person\\\/d7b1048525ce907b55245fe0fcaea2e5\",\"name\":\"Rafaella Uvini\",\"image\":{\"@type\":\"ImageObject\",\"inLanguage\":\"pt-BR\",\"@id\":\"https:\\\/\\\/secure.gravatar.com\\\/avatar\\\/698757f92517b418dbefa88732eb599ad7eed21dcca72e22815a04b2d6270e91?s=96&d=mm&r=g\",\"url\":\"https:\\\/\\\/secure.gravatar.com\\\/avatar\\\/698757f92517b418dbefa88732eb599ad7eed21dcca72e22815a04b2d6270e91?s=96&d=mm&r=g\",\"contentUrl\":\"https:\\\/\\\/secure.gravatar.com\\\/avatar\\\/698757f92517b418dbefa88732eb599ad7eed21dcca72e22815a04b2d6270e91?s=96&d=mm&r=g\",\"caption\":\"Rafaella Uvini\"},\"url\":\"https:\\\/\\\/capivari.sp.gov.br\\\/portal\\\/author\\\/rafaella-uvini\\\/\"}]}<\/script>\n<!-- \/ Yoast SEO plugin. -->","yoast_head_json":{"title":"Secret\u00e1rio da Educa\u00e7\u00e3o participa de evento de prepara\u00e7\u00e3o de lan\u00e7amento do Educa TV em Campinas - Prefeitura de Capivari","robots":{"index":"index","follow":"follow","max-snippet":"max-snippet:-1","max-image-preview":"max-image-preview:large","max-video-preview":"max-video-preview:-1"},"canonical":"https:\/\/capivari.sp.gov.br\/portal\/secretario-da-educacao-participa-de-evento-de-preparacao-de-lancamento-do-educa-tv-em-campinas\/","og_locale":"pt_BR","og_type":"article","og_title":"Secret\u00e1rio da Educa\u00e7\u00e3o participa de evento de prepara\u00e7\u00e3o de lan\u00e7amento do Educa TV em Campinas - Prefeitura de Capivari","og_description":"Nesta \u00faltima quinta-feira, dia 10, o secret\u00e1rio da Educa\u00e7\u00e3o, Jos\u00e9 Lucas de Moraes, esteve na cidade de Campinas, participando do evento de prepara\u00e7\u00e3o de lan\u00e7amento do canal educativo de TV aberta da Prefeitura de Campinas, Educa TV, feito em parceria com a EPTV Campinas. Capivari faz parte das 26 cidades da regi\u00e3o que produzir\u00e1 conte\u00fado [&hellip;]","og_url":"https:\/\/capivari.sp.gov.br\/portal\/secretario-da-educacao-participa-de-evento-de-preparacao-de-lancamento-do-educa-tv-em-campinas\/","og_site_name":"Prefeitura de Capivari","article_publisher":"https:\/\/www.facebook.com\/PrefeituradeCapivari\/","article_published_time":"2022-11-14T12:11:55+00:00","og_image":[{"width":2560,"height":1707,"url":"https:\/\/capivari.sp.gov.br\/portal\/wp-content\/uploads\/2022\/11\/IMG_9662-scaled.jpg","type":"image\/jpeg"}],"author":"Rafaella Uvini","twitter_card":"summary_large_image","twitter_creator":"@PrefCapivari","twitter_site":"@PrefCapivari","twitter_misc":{"Escrito por":"Rafaella Uvini","Est. tempo de leitura":"2 minutos"},"schema":{"@context":"https:\/\/schema.org","@graph":[{"@type":"Article","@id":"https:\/\/capivari.sp.gov.br\/portal\/secretario-da-educacao-participa-de-evento-de-preparacao-de-lancamento-do-educa-tv-em-campinas\/#article","isPartOf":{"@id":"https:\/\/capivari.sp.gov.br\/portal\/secretario-da-educacao-participa-de-evento-de-preparacao-de-lancamento-do-educa-tv-em-campinas\/"},"author":{"name":"Rafaella Uvini","@id":"https:\/\/capivari.sp.gov.br\/portal\/#\/schema\/person\/d7b1048525ce907b55245fe0fcaea2e5"},"headline":"Secret\u00e1rio da Educa\u00e7\u00e3o participa de evento de prepara\u00e7\u00e3o de lan\u00e7amento do Educa TV em Campinas","datePublished":"2022-11-14T12:11:55+00:00","mainEntityOfPage":{"@id":"https:\/\/capivari.sp.gov.br\/portal\/secretario-da-educacao-participa-de-evento-de-preparacao-de-lancamento-do-educa-tv-em-campinas\/"},"wordCount":236,"commentCount":0,"publisher":{"@id":"https:\/\/capivari.sp.gov.br\/portal\/#organization"},"image":{"@id":"https:\/\/capivari.sp.gov.br\/portal\/secretario-da-educacao-participa-de-evento-de-preparacao-de-lancamento-do-educa-tv-em-campinas\/#primaryimage"},"thumbnailUrl":"https:\/\/capivari.sp.gov.br\/portal\/wp-content\/uploads\/2022\/11\/IMG_9662-scaled.jpg","articleSection":["Destaque","Educa\u00e7\u00e3o","Geral"],"inLanguage":"pt-BR","potentialAction":[{"@type":"CommentAction","name":"Comment","target":["https:\/\/capivari.sp.gov.br\/portal\/secretario-da-educacao-participa-de-evento-de-preparacao-de-lancamento-do-educa-tv-em-campinas\/#respond"]}]},{"@type":"WebPage","@id":"https:\/\/capivari.sp.gov.br\/portal\/secretario-da-educacao-participa-de-evento-de-preparacao-de-lancamento-do-educa-tv-em-campinas\/","url":"https:\/\/capivari.sp.gov.br\/portal\/secretario-da-educacao-participa-de-evento-de-preparacao-de-lancamento-do-educa-tv-em-campinas\/","name":"Secret\u00e1rio da Educa\u00e7\u00e3o participa de evento de prepara\u00e7\u00e3o de lan\u00e7amento do Educa TV em Campinas - Prefeitura de Capivari","isPartOf":{"@id":"https:\/\/capivari.sp.gov.br\/portal\/#website"},"primaryImageOfPage":{"@id":"https:\/\/capivari.sp.gov.br\/portal\/secretario-da-educacao-participa-de-evento-de-preparacao-de-lancamento-do-educa-tv-em-campinas\/#primaryimage"},"image":{"@id":"https:\/\/capivari.sp.gov.br\/portal\/secretario-da-educacao-participa-de-evento-de-preparacao-de-lancamento-do-educa-tv-em-campinas\/#primaryimage"},"thumbnailUrl":"https:\/\/capivari.sp.gov.br\/portal\/wp-content\/uploads\/2022\/11\/IMG_9662-scaled.jpg","datePublished":"2022-11-14T12:11:55+00:00","breadcrumb":{"@id":"https:\/\/capivari.sp.gov.br\/portal\/secretario-da-educacao-participa-de-evento-de-preparacao-de-lancamento-do-educa-tv-em-campinas\/#breadcrumb"},"inLanguage":"pt-BR","potentialAction":[{"@type":"ReadAction","target":["https:\/\/capivari.sp.gov.br\/portal\/secretario-da-educacao-participa-de-evento-de-preparacao-de-lancamento-do-educa-tv-em-campinas\/"]}]},{"@type":"ImageObject","inLanguage":"pt-BR","@id":"https:\/\/capivari.sp.gov.br\/portal\/secretario-da-educacao-participa-de-evento-de-preparacao-de-lancamento-do-educa-tv-em-campinas\/#primaryimage","url":"https:\/\/capivari.sp.gov.br\/portal\/wp-content\/uploads\/2022\/11\/IMG_9662-scaled.jpg","contentUrl":"https:\/\/capivari.sp.gov.br\/portal\/wp-content\/uploads\/2022\/11\/IMG_9662-scaled.jpg","width":2560,"height":1707},{"@type":"BreadcrumbList","@id":"https:\/\/capivari.sp.gov.br\/portal\/secretario-da-educacao-participa-de-evento-de-preparacao-de-lancamento-do-educa-tv-em-campinas\/#breadcrumb","itemListElement":[{"@type":"ListItem","position":1,"name":"In\u00edcio","item":"https:\/\/capivari.sp.gov.br\/portal\/"},{"@type":"ListItem","position":2,"name":"Secret\u00e1rio da Educa\u00e7\u00e3o participa de evento de prepara\u00e7\u00e3o de lan\u00e7amento do Educa TV em Campinas"}]},{"@type":"WebSite","@id":"https:\/\/capivari.sp.gov.br\/portal\/#website","url":"https:\/\/capivari.sp.gov.br\/portal\/","name":"Prefeitura de Capivari","description":"Prefeitura de Capivari","publisher":{"@id":"https:\/\/capivari.sp.gov.br\/portal\/#organization"},"potentialAction":[{"@type":"SearchAction","target":{"@type":"EntryPoint","urlTemplate":"https:\/\/capivari.sp.gov.br\/portal\/?s={search_term_string}"},"query-input":{"@type":"PropertyValueSpecification","valueRequired":true,"valueName":"search_term_string"}}],"inLanguage":"pt-BR"},{"@type":"Organization","@id":"https:\/\/capivari.sp.gov.br\/portal\/#organization","name":"Prefeitura de Capivari","url":"https:\/\/capivari.sp.gov.br\/portal\/","logo":{"@type":"ImageObject","inLanguage":"pt-BR","@id":"https:\/\/capivari.sp.gov.br\/portal\/#\/schema\/logo\/image\/","url":"https:\/\/capivari.sp.gov.br\/portal\/wp-content\/uploads\/2021\/09\/logo-prefeitura-de-capivari.png","contentUrl":"https:\/\/capivari.sp.gov.br\/portal\/wp-content\/uploads\/2021\/09\/logo-prefeitura-de-capivari.png","width":200,"height":147,"caption":"Prefeitura de Capivari"},"image":{"@id":"https:\/\/capivari.sp.gov.br\/portal\/#\/schema\/logo\/image\/"},"sameAs":["https:\/\/www.facebook.com\/PrefeituradeCapivari\/","https:\/\/x.com\/PrefCapivari","https:\/\/www.instagram.com\/prefeituracapivari\/"]},{"@type":"Person","@id":"https:\/\/capivari.sp.gov.br\/portal\/#\/schema\/person\/d7b1048525ce907b55245fe0fcaea2e5","name":"Rafaella Uvini","image":{"@type":"ImageObject","inLanguage":"pt-BR","@id":"https:\/\/secure.gravatar.com\/avatar\/698757f92517b418dbefa88732eb599ad7eed21dcca72e22815a04b2d6270e91?s=96&d=mm&r=g","url":"https:\/\/secure.gravatar.com\/avatar\/698757f92517b418dbefa88732eb599ad7eed21dcca72e22815a04b2d6270e91?s=96&d=mm&r=g","contentUrl":"https:\/\/secure.gravatar.com\/avatar\/698757f92517b418dbefa88732eb599ad7eed21dcca72e22815a04b2d6270e91?s=96&d=mm&r=g","caption":"Rafaella Uvini"},"url":"https:\/\/capivari.sp.gov.br\/portal\/author\/rafaella-uvini\/"}]}},"_links":{"self":[{"href":"https:\/\/capivari.sp.gov.br\/portal\/wp-json\/wp\/v2\/posts\/7287","targetHints":{"allow":["GET"]}}],"collection":[{"href":"https:\/\/capivari.sp.gov.br\/portal\/wp-json\/wp\/v2\/posts"}],"about":[{"href":"https:\/\/capivari.sp.gov.br\/portal\/wp-json\/wp\/v2\/types\/post"}],"author":[{"embeddable":true,"href":"https:\/\/capivari.sp.gov.br\/portal\/wp-json\/wp\/v2\/users\/3"}],"replies":[{"embeddable":true,"href":"https:\/\/capivari.sp.gov.br\/portal\/wp-json\/wp\/v2\/comments?post=7287"}],"version-history":[{"count":1,"href":"https:\/\/capivari.sp.gov.br\/portal\/wp-json\/wp\/v2\/posts\/7287\/revisions"}],"predecessor-version":[{"id":7289,"href":"https:\/\/capivari.sp.gov.br\/portal\/wp-json\/wp\/v2\/posts\/7287\/revisions\/7289"}],"wp:featuredmedia":[{"embeddable":true,"href":"https:\/\/capivari.sp.gov.br\/portal\/wp-json\/wp\/v2\/media\/7288"}],"wp:attachment":[{"href":"https:\/\/capivari.sp.gov.br\/portal\/wp-json\/wp\/v2\/media?parent=7287"}],"wp:term":[{"taxonomy":"category","embeddable":true,"href":"https:\/\/capivari.sp.gov.br\/portal\/wp-json\/wp\/v2\/categories?post=7287"},{"taxonomy":"post_tag","embeddable":true,"href":"https:\/\/capivari.sp.gov.br\/portal\/wp-json\/wp\/v2\/tags?post=7287"}],"curies":[{"name":"wp","href":"https:\/\/api.w.org\/{rel}","templated":true}]}}