{"id":7299,"date":"2022-11-14T16:45:41","date_gmt":"2022-11-14T19:45:41","guid":{"rendered":"https:\/\/capivari.sp.gov.br\/portal\/?p=7299"},"modified":"2022-11-14T16:45:41","modified_gmt":"2022-11-14T19:45:41","slug":"na-area-rural-da-cidade-guarda-civil-de-capivari-recupera-carreta-roubada","status":"publish","type":"post","link":"https:\/\/capivari.sp.gov.br\/portal\/na-area-rural-da-cidade-guarda-civil-de-capivari-recupera-carreta-roubada\/","title":{"rendered":"Na \u00e1rea rural da cidade, Guarda Civil de Capivari recupera carreta roubada"},"content":{"rendered":"<p>Na manh\u00e3 desta segunda-feira, dia 14, os oficiais da Guarda Civil de Capivari receberam uma den\u00fancia atrav\u00e9s da Central de Comunica\u00e7\u00f5es (CECOM), sobre uma carreta que aparentava estar abandonada nas imedia\u00e7\u00f5es da estrada que liga Capivari a Santa B\u00e1rbara D\u2019Oeste, na \u00e1rea rural do munic\u00edpio. Com rapidez, os agentes conseguiram localizar o caminh\u00e3o com uma carreta bitrem, usada para transporte de combust\u00edvel, aparentemente vazia.<\/p>\n<p>Ap\u00f3s consulta nos sistemas policiais, n\u00e3o foi encontrado nenhuma queixa de furto ou roubo contra o ve\u00edculo. Os oficiais entraram em contato com o propriet\u00e1rio, que disse desconhecer o delito. Em seguida, o dono entrou em contato com o motorista respons\u00e1vel pelo ve\u00edculo, que lhe informou que havia sido roubado e dispensado na cidade de Cerquilho. Diante da situa\u00e7\u00e3o, os Guardas isolaram o local para per\u00edcia, posteriormente levando a carreta para a Delegacia.<\/p>\n<p>A autoridade policial registrou o furto e posteriormente liberou o ve\u00edculo para ser entregue ao propriet\u00e1rio.<\/p>\n<p>A Guarda Civil de Capivari atende a todos os tipos de ocorr\u00eancia atrav\u00e9s do telefone 153, que funciona 24 horas por dia, sete dias por semana.<\/p>\n","protected":false},"excerpt":{"rendered":"<p>Na manh\u00e3 desta segunda-feira, dia 14, os oficiais da Guarda Civil de Capivari receberam uma den\u00fancia atrav\u00e9s da Central de Comunica\u00e7\u00f5es (CECOM), sobre uma carreta que aparentava estar abandonada nas imedia\u00e7\u00f5es da estrada que liga Capivari a Santa B\u00e1rbara D\u2019Oeste, na \u00e1rea rural do munic\u00edpio. Com rapidez, os agentes conseguiram localizar o caminh\u00e3o com uma [&hellip;]<\/p>\n","protected":false},"author":2,"featured_media":7300,"comment_status":"open","ping_status":"open","sticky":false,"template":"","format":"standard","meta":{"ocean_post_layout":"","ocean_both_sidebars_style":"","ocean_both_sidebars_content_width":0,"ocean_both_sidebars_sidebars_width":0,"ocean_sidebar":"","ocean_second_sidebar":"","ocean_disable_margins":"enable","ocean_add_body_class":"","ocean_shortcode_before_top_bar":"","ocean_shortcode_after_top_bar":"","ocean_shortcode_before_header":"","ocean_shortcode_after_header":"","ocean_has_shortcode":"","ocean_shortcode_after_title":"","ocean_shortcode_before_footer_widgets":"","ocean_shortcode_after_footer_widgets":"","ocean_shortcode_before_footer_bottom":"","ocean_shortcode_after_footer_bottom":"","ocean_display_top_bar":"default","ocean_display_header":"default","ocean_header_style":"","ocean_center_header_left_menu":"","ocean_custom_header_template":"","ocean_custom_logo":0,"ocean_custom_retina_logo":0,"ocean_custom_logo_max_width":0,"ocean_custom_logo_tablet_max_width":0,"ocean_custom_logo_mobile_max_width":0,"ocean_custom_logo_max_height":0,"ocean_custom_logo_tablet_max_height":0,"ocean_custom_logo_mobile_max_height":0,"ocean_header_custom_menu":"","ocean_menu_typo_font_family":"","ocean_menu_typo_font_subset":"","ocean_menu_typo_font_size":0,"ocean_menu_typo_font_size_tablet":0,"ocean_menu_typo_font_size_mobile":0,"ocean_menu_typo_font_size_unit":"px","ocean_menu_typo_font_weight":"","ocean_menu_typo_font_weight_tablet":"","ocean_menu_typo_font_weight_mobile":"","ocean_menu_typo_transform":"","ocean_menu_typo_transform_tablet":"","ocean_menu_typo_transform_mobile":"","ocean_menu_typo_line_height":0,"ocean_menu_typo_line_height_tablet":0,"ocean_menu_typo_line_height_mobile":0,"ocean_menu_typo_line_height_unit":"","ocean_menu_typo_spacing":0,"ocean_menu_typo_spacing_tablet":0,"ocean_menu_typo_spacing_mobile":0,"ocean_menu_typo_spacing_unit":"","ocean_menu_link_color":"","ocean_menu_link_color_hover":"","ocean_menu_link_color_active":"","ocean_menu_link_background":"","ocean_menu_link_hover_background":"","ocean_menu_link_active_background":"","ocean_menu_social_links_bg":"","ocean_menu_social_hover_links_bg":"","ocean_menu_social_links_color":"","ocean_menu_social_hover_links_color":"","ocean_disable_title":"default","ocean_disable_heading":"default","ocean_post_title":"","ocean_post_subheading":"","ocean_post_title_style":"","ocean_post_title_background_color":"","ocean_post_title_background":0,"ocean_post_title_bg_image_position":"","ocean_post_title_bg_image_attachment":"","ocean_post_title_bg_image_repeat":"","ocean_post_title_bg_image_size":"","ocean_post_title_height":0,"ocean_post_title_bg_overlay":0.5,"ocean_post_title_bg_overlay_color":"","ocean_disable_breadcrumbs":"default","ocean_breadcrumbs_color":"","ocean_breadcrumbs_separator_color":"","ocean_breadcrumbs_links_color":"","ocean_breadcrumbs_links_hover_color":"","ocean_display_footer_widgets":"default","ocean_display_footer_bottom":"default","ocean_custom_footer_template":"","ocean_post_oembed":"","ocean_post_self_hosted_media":"","ocean_post_video_embed":"","ocean_link_format":"","ocean_link_format_target":"self","ocean_quote_format":"","ocean_quote_format_link":"post","ocean_gallery_link_images":"off","ocean_gallery_id":[],"footnotes":""},"categories":[4,5,32],"tags":[],"class_list":["post-7299","post","type-post","status-publish","format-standard","has-post-thumbnail","hentry","category-destaque","category-geral","category-seguranca-publica","entry","has-media"],"yoast_head":"<!-- This site is optimized with the Yoast SEO plugin v27.5 - https:\/\/yoast.com\/product\/yoast-seo-wordpress\/ -->\n<title>Na \u00e1rea rural da cidade, Guarda Civil de Capivari recupera carreta roubada - Prefeitura de Capivari<\/title>\n<meta name=\"robots\" content=\"index, follow, max-snippet:-1, max-image-preview:large, max-video-preview:-1\" \/>\n<link rel=\"canonical\" href=\"https:\/\/capivari.sp.gov.br\/portal\/na-area-rural-da-cidade-guarda-civil-de-capivari-recupera-carreta-roubada\/\" \/>\n<meta property=\"og:locale\" content=\"pt_BR\" \/>\n<meta property=\"og:type\" content=\"article\" \/>\n<meta property=\"og:title\" content=\"Na \u00e1rea rural da cidade, Guarda Civil de Capivari recupera carreta roubada - Prefeitura de Capivari\" \/>\n<meta property=\"og:description\" content=\"Na manh\u00e3 desta segunda-feira, dia 14, os oficiais da Guarda Civil de Capivari receberam uma den\u00fancia atrav\u00e9s da Central de Comunica\u00e7\u00f5es (CECOM), sobre uma carreta que aparentava estar abandonada nas imedia\u00e7\u00f5es da estrada que liga Capivari a Santa B\u00e1rbara D\u2019Oeste, na \u00e1rea rural do munic\u00edpio. Com rapidez, os agentes conseguiram localizar o caminh\u00e3o com uma [&hellip;]\" \/>\n<meta property=\"og:url\" content=\"https:\/\/capivari.sp.gov.br\/portal\/na-area-rural-da-cidade-guarda-civil-de-capivari-recupera-carreta-roubada\/\" \/>\n<meta property=\"og:site_name\" content=\"Prefeitura de Capivari\" \/>\n<meta property=\"article:publisher\" content=\"https:\/\/www.facebook.com\/PrefeituradeCapivari\/\" \/>\n<meta property=\"article:published_time\" content=\"2022-11-14T19:45:41+00:00\" \/>\n<meta property=\"og:image\" content=\"https:\/\/capivari.sp.gov.br\/portal\/wp-content\/uploads\/2022\/11\/WhatsApp-Image-2022-11-14-at-16.01.12.jpeg\" \/>\n\t<meta property=\"og:image:width\" content=\"1280\" \/>\n\t<meta property=\"og:image:height\" content=\"590\" \/>\n\t<meta property=\"og:image:type\" content=\"image\/jpeg\" \/>\n<meta name=\"author\" content=\"Thalles Cristiano\" \/>\n<meta name=\"twitter:card\" content=\"summary_large_image\" \/>\n<meta name=\"twitter:creator\" content=\"@PrefCapivari\" \/>\n<meta name=\"twitter:site\" content=\"@PrefCapivari\" \/>\n<meta name=\"twitter:label1\" content=\"Escrito por\" \/>\n\t<meta name=\"twitter:data1\" content=\"Thalles Cristiano\" \/>\n\t<meta name=\"twitter:label2\" content=\"Est. tempo de leitura\" \/>\n\t<meta name=\"twitter:data2\" content=\"1 minuto\" \/>\n<script type=\"application\/ld+json\" class=\"yoast-schema-graph\">{\"@context\":\"https:\\\/\\\/schema.org\",\"@graph\":[{\"@type\":\"Article\",\"@id\":\"https:\\\/\\\/capivari.sp.gov.br\\\/portal\\\/na-area-rural-da-cidade-guarda-civil-de-capivari-recupera-carreta-roubada\\\/#article\",\"isPartOf\":{\"@id\":\"https:\\\/\\\/capivari.sp.gov.br\\\/portal\\\/na-area-rural-da-cidade-guarda-civil-de-capivari-recupera-carreta-roubada\\\/\"},\"author\":{\"name\":\"Thalles Cristiano\",\"@id\":\"https:\\\/\\\/capivari.sp.gov.br\\\/portal\\\/#\\\/schema\\\/person\\\/98801614a91d449946b0687ae2db9f29\"},\"headline\":\"Na \u00e1rea rural da cidade, Guarda Civil de Capivari recupera carreta roubada\",\"datePublished\":\"2022-11-14T19:45:41+00:00\",\"mainEntityOfPage\":{\"@id\":\"https:\\\/\\\/capivari.sp.gov.br\\\/portal\\\/na-area-rural-da-cidade-guarda-civil-de-capivari-recupera-carreta-roubada\\\/\"},\"wordCount\":209,\"commentCount\":0,\"publisher\":{\"@id\":\"https:\\\/\\\/capivari.sp.gov.br\\\/portal\\\/#organization\"},\"image\":{\"@id\":\"https:\\\/\\\/capivari.sp.gov.br\\\/portal\\\/na-area-rural-da-cidade-guarda-civil-de-capivari-recupera-carreta-roubada\\\/#primaryimage\"},\"thumbnailUrl\":\"https:\\\/\\\/capivari.sp.gov.br\\\/portal\\\/wp-content\\\/uploads\\\/2022\\\/11\\\/WhatsApp-Image-2022-11-14-at-16.01.12.jpeg\",\"articleSection\":[\"Destaque\",\"Geral\",\"Seguran\u00e7a P\u00fablica\"],\"inLanguage\":\"pt-BR\",\"potentialAction\":[{\"@type\":\"CommentAction\",\"name\":\"Comment\",\"target\":[\"https:\\\/\\\/capivari.sp.gov.br\\\/portal\\\/na-area-rural-da-cidade-guarda-civil-de-capivari-recupera-carreta-roubada\\\/#respond\"]}]},{\"@type\":\"WebPage\",\"@id\":\"https:\\\/\\\/capivari.sp.gov.br\\\/portal\\\/na-area-rural-da-cidade-guarda-civil-de-capivari-recupera-carreta-roubada\\\/\",\"url\":\"https:\\\/\\\/capivari.sp.gov.br\\\/portal\\\/na-area-rural-da-cidade-guarda-civil-de-capivari-recupera-carreta-roubada\\\/\",\"name\":\"Na \u00e1rea rural da cidade, Guarda Civil de Capivari recupera carreta roubada - Prefeitura de Capivari\",\"isPartOf\":{\"@id\":\"https:\\\/\\\/capivari.sp.gov.br\\\/portal\\\/#website\"},\"primaryImageOfPage\":{\"@id\":\"https:\\\/\\\/capivari.sp.gov.br\\\/portal\\\/na-area-rural-da-cidade-guarda-civil-de-capivari-recupera-carreta-roubada\\\/#primaryimage\"},\"image\":{\"@id\":\"https:\\\/\\\/capivari.sp.gov.br\\\/portal\\\/na-area-rural-da-cidade-guarda-civil-de-capivari-recupera-carreta-roubada\\\/#primaryimage\"},\"thumbnailUrl\":\"https:\\\/\\\/capivari.sp.gov.br\\\/portal\\\/wp-content\\\/uploads\\\/2022\\\/11\\\/WhatsApp-Image-2022-11-14-at-16.01.12.jpeg\",\"datePublished\":\"2022-11-14T19:45:41+00:00\",\"breadcrumb\":{\"@id\":\"https:\\\/\\\/capivari.sp.gov.br\\\/portal\\\/na-area-rural-da-cidade-guarda-civil-de-capivari-recupera-carreta-roubada\\\/#breadcrumb\"},\"inLanguage\":\"pt-BR\",\"potentialAction\":[{\"@type\":\"ReadAction\",\"target\":[\"https:\\\/\\\/capivari.sp.gov.br\\\/portal\\\/na-area-rural-da-cidade-guarda-civil-de-capivari-recupera-carreta-roubada\\\/\"]}]},{\"@type\":\"ImageObject\",\"inLanguage\":\"pt-BR\",\"@id\":\"https:\\\/\\\/capivari.sp.gov.br\\\/portal\\\/na-area-rural-da-cidade-guarda-civil-de-capivari-recupera-carreta-roubada\\\/#primaryimage\",\"url\":\"https:\\\/\\\/capivari.sp.gov.br\\\/portal\\\/wp-content\\\/uploads\\\/2022\\\/11\\\/WhatsApp-Image-2022-11-14-at-16.01.12.jpeg\",\"contentUrl\":\"https:\\\/\\\/capivari.sp.gov.br\\\/portal\\\/wp-content\\\/uploads\\\/2022\\\/11\\\/WhatsApp-Image-2022-11-14-at-16.01.12.jpeg\",\"width\":1280,\"height\":590},{\"@type\":\"BreadcrumbList\",\"@id\":\"https:\\\/\\\/capivari.sp.gov.br\\\/portal\\\/na-area-rural-da-cidade-guarda-civil-de-capivari-recupera-carreta-roubada\\\/#breadcrumb\",\"itemListElement\":[{\"@type\":\"ListItem\",\"position\":1,\"name\":\"In\u00edcio\",\"item\":\"https:\\\/\\\/capivari.sp.gov.br\\\/portal\\\/\"},{\"@type\":\"ListItem\",\"position\":2,\"name\":\"Na \u00e1rea rural da cidade, Guarda Civil de Capivari recupera carreta roubada\"}]},{\"@type\":\"WebSite\",\"@id\":\"https:\\\/\\\/capivari.sp.gov.br\\\/portal\\\/#website\",\"url\":\"https:\\\/\\\/capivari.sp.gov.br\\\/portal\\\/\",\"name\":\"Prefeitura de Capivari\",\"description\":\"Prefeitura de Capivari\",\"publisher\":{\"@id\":\"https:\\\/\\\/capivari.sp.gov.br\\\/portal\\\/#organization\"},\"potentialAction\":[{\"@type\":\"SearchAction\",\"target\":{\"@type\":\"EntryPoint\",\"urlTemplate\":\"https:\\\/\\\/capivari.sp.gov.br\\\/portal\\\/?s={search_term_string}\"},\"query-input\":{\"@type\":\"PropertyValueSpecification\",\"valueRequired\":true,\"valueName\":\"search_term_string\"}}],\"inLanguage\":\"pt-BR\"},{\"@type\":\"Organization\",\"@id\":\"https:\\\/\\\/capivari.sp.gov.br\\\/portal\\\/#organization\",\"name\":\"Prefeitura de Capivari\",\"url\":\"https:\\\/\\\/capivari.sp.gov.br\\\/portal\\\/\",\"logo\":{\"@type\":\"ImageObject\",\"inLanguage\":\"pt-BR\",\"@id\":\"https:\\\/\\\/capivari.sp.gov.br\\\/portal\\\/#\\\/schema\\\/logo\\\/image\\\/\",\"url\":\"https:\\\/\\\/capivari.sp.gov.br\\\/portal\\\/wp-content\\\/uploads\\\/2021\\\/09\\\/logo-prefeitura-de-capivari.png\",\"contentUrl\":\"https:\\\/\\\/capivari.sp.gov.br\\\/portal\\\/wp-content\\\/uploads\\\/2021\\\/09\\\/logo-prefeitura-de-capivari.png\",\"width\":200,\"height\":147,\"caption\":\"Prefeitura de Capivari\"},\"image\":{\"@id\":\"https:\\\/\\\/capivari.sp.gov.br\\\/portal\\\/#\\\/schema\\\/logo\\\/image\\\/\"},\"sameAs\":[\"https:\\\/\\\/www.facebook.com\\\/PrefeituradeCapivari\\\/\",\"https:\\\/\\\/x.com\\\/PrefCapivari\",\"https:\\\/\\\/www.instagram.com\\\/prefeituracapivari\\\/\"]},{\"@type\":\"Person\",\"@id\":\"https:\\\/\\\/capivari.sp.gov.br\\\/portal\\\/#\\\/schema\\\/person\\\/98801614a91d449946b0687ae2db9f29\",\"name\":\"Thalles Cristiano\",\"image\":{\"@type\":\"ImageObject\",\"inLanguage\":\"pt-BR\",\"@id\":\"https:\\\/\\\/secure.gravatar.com\\\/avatar\\\/0d1b9a4bdcde99ab11a8cd27abdcd088993749b82c4355c0301135023dc52b3d?s=96&d=mm&r=g\",\"url\":\"https:\\\/\\\/secure.gravatar.com\\\/avatar\\\/0d1b9a4bdcde99ab11a8cd27abdcd088993749b82c4355c0301135023dc52b3d?s=96&d=mm&r=g\",\"contentUrl\":\"https:\\\/\\\/secure.gravatar.com\\\/avatar\\\/0d1b9a4bdcde99ab11a8cd27abdcd088993749b82c4355c0301135023dc52b3d?s=96&d=mm&r=g\",\"caption\":\"Thalles Cristiano\"},\"url\":\"https:\\\/\\\/capivari.sp.gov.br\\\/portal\\\/author\\\/thalles-cristiano\\\/\"}]}<\/script>\n<!-- \/ Yoast SEO plugin. -->","yoast_head_json":{"title":"Na \u00e1rea rural da cidade, Guarda Civil de Capivari recupera carreta roubada - Prefeitura de Capivari","robots":{"index":"index","follow":"follow","max-snippet":"max-snippet:-1","max-image-preview":"max-image-preview:large","max-video-preview":"max-video-preview:-1"},"canonical":"https:\/\/capivari.sp.gov.br\/portal\/na-area-rural-da-cidade-guarda-civil-de-capivari-recupera-carreta-roubada\/","og_locale":"pt_BR","og_type":"article","og_title":"Na \u00e1rea rural da cidade, Guarda Civil de Capivari recupera carreta roubada - Prefeitura de Capivari","og_description":"Na manh\u00e3 desta segunda-feira, dia 14, os oficiais da Guarda Civil de Capivari receberam uma den\u00fancia atrav\u00e9s da Central de Comunica\u00e7\u00f5es (CECOM), sobre uma carreta que aparentava estar abandonada nas imedia\u00e7\u00f5es da estrada que liga Capivari a Santa B\u00e1rbara D\u2019Oeste, na \u00e1rea rural do munic\u00edpio. Com rapidez, os agentes conseguiram localizar o caminh\u00e3o com uma [&hellip;]","og_url":"https:\/\/capivari.sp.gov.br\/portal\/na-area-rural-da-cidade-guarda-civil-de-capivari-recupera-carreta-roubada\/","og_site_name":"Prefeitura de Capivari","article_publisher":"https:\/\/www.facebook.com\/PrefeituradeCapivari\/","article_published_time":"2022-11-14T19:45:41+00:00","og_image":[{"width":1280,"height":590,"url":"https:\/\/capivari.sp.gov.br\/portal\/wp-content\/uploads\/2022\/11\/WhatsApp-Image-2022-11-14-at-16.01.12.jpeg","type":"image\/jpeg"}],"author":"Thalles Cristiano","twitter_card":"summary_large_image","twitter_creator":"@PrefCapivari","twitter_site":"@PrefCapivari","twitter_misc":{"Escrito por":"Thalles Cristiano","Est. tempo de leitura":"1 minuto"},"schema":{"@context":"https:\/\/schema.org","@graph":[{"@type":"Article","@id":"https:\/\/capivari.sp.gov.br\/portal\/na-area-rural-da-cidade-guarda-civil-de-capivari-recupera-carreta-roubada\/#article","isPartOf":{"@id":"https:\/\/capivari.sp.gov.br\/portal\/na-area-rural-da-cidade-guarda-civil-de-capivari-recupera-carreta-roubada\/"},"author":{"name":"Thalles Cristiano","@id":"https:\/\/capivari.sp.gov.br\/portal\/#\/schema\/person\/98801614a91d449946b0687ae2db9f29"},"headline":"Na \u00e1rea rural da cidade, Guarda Civil de Capivari recupera carreta roubada","datePublished":"2022-11-14T19:45:41+00:00","mainEntityOfPage":{"@id":"https:\/\/capivari.sp.gov.br\/portal\/na-area-rural-da-cidade-guarda-civil-de-capivari-recupera-carreta-roubada\/"},"wordCount":209,"commentCount":0,"publisher":{"@id":"https:\/\/capivari.sp.gov.br\/portal\/#organization"},"image":{"@id":"https:\/\/capivari.sp.gov.br\/portal\/na-area-rural-da-cidade-guarda-civil-de-capivari-recupera-carreta-roubada\/#primaryimage"},"thumbnailUrl":"https:\/\/capivari.sp.gov.br\/portal\/wp-content\/uploads\/2022\/11\/WhatsApp-Image-2022-11-14-at-16.01.12.jpeg","articleSection":["Destaque","Geral","Seguran\u00e7a P\u00fablica"],"inLanguage":"pt-BR","potentialAction":[{"@type":"CommentAction","name":"Comment","target":["https:\/\/capivari.sp.gov.br\/portal\/na-area-rural-da-cidade-guarda-civil-de-capivari-recupera-carreta-roubada\/#respond"]}]},{"@type":"WebPage","@id":"https:\/\/capivari.sp.gov.br\/portal\/na-area-rural-da-cidade-guarda-civil-de-capivari-recupera-carreta-roubada\/","url":"https:\/\/capivari.sp.gov.br\/portal\/na-area-rural-da-cidade-guarda-civil-de-capivari-recupera-carreta-roubada\/","name":"Na \u00e1rea rural da cidade, Guarda Civil de Capivari recupera carreta roubada - Prefeitura de Capivari","isPartOf":{"@id":"https:\/\/capivari.sp.gov.br\/portal\/#website"},"primaryImageOfPage":{"@id":"https:\/\/capivari.sp.gov.br\/portal\/na-area-rural-da-cidade-guarda-civil-de-capivari-recupera-carreta-roubada\/#primaryimage"},"image":{"@id":"https:\/\/capivari.sp.gov.br\/portal\/na-area-rural-da-cidade-guarda-civil-de-capivari-recupera-carreta-roubada\/#primaryimage"},"thumbnailUrl":"https:\/\/capivari.sp.gov.br\/portal\/wp-content\/uploads\/2022\/11\/WhatsApp-Image-2022-11-14-at-16.01.12.jpeg","datePublished":"2022-11-14T19:45:41+00:00","breadcrumb":{"@id":"https:\/\/capivari.sp.gov.br\/portal\/na-area-rural-da-cidade-guarda-civil-de-capivari-recupera-carreta-roubada\/#breadcrumb"},"inLanguage":"pt-BR","potentialAction":[{"@type":"ReadAction","target":["https:\/\/capivari.sp.gov.br\/portal\/na-area-rural-da-cidade-guarda-civil-de-capivari-recupera-carreta-roubada\/"]}]},{"@type":"ImageObject","inLanguage":"pt-BR","@id":"https:\/\/capivari.sp.gov.br\/portal\/na-area-rural-da-cidade-guarda-civil-de-capivari-recupera-carreta-roubada\/#primaryimage","url":"https:\/\/capivari.sp.gov.br\/portal\/wp-content\/uploads\/2022\/11\/WhatsApp-Image-2022-11-14-at-16.01.12.jpeg","contentUrl":"https:\/\/capivari.sp.gov.br\/portal\/wp-content\/uploads\/2022\/11\/WhatsApp-Image-2022-11-14-at-16.01.12.jpeg","width":1280,"height":590},{"@type":"BreadcrumbList","@id":"https:\/\/capivari.sp.gov.br\/portal\/na-area-rural-da-cidade-guarda-civil-de-capivari-recupera-carreta-roubada\/#breadcrumb","itemListElement":[{"@type":"ListItem","position":1,"name":"In\u00edcio","item":"https:\/\/capivari.sp.gov.br\/portal\/"},{"@type":"ListItem","position":2,"name":"Na \u00e1rea rural da cidade, Guarda Civil de Capivari recupera carreta roubada"}]},{"@type":"WebSite","@id":"https:\/\/capivari.sp.gov.br\/portal\/#website","url":"https:\/\/capivari.sp.gov.br\/portal\/","name":"Prefeitura de Capivari","description":"Prefeitura de Capivari","publisher":{"@id":"https:\/\/capivari.sp.gov.br\/portal\/#organization"},"potentialAction":[{"@type":"SearchAction","target":{"@type":"EntryPoint","urlTemplate":"https:\/\/capivari.sp.gov.br\/portal\/?s={search_term_string}"},"query-input":{"@type":"PropertyValueSpecification","valueRequired":true,"valueName":"search_term_string"}}],"inLanguage":"pt-BR"},{"@type":"Organization","@id":"https:\/\/capivari.sp.gov.br\/portal\/#organization","name":"Prefeitura de Capivari","url":"https:\/\/capivari.sp.gov.br\/portal\/","logo":{"@type":"ImageObject","inLanguage":"pt-BR","@id":"https:\/\/capivari.sp.gov.br\/portal\/#\/schema\/logo\/image\/","url":"https:\/\/capivari.sp.gov.br\/portal\/wp-content\/uploads\/2021\/09\/logo-prefeitura-de-capivari.png","contentUrl":"https:\/\/capivari.sp.gov.br\/portal\/wp-content\/uploads\/2021\/09\/logo-prefeitura-de-capivari.png","width":200,"height":147,"caption":"Prefeitura de Capivari"},"image":{"@id":"https:\/\/capivari.sp.gov.br\/portal\/#\/schema\/logo\/image\/"},"sameAs":["https:\/\/www.facebook.com\/PrefeituradeCapivari\/","https:\/\/x.com\/PrefCapivari","https:\/\/www.instagram.com\/prefeituracapivari\/"]},{"@type":"Person","@id":"https:\/\/capivari.sp.gov.br\/portal\/#\/schema\/person\/98801614a91d449946b0687ae2db9f29","name":"Thalles Cristiano","image":{"@type":"ImageObject","inLanguage":"pt-BR","@id":"https:\/\/secure.gravatar.com\/avatar\/0d1b9a4bdcde99ab11a8cd27abdcd088993749b82c4355c0301135023dc52b3d?s=96&d=mm&r=g","url":"https:\/\/secure.gravatar.com\/avatar\/0d1b9a4bdcde99ab11a8cd27abdcd088993749b82c4355c0301135023dc52b3d?s=96&d=mm&r=g","contentUrl":"https:\/\/secure.gravatar.com\/avatar\/0d1b9a4bdcde99ab11a8cd27abdcd088993749b82c4355c0301135023dc52b3d?s=96&d=mm&r=g","caption":"Thalles Cristiano"},"url":"https:\/\/capivari.sp.gov.br\/portal\/author\/thalles-cristiano\/"}]}},"_links":{"self":[{"href":"https:\/\/capivari.sp.gov.br\/portal\/wp-json\/wp\/v2\/posts\/7299","targetHints":{"allow":["GET"]}}],"collection":[{"href":"https:\/\/capivari.sp.gov.br\/portal\/wp-json\/wp\/v2\/posts"}],"about":[{"href":"https:\/\/capivari.sp.gov.br\/portal\/wp-json\/wp\/v2\/types\/post"}],"author":[{"embeddable":true,"href":"https:\/\/capivari.sp.gov.br\/portal\/wp-json\/wp\/v2\/users\/2"}],"replies":[{"embeddable":true,"href":"https:\/\/capivari.sp.gov.br\/portal\/wp-json\/wp\/v2\/comments?post=7299"}],"version-history":[{"count":1,"href":"https:\/\/capivari.sp.gov.br\/portal\/wp-json\/wp\/v2\/posts\/7299\/revisions"}],"predecessor-version":[{"id":7301,"href":"https:\/\/capivari.sp.gov.br\/portal\/wp-json\/wp\/v2\/posts\/7299\/revisions\/7301"}],"wp:featuredmedia":[{"embeddable":true,"href":"https:\/\/capivari.sp.gov.br\/portal\/wp-json\/wp\/v2\/media\/7300"}],"wp:attachment":[{"href":"https:\/\/capivari.sp.gov.br\/portal\/wp-json\/wp\/v2\/media?parent=7299"}],"wp:term":[{"taxonomy":"category","embeddable":true,"href":"https:\/\/capivari.sp.gov.br\/portal\/wp-json\/wp\/v2\/categories?post=7299"},{"taxonomy":"post_tag","embeddable":true,"href":"https:\/\/capivari.sp.gov.br\/portal\/wp-json\/wp\/v2\/tags?post=7299"}],"curies":[{"name":"wp","href":"https:\/\/api.w.org\/{rel}","templated":true}]}}