{"id":7418,"date":"2022-11-23T16:15:12","date_gmt":"2022-11-23T19:15:12","guid":{"rendered":"https:\/\/capivari.sp.gov.br\/portal\/?p=7418"},"modified":"2022-11-24T08:57:58","modified_gmt":"2022-11-24T11:57:58","slug":"edicao-de-novembro-do-programa-domingos-de-lazer-acontece-neste-domingo-dia-27-no-bairro-jardim-santa-rita-de-cassia","status":"publish","type":"post","link":"https:\/\/capivari.sp.gov.br\/portal\/edicao-de-novembro-do-programa-domingos-de-lazer-acontece-neste-domingo-dia-27-no-bairro-jardim-santa-rita-de-cassia\/","title":{"rendered":"Edi\u00e7\u00e3o de novembro do programa \u201cDomingos de Lazer\u201d acontece neste domingo, dia 27, no bairro Jardim Santa Rita de C\u00e1ssia"},"content":{"rendered":"<p>Neste domingo, dia 27, acontece mais uma edi\u00e7\u00e3o do programa \u201cDomingos de Lazer\u201d, em um novo local, seguindo a programa\u00e7\u00e3o da Secretaria de Cultura e Turismo. A quadra poliesportiva do bairro Jardim Santa Rita de C\u00e1ssia, popularmente conhecida como Santa Rita do Trevo, vai sediar as atividades, em uma a\u00e7\u00e3o combinada da Secretaria de Cultura e Turismo, Secretaria de Juventude, Esporte e Lazer e Secretaria de Educa\u00e7\u00e3o, das 09 \u00e0s 12h.<\/p>\n<p>O programa \u201cDomingos de Lazer\u201d chega a sua quarta edi\u00e7\u00e3o no ano de 2022, acontecendo sempre no \u00faltimo domingo de cada m\u00eas, seguindo a proposta de levar atra\u00e7\u00f5es a diferentes bairros da cidade em uma grande festa, assim como no ano passado, quando o projeto foi criado. A a\u00e7\u00e3o contar\u00e1 com apresenta\u00e7\u00f5es musicais, al\u00e9m da organiza\u00e7\u00e3o de diversas atividades de recrea\u00e7\u00e3o para o p\u00fablico infantojuvenil, como futebol de rua, t\u00eanis de mesa, jogos de tabuleiro, gincanas e muito mais para entreter toda a fam\u00edlia.<\/p>\n<p>A quadra poliesportiva \u00e9 situada na rua \u00canio de Godoy, s\/n\u00ba, Jardim Santa Rita de C\u00e1ssia. Para mais informa\u00e7\u00f5es, a Secretaria de Cultura e Turismo atende atrav\u00e9s do telefone 3491-1322.<\/p>\n","protected":false},"excerpt":{"rendered":"<p>Neste domingo, dia 27, acontece mais uma edi\u00e7\u00e3o do programa \u201cDomingos de Lazer\u201d, em um novo local, seguindo a programa\u00e7\u00e3o da Secretaria de Cultura e Turismo. A quadra poliesportiva do bairro Jardim Santa Rita de C\u00e1ssia, popularmente conhecida como Santa Rita do Trevo, vai sediar as atividades, em uma a\u00e7\u00e3o combinada da Secretaria de Cultura [&hellip;]<\/p>\n","protected":false},"author":2,"featured_media":7420,"comment_status":"open","ping_status":"open","sticky":false,"template":"","format":"standard","meta":{"ocean_post_layout":"","ocean_both_sidebars_style":"","ocean_both_sidebars_content_width":0,"ocean_both_sidebars_sidebars_width":0,"ocean_sidebar":"0","ocean_second_sidebar":"0","ocean_disable_margins":"enable","ocean_add_body_class":"","ocean_shortcode_before_top_bar":"","ocean_shortcode_after_top_bar":"","ocean_shortcode_before_header":"","ocean_shortcode_after_header":"","ocean_has_shortcode":"","ocean_shortcode_after_title":"","ocean_shortcode_before_footer_widgets":"","ocean_shortcode_after_footer_widgets":"","ocean_shortcode_before_footer_bottom":"","ocean_shortcode_after_footer_bottom":"","ocean_display_top_bar":"default","ocean_display_header":"default","ocean_header_style":"","ocean_center_header_left_menu":"0","ocean_custom_header_template":"0","ocean_custom_logo":0,"ocean_custom_retina_logo":0,"ocean_custom_logo_max_width":0,"ocean_custom_logo_tablet_max_width":0,"ocean_custom_logo_mobile_max_width":0,"ocean_custom_logo_max_height":0,"ocean_custom_logo_tablet_max_height":0,"ocean_custom_logo_mobile_max_height":0,"ocean_header_custom_menu":"0","ocean_menu_typo_font_family":"0","ocean_menu_typo_font_subset":"","ocean_menu_typo_font_size":0,"ocean_menu_typo_font_size_tablet":0,"ocean_menu_typo_font_size_mobile":0,"ocean_menu_typo_font_size_unit":"px","ocean_menu_typo_font_weight":"","ocean_menu_typo_font_weight_tablet":"","ocean_menu_typo_font_weight_mobile":"","ocean_menu_typo_transform":"","ocean_menu_typo_transform_tablet":"","ocean_menu_typo_transform_mobile":"","ocean_menu_typo_line_height":0,"ocean_menu_typo_line_height_tablet":0,"ocean_menu_typo_line_height_mobile":0,"ocean_menu_typo_line_height_unit":"","ocean_menu_typo_spacing":0,"ocean_menu_typo_spacing_tablet":0,"ocean_menu_typo_spacing_mobile":0,"ocean_menu_typo_spacing_unit":"","ocean_menu_link_color":"","ocean_menu_link_color_hover":"","ocean_menu_link_color_active":"","ocean_menu_link_background":"","ocean_menu_link_hover_background":"","ocean_menu_link_active_background":"","ocean_menu_social_links_bg":"","ocean_menu_social_hover_links_bg":"","ocean_menu_social_links_color":"","ocean_menu_social_hover_links_color":"","ocean_disable_title":"default","ocean_disable_heading":"default","ocean_post_title":"","ocean_post_subheading":"","ocean_post_title_style":"","ocean_post_title_background_color":"","ocean_post_title_background":0,"ocean_post_title_bg_image_position":"","ocean_post_title_bg_image_attachment":"","ocean_post_title_bg_image_repeat":"","ocean_post_title_bg_image_size":"","ocean_post_title_height":0,"ocean_post_title_bg_overlay":0.5,"ocean_post_title_bg_overlay_color":"","ocean_disable_breadcrumbs":"default","ocean_breadcrumbs_color":"","ocean_breadcrumbs_separator_color":"","ocean_breadcrumbs_links_color":"","ocean_breadcrumbs_links_hover_color":"","ocean_display_footer_widgets":"default","ocean_display_footer_bottom":"default","ocean_custom_footer_template":"0","ocean_post_oembed":"","ocean_post_self_hosted_media":"","ocean_post_video_embed":"","ocean_link_format":"","ocean_link_format_target":"self","ocean_quote_format":"","ocean_quote_format_link":"post","ocean_gallery_link_images":"off","ocean_gallery_id":[],"footnotes":""},"categories":[17,4,5],"tags":[],"class_list":["post-7418","post","type-post","status-publish","format-standard","has-post-thumbnail","hentry","category-cultura","category-destaque","category-geral","entry","has-media"],"yoast_head":"<!-- This site is optimized with the Yoast SEO plugin v27.5 - https:\/\/yoast.com\/product\/yoast-seo-wordpress\/ -->\n<title>Edi\u00e7\u00e3o de novembro do programa \u201cDomingos de Lazer\u201d acontece neste domingo, dia 27, no bairro Jardim Santa Rita de C\u00e1ssia - Prefeitura de Capivari<\/title>\n<meta name=\"robots\" content=\"index, follow, max-snippet:-1, max-image-preview:large, max-video-preview:-1\" \/>\n<link rel=\"canonical\" href=\"https:\/\/capivari.sp.gov.br\/portal\/edicao-de-novembro-do-programa-domingos-de-lazer-acontece-neste-domingo-dia-27-no-bairro-jardim-santa-rita-de-cassia\/\" \/>\n<meta property=\"og:locale\" content=\"pt_BR\" \/>\n<meta property=\"og:type\" content=\"article\" \/>\n<meta property=\"og:title\" content=\"Edi\u00e7\u00e3o de novembro do programa \u201cDomingos de Lazer\u201d acontece neste domingo, dia 27, no bairro Jardim Santa Rita de C\u00e1ssia - Prefeitura de Capivari\" \/>\n<meta property=\"og:description\" content=\"Neste domingo, dia 27, acontece mais uma edi\u00e7\u00e3o do programa \u201cDomingos de Lazer\u201d, em um novo local, seguindo a programa\u00e7\u00e3o da Secretaria de Cultura e Turismo. A quadra poliesportiva do bairro Jardim Santa Rita de C\u00e1ssia, popularmente conhecida como Santa Rita do Trevo, vai sediar as atividades, em uma a\u00e7\u00e3o combinada da Secretaria de Cultura [&hellip;]\" \/>\n<meta property=\"og:url\" content=\"https:\/\/capivari.sp.gov.br\/portal\/edicao-de-novembro-do-programa-domingos-de-lazer-acontece-neste-domingo-dia-27-no-bairro-jardim-santa-rita-de-cassia\/\" \/>\n<meta property=\"og:site_name\" content=\"Prefeitura de Capivari\" \/>\n<meta property=\"article:publisher\" content=\"https:\/\/www.facebook.com\/PrefeituradeCapivari\/\" \/>\n<meta property=\"article:published_time\" content=\"2022-11-23T19:15:12+00:00\" \/>\n<meta property=\"article:modified_time\" content=\"2022-11-24T11:57:58+00:00\" \/>\n<meta property=\"og:image\" content=\"https:\/\/capivari.sp.gov.br\/portal\/wp-content\/uploads\/2022\/11\/photo_5008351941163592490_y.jpg\" \/>\n\t<meta property=\"og:image:width\" content=\"1280\" \/>\n\t<meta property=\"og:image:height\" content=\"960\" \/>\n\t<meta property=\"og:image:type\" content=\"image\/jpeg\" \/>\n<meta name=\"author\" content=\"Thalles Cristiano\" \/>\n<meta name=\"twitter:card\" content=\"summary_large_image\" \/>\n<meta name=\"twitter:creator\" content=\"@PrefCapivari\" \/>\n<meta name=\"twitter:site\" content=\"@PrefCapivari\" \/>\n<meta name=\"twitter:label1\" content=\"Escrito por\" \/>\n\t<meta name=\"twitter:data1\" content=\"Thalles Cristiano\" \/>\n\t<meta name=\"twitter:label2\" content=\"Est. tempo de leitura\" \/>\n\t<meta name=\"twitter:data2\" content=\"2 minutos\" \/>\n<script type=\"application\/ld+json\" class=\"yoast-schema-graph\">{\"@context\":\"https:\\\/\\\/schema.org\",\"@graph\":[{\"@type\":\"Article\",\"@id\":\"https:\\\/\\\/capivari.sp.gov.br\\\/portal\\\/edicao-de-novembro-do-programa-domingos-de-lazer-acontece-neste-domingo-dia-27-no-bairro-jardim-santa-rita-de-cassia\\\/#article\",\"isPartOf\":{\"@id\":\"https:\\\/\\\/capivari.sp.gov.br\\\/portal\\\/edicao-de-novembro-do-programa-domingos-de-lazer-acontece-neste-domingo-dia-27-no-bairro-jardim-santa-rita-de-cassia\\\/\"},\"author\":{\"name\":\"Thalles Cristiano\",\"@id\":\"https:\\\/\\\/capivari.sp.gov.br\\\/portal\\\/#\\\/schema\\\/person\\\/98801614a91d449946b0687ae2db9f29\"},\"headline\":\"Edi\u00e7\u00e3o de novembro do programa \u201cDomingos de Lazer\u201d acontece neste domingo, dia 27, no bairro Jardim Santa Rita de C\u00e1ssia\",\"datePublished\":\"2022-11-23T19:15:12+00:00\",\"dateModified\":\"2022-11-24T11:57:58+00:00\",\"mainEntityOfPage\":{\"@id\":\"https:\\\/\\\/capivari.sp.gov.br\\\/portal\\\/edicao-de-novembro-do-programa-domingos-de-lazer-acontece-neste-domingo-dia-27-no-bairro-jardim-santa-rita-de-cassia\\\/\"},\"wordCount\":222,\"commentCount\":0,\"publisher\":{\"@id\":\"https:\\\/\\\/capivari.sp.gov.br\\\/portal\\\/#organization\"},\"image\":{\"@id\":\"https:\\\/\\\/capivari.sp.gov.br\\\/portal\\\/edicao-de-novembro-do-programa-domingos-de-lazer-acontece-neste-domingo-dia-27-no-bairro-jardim-santa-rita-de-cassia\\\/#primaryimage\"},\"thumbnailUrl\":\"https:\\\/\\\/capivari.sp.gov.br\\\/portal\\\/wp-content\\\/uploads\\\/2022\\\/11\\\/photo_5008351941163592490_y.jpg\",\"articleSection\":[\"Cultura\",\"Destaque\",\"Geral\"],\"inLanguage\":\"pt-BR\",\"potentialAction\":[{\"@type\":\"CommentAction\",\"name\":\"Comment\",\"target\":[\"https:\\\/\\\/capivari.sp.gov.br\\\/portal\\\/edicao-de-novembro-do-programa-domingos-de-lazer-acontece-neste-domingo-dia-27-no-bairro-jardim-santa-rita-de-cassia\\\/#respond\"]}]},{\"@type\":\"WebPage\",\"@id\":\"https:\\\/\\\/capivari.sp.gov.br\\\/portal\\\/edicao-de-novembro-do-programa-domingos-de-lazer-acontece-neste-domingo-dia-27-no-bairro-jardim-santa-rita-de-cassia\\\/\",\"url\":\"https:\\\/\\\/capivari.sp.gov.br\\\/portal\\\/edicao-de-novembro-do-programa-domingos-de-lazer-acontece-neste-domingo-dia-27-no-bairro-jardim-santa-rita-de-cassia\\\/\",\"name\":\"Edi\u00e7\u00e3o de novembro do programa \u201cDomingos de Lazer\u201d acontece neste domingo, dia 27, no bairro Jardim Santa Rita de C\u00e1ssia - Prefeitura de Capivari\",\"isPartOf\":{\"@id\":\"https:\\\/\\\/capivari.sp.gov.br\\\/portal\\\/#website\"},\"primaryImageOfPage\":{\"@id\":\"https:\\\/\\\/capivari.sp.gov.br\\\/portal\\\/edicao-de-novembro-do-programa-domingos-de-lazer-acontece-neste-domingo-dia-27-no-bairro-jardim-santa-rita-de-cassia\\\/#primaryimage\"},\"image\":{\"@id\":\"https:\\\/\\\/capivari.sp.gov.br\\\/portal\\\/edicao-de-novembro-do-programa-domingos-de-lazer-acontece-neste-domingo-dia-27-no-bairro-jardim-santa-rita-de-cassia\\\/#primaryimage\"},\"thumbnailUrl\":\"https:\\\/\\\/capivari.sp.gov.br\\\/portal\\\/wp-content\\\/uploads\\\/2022\\\/11\\\/photo_5008351941163592490_y.jpg\",\"datePublished\":\"2022-11-23T19:15:12+00:00\",\"dateModified\":\"2022-11-24T11:57:58+00:00\",\"breadcrumb\":{\"@id\":\"https:\\\/\\\/capivari.sp.gov.br\\\/portal\\\/edicao-de-novembro-do-programa-domingos-de-lazer-acontece-neste-domingo-dia-27-no-bairro-jardim-santa-rita-de-cassia\\\/#breadcrumb\"},\"inLanguage\":\"pt-BR\",\"potentialAction\":[{\"@type\":\"ReadAction\",\"target\":[\"https:\\\/\\\/capivari.sp.gov.br\\\/portal\\\/edicao-de-novembro-do-programa-domingos-de-lazer-acontece-neste-domingo-dia-27-no-bairro-jardim-santa-rita-de-cassia\\\/\"]}]},{\"@type\":\"ImageObject\",\"inLanguage\":\"pt-BR\",\"@id\":\"https:\\\/\\\/capivari.sp.gov.br\\\/portal\\\/edicao-de-novembro-do-programa-domingos-de-lazer-acontece-neste-domingo-dia-27-no-bairro-jardim-santa-rita-de-cassia\\\/#primaryimage\",\"url\":\"https:\\\/\\\/capivari.sp.gov.br\\\/portal\\\/wp-content\\\/uploads\\\/2022\\\/11\\\/photo_5008351941163592490_y.jpg\",\"contentUrl\":\"https:\\\/\\\/capivari.sp.gov.br\\\/portal\\\/wp-content\\\/uploads\\\/2022\\\/11\\\/photo_5008351941163592490_y.jpg\",\"width\":1280,\"height\":960},{\"@type\":\"BreadcrumbList\",\"@id\":\"https:\\\/\\\/capivari.sp.gov.br\\\/portal\\\/edicao-de-novembro-do-programa-domingos-de-lazer-acontece-neste-domingo-dia-27-no-bairro-jardim-santa-rita-de-cassia\\\/#breadcrumb\",\"itemListElement\":[{\"@type\":\"ListItem\",\"position\":1,\"name\":\"In\u00edcio\",\"item\":\"https:\\\/\\\/capivari.sp.gov.br\\\/portal\\\/\"},{\"@type\":\"ListItem\",\"position\":2,\"name\":\"Edi\u00e7\u00e3o de novembro do programa \u201cDomingos de Lazer\u201d acontece neste domingo, dia 27, no bairro Jardim Santa Rita de C\u00e1ssia\"}]},{\"@type\":\"WebSite\",\"@id\":\"https:\\\/\\\/capivari.sp.gov.br\\\/portal\\\/#website\",\"url\":\"https:\\\/\\\/capivari.sp.gov.br\\\/portal\\\/\",\"name\":\"Prefeitura de Capivari\",\"description\":\"Prefeitura de Capivari\",\"publisher\":{\"@id\":\"https:\\\/\\\/capivari.sp.gov.br\\\/portal\\\/#organization\"},\"potentialAction\":[{\"@type\":\"SearchAction\",\"target\":{\"@type\":\"EntryPoint\",\"urlTemplate\":\"https:\\\/\\\/capivari.sp.gov.br\\\/portal\\\/?s={search_term_string}\"},\"query-input\":{\"@type\":\"PropertyValueSpecification\",\"valueRequired\":true,\"valueName\":\"search_term_string\"}}],\"inLanguage\":\"pt-BR\"},{\"@type\":\"Organization\",\"@id\":\"https:\\\/\\\/capivari.sp.gov.br\\\/portal\\\/#organization\",\"name\":\"Prefeitura de Capivari\",\"url\":\"https:\\\/\\\/capivari.sp.gov.br\\\/portal\\\/\",\"logo\":{\"@type\":\"ImageObject\",\"inLanguage\":\"pt-BR\",\"@id\":\"https:\\\/\\\/capivari.sp.gov.br\\\/portal\\\/#\\\/schema\\\/logo\\\/image\\\/\",\"url\":\"https:\\\/\\\/capivari.sp.gov.br\\\/portal\\\/wp-content\\\/uploads\\\/2021\\\/09\\\/logo-prefeitura-de-capivari.png\",\"contentUrl\":\"https:\\\/\\\/capivari.sp.gov.br\\\/portal\\\/wp-content\\\/uploads\\\/2021\\\/09\\\/logo-prefeitura-de-capivari.png\",\"width\":200,\"height\":147,\"caption\":\"Prefeitura de Capivari\"},\"image\":{\"@id\":\"https:\\\/\\\/capivari.sp.gov.br\\\/portal\\\/#\\\/schema\\\/logo\\\/image\\\/\"},\"sameAs\":[\"https:\\\/\\\/www.facebook.com\\\/PrefeituradeCapivari\\\/\",\"https:\\\/\\\/x.com\\\/PrefCapivari\",\"https:\\\/\\\/www.instagram.com\\\/prefeituracapivari\\\/\"]},{\"@type\":\"Person\",\"@id\":\"https:\\\/\\\/capivari.sp.gov.br\\\/portal\\\/#\\\/schema\\\/person\\\/98801614a91d449946b0687ae2db9f29\",\"name\":\"Thalles Cristiano\",\"image\":{\"@type\":\"ImageObject\",\"inLanguage\":\"pt-BR\",\"@id\":\"https:\\\/\\\/secure.gravatar.com\\\/avatar\\\/0d1b9a4bdcde99ab11a8cd27abdcd088993749b82c4355c0301135023dc52b3d?s=96&d=mm&r=g\",\"url\":\"https:\\\/\\\/secure.gravatar.com\\\/avatar\\\/0d1b9a4bdcde99ab11a8cd27abdcd088993749b82c4355c0301135023dc52b3d?s=96&d=mm&r=g\",\"contentUrl\":\"https:\\\/\\\/secure.gravatar.com\\\/avatar\\\/0d1b9a4bdcde99ab11a8cd27abdcd088993749b82c4355c0301135023dc52b3d?s=96&d=mm&r=g\",\"caption\":\"Thalles Cristiano\"},\"url\":\"https:\\\/\\\/capivari.sp.gov.br\\\/portal\\\/author\\\/thalles-cristiano\\\/\"}]}<\/script>\n<!-- \/ Yoast SEO plugin. -->","yoast_head_json":{"title":"Edi\u00e7\u00e3o de novembro do programa \u201cDomingos de Lazer\u201d acontece neste domingo, dia 27, no bairro Jardim Santa Rita de C\u00e1ssia - Prefeitura de Capivari","robots":{"index":"index","follow":"follow","max-snippet":"max-snippet:-1","max-image-preview":"max-image-preview:large","max-video-preview":"max-video-preview:-1"},"canonical":"https:\/\/capivari.sp.gov.br\/portal\/edicao-de-novembro-do-programa-domingos-de-lazer-acontece-neste-domingo-dia-27-no-bairro-jardim-santa-rita-de-cassia\/","og_locale":"pt_BR","og_type":"article","og_title":"Edi\u00e7\u00e3o de novembro do programa \u201cDomingos de Lazer\u201d acontece neste domingo, dia 27, no bairro Jardim Santa Rita de C\u00e1ssia - Prefeitura de Capivari","og_description":"Neste domingo, dia 27, acontece mais uma edi\u00e7\u00e3o do programa \u201cDomingos de Lazer\u201d, em um novo local, seguindo a programa\u00e7\u00e3o da Secretaria de Cultura e Turismo. A quadra poliesportiva do bairro Jardim Santa Rita de C\u00e1ssia, popularmente conhecida como Santa Rita do Trevo, vai sediar as atividades, em uma a\u00e7\u00e3o combinada da Secretaria de Cultura [&hellip;]","og_url":"https:\/\/capivari.sp.gov.br\/portal\/edicao-de-novembro-do-programa-domingos-de-lazer-acontece-neste-domingo-dia-27-no-bairro-jardim-santa-rita-de-cassia\/","og_site_name":"Prefeitura de Capivari","article_publisher":"https:\/\/www.facebook.com\/PrefeituradeCapivari\/","article_published_time":"2022-11-23T19:15:12+00:00","article_modified_time":"2022-11-24T11:57:58+00:00","og_image":[{"width":1280,"height":960,"url":"https:\/\/capivari.sp.gov.br\/portal\/wp-content\/uploads\/2022\/11\/photo_5008351941163592490_y.jpg","type":"image\/jpeg"}],"author":"Thalles Cristiano","twitter_card":"summary_large_image","twitter_creator":"@PrefCapivari","twitter_site":"@PrefCapivari","twitter_misc":{"Escrito por":"Thalles Cristiano","Est. tempo de leitura":"2 minutos"},"schema":{"@context":"https:\/\/schema.org","@graph":[{"@type":"Article","@id":"https:\/\/capivari.sp.gov.br\/portal\/edicao-de-novembro-do-programa-domingos-de-lazer-acontece-neste-domingo-dia-27-no-bairro-jardim-santa-rita-de-cassia\/#article","isPartOf":{"@id":"https:\/\/capivari.sp.gov.br\/portal\/edicao-de-novembro-do-programa-domingos-de-lazer-acontece-neste-domingo-dia-27-no-bairro-jardim-santa-rita-de-cassia\/"},"author":{"name":"Thalles Cristiano","@id":"https:\/\/capivari.sp.gov.br\/portal\/#\/schema\/person\/98801614a91d449946b0687ae2db9f29"},"headline":"Edi\u00e7\u00e3o de novembro do programa \u201cDomingos de Lazer\u201d acontece neste domingo, dia 27, no bairro Jardim Santa Rita de C\u00e1ssia","datePublished":"2022-11-23T19:15:12+00:00","dateModified":"2022-11-24T11:57:58+00:00","mainEntityOfPage":{"@id":"https:\/\/capivari.sp.gov.br\/portal\/edicao-de-novembro-do-programa-domingos-de-lazer-acontece-neste-domingo-dia-27-no-bairro-jardim-santa-rita-de-cassia\/"},"wordCount":222,"commentCount":0,"publisher":{"@id":"https:\/\/capivari.sp.gov.br\/portal\/#organization"},"image":{"@id":"https:\/\/capivari.sp.gov.br\/portal\/edicao-de-novembro-do-programa-domingos-de-lazer-acontece-neste-domingo-dia-27-no-bairro-jardim-santa-rita-de-cassia\/#primaryimage"},"thumbnailUrl":"https:\/\/capivari.sp.gov.br\/portal\/wp-content\/uploads\/2022\/11\/photo_5008351941163592490_y.jpg","articleSection":["Cultura","Destaque","Geral"],"inLanguage":"pt-BR","potentialAction":[{"@type":"CommentAction","name":"Comment","target":["https:\/\/capivari.sp.gov.br\/portal\/edicao-de-novembro-do-programa-domingos-de-lazer-acontece-neste-domingo-dia-27-no-bairro-jardim-santa-rita-de-cassia\/#respond"]}]},{"@type":"WebPage","@id":"https:\/\/capivari.sp.gov.br\/portal\/edicao-de-novembro-do-programa-domingos-de-lazer-acontece-neste-domingo-dia-27-no-bairro-jardim-santa-rita-de-cassia\/","url":"https:\/\/capivari.sp.gov.br\/portal\/edicao-de-novembro-do-programa-domingos-de-lazer-acontece-neste-domingo-dia-27-no-bairro-jardim-santa-rita-de-cassia\/","name":"Edi\u00e7\u00e3o de novembro do programa \u201cDomingos de Lazer\u201d acontece neste domingo, dia 27, no bairro Jardim Santa Rita de C\u00e1ssia - Prefeitura de Capivari","isPartOf":{"@id":"https:\/\/capivari.sp.gov.br\/portal\/#website"},"primaryImageOfPage":{"@id":"https:\/\/capivari.sp.gov.br\/portal\/edicao-de-novembro-do-programa-domingos-de-lazer-acontece-neste-domingo-dia-27-no-bairro-jardim-santa-rita-de-cassia\/#primaryimage"},"image":{"@id":"https:\/\/capivari.sp.gov.br\/portal\/edicao-de-novembro-do-programa-domingos-de-lazer-acontece-neste-domingo-dia-27-no-bairro-jardim-santa-rita-de-cassia\/#primaryimage"},"thumbnailUrl":"https:\/\/capivari.sp.gov.br\/portal\/wp-content\/uploads\/2022\/11\/photo_5008351941163592490_y.jpg","datePublished":"2022-11-23T19:15:12+00:00","dateModified":"2022-11-24T11:57:58+00:00","breadcrumb":{"@id":"https:\/\/capivari.sp.gov.br\/portal\/edicao-de-novembro-do-programa-domingos-de-lazer-acontece-neste-domingo-dia-27-no-bairro-jardim-santa-rita-de-cassia\/#breadcrumb"},"inLanguage":"pt-BR","potentialAction":[{"@type":"ReadAction","target":["https:\/\/capivari.sp.gov.br\/portal\/edicao-de-novembro-do-programa-domingos-de-lazer-acontece-neste-domingo-dia-27-no-bairro-jardim-santa-rita-de-cassia\/"]}]},{"@type":"ImageObject","inLanguage":"pt-BR","@id":"https:\/\/capivari.sp.gov.br\/portal\/edicao-de-novembro-do-programa-domingos-de-lazer-acontece-neste-domingo-dia-27-no-bairro-jardim-santa-rita-de-cassia\/#primaryimage","url":"https:\/\/capivari.sp.gov.br\/portal\/wp-content\/uploads\/2022\/11\/photo_5008351941163592490_y.jpg","contentUrl":"https:\/\/capivari.sp.gov.br\/portal\/wp-content\/uploads\/2022\/11\/photo_5008351941163592490_y.jpg","width":1280,"height":960},{"@type":"BreadcrumbList","@id":"https:\/\/capivari.sp.gov.br\/portal\/edicao-de-novembro-do-programa-domingos-de-lazer-acontece-neste-domingo-dia-27-no-bairro-jardim-santa-rita-de-cassia\/#breadcrumb","itemListElement":[{"@type":"ListItem","position":1,"name":"In\u00edcio","item":"https:\/\/capivari.sp.gov.br\/portal\/"},{"@type":"ListItem","position":2,"name":"Edi\u00e7\u00e3o de novembro do programa \u201cDomingos de Lazer\u201d acontece neste domingo, dia 27, no bairro Jardim Santa Rita de C\u00e1ssia"}]},{"@type":"WebSite","@id":"https:\/\/capivari.sp.gov.br\/portal\/#website","url":"https:\/\/capivari.sp.gov.br\/portal\/","name":"Prefeitura de Capivari","description":"Prefeitura de Capivari","publisher":{"@id":"https:\/\/capivari.sp.gov.br\/portal\/#organization"},"potentialAction":[{"@type":"SearchAction","target":{"@type":"EntryPoint","urlTemplate":"https:\/\/capivari.sp.gov.br\/portal\/?s={search_term_string}"},"query-input":{"@type":"PropertyValueSpecification","valueRequired":true,"valueName":"search_term_string"}}],"inLanguage":"pt-BR"},{"@type":"Organization","@id":"https:\/\/capivari.sp.gov.br\/portal\/#organization","name":"Prefeitura de Capivari","url":"https:\/\/capivari.sp.gov.br\/portal\/","logo":{"@type":"ImageObject","inLanguage":"pt-BR","@id":"https:\/\/capivari.sp.gov.br\/portal\/#\/schema\/logo\/image\/","url":"https:\/\/capivari.sp.gov.br\/portal\/wp-content\/uploads\/2021\/09\/logo-prefeitura-de-capivari.png","contentUrl":"https:\/\/capivari.sp.gov.br\/portal\/wp-content\/uploads\/2021\/09\/logo-prefeitura-de-capivari.png","width":200,"height":147,"caption":"Prefeitura de Capivari"},"image":{"@id":"https:\/\/capivari.sp.gov.br\/portal\/#\/schema\/logo\/image\/"},"sameAs":["https:\/\/www.facebook.com\/PrefeituradeCapivari\/","https:\/\/x.com\/PrefCapivari","https:\/\/www.instagram.com\/prefeituracapivari\/"]},{"@type":"Person","@id":"https:\/\/capivari.sp.gov.br\/portal\/#\/schema\/person\/98801614a91d449946b0687ae2db9f29","name":"Thalles Cristiano","image":{"@type":"ImageObject","inLanguage":"pt-BR","@id":"https:\/\/secure.gravatar.com\/avatar\/0d1b9a4bdcde99ab11a8cd27abdcd088993749b82c4355c0301135023dc52b3d?s=96&d=mm&r=g","url":"https:\/\/secure.gravatar.com\/avatar\/0d1b9a4bdcde99ab11a8cd27abdcd088993749b82c4355c0301135023dc52b3d?s=96&d=mm&r=g","contentUrl":"https:\/\/secure.gravatar.com\/avatar\/0d1b9a4bdcde99ab11a8cd27abdcd088993749b82c4355c0301135023dc52b3d?s=96&d=mm&r=g","caption":"Thalles Cristiano"},"url":"https:\/\/capivari.sp.gov.br\/portal\/author\/thalles-cristiano\/"}]}},"_links":{"self":[{"href":"https:\/\/capivari.sp.gov.br\/portal\/wp-json\/wp\/v2\/posts\/7418","targetHints":{"allow":["GET"]}}],"collection":[{"href":"https:\/\/capivari.sp.gov.br\/portal\/wp-json\/wp\/v2\/posts"}],"about":[{"href":"https:\/\/capivari.sp.gov.br\/portal\/wp-json\/wp\/v2\/types\/post"}],"author":[{"embeddable":true,"href":"https:\/\/capivari.sp.gov.br\/portal\/wp-json\/wp\/v2\/users\/2"}],"replies":[{"embeddable":true,"href":"https:\/\/capivari.sp.gov.br\/portal\/wp-json\/wp\/v2\/comments?post=7418"}],"version-history":[{"count":2,"href":"https:\/\/capivari.sp.gov.br\/portal\/wp-json\/wp\/v2\/posts\/7418\/revisions"}],"predecessor-version":[{"id":7430,"href":"https:\/\/capivari.sp.gov.br\/portal\/wp-json\/wp\/v2\/posts\/7418\/revisions\/7430"}],"wp:featuredmedia":[{"embeddable":true,"href":"https:\/\/capivari.sp.gov.br\/portal\/wp-json\/wp\/v2\/media\/7420"}],"wp:attachment":[{"href":"https:\/\/capivari.sp.gov.br\/portal\/wp-json\/wp\/v2\/media?parent=7418"}],"wp:term":[{"taxonomy":"category","embeddable":true,"href":"https:\/\/capivari.sp.gov.br\/portal\/wp-json\/wp\/v2\/categories?post=7418"},{"taxonomy":"post_tag","embeddable":true,"href":"https:\/\/capivari.sp.gov.br\/portal\/wp-json\/wp\/v2\/tags?post=7418"}],"curies":[{"name":"wp","href":"https:\/\/api.w.org\/{rel}","templated":true}]}}