{"id":7494,"date":"2022-12-01T11:39:00","date_gmt":"2022-12-01T14:39:00","guid":{"rendered":"https:\/\/capivari.sp.gov.br\/portal\/?p=7494"},"modified":"2022-12-02T08:22:19","modified_gmt":"2022-12-02T11:22:19","slug":"na-semana-do-dia-nacional-de-combate-ao-cancer-saude-divulga-dados-de-atendimentos-do-programa-de-diagnostico-e-prevencao-oncologica-dion","status":"publish","type":"post","link":"https:\/\/capivari.sp.gov.br\/portal\/na-semana-do-dia-nacional-de-combate-ao-cancer-saude-divulga-dados-de-atendimentos-do-programa-de-diagnostico-e-prevencao-oncologica-dion\/","title":{"rendered":"Na semana do Dia Nacional de Combate ao C\u00e2ncer, Sa\u00fade divulga dados de atendimentos do Programa de Diagn\u00f3stico e Preven\u00e7\u00e3o Oncol\u00f3gica \u2013 DION"},"content":{"rendered":"<p>No \u00faltimo domingo, dia 27, foi celebrado nacionalmente o Dia do Combate ao C\u00e2ncer. Em alus\u00e3o a essa data, a Prefeitura de Capivari atrav\u00e9s da Secretaria de Sa\u00fade destacou as a\u00e7\u00f5es dispon\u00edveis no munic\u00edpio para combate \u00e0 doen\u00e7a. O Programa de Diagn\u00f3stico e Preven\u00e7\u00e3o Oncol\u00f3gica \u2013 DION \u00e9 uma novidade para a popula\u00e7\u00e3o, que busca viabilizar o tratamento dos pacientes que sofrem com essa condi\u00e7\u00e3o.<\/p>\n<p>Segundo a pasta, o programa possui uma Central de Regula\u00e7\u00e3o interna para poss\u00edveis casos oncol\u00f3gicos, que agiliza o encaminhamento dos pacientes para o Centro Referenciado de Tratamento Estadual, reduzindo o intervalo de tempo do diagn\u00f3stico e o in\u00edcio do tratamento, a\u00e7\u00e3o que \u00e9 fundamental para melhorar as chances de cura. Os atendimentos ambulatoriais est\u00e3o sendo realizados no Centro de Especialidades M\u00e9dicas \u201cShalon\u201d no bairro Jardim Branyl, enquanto as bi\u00f3psias e cirurgias de pequeno porte est\u00e3o sendo feitas na Santa Casa de Capivari.<\/p>\n<p>Lan\u00e7ado em setembro, o DION j\u00e1 teve alta procura da popula\u00e7\u00e3o at\u00e9 aqui. De acordo com dados levantados pela Central de Regula\u00e7\u00e3o da Secretaria da Sa\u00fade, at\u00e9 novembro deste ano foram realizadas 200 consultas, sendo 61 no Centro de Especialidades e outras 140 no Ambulat\u00f3rio da Santa Casa, gra\u00e7as ao programa. De acordo com o prefeito de Capivari, Vit\u00e3o Riccomini, o DION foi uma das principais conquistas para a Sa\u00fade no munic\u00edpio em 2022.<\/p>\n<p>\u201cO Programa de Diagn\u00f3stico e Preven\u00e7\u00e3o Oncol\u00f3gica foi uma vit\u00f3ria para todos n\u00f3s capivarianos. Gra\u00e7as aos servi\u00e7os agora dispon\u00edveis, podemos poupar meses preciosos em um poss\u00edvel combate ao c\u00e2ncer, que pode fazer toda a diferen\u00e7a. Gostaria de agradecer a secret\u00e1ria de Sa\u00fade, Vl\u00e1dia Guimar\u00e3es, o Dr. Fabricio Colli Badino e todos os outros profissionais de sa\u00fade envolvidos nesse projeto t\u00e3o importante\u201d, destacou Vit\u00e3o.<\/p>\n<p>Para mais informa\u00e7\u00f5es sobre o DION, a Secretaria de Sa\u00fade atende atrav\u00e9s do telefone (19) 3492-8200.<\/p>\n","protected":false},"excerpt":{"rendered":"<p>No \u00faltimo domingo, dia 27, foi celebrado nacionalmente o Dia do Combate ao C\u00e2ncer. Em alus\u00e3o a essa data, a Prefeitura de Capivari atrav\u00e9s da Secretaria de Sa\u00fade destacou as a\u00e7\u00f5es dispon\u00edveis no munic\u00edpio para combate \u00e0 doen\u00e7a. O Programa de Diagn\u00f3stico e Preven\u00e7\u00e3o Oncol\u00f3gica \u2013 DION \u00e9 uma novidade para a popula\u00e7\u00e3o, que busca [&hellip;]<\/p>\n","protected":false},"author":2,"featured_media":7495,"comment_status":"open","ping_status":"open","sticky":false,"template":"","format":"standard","meta":{"ocean_post_layout":"","ocean_both_sidebars_style":"","ocean_both_sidebars_content_width":0,"ocean_both_sidebars_sidebars_width":0,"ocean_sidebar":"","ocean_second_sidebar":"","ocean_disable_margins":"enable","ocean_add_body_class":"","ocean_shortcode_before_top_bar":"","ocean_shortcode_after_top_bar":"","ocean_shortcode_before_header":"","ocean_shortcode_after_header":"","ocean_has_shortcode":"","ocean_shortcode_after_title":"","ocean_shortcode_before_footer_widgets":"","ocean_shortcode_after_footer_widgets":"","ocean_shortcode_before_footer_bottom":"","ocean_shortcode_after_footer_bottom":"","ocean_display_top_bar":"default","ocean_display_header":"default","ocean_header_style":"","ocean_center_header_left_menu":"","ocean_custom_header_template":"","ocean_custom_logo":0,"ocean_custom_retina_logo":0,"ocean_custom_logo_max_width":0,"ocean_custom_logo_tablet_max_width":0,"ocean_custom_logo_mobile_max_width":0,"ocean_custom_logo_max_height":0,"ocean_custom_logo_tablet_max_height":0,"ocean_custom_logo_mobile_max_height":0,"ocean_header_custom_menu":"","ocean_menu_typo_font_family":"","ocean_menu_typo_font_subset":"","ocean_menu_typo_font_size":0,"ocean_menu_typo_font_size_tablet":0,"ocean_menu_typo_font_size_mobile":0,"ocean_menu_typo_font_size_unit":"px","ocean_menu_typo_font_weight":"","ocean_menu_typo_font_weight_tablet":"","ocean_menu_typo_font_weight_mobile":"","ocean_menu_typo_transform":"","ocean_menu_typo_transform_tablet":"","ocean_menu_typo_transform_mobile":"","ocean_menu_typo_line_height":0,"ocean_menu_typo_line_height_tablet":0,"ocean_menu_typo_line_height_mobile":0,"ocean_menu_typo_line_height_unit":"","ocean_menu_typo_spacing":0,"ocean_menu_typo_spacing_tablet":0,"ocean_menu_typo_spacing_mobile":0,"ocean_menu_typo_spacing_unit":"","ocean_menu_link_color":"","ocean_menu_link_color_hover":"","ocean_menu_link_color_active":"","ocean_menu_link_background":"","ocean_menu_link_hover_background":"","ocean_menu_link_active_background":"","ocean_menu_social_links_bg":"","ocean_menu_social_hover_links_bg":"","ocean_menu_social_links_color":"","ocean_menu_social_hover_links_color":"","ocean_disable_title":"default","ocean_disable_heading":"default","ocean_post_title":"","ocean_post_subheading":"","ocean_post_title_style":"","ocean_post_title_background_color":"","ocean_post_title_background":0,"ocean_post_title_bg_image_position":"","ocean_post_title_bg_image_attachment":"","ocean_post_title_bg_image_repeat":"","ocean_post_title_bg_image_size":"","ocean_post_title_height":0,"ocean_post_title_bg_overlay":0.5,"ocean_post_title_bg_overlay_color":"","ocean_disable_breadcrumbs":"default","ocean_breadcrumbs_color":"","ocean_breadcrumbs_separator_color":"","ocean_breadcrumbs_links_color":"","ocean_breadcrumbs_links_hover_color":"","ocean_display_footer_widgets":"default","ocean_display_footer_bottom":"default","ocean_custom_footer_template":"","ocean_post_oembed":"","ocean_post_self_hosted_media":"","ocean_post_video_embed":"","ocean_link_format":"","ocean_link_format_target":"self","ocean_quote_format":"","ocean_quote_format_link":"post","ocean_gallery_link_images":"off","ocean_gallery_id":[],"footnotes":""},"categories":[4,5,31],"tags":[],"class_list":["post-7494","post","type-post","status-publish","format-standard","has-post-thumbnail","hentry","category-destaque","category-geral","category-saude","entry","has-media"],"yoast_head":"<!-- This site is optimized with the Yoast SEO plugin v27.5 - https:\/\/yoast.com\/product\/yoast-seo-wordpress\/ -->\n<title>Na semana do Dia Nacional de Combate ao C\u00e2ncer, Sa\u00fade divulga dados de atendimentos do Programa de Diagn\u00f3stico e Preven\u00e7\u00e3o Oncol\u00f3gica \u2013 DION - Prefeitura de Capivari<\/title>\n<meta name=\"robots\" content=\"index, follow, max-snippet:-1, max-image-preview:large, max-video-preview:-1\" \/>\n<link rel=\"canonical\" href=\"https:\/\/capivari.sp.gov.br\/portal\/na-semana-do-dia-nacional-de-combate-ao-cancer-saude-divulga-dados-de-atendimentos-do-programa-de-diagnostico-e-prevencao-oncologica-dion\/\" \/>\n<meta property=\"og:locale\" content=\"pt_BR\" \/>\n<meta property=\"og:type\" content=\"article\" \/>\n<meta property=\"og:title\" content=\"Na semana do Dia Nacional de Combate ao C\u00e2ncer, Sa\u00fade divulga dados de atendimentos do Programa de Diagn\u00f3stico e Preven\u00e7\u00e3o Oncol\u00f3gica \u2013 DION - Prefeitura de Capivari\" \/>\n<meta property=\"og:description\" content=\"No \u00faltimo domingo, dia 27, foi celebrado nacionalmente o Dia do Combate ao C\u00e2ncer. Em alus\u00e3o a essa data, a Prefeitura de Capivari atrav\u00e9s da Secretaria de Sa\u00fade destacou as a\u00e7\u00f5es dispon\u00edveis no munic\u00edpio para combate \u00e0 doen\u00e7a. O Programa de Diagn\u00f3stico e Preven\u00e7\u00e3o Oncol\u00f3gica \u2013 DION \u00e9 uma novidade para a popula\u00e7\u00e3o, que busca [&hellip;]\" \/>\n<meta property=\"og:url\" content=\"https:\/\/capivari.sp.gov.br\/portal\/na-semana-do-dia-nacional-de-combate-ao-cancer-saude-divulga-dados-de-atendimentos-do-programa-de-diagnostico-e-prevencao-oncologica-dion\/\" \/>\n<meta property=\"og:site_name\" content=\"Prefeitura de Capivari\" \/>\n<meta property=\"article:publisher\" content=\"https:\/\/www.facebook.com\/PrefeituradeCapivari\/\" \/>\n<meta property=\"article:published_time\" content=\"2022-12-01T14:39:00+00:00\" \/>\n<meta property=\"article:modified_time\" content=\"2022-12-02T11:22:19+00:00\" \/>\n<meta property=\"og:image\" content=\"https:\/\/capivari.sp.gov.br\/portal\/wp-content\/uploads\/2022\/12\/IMG_0182-scaled.jpg\" \/>\n\t<meta property=\"og:image:width\" content=\"2560\" \/>\n\t<meta property=\"og:image:height\" content=\"1707\" \/>\n\t<meta property=\"og:image:type\" content=\"image\/jpeg\" \/>\n<meta name=\"author\" content=\"Thalles Cristiano\" \/>\n<meta name=\"twitter:card\" content=\"summary_large_image\" \/>\n<meta name=\"twitter:creator\" content=\"@PrefCapivari\" \/>\n<meta name=\"twitter:site\" content=\"@PrefCapivari\" \/>\n<meta name=\"twitter:label1\" content=\"Escrito por\" \/>\n\t<meta name=\"twitter:data1\" content=\"Thalles Cristiano\" \/>\n\t<meta name=\"twitter:label2\" content=\"Est. tempo de leitura\" \/>\n\t<meta name=\"twitter:data2\" content=\"2 minutos\" \/>\n<script type=\"application\/ld+json\" class=\"yoast-schema-graph\">{\"@context\":\"https:\\\/\\\/schema.org\",\"@graph\":[{\"@type\":\"Article\",\"@id\":\"https:\\\/\\\/capivari.sp.gov.br\\\/portal\\\/na-semana-do-dia-nacional-de-combate-ao-cancer-saude-divulga-dados-de-atendimentos-do-programa-de-diagnostico-e-prevencao-oncologica-dion\\\/#article\",\"isPartOf\":{\"@id\":\"https:\\\/\\\/capivari.sp.gov.br\\\/portal\\\/na-semana-do-dia-nacional-de-combate-ao-cancer-saude-divulga-dados-de-atendimentos-do-programa-de-diagnostico-e-prevencao-oncologica-dion\\\/\"},\"author\":{\"name\":\"Thalles Cristiano\",\"@id\":\"https:\\\/\\\/capivari.sp.gov.br\\\/portal\\\/#\\\/schema\\\/person\\\/98801614a91d449946b0687ae2db9f29\"},\"headline\":\"Na semana do Dia Nacional de Combate ao C\u00e2ncer, Sa\u00fade divulga dados de atendimentos do Programa de Diagn\u00f3stico e Preven\u00e7\u00e3o Oncol\u00f3gica \u2013 DION\",\"datePublished\":\"2022-12-01T14:39:00+00:00\",\"dateModified\":\"2022-12-02T11:22:19+00:00\",\"mainEntityOfPage\":{\"@id\":\"https:\\\/\\\/capivari.sp.gov.br\\\/portal\\\/na-semana-do-dia-nacional-de-combate-ao-cancer-saude-divulga-dados-de-atendimentos-do-programa-de-diagnostico-e-prevencao-oncologica-dion\\\/\"},\"wordCount\":370,\"commentCount\":0,\"publisher\":{\"@id\":\"https:\\\/\\\/capivari.sp.gov.br\\\/portal\\\/#organization\"},\"image\":{\"@id\":\"https:\\\/\\\/capivari.sp.gov.br\\\/portal\\\/na-semana-do-dia-nacional-de-combate-ao-cancer-saude-divulga-dados-de-atendimentos-do-programa-de-diagnostico-e-prevencao-oncologica-dion\\\/#primaryimage\"},\"thumbnailUrl\":\"https:\\\/\\\/capivari.sp.gov.br\\\/portal\\\/wp-content\\\/uploads\\\/2022\\\/12\\\/IMG_0182-scaled.jpg\",\"articleSection\":[\"Destaque\",\"Geral\",\"Sa\u00fade\"],\"inLanguage\":\"pt-BR\",\"potentialAction\":[{\"@type\":\"CommentAction\",\"name\":\"Comment\",\"target\":[\"https:\\\/\\\/capivari.sp.gov.br\\\/portal\\\/na-semana-do-dia-nacional-de-combate-ao-cancer-saude-divulga-dados-de-atendimentos-do-programa-de-diagnostico-e-prevencao-oncologica-dion\\\/#respond\"]}]},{\"@type\":\"WebPage\",\"@id\":\"https:\\\/\\\/capivari.sp.gov.br\\\/portal\\\/na-semana-do-dia-nacional-de-combate-ao-cancer-saude-divulga-dados-de-atendimentos-do-programa-de-diagnostico-e-prevencao-oncologica-dion\\\/\",\"url\":\"https:\\\/\\\/capivari.sp.gov.br\\\/portal\\\/na-semana-do-dia-nacional-de-combate-ao-cancer-saude-divulga-dados-de-atendimentos-do-programa-de-diagnostico-e-prevencao-oncologica-dion\\\/\",\"name\":\"Na semana do Dia Nacional de Combate ao C\u00e2ncer, Sa\u00fade divulga dados de atendimentos do Programa de Diagn\u00f3stico e Preven\u00e7\u00e3o Oncol\u00f3gica \u2013 DION - Prefeitura de Capivari\",\"isPartOf\":{\"@id\":\"https:\\\/\\\/capivari.sp.gov.br\\\/portal\\\/#website\"},\"primaryImageOfPage\":{\"@id\":\"https:\\\/\\\/capivari.sp.gov.br\\\/portal\\\/na-semana-do-dia-nacional-de-combate-ao-cancer-saude-divulga-dados-de-atendimentos-do-programa-de-diagnostico-e-prevencao-oncologica-dion\\\/#primaryimage\"},\"image\":{\"@id\":\"https:\\\/\\\/capivari.sp.gov.br\\\/portal\\\/na-semana-do-dia-nacional-de-combate-ao-cancer-saude-divulga-dados-de-atendimentos-do-programa-de-diagnostico-e-prevencao-oncologica-dion\\\/#primaryimage\"},\"thumbnailUrl\":\"https:\\\/\\\/capivari.sp.gov.br\\\/portal\\\/wp-content\\\/uploads\\\/2022\\\/12\\\/IMG_0182-scaled.jpg\",\"datePublished\":\"2022-12-01T14:39:00+00:00\",\"dateModified\":\"2022-12-02T11:22:19+00:00\",\"breadcrumb\":{\"@id\":\"https:\\\/\\\/capivari.sp.gov.br\\\/portal\\\/na-semana-do-dia-nacional-de-combate-ao-cancer-saude-divulga-dados-de-atendimentos-do-programa-de-diagnostico-e-prevencao-oncologica-dion\\\/#breadcrumb\"},\"inLanguage\":\"pt-BR\",\"potentialAction\":[{\"@type\":\"ReadAction\",\"target\":[\"https:\\\/\\\/capivari.sp.gov.br\\\/portal\\\/na-semana-do-dia-nacional-de-combate-ao-cancer-saude-divulga-dados-de-atendimentos-do-programa-de-diagnostico-e-prevencao-oncologica-dion\\\/\"]}]},{\"@type\":\"ImageObject\",\"inLanguage\":\"pt-BR\",\"@id\":\"https:\\\/\\\/capivari.sp.gov.br\\\/portal\\\/na-semana-do-dia-nacional-de-combate-ao-cancer-saude-divulga-dados-de-atendimentos-do-programa-de-diagnostico-e-prevencao-oncologica-dion\\\/#primaryimage\",\"url\":\"https:\\\/\\\/capivari.sp.gov.br\\\/portal\\\/wp-content\\\/uploads\\\/2022\\\/12\\\/IMG_0182-scaled.jpg\",\"contentUrl\":\"https:\\\/\\\/capivari.sp.gov.br\\\/portal\\\/wp-content\\\/uploads\\\/2022\\\/12\\\/IMG_0182-scaled.jpg\",\"width\":2560,\"height\":1707},{\"@type\":\"BreadcrumbList\",\"@id\":\"https:\\\/\\\/capivari.sp.gov.br\\\/portal\\\/na-semana-do-dia-nacional-de-combate-ao-cancer-saude-divulga-dados-de-atendimentos-do-programa-de-diagnostico-e-prevencao-oncologica-dion\\\/#breadcrumb\",\"itemListElement\":[{\"@type\":\"ListItem\",\"position\":1,\"name\":\"In\u00edcio\",\"item\":\"https:\\\/\\\/capivari.sp.gov.br\\\/portal\\\/\"},{\"@type\":\"ListItem\",\"position\":2,\"name\":\"Na semana do Dia Nacional de Combate ao C\u00e2ncer, Sa\u00fade divulga dados de atendimentos do Programa de Diagn\u00f3stico e Preven\u00e7\u00e3o Oncol\u00f3gica \u2013 DION\"}]},{\"@type\":\"WebSite\",\"@id\":\"https:\\\/\\\/capivari.sp.gov.br\\\/portal\\\/#website\",\"url\":\"https:\\\/\\\/capivari.sp.gov.br\\\/portal\\\/\",\"name\":\"Prefeitura de Capivari\",\"description\":\"Prefeitura de Capivari\",\"publisher\":{\"@id\":\"https:\\\/\\\/capivari.sp.gov.br\\\/portal\\\/#organization\"},\"potentialAction\":[{\"@type\":\"SearchAction\",\"target\":{\"@type\":\"EntryPoint\",\"urlTemplate\":\"https:\\\/\\\/capivari.sp.gov.br\\\/portal\\\/?s={search_term_string}\"},\"query-input\":{\"@type\":\"PropertyValueSpecification\",\"valueRequired\":true,\"valueName\":\"search_term_string\"}}],\"inLanguage\":\"pt-BR\"},{\"@type\":\"Organization\",\"@id\":\"https:\\\/\\\/capivari.sp.gov.br\\\/portal\\\/#organization\",\"name\":\"Prefeitura de Capivari\",\"url\":\"https:\\\/\\\/capivari.sp.gov.br\\\/portal\\\/\",\"logo\":{\"@type\":\"ImageObject\",\"inLanguage\":\"pt-BR\",\"@id\":\"https:\\\/\\\/capivari.sp.gov.br\\\/portal\\\/#\\\/schema\\\/logo\\\/image\\\/\",\"url\":\"https:\\\/\\\/capivari.sp.gov.br\\\/portal\\\/wp-content\\\/uploads\\\/2021\\\/09\\\/logo-prefeitura-de-capivari.png\",\"contentUrl\":\"https:\\\/\\\/capivari.sp.gov.br\\\/portal\\\/wp-content\\\/uploads\\\/2021\\\/09\\\/logo-prefeitura-de-capivari.png\",\"width\":200,\"height\":147,\"caption\":\"Prefeitura de Capivari\"},\"image\":{\"@id\":\"https:\\\/\\\/capivari.sp.gov.br\\\/portal\\\/#\\\/schema\\\/logo\\\/image\\\/\"},\"sameAs\":[\"https:\\\/\\\/www.facebook.com\\\/PrefeituradeCapivari\\\/\",\"https:\\\/\\\/x.com\\\/PrefCapivari\",\"https:\\\/\\\/www.instagram.com\\\/prefeituracapivari\\\/\"]},{\"@type\":\"Person\",\"@id\":\"https:\\\/\\\/capivari.sp.gov.br\\\/portal\\\/#\\\/schema\\\/person\\\/98801614a91d449946b0687ae2db9f29\",\"name\":\"Thalles Cristiano\",\"image\":{\"@type\":\"ImageObject\",\"inLanguage\":\"pt-BR\",\"@id\":\"https:\\\/\\\/secure.gravatar.com\\\/avatar\\\/0d1b9a4bdcde99ab11a8cd27abdcd088993749b82c4355c0301135023dc52b3d?s=96&d=mm&r=g\",\"url\":\"https:\\\/\\\/secure.gravatar.com\\\/avatar\\\/0d1b9a4bdcde99ab11a8cd27abdcd088993749b82c4355c0301135023dc52b3d?s=96&d=mm&r=g\",\"contentUrl\":\"https:\\\/\\\/secure.gravatar.com\\\/avatar\\\/0d1b9a4bdcde99ab11a8cd27abdcd088993749b82c4355c0301135023dc52b3d?s=96&d=mm&r=g\",\"caption\":\"Thalles Cristiano\"},\"url\":\"https:\\\/\\\/capivari.sp.gov.br\\\/portal\\\/author\\\/thalles-cristiano\\\/\"}]}<\/script>\n<!-- \/ Yoast SEO plugin. -->","yoast_head_json":{"title":"Na semana do Dia Nacional de Combate ao C\u00e2ncer, Sa\u00fade divulga dados de atendimentos do Programa de Diagn\u00f3stico e Preven\u00e7\u00e3o Oncol\u00f3gica \u2013 DION - Prefeitura de Capivari","robots":{"index":"index","follow":"follow","max-snippet":"max-snippet:-1","max-image-preview":"max-image-preview:large","max-video-preview":"max-video-preview:-1"},"canonical":"https:\/\/capivari.sp.gov.br\/portal\/na-semana-do-dia-nacional-de-combate-ao-cancer-saude-divulga-dados-de-atendimentos-do-programa-de-diagnostico-e-prevencao-oncologica-dion\/","og_locale":"pt_BR","og_type":"article","og_title":"Na semana do Dia Nacional de Combate ao C\u00e2ncer, Sa\u00fade divulga dados de atendimentos do Programa de Diagn\u00f3stico e Preven\u00e7\u00e3o Oncol\u00f3gica \u2013 DION - Prefeitura de Capivari","og_description":"No \u00faltimo domingo, dia 27, foi celebrado nacionalmente o Dia do Combate ao C\u00e2ncer. Em alus\u00e3o a essa data, a Prefeitura de Capivari atrav\u00e9s da Secretaria de Sa\u00fade destacou as a\u00e7\u00f5es dispon\u00edveis no munic\u00edpio para combate \u00e0 doen\u00e7a. O Programa de Diagn\u00f3stico e Preven\u00e7\u00e3o Oncol\u00f3gica \u2013 DION \u00e9 uma novidade para a popula\u00e7\u00e3o, que busca [&hellip;]","og_url":"https:\/\/capivari.sp.gov.br\/portal\/na-semana-do-dia-nacional-de-combate-ao-cancer-saude-divulga-dados-de-atendimentos-do-programa-de-diagnostico-e-prevencao-oncologica-dion\/","og_site_name":"Prefeitura de Capivari","article_publisher":"https:\/\/www.facebook.com\/PrefeituradeCapivari\/","article_published_time":"2022-12-01T14:39:00+00:00","article_modified_time":"2022-12-02T11:22:19+00:00","og_image":[{"width":2560,"height":1707,"url":"https:\/\/capivari.sp.gov.br\/portal\/wp-content\/uploads\/2022\/12\/IMG_0182-scaled.jpg","type":"image\/jpeg"}],"author":"Thalles Cristiano","twitter_card":"summary_large_image","twitter_creator":"@PrefCapivari","twitter_site":"@PrefCapivari","twitter_misc":{"Escrito por":"Thalles Cristiano","Est. tempo de leitura":"2 minutos"},"schema":{"@context":"https:\/\/schema.org","@graph":[{"@type":"Article","@id":"https:\/\/capivari.sp.gov.br\/portal\/na-semana-do-dia-nacional-de-combate-ao-cancer-saude-divulga-dados-de-atendimentos-do-programa-de-diagnostico-e-prevencao-oncologica-dion\/#article","isPartOf":{"@id":"https:\/\/capivari.sp.gov.br\/portal\/na-semana-do-dia-nacional-de-combate-ao-cancer-saude-divulga-dados-de-atendimentos-do-programa-de-diagnostico-e-prevencao-oncologica-dion\/"},"author":{"name":"Thalles Cristiano","@id":"https:\/\/capivari.sp.gov.br\/portal\/#\/schema\/person\/98801614a91d449946b0687ae2db9f29"},"headline":"Na semana do Dia Nacional de Combate ao C\u00e2ncer, Sa\u00fade divulga dados de atendimentos do Programa de Diagn\u00f3stico e Preven\u00e7\u00e3o Oncol\u00f3gica \u2013 DION","datePublished":"2022-12-01T14:39:00+00:00","dateModified":"2022-12-02T11:22:19+00:00","mainEntityOfPage":{"@id":"https:\/\/capivari.sp.gov.br\/portal\/na-semana-do-dia-nacional-de-combate-ao-cancer-saude-divulga-dados-de-atendimentos-do-programa-de-diagnostico-e-prevencao-oncologica-dion\/"},"wordCount":370,"commentCount":0,"publisher":{"@id":"https:\/\/capivari.sp.gov.br\/portal\/#organization"},"image":{"@id":"https:\/\/capivari.sp.gov.br\/portal\/na-semana-do-dia-nacional-de-combate-ao-cancer-saude-divulga-dados-de-atendimentos-do-programa-de-diagnostico-e-prevencao-oncologica-dion\/#primaryimage"},"thumbnailUrl":"https:\/\/capivari.sp.gov.br\/portal\/wp-content\/uploads\/2022\/12\/IMG_0182-scaled.jpg","articleSection":["Destaque","Geral","Sa\u00fade"],"inLanguage":"pt-BR","potentialAction":[{"@type":"CommentAction","name":"Comment","target":["https:\/\/capivari.sp.gov.br\/portal\/na-semana-do-dia-nacional-de-combate-ao-cancer-saude-divulga-dados-de-atendimentos-do-programa-de-diagnostico-e-prevencao-oncologica-dion\/#respond"]}]},{"@type":"WebPage","@id":"https:\/\/capivari.sp.gov.br\/portal\/na-semana-do-dia-nacional-de-combate-ao-cancer-saude-divulga-dados-de-atendimentos-do-programa-de-diagnostico-e-prevencao-oncologica-dion\/","url":"https:\/\/capivari.sp.gov.br\/portal\/na-semana-do-dia-nacional-de-combate-ao-cancer-saude-divulga-dados-de-atendimentos-do-programa-de-diagnostico-e-prevencao-oncologica-dion\/","name":"Na semana do Dia Nacional de Combate ao C\u00e2ncer, Sa\u00fade divulga dados de atendimentos do Programa de Diagn\u00f3stico e Preven\u00e7\u00e3o Oncol\u00f3gica \u2013 DION - Prefeitura de Capivari","isPartOf":{"@id":"https:\/\/capivari.sp.gov.br\/portal\/#website"},"primaryImageOfPage":{"@id":"https:\/\/capivari.sp.gov.br\/portal\/na-semana-do-dia-nacional-de-combate-ao-cancer-saude-divulga-dados-de-atendimentos-do-programa-de-diagnostico-e-prevencao-oncologica-dion\/#primaryimage"},"image":{"@id":"https:\/\/capivari.sp.gov.br\/portal\/na-semana-do-dia-nacional-de-combate-ao-cancer-saude-divulga-dados-de-atendimentos-do-programa-de-diagnostico-e-prevencao-oncologica-dion\/#primaryimage"},"thumbnailUrl":"https:\/\/capivari.sp.gov.br\/portal\/wp-content\/uploads\/2022\/12\/IMG_0182-scaled.jpg","datePublished":"2022-12-01T14:39:00+00:00","dateModified":"2022-12-02T11:22:19+00:00","breadcrumb":{"@id":"https:\/\/capivari.sp.gov.br\/portal\/na-semana-do-dia-nacional-de-combate-ao-cancer-saude-divulga-dados-de-atendimentos-do-programa-de-diagnostico-e-prevencao-oncologica-dion\/#breadcrumb"},"inLanguage":"pt-BR","potentialAction":[{"@type":"ReadAction","target":["https:\/\/capivari.sp.gov.br\/portal\/na-semana-do-dia-nacional-de-combate-ao-cancer-saude-divulga-dados-de-atendimentos-do-programa-de-diagnostico-e-prevencao-oncologica-dion\/"]}]},{"@type":"ImageObject","inLanguage":"pt-BR","@id":"https:\/\/capivari.sp.gov.br\/portal\/na-semana-do-dia-nacional-de-combate-ao-cancer-saude-divulga-dados-de-atendimentos-do-programa-de-diagnostico-e-prevencao-oncologica-dion\/#primaryimage","url":"https:\/\/capivari.sp.gov.br\/portal\/wp-content\/uploads\/2022\/12\/IMG_0182-scaled.jpg","contentUrl":"https:\/\/capivari.sp.gov.br\/portal\/wp-content\/uploads\/2022\/12\/IMG_0182-scaled.jpg","width":2560,"height":1707},{"@type":"BreadcrumbList","@id":"https:\/\/capivari.sp.gov.br\/portal\/na-semana-do-dia-nacional-de-combate-ao-cancer-saude-divulga-dados-de-atendimentos-do-programa-de-diagnostico-e-prevencao-oncologica-dion\/#breadcrumb","itemListElement":[{"@type":"ListItem","position":1,"name":"In\u00edcio","item":"https:\/\/capivari.sp.gov.br\/portal\/"},{"@type":"ListItem","position":2,"name":"Na semana do Dia Nacional de Combate ao C\u00e2ncer, Sa\u00fade divulga dados de atendimentos do Programa de Diagn\u00f3stico e Preven\u00e7\u00e3o Oncol\u00f3gica \u2013 DION"}]},{"@type":"WebSite","@id":"https:\/\/capivari.sp.gov.br\/portal\/#website","url":"https:\/\/capivari.sp.gov.br\/portal\/","name":"Prefeitura de Capivari","description":"Prefeitura de Capivari","publisher":{"@id":"https:\/\/capivari.sp.gov.br\/portal\/#organization"},"potentialAction":[{"@type":"SearchAction","target":{"@type":"EntryPoint","urlTemplate":"https:\/\/capivari.sp.gov.br\/portal\/?s={search_term_string}"},"query-input":{"@type":"PropertyValueSpecification","valueRequired":true,"valueName":"search_term_string"}}],"inLanguage":"pt-BR"},{"@type":"Organization","@id":"https:\/\/capivari.sp.gov.br\/portal\/#organization","name":"Prefeitura de Capivari","url":"https:\/\/capivari.sp.gov.br\/portal\/","logo":{"@type":"ImageObject","inLanguage":"pt-BR","@id":"https:\/\/capivari.sp.gov.br\/portal\/#\/schema\/logo\/image\/","url":"https:\/\/capivari.sp.gov.br\/portal\/wp-content\/uploads\/2021\/09\/logo-prefeitura-de-capivari.png","contentUrl":"https:\/\/capivari.sp.gov.br\/portal\/wp-content\/uploads\/2021\/09\/logo-prefeitura-de-capivari.png","width":200,"height":147,"caption":"Prefeitura de Capivari"},"image":{"@id":"https:\/\/capivari.sp.gov.br\/portal\/#\/schema\/logo\/image\/"},"sameAs":["https:\/\/www.facebook.com\/PrefeituradeCapivari\/","https:\/\/x.com\/PrefCapivari","https:\/\/www.instagram.com\/prefeituracapivari\/"]},{"@type":"Person","@id":"https:\/\/capivari.sp.gov.br\/portal\/#\/schema\/person\/98801614a91d449946b0687ae2db9f29","name":"Thalles Cristiano","image":{"@type":"ImageObject","inLanguage":"pt-BR","@id":"https:\/\/secure.gravatar.com\/avatar\/0d1b9a4bdcde99ab11a8cd27abdcd088993749b82c4355c0301135023dc52b3d?s=96&d=mm&r=g","url":"https:\/\/secure.gravatar.com\/avatar\/0d1b9a4bdcde99ab11a8cd27abdcd088993749b82c4355c0301135023dc52b3d?s=96&d=mm&r=g","contentUrl":"https:\/\/secure.gravatar.com\/avatar\/0d1b9a4bdcde99ab11a8cd27abdcd088993749b82c4355c0301135023dc52b3d?s=96&d=mm&r=g","caption":"Thalles Cristiano"},"url":"https:\/\/capivari.sp.gov.br\/portal\/author\/thalles-cristiano\/"}]}},"_links":{"self":[{"href":"https:\/\/capivari.sp.gov.br\/portal\/wp-json\/wp\/v2\/posts\/7494","targetHints":{"allow":["GET"]}}],"collection":[{"href":"https:\/\/capivari.sp.gov.br\/portal\/wp-json\/wp\/v2\/posts"}],"about":[{"href":"https:\/\/capivari.sp.gov.br\/portal\/wp-json\/wp\/v2\/types\/post"}],"author":[{"embeddable":true,"href":"https:\/\/capivari.sp.gov.br\/portal\/wp-json\/wp\/v2\/users\/2"}],"replies":[{"embeddable":true,"href":"https:\/\/capivari.sp.gov.br\/portal\/wp-json\/wp\/v2\/comments?post=7494"}],"version-history":[{"count":2,"href":"https:\/\/capivari.sp.gov.br\/portal\/wp-json\/wp\/v2\/posts\/7494\/revisions"}],"predecessor-version":[{"id":7502,"href":"https:\/\/capivari.sp.gov.br\/portal\/wp-json\/wp\/v2\/posts\/7494\/revisions\/7502"}],"wp:featuredmedia":[{"embeddable":true,"href":"https:\/\/capivari.sp.gov.br\/portal\/wp-json\/wp\/v2\/media\/7495"}],"wp:attachment":[{"href":"https:\/\/capivari.sp.gov.br\/portal\/wp-json\/wp\/v2\/media?parent=7494"}],"wp:term":[{"taxonomy":"category","embeddable":true,"href":"https:\/\/capivari.sp.gov.br\/portal\/wp-json\/wp\/v2\/categories?post=7494"},{"taxonomy":"post_tag","embeddable":true,"href":"https:\/\/capivari.sp.gov.br\/portal\/wp-json\/wp\/v2\/tags?post=7494"}],"curies":[{"name":"wp","href":"https:\/\/api.w.org\/{rel}","templated":true}]}}