{"id":7498,"date":"2022-12-01T20:09:13","date_gmt":"2022-12-01T23:09:13","guid":{"rendered":"https:\/\/capivari.sp.gov.br\/portal\/?p=7498"},"modified":"2022-12-01T20:09:13","modified_gmt":"2022-12-01T23:09:13","slug":"prefeito-e-vice-prefeito-anunciam-a-revitalizacao-completa-do-parque-ecologico-murilo-ferreira-carnicelli","status":"publish","type":"post","link":"https:\/\/capivari.sp.gov.br\/portal\/prefeito-e-vice-prefeito-anunciam-a-revitalizacao-completa-do-parque-ecologico-murilo-ferreira-carnicelli\/","title":{"rendered":"Prefeito e Vice-Prefeito anunciam a revitaliza\u00e7\u00e3o completa do Parque Ecol\u00f3gico \u201cMurilo Ferreira Carnicelli\u201d"},"content":{"rendered":"<p>O Prefeito de Capivari, Vit\u00e3o Riccomini, e o Vice-Prefeito, Bruno Barnab\u00e9, anunciaram nesta quinta-feira, dia 1\u00ba de dezembro, acompanhados do secret\u00e1rio de Juventude, Esporte e Lazer, Amarildo Bortoleto J\u00fanior, e do secret\u00e1rio de Projetos, Lu\u00eds Felipe Rusignelli, a revitaliza\u00e7\u00e3o completa do Parque Ecol\u00f3gico \u201cMurilo Ferreira Carnicelli\u201d, na presen\u00e7a dos familiares do Murilo, que d\u00e1 o seu nome ao Parque.<\/p>\n<p>As obras est\u00e3o previstas para serem conclu\u00eddas dentro de 90 dias, sendo feito um novo cal\u00e7amento com blocos intertravados com drenagem, guia e sarjeta, em toda a extens\u00e3o do Parque Ecol\u00f3gico. Ser\u00e3o feitas as devidas adequa\u00e7\u00f5es das entradas e dos banheiros, proporcionando acessibilidade para quem necessita, e ilumina\u00e7\u00e3o para que o hor\u00e1rio de funcionamento possa ser estendido.<\/p>\n<p>O servi\u00e7o contar\u00e1 tamb\u00e9m, com a reforma e adapta\u00e7\u00e3o das quadras de Futebol, Voleibol e Beach Tennis para que os projetos voltem a ser realizados. Guaritas de seguran\u00e7a e monitoramento tamb\u00e9m receber\u00e3o uma aten\u00e7\u00e3o especial e recupera\u00e7\u00e3o do lago.<\/p>\n<p>Duas novidades ser\u00e3o a constru\u00e7\u00e3o do 1\u00ba Espa\u00e7o PET do munic\u00edpio e a constru\u00e7\u00e3o da nova sede da Diretoria de Meio Ambiente, que ficar\u00e1 situada no Parque Ecol\u00f3gico, a fim de que o local possa receber o devido cuidado e seja integrado em outras atividades do setor.<\/p>\n<p>\u201cCom o objetivo de gerar qualidade de vida para as pessoas, Bruno Barnab\u00e9 e eu, autorizamos o in\u00edcio completo de revitaliza\u00e7\u00e3o do Parque Ecol\u00f3gico. Desde o in\u00edcio do nosso mandato, temos compromisso de entregar resultados diariamente junto da nossa equipe. Aproveito para agradecer os vereadores que tem nos dado suporte para Capivari avan\u00e7ar. Estamos colhendo frutos da nossa boa gest\u00e3o\u201d, disse o Prefeito de Capivari, Vit\u00e3o Riccomini.<\/p>\n<p>Todas as novidades sobre o Parque Ecol\u00f3gico \u201cMurilo Ferreira Carnicelli\u201d ser\u00e3o divulgadas conforme o decorrer das obras.<\/p>\n<p>Para mais informa\u00e7\u00f5es, a SEJEL atende pelo telefone (19) 3491-9358. O hor\u00e1rio de funcionamento \u00e9 das 8h30 \u00e0s 16h, de segunda a sexta-feira.<\/p>\n","protected":false},"excerpt":{"rendered":"<p>O Prefeito de Capivari, Vit\u00e3o Riccomini, e o Vice-Prefeito, Bruno Barnab\u00e9, anunciaram nesta quinta-feira, dia 1\u00ba de dezembro, acompanhados do secret\u00e1rio de Juventude, Esporte e Lazer, Amarildo Bortoleto J\u00fanior, e do secret\u00e1rio de Projetos, Lu\u00eds Felipe Rusignelli, a revitaliza\u00e7\u00e3o completa do Parque Ecol\u00f3gico \u201cMurilo Ferreira Carnicelli\u201d, na presen\u00e7a dos familiares do Murilo, que d\u00e1 o [&hellip;]<\/p>\n","protected":false},"author":3,"featured_media":7499,"comment_status":"open","ping_status":"open","sticky":false,"template":"","format":"standard","meta":{"ocean_post_layout":"","ocean_both_sidebars_style":"","ocean_both_sidebars_content_width":0,"ocean_both_sidebars_sidebars_width":0,"ocean_sidebar":"0","ocean_second_sidebar":"0","ocean_disable_margins":"enable","ocean_add_body_class":"","ocean_shortcode_before_top_bar":"","ocean_shortcode_after_top_bar":"","ocean_shortcode_before_header":"","ocean_shortcode_after_header":"","ocean_has_shortcode":"","ocean_shortcode_after_title":"","ocean_shortcode_before_footer_widgets":"","ocean_shortcode_after_footer_widgets":"","ocean_shortcode_before_footer_bottom":"","ocean_shortcode_after_footer_bottom":"","ocean_display_top_bar":"default","ocean_display_header":"default","ocean_header_style":"","ocean_center_header_left_menu":"0","ocean_custom_header_template":"0","ocean_custom_logo":0,"ocean_custom_retina_logo":0,"ocean_custom_logo_max_width":0,"ocean_custom_logo_tablet_max_width":0,"ocean_custom_logo_mobile_max_width":0,"ocean_custom_logo_max_height":0,"ocean_custom_logo_tablet_max_height":0,"ocean_custom_logo_mobile_max_height":0,"ocean_header_custom_menu":"0","ocean_menu_typo_font_family":"0","ocean_menu_typo_font_subset":"","ocean_menu_typo_font_size":0,"ocean_menu_typo_font_size_tablet":0,"ocean_menu_typo_font_size_mobile":0,"ocean_menu_typo_font_size_unit":"px","ocean_menu_typo_font_weight":"","ocean_menu_typo_font_weight_tablet":"","ocean_menu_typo_font_weight_mobile":"","ocean_menu_typo_transform":"","ocean_menu_typo_transform_tablet":"","ocean_menu_typo_transform_mobile":"","ocean_menu_typo_line_height":0,"ocean_menu_typo_line_height_tablet":0,"ocean_menu_typo_line_height_mobile":0,"ocean_menu_typo_line_height_unit":"","ocean_menu_typo_spacing":0,"ocean_menu_typo_spacing_tablet":0,"ocean_menu_typo_spacing_mobile":0,"ocean_menu_typo_spacing_unit":"","ocean_menu_link_color":"","ocean_menu_link_color_hover":"","ocean_menu_link_color_active":"","ocean_menu_link_background":"","ocean_menu_link_hover_background":"","ocean_menu_link_active_background":"","ocean_menu_social_links_bg":"","ocean_menu_social_hover_links_bg":"","ocean_menu_social_links_color":"","ocean_menu_social_hover_links_color":"","ocean_disable_title":"default","ocean_disable_heading":"default","ocean_post_title":"","ocean_post_subheading":"","ocean_post_title_style":"","ocean_post_title_background_color":"","ocean_post_title_background":0,"ocean_post_title_bg_image_position":"","ocean_post_title_bg_image_attachment":"","ocean_post_title_bg_image_repeat":"","ocean_post_title_bg_image_size":"","ocean_post_title_height":0,"ocean_post_title_bg_overlay":0.5,"ocean_post_title_bg_overlay_color":"","ocean_disable_breadcrumbs":"default","ocean_breadcrumbs_color":"","ocean_breadcrumbs_separator_color":"","ocean_breadcrumbs_links_color":"","ocean_breadcrumbs_links_hover_color":"","ocean_display_footer_widgets":"default","ocean_display_footer_bottom":"default","ocean_custom_footer_template":"0","ocean_post_oembed":"","ocean_post_self_hosted_media":"","ocean_post_video_embed":"","ocean_link_format":"","ocean_link_format_target":"self","ocean_quote_format":"","ocean_quote_format_link":"post","ocean_gallery_link_images":"off","ocean_gallery_id":[],"footnotes":""},"categories":[4,25,5,29],"tags":[],"class_list":["post-7498","post","type-post","status-publish","format-standard","has-post-thumbnail","hentry","category-destaque","category-esporte","category-geral","category-planejamento-e-urbanismo","entry","has-media"],"yoast_head":"<!-- This site is optimized with the Yoast SEO plugin v27.5 - https:\/\/yoast.com\/product\/yoast-seo-wordpress\/ -->\n<title>Prefeito e Vice-Prefeito anunciam a revitaliza\u00e7\u00e3o completa do Parque Ecol\u00f3gico \u201cMurilo Ferreira Carnicelli\u201d - Prefeitura de Capivari<\/title>\n<meta name=\"robots\" content=\"index, follow, max-snippet:-1, max-image-preview:large, max-video-preview:-1\" \/>\n<link rel=\"canonical\" href=\"https:\/\/capivari.sp.gov.br\/portal\/prefeito-e-vice-prefeito-anunciam-a-revitalizacao-completa-do-parque-ecologico-murilo-ferreira-carnicelli\/\" \/>\n<meta property=\"og:locale\" content=\"pt_BR\" \/>\n<meta property=\"og:type\" content=\"article\" \/>\n<meta property=\"og:title\" content=\"Prefeito e Vice-Prefeito anunciam a revitaliza\u00e7\u00e3o completa do Parque Ecol\u00f3gico \u201cMurilo Ferreira Carnicelli\u201d - Prefeitura de Capivari\" \/>\n<meta property=\"og:description\" content=\"O Prefeito de Capivari, Vit\u00e3o Riccomini, e o Vice-Prefeito, Bruno Barnab\u00e9, anunciaram nesta quinta-feira, dia 1\u00ba de dezembro, acompanhados do secret\u00e1rio de Juventude, Esporte e Lazer, Amarildo Bortoleto J\u00fanior, e do secret\u00e1rio de Projetos, Lu\u00eds Felipe Rusignelli, a revitaliza\u00e7\u00e3o completa do Parque Ecol\u00f3gico \u201cMurilo Ferreira Carnicelli\u201d, na presen\u00e7a dos familiares do Murilo, que d\u00e1 o [&hellip;]\" \/>\n<meta property=\"og:url\" content=\"https:\/\/capivari.sp.gov.br\/portal\/prefeito-e-vice-prefeito-anunciam-a-revitalizacao-completa-do-parque-ecologico-murilo-ferreira-carnicelli\/\" \/>\n<meta property=\"og:site_name\" content=\"Prefeitura de Capivari\" \/>\n<meta property=\"article:publisher\" content=\"https:\/\/www.facebook.com\/PrefeituradeCapivari\/\" \/>\n<meta property=\"article:published_time\" content=\"2022-12-01T23:09:13+00:00\" \/>\n<meta property=\"og:image\" content=\"https:\/\/capivari.sp.gov.br\/portal\/wp-content\/uploads\/2022\/12\/BEA33F2A-65AE-4FB8-BFC3-017E4CA4AE2C.jpeg\" \/>\n\t<meta property=\"og:image:width\" content=\"2048\" \/>\n\t<meta property=\"og:image:height\" content=\"1536\" \/>\n\t<meta property=\"og:image:type\" content=\"image\/jpeg\" \/>\n<meta name=\"author\" content=\"Rafaella Uvini\" \/>\n<meta name=\"twitter:card\" content=\"summary_large_image\" \/>\n<meta name=\"twitter:creator\" content=\"@PrefCapivari\" \/>\n<meta name=\"twitter:site\" content=\"@PrefCapivari\" \/>\n<meta name=\"twitter:label1\" content=\"Escrito por\" \/>\n\t<meta name=\"twitter:data1\" content=\"Rafaella Uvini\" \/>\n\t<meta name=\"twitter:label2\" content=\"Est. tempo de leitura\" \/>\n\t<meta name=\"twitter:data2\" content=\"2 minutos\" \/>\n<script type=\"application\/ld+json\" class=\"yoast-schema-graph\">{\"@context\":\"https:\\\/\\\/schema.org\",\"@graph\":[{\"@type\":\"Article\",\"@id\":\"https:\\\/\\\/capivari.sp.gov.br\\\/portal\\\/prefeito-e-vice-prefeito-anunciam-a-revitalizacao-completa-do-parque-ecologico-murilo-ferreira-carnicelli\\\/#article\",\"isPartOf\":{\"@id\":\"https:\\\/\\\/capivari.sp.gov.br\\\/portal\\\/prefeito-e-vice-prefeito-anunciam-a-revitalizacao-completa-do-parque-ecologico-murilo-ferreira-carnicelli\\\/\"},\"author\":{\"name\":\"Rafaella Uvini\",\"@id\":\"https:\\\/\\\/capivari.sp.gov.br\\\/portal\\\/#\\\/schema\\\/person\\\/d7b1048525ce907b55245fe0fcaea2e5\"},\"headline\":\"Prefeito e Vice-Prefeito anunciam a revitaliza\u00e7\u00e3o completa do Parque Ecol\u00f3gico \u201cMurilo Ferreira Carnicelli\u201d\",\"datePublished\":\"2022-12-01T23:09:13+00:00\",\"mainEntityOfPage\":{\"@id\":\"https:\\\/\\\/capivari.sp.gov.br\\\/portal\\\/prefeito-e-vice-prefeito-anunciam-a-revitalizacao-completa-do-parque-ecologico-murilo-ferreira-carnicelli\\\/\"},\"wordCount\":361,\"commentCount\":0,\"publisher\":{\"@id\":\"https:\\\/\\\/capivari.sp.gov.br\\\/portal\\\/#organization\"},\"image\":{\"@id\":\"https:\\\/\\\/capivari.sp.gov.br\\\/portal\\\/prefeito-e-vice-prefeito-anunciam-a-revitalizacao-completa-do-parque-ecologico-murilo-ferreira-carnicelli\\\/#primaryimage\"},\"thumbnailUrl\":\"https:\\\/\\\/capivari.sp.gov.br\\\/portal\\\/wp-content\\\/uploads\\\/2022\\\/12\\\/BEA33F2A-65AE-4FB8-BFC3-017E4CA4AE2C.jpeg\",\"articleSection\":[\"Destaque\",\"Esporte\",\"Geral\",\"Planejamento e Urbanismo\"],\"inLanguage\":\"pt-BR\",\"potentialAction\":[{\"@type\":\"CommentAction\",\"name\":\"Comment\",\"target\":[\"https:\\\/\\\/capivari.sp.gov.br\\\/portal\\\/prefeito-e-vice-prefeito-anunciam-a-revitalizacao-completa-do-parque-ecologico-murilo-ferreira-carnicelli\\\/#respond\"]}]},{\"@type\":\"WebPage\",\"@id\":\"https:\\\/\\\/capivari.sp.gov.br\\\/portal\\\/prefeito-e-vice-prefeito-anunciam-a-revitalizacao-completa-do-parque-ecologico-murilo-ferreira-carnicelli\\\/\",\"url\":\"https:\\\/\\\/capivari.sp.gov.br\\\/portal\\\/prefeito-e-vice-prefeito-anunciam-a-revitalizacao-completa-do-parque-ecologico-murilo-ferreira-carnicelli\\\/\",\"name\":\"Prefeito e Vice-Prefeito anunciam a revitaliza\u00e7\u00e3o completa do Parque Ecol\u00f3gico \u201cMurilo Ferreira Carnicelli\u201d - Prefeitura de Capivari\",\"isPartOf\":{\"@id\":\"https:\\\/\\\/capivari.sp.gov.br\\\/portal\\\/#website\"},\"primaryImageOfPage\":{\"@id\":\"https:\\\/\\\/capivari.sp.gov.br\\\/portal\\\/prefeito-e-vice-prefeito-anunciam-a-revitalizacao-completa-do-parque-ecologico-murilo-ferreira-carnicelli\\\/#primaryimage\"},\"image\":{\"@id\":\"https:\\\/\\\/capivari.sp.gov.br\\\/portal\\\/prefeito-e-vice-prefeito-anunciam-a-revitalizacao-completa-do-parque-ecologico-murilo-ferreira-carnicelli\\\/#primaryimage\"},\"thumbnailUrl\":\"https:\\\/\\\/capivari.sp.gov.br\\\/portal\\\/wp-content\\\/uploads\\\/2022\\\/12\\\/BEA33F2A-65AE-4FB8-BFC3-017E4CA4AE2C.jpeg\",\"datePublished\":\"2022-12-01T23:09:13+00:00\",\"breadcrumb\":{\"@id\":\"https:\\\/\\\/capivari.sp.gov.br\\\/portal\\\/prefeito-e-vice-prefeito-anunciam-a-revitalizacao-completa-do-parque-ecologico-murilo-ferreira-carnicelli\\\/#breadcrumb\"},\"inLanguage\":\"pt-BR\",\"potentialAction\":[{\"@type\":\"ReadAction\",\"target\":[\"https:\\\/\\\/capivari.sp.gov.br\\\/portal\\\/prefeito-e-vice-prefeito-anunciam-a-revitalizacao-completa-do-parque-ecologico-murilo-ferreira-carnicelli\\\/\"]}]},{\"@type\":\"ImageObject\",\"inLanguage\":\"pt-BR\",\"@id\":\"https:\\\/\\\/capivari.sp.gov.br\\\/portal\\\/prefeito-e-vice-prefeito-anunciam-a-revitalizacao-completa-do-parque-ecologico-murilo-ferreira-carnicelli\\\/#primaryimage\",\"url\":\"https:\\\/\\\/capivari.sp.gov.br\\\/portal\\\/wp-content\\\/uploads\\\/2022\\\/12\\\/BEA33F2A-65AE-4FB8-BFC3-017E4CA4AE2C.jpeg\",\"contentUrl\":\"https:\\\/\\\/capivari.sp.gov.br\\\/portal\\\/wp-content\\\/uploads\\\/2022\\\/12\\\/BEA33F2A-65AE-4FB8-BFC3-017E4CA4AE2C.jpeg\",\"width\":2048,\"height\":1536},{\"@type\":\"BreadcrumbList\",\"@id\":\"https:\\\/\\\/capivari.sp.gov.br\\\/portal\\\/prefeito-e-vice-prefeito-anunciam-a-revitalizacao-completa-do-parque-ecologico-murilo-ferreira-carnicelli\\\/#breadcrumb\",\"itemListElement\":[{\"@type\":\"ListItem\",\"position\":1,\"name\":\"In\u00edcio\",\"item\":\"https:\\\/\\\/capivari.sp.gov.br\\\/portal\\\/\"},{\"@type\":\"ListItem\",\"position\":2,\"name\":\"Prefeito e Vice-Prefeito anunciam a revitaliza\u00e7\u00e3o completa do Parque Ecol\u00f3gico \u201cMurilo Ferreira Carnicelli\u201d\"}]},{\"@type\":\"WebSite\",\"@id\":\"https:\\\/\\\/capivari.sp.gov.br\\\/portal\\\/#website\",\"url\":\"https:\\\/\\\/capivari.sp.gov.br\\\/portal\\\/\",\"name\":\"Prefeitura de Capivari\",\"description\":\"Prefeitura de Capivari\",\"publisher\":{\"@id\":\"https:\\\/\\\/capivari.sp.gov.br\\\/portal\\\/#organization\"},\"potentialAction\":[{\"@type\":\"SearchAction\",\"target\":{\"@type\":\"EntryPoint\",\"urlTemplate\":\"https:\\\/\\\/capivari.sp.gov.br\\\/portal\\\/?s={search_term_string}\"},\"query-input\":{\"@type\":\"PropertyValueSpecification\",\"valueRequired\":true,\"valueName\":\"search_term_string\"}}],\"inLanguage\":\"pt-BR\"},{\"@type\":\"Organization\",\"@id\":\"https:\\\/\\\/capivari.sp.gov.br\\\/portal\\\/#organization\",\"name\":\"Prefeitura de Capivari\",\"url\":\"https:\\\/\\\/capivari.sp.gov.br\\\/portal\\\/\",\"logo\":{\"@type\":\"ImageObject\",\"inLanguage\":\"pt-BR\",\"@id\":\"https:\\\/\\\/capivari.sp.gov.br\\\/portal\\\/#\\\/schema\\\/logo\\\/image\\\/\",\"url\":\"https:\\\/\\\/capivari.sp.gov.br\\\/portal\\\/wp-content\\\/uploads\\\/2021\\\/09\\\/logo-prefeitura-de-capivari.png\",\"contentUrl\":\"https:\\\/\\\/capivari.sp.gov.br\\\/portal\\\/wp-content\\\/uploads\\\/2021\\\/09\\\/logo-prefeitura-de-capivari.png\",\"width\":200,\"height\":147,\"caption\":\"Prefeitura de Capivari\"},\"image\":{\"@id\":\"https:\\\/\\\/capivari.sp.gov.br\\\/portal\\\/#\\\/schema\\\/logo\\\/image\\\/\"},\"sameAs\":[\"https:\\\/\\\/www.facebook.com\\\/PrefeituradeCapivari\\\/\",\"https:\\\/\\\/x.com\\\/PrefCapivari\",\"https:\\\/\\\/www.instagram.com\\\/prefeituracapivari\\\/\"]},{\"@type\":\"Person\",\"@id\":\"https:\\\/\\\/capivari.sp.gov.br\\\/portal\\\/#\\\/schema\\\/person\\\/d7b1048525ce907b55245fe0fcaea2e5\",\"name\":\"Rafaella Uvini\",\"image\":{\"@type\":\"ImageObject\",\"inLanguage\":\"pt-BR\",\"@id\":\"https:\\\/\\\/secure.gravatar.com\\\/avatar\\\/698757f92517b418dbefa88732eb599ad7eed21dcca72e22815a04b2d6270e91?s=96&d=mm&r=g\",\"url\":\"https:\\\/\\\/secure.gravatar.com\\\/avatar\\\/698757f92517b418dbefa88732eb599ad7eed21dcca72e22815a04b2d6270e91?s=96&d=mm&r=g\",\"contentUrl\":\"https:\\\/\\\/secure.gravatar.com\\\/avatar\\\/698757f92517b418dbefa88732eb599ad7eed21dcca72e22815a04b2d6270e91?s=96&d=mm&r=g\",\"caption\":\"Rafaella Uvini\"},\"url\":\"https:\\\/\\\/capivari.sp.gov.br\\\/portal\\\/author\\\/rafaella-uvini\\\/\"}]}<\/script>\n<!-- \/ Yoast SEO plugin. -->","yoast_head_json":{"title":"Prefeito e Vice-Prefeito anunciam a revitaliza\u00e7\u00e3o completa do Parque Ecol\u00f3gico \u201cMurilo Ferreira Carnicelli\u201d - Prefeitura de Capivari","robots":{"index":"index","follow":"follow","max-snippet":"max-snippet:-1","max-image-preview":"max-image-preview:large","max-video-preview":"max-video-preview:-1"},"canonical":"https:\/\/capivari.sp.gov.br\/portal\/prefeito-e-vice-prefeito-anunciam-a-revitalizacao-completa-do-parque-ecologico-murilo-ferreira-carnicelli\/","og_locale":"pt_BR","og_type":"article","og_title":"Prefeito e Vice-Prefeito anunciam a revitaliza\u00e7\u00e3o completa do Parque Ecol\u00f3gico \u201cMurilo Ferreira Carnicelli\u201d - Prefeitura de Capivari","og_description":"O Prefeito de Capivari, Vit\u00e3o Riccomini, e o Vice-Prefeito, Bruno Barnab\u00e9, anunciaram nesta quinta-feira, dia 1\u00ba de dezembro, acompanhados do secret\u00e1rio de Juventude, Esporte e Lazer, Amarildo Bortoleto J\u00fanior, e do secret\u00e1rio de Projetos, Lu\u00eds Felipe Rusignelli, a revitaliza\u00e7\u00e3o completa do Parque Ecol\u00f3gico \u201cMurilo Ferreira Carnicelli\u201d, na presen\u00e7a dos familiares do Murilo, que d\u00e1 o [&hellip;]","og_url":"https:\/\/capivari.sp.gov.br\/portal\/prefeito-e-vice-prefeito-anunciam-a-revitalizacao-completa-do-parque-ecologico-murilo-ferreira-carnicelli\/","og_site_name":"Prefeitura de Capivari","article_publisher":"https:\/\/www.facebook.com\/PrefeituradeCapivari\/","article_published_time":"2022-12-01T23:09:13+00:00","og_image":[{"width":2048,"height":1536,"url":"https:\/\/capivari.sp.gov.br\/portal\/wp-content\/uploads\/2022\/12\/BEA33F2A-65AE-4FB8-BFC3-017E4CA4AE2C.jpeg","type":"image\/jpeg"}],"author":"Rafaella Uvini","twitter_card":"summary_large_image","twitter_creator":"@PrefCapivari","twitter_site":"@PrefCapivari","twitter_misc":{"Escrito por":"Rafaella Uvini","Est. tempo de leitura":"2 minutos"},"schema":{"@context":"https:\/\/schema.org","@graph":[{"@type":"Article","@id":"https:\/\/capivari.sp.gov.br\/portal\/prefeito-e-vice-prefeito-anunciam-a-revitalizacao-completa-do-parque-ecologico-murilo-ferreira-carnicelli\/#article","isPartOf":{"@id":"https:\/\/capivari.sp.gov.br\/portal\/prefeito-e-vice-prefeito-anunciam-a-revitalizacao-completa-do-parque-ecologico-murilo-ferreira-carnicelli\/"},"author":{"name":"Rafaella Uvini","@id":"https:\/\/capivari.sp.gov.br\/portal\/#\/schema\/person\/d7b1048525ce907b55245fe0fcaea2e5"},"headline":"Prefeito e Vice-Prefeito anunciam a revitaliza\u00e7\u00e3o completa do Parque Ecol\u00f3gico \u201cMurilo Ferreira Carnicelli\u201d","datePublished":"2022-12-01T23:09:13+00:00","mainEntityOfPage":{"@id":"https:\/\/capivari.sp.gov.br\/portal\/prefeito-e-vice-prefeito-anunciam-a-revitalizacao-completa-do-parque-ecologico-murilo-ferreira-carnicelli\/"},"wordCount":361,"commentCount":0,"publisher":{"@id":"https:\/\/capivari.sp.gov.br\/portal\/#organization"},"image":{"@id":"https:\/\/capivari.sp.gov.br\/portal\/prefeito-e-vice-prefeito-anunciam-a-revitalizacao-completa-do-parque-ecologico-murilo-ferreira-carnicelli\/#primaryimage"},"thumbnailUrl":"https:\/\/capivari.sp.gov.br\/portal\/wp-content\/uploads\/2022\/12\/BEA33F2A-65AE-4FB8-BFC3-017E4CA4AE2C.jpeg","articleSection":["Destaque","Esporte","Geral","Planejamento e Urbanismo"],"inLanguage":"pt-BR","potentialAction":[{"@type":"CommentAction","name":"Comment","target":["https:\/\/capivari.sp.gov.br\/portal\/prefeito-e-vice-prefeito-anunciam-a-revitalizacao-completa-do-parque-ecologico-murilo-ferreira-carnicelli\/#respond"]}]},{"@type":"WebPage","@id":"https:\/\/capivari.sp.gov.br\/portal\/prefeito-e-vice-prefeito-anunciam-a-revitalizacao-completa-do-parque-ecologico-murilo-ferreira-carnicelli\/","url":"https:\/\/capivari.sp.gov.br\/portal\/prefeito-e-vice-prefeito-anunciam-a-revitalizacao-completa-do-parque-ecologico-murilo-ferreira-carnicelli\/","name":"Prefeito e Vice-Prefeito anunciam a revitaliza\u00e7\u00e3o completa do Parque Ecol\u00f3gico \u201cMurilo Ferreira Carnicelli\u201d - Prefeitura de Capivari","isPartOf":{"@id":"https:\/\/capivari.sp.gov.br\/portal\/#website"},"primaryImageOfPage":{"@id":"https:\/\/capivari.sp.gov.br\/portal\/prefeito-e-vice-prefeito-anunciam-a-revitalizacao-completa-do-parque-ecologico-murilo-ferreira-carnicelli\/#primaryimage"},"image":{"@id":"https:\/\/capivari.sp.gov.br\/portal\/prefeito-e-vice-prefeito-anunciam-a-revitalizacao-completa-do-parque-ecologico-murilo-ferreira-carnicelli\/#primaryimage"},"thumbnailUrl":"https:\/\/capivari.sp.gov.br\/portal\/wp-content\/uploads\/2022\/12\/BEA33F2A-65AE-4FB8-BFC3-017E4CA4AE2C.jpeg","datePublished":"2022-12-01T23:09:13+00:00","breadcrumb":{"@id":"https:\/\/capivari.sp.gov.br\/portal\/prefeito-e-vice-prefeito-anunciam-a-revitalizacao-completa-do-parque-ecologico-murilo-ferreira-carnicelli\/#breadcrumb"},"inLanguage":"pt-BR","potentialAction":[{"@type":"ReadAction","target":["https:\/\/capivari.sp.gov.br\/portal\/prefeito-e-vice-prefeito-anunciam-a-revitalizacao-completa-do-parque-ecologico-murilo-ferreira-carnicelli\/"]}]},{"@type":"ImageObject","inLanguage":"pt-BR","@id":"https:\/\/capivari.sp.gov.br\/portal\/prefeito-e-vice-prefeito-anunciam-a-revitalizacao-completa-do-parque-ecologico-murilo-ferreira-carnicelli\/#primaryimage","url":"https:\/\/capivari.sp.gov.br\/portal\/wp-content\/uploads\/2022\/12\/BEA33F2A-65AE-4FB8-BFC3-017E4CA4AE2C.jpeg","contentUrl":"https:\/\/capivari.sp.gov.br\/portal\/wp-content\/uploads\/2022\/12\/BEA33F2A-65AE-4FB8-BFC3-017E4CA4AE2C.jpeg","width":2048,"height":1536},{"@type":"BreadcrumbList","@id":"https:\/\/capivari.sp.gov.br\/portal\/prefeito-e-vice-prefeito-anunciam-a-revitalizacao-completa-do-parque-ecologico-murilo-ferreira-carnicelli\/#breadcrumb","itemListElement":[{"@type":"ListItem","position":1,"name":"In\u00edcio","item":"https:\/\/capivari.sp.gov.br\/portal\/"},{"@type":"ListItem","position":2,"name":"Prefeito e Vice-Prefeito anunciam a revitaliza\u00e7\u00e3o completa do Parque Ecol\u00f3gico \u201cMurilo Ferreira Carnicelli\u201d"}]},{"@type":"WebSite","@id":"https:\/\/capivari.sp.gov.br\/portal\/#website","url":"https:\/\/capivari.sp.gov.br\/portal\/","name":"Prefeitura de Capivari","description":"Prefeitura de Capivari","publisher":{"@id":"https:\/\/capivari.sp.gov.br\/portal\/#organization"},"potentialAction":[{"@type":"SearchAction","target":{"@type":"EntryPoint","urlTemplate":"https:\/\/capivari.sp.gov.br\/portal\/?s={search_term_string}"},"query-input":{"@type":"PropertyValueSpecification","valueRequired":true,"valueName":"search_term_string"}}],"inLanguage":"pt-BR"},{"@type":"Organization","@id":"https:\/\/capivari.sp.gov.br\/portal\/#organization","name":"Prefeitura de Capivari","url":"https:\/\/capivari.sp.gov.br\/portal\/","logo":{"@type":"ImageObject","inLanguage":"pt-BR","@id":"https:\/\/capivari.sp.gov.br\/portal\/#\/schema\/logo\/image\/","url":"https:\/\/capivari.sp.gov.br\/portal\/wp-content\/uploads\/2021\/09\/logo-prefeitura-de-capivari.png","contentUrl":"https:\/\/capivari.sp.gov.br\/portal\/wp-content\/uploads\/2021\/09\/logo-prefeitura-de-capivari.png","width":200,"height":147,"caption":"Prefeitura de Capivari"},"image":{"@id":"https:\/\/capivari.sp.gov.br\/portal\/#\/schema\/logo\/image\/"},"sameAs":["https:\/\/www.facebook.com\/PrefeituradeCapivari\/","https:\/\/x.com\/PrefCapivari","https:\/\/www.instagram.com\/prefeituracapivari\/"]},{"@type":"Person","@id":"https:\/\/capivari.sp.gov.br\/portal\/#\/schema\/person\/d7b1048525ce907b55245fe0fcaea2e5","name":"Rafaella Uvini","image":{"@type":"ImageObject","inLanguage":"pt-BR","@id":"https:\/\/secure.gravatar.com\/avatar\/698757f92517b418dbefa88732eb599ad7eed21dcca72e22815a04b2d6270e91?s=96&d=mm&r=g","url":"https:\/\/secure.gravatar.com\/avatar\/698757f92517b418dbefa88732eb599ad7eed21dcca72e22815a04b2d6270e91?s=96&d=mm&r=g","contentUrl":"https:\/\/secure.gravatar.com\/avatar\/698757f92517b418dbefa88732eb599ad7eed21dcca72e22815a04b2d6270e91?s=96&d=mm&r=g","caption":"Rafaella Uvini"},"url":"https:\/\/capivari.sp.gov.br\/portal\/author\/rafaella-uvini\/"}]}},"_links":{"self":[{"href":"https:\/\/capivari.sp.gov.br\/portal\/wp-json\/wp\/v2\/posts\/7498","targetHints":{"allow":["GET"]}}],"collection":[{"href":"https:\/\/capivari.sp.gov.br\/portal\/wp-json\/wp\/v2\/posts"}],"about":[{"href":"https:\/\/capivari.sp.gov.br\/portal\/wp-json\/wp\/v2\/types\/post"}],"author":[{"embeddable":true,"href":"https:\/\/capivari.sp.gov.br\/portal\/wp-json\/wp\/v2\/users\/3"}],"replies":[{"embeddable":true,"href":"https:\/\/capivari.sp.gov.br\/portal\/wp-json\/wp\/v2\/comments?post=7498"}],"version-history":[{"count":1,"href":"https:\/\/capivari.sp.gov.br\/portal\/wp-json\/wp\/v2\/posts\/7498\/revisions"}],"predecessor-version":[{"id":7500,"href":"https:\/\/capivari.sp.gov.br\/portal\/wp-json\/wp\/v2\/posts\/7498\/revisions\/7500"}],"wp:featuredmedia":[{"embeddable":true,"href":"https:\/\/capivari.sp.gov.br\/portal\/wp-json\/wp\/v2\/media\/7499"}],"wp:attachment":[{"href":"https:\/\/capivari.sp.gov.br\/portal\/wp-json\/wp\/v2\/media?parent=7498"}],"wp:term":[{"taxonomy":"category","embeddable":true,"href":"https:\/\/capivari.sp.gov.br\/portal\/wp-json\/wp\/v2\/categories?post=7498"},{"taxonomy":"post_tag","embeddable":true,"href":"https:\/\/capivari.sp.gov.br\/portal\/wp-json\/wp\/v2\/tags?post=7498"}],"curies":[{"name":"wp","href":"https:\/\/api.w.org\/{rel}","templated":true}]}}