{"id":7966,"date":"2023-01-09T10:41:27","date_gmt":"2023-01-09T13:41:27","guid":{"rendered":"https:\/\/capivari.sp.gov.br\/portal\/?p=7966"},"modified":"2023-01-09T10:41:27","modified_gmt":"2023-01-09T13:41:27","slug":"homem-e-preso-por-trafico-de-drogas-no-bairro-castelani","status":"publish","type":"post","link":"https:\/\/capivari.sp.gov.br\/portal\/homem-e-preso-por-trafico-de-drogas-no-bairro-castelani\/","title":{"rendered":"Homem \u00e9 preso por tr\u00e1fico de drogas no bairro Castelani"},"content":{"rendered":"<p>Durante patrulhamento preventivo no bairro Castelani na \u00faltima semana, oficiais da Guarda Civil de Capivari faziam a ronda em um ponto conhecido pelo com\u00e9rcio de drogas, quando notaram um homem sentado em um ponto de \u00f4nibus. Ele por sua vez, quando visualizou as viaturas levantou de forma repentina, o que gerou suspeitas entre os agentes e culminou na abordagem.<\/p>\n<p>Durante procedimento, foi poss\u00edvel encontrar com ele duas por\u00e7\u00f5es de coca\u00edna, um celular e R$46,00 em dinheiro, por\u00e9m em ato cont\u00ednuo que contou com o apoio do agente \u201cK9 Zeus\u201d, foi poss\u00edvel encontrar outras 17 por\u00e7\u00f5es de coca\u00edna e oito de maconha em um local pr\u00f3ximo. Diante dos fatos o suspeito foi encaminhado \u00e0 Delegacia de Piracicaba.<\/p>\n<p>No local, a autoridade de plant\u00e3o tomou ci\u00eancia dos fatos e determinou a pris\u00e3o em flagrante do homem de 26 anos por tr\u00e1fico de drogas. A Guarda Civil de Capivari atende todos os tipos de ocorr\u00eancia atrav\u00e9s do telefone 153, que funciona 24 horas por dia, sete dias por semana.<\/p>\n","protected":false},"excerpt":{"rendered":"<p>Durante patrulhamento preventivo no bairro Castelani na \u00faltima semana, oficiais da Guarda Civil de Capivari faziam a ronda em um ponto conhecido pelo com\u00e9rcio de drogas, quando notaram um homem sentado em um ponto de \u00f4nibus. Ele por sua vez, quando visualizou as viaturas levantou de forma repentina, o que gerou suspeitas entre os agentes [&hellip;]<\/p>\n","protected":false},"author":2,"featured_media":7970,"comment_status":"open","ping_status":"open","sticky":false,"template":"","format":"standard","meta":{"ocean_post_layout":"","ocean_both_sidebars_style":"","ocean_both_sidebars_content_width":0,"ocean_both_sidebars_sidebars_width":0,"ocean_sidebar":"","ocean_second_sidebar":"","ocean_disable_margins":"enable","ocean_add_body_class":"","ocean_shortcode_before_top_bar":"","ocean_shortcode_after_top_bar":"","ocean_shortcode_before_header":"","ocean_shortcode_after_header":"","ocean_has_shortcode":"","ocean_shortcode_after_title":"","ocean_shortcode_before_footer_widgets":"","ocean_shortcode_after_footer_widgets":"","ocean_shortcode_before_footer_bottom":"","ocean_shortcode_after_footer_bottom":"","ocean_display_top_bar":"default","ocean_display_header":"default","ocean_header_style":"","ocean_center_header_left_menu":"","ocean_custom_header_template":"","ocean_custom_logo":0,"ocean_custom_retina_logo":0,"ocean_custom_logo_max_width":0,"ocean_custom_logo_tablet_max_width":0,"ocean_custom_logo_mobile_max_width":0,"ocean_custom_logo_max_height":0,"ocean_custom_logo_tablet_max_height":0,"ocean_custom_logo_mobile_max_height":0,"ocean_header_custom_menu":"","ocean_menu_typo_font_family":"","ocean_menu_typo_font_subset":"","ocean_menu_typo_font_size":0,"ocean_menu_typo_font_size_tablet":0,"ocean_menu_typo_font_size_mobile":0,"ocean_menu_typo_font_size_unit":"px","ocean_menu_typo_font_weight":"","ocean_menu_typo_font_weight_tablet":"","ocean_menu_typo_font_weight_mobile":"","ocean_menu_typo_transform":"","ocean_menu_typo_transform_tablet":"","ocean_menu_typo_transform_mobile":"","ocean_menu_typo_line_height":0,"ocean_menu_typo_line_height_tablet":0,"ocean_menu_typo_line_height_mobile":0,"ocean_menu_typo_line_height_unit":"","ocean_menu_typo_spacing":0,"ocean_menu_typo_spacing_tablet":0,"ocean_menu_typo_spacing_mobile":0,"ocean_menu_typo_spacing_unit":"","ocean_menu_link_color":"","ocean_menu_link_color_hover":"","ocean_menu_link_color_active":"","ocean_menu_link_background":"","ocean_menu_link_hover_background":"","ocean_menu_link_active_background":"","ocean_menu_social_links_bg":"","ocean_menu_social_hover_links_bg":"","ocean_menu_social_links_color":"","ocean_menu_social_hover_links_color":"","ocean_disable_title":"default","ocean_disable_heading":"default","ocean_post_title":"","ocean_post_subheading":"","ocean_post_title_style":"","ocean_post_title_background_color":"","ocean_post_title_background":0,"ocean_post_title_bg_image_position":"","ocean_post_title_bg_image_attachment":"","ocean_post_title_bg_image_repeat":"","ocean_post_title_bg_image_size":"","ocean_post_title_height":0,"ocean_post_title_bg_overlay":0.5,"ocean_post_title_bg_overlay_color":"","ocean_disable_breadcrumbs":"default","ocean_breadcrumbs_color":"","ocean_breadcrumbs_separator_color":"","ocean_breadcrumbs_links_color":"","ocean_breadcrumbs_links_hover_color":"","ocean_display_footer_widgets":"default","ocean_display_footer_bottom":"default","ocean_custom_footer_template":"","ocean_post_oembed":"","ocean_post_self_hosted_media":"","ocean_post_video_embed":"","ocean_link_format":"","ocean_link_format_target":"self","ocean_quote_format":"","ocean_quote_format_link":"post","ocean_gallery_link_images":"off","ocean_gallery_id":[],"footnotes":""},"categories":[4],"tags":[],"class_list":["post-7966","post","type-post","status-publish","format-standard","has-post-thumbnail","hentry","category-destaque","entry","has-media"],"yoast_head":"<!-- This site is optimized with the Yoast SEO plugin v27.5 - https:\/\/yoast.com\/product\/yoast-seo-wordpress\/ -->\n<title>Homem \u00e9 preso por tr\u00e1fico de drogas no bairro Castelani - Prefeitura de Capivari<\/title>\n<meta name=\"robots\" content=\"index, follow, max-snippet:-1, max-image-preview:large, max-video-preview:-1\" \/>\n<link rel=\"canonical\" href=\"https:\/\/capivari.sp.gov.br\/portal\/homem-e-preso-por-trafico-de-drogas-no-bairro-castelani\/\" \/>\n<meta property=\"og:locale\" content=\"pt_BR\" \/>\n<meta property=\"og:type\" content=\"article\" \/>\n<meta property=\"og:title\" content=\"Homem \u00e9 preso por tr\u00e1fico de drogas no bairro Castelani - Prefeitura de Capivari\" \/>\n<meta property=\"og:description\" content=\"Durante patrulhamento preventivo no bairro Castelani na \u00faltima semana, oficiais da Guarda Civil de Capivari faziam a ronda em um ponto conhecido pelo com\u00e9rcio de drogas, quando notaram um homem sentado em um ponto de \u00f4nibus. Ele por sua vez, quando visualizou as viaturas levantou de forma repentina, o que gerou suspeitas entre os agentes [&hellip;]\" \/>\n<meta property=\"og:url\" content=\"https:\/\/capivari.sp.gov.br\/portal\/homem-e-preso-por-trafico-de-drogas-no-bairro-castelani\/\" \/>\n<meta property=\"og:site_name\" content=\"Prefeitura de Capivari\" \/>\n<meta property=\"article:publisher\" content=\"https:\/\/www.facebook.com\/PrefeituradeCapivari\/\" \/>\n<meta property=\"article:published_time\" content=\"2023-01-09T13:41:27+00:00\" \/>\n<meta property=\"og:image\" content=\"https:\/\/capivari.sp.gov.br\/portal\/wp-content\/uploads\/2023\/01\/APREENSAO-31-12.jpeg\" \/>\n\t<meta property=\"og:image:width\" content=\"583\" \/>\n\t<meta property=\"og:image:height\" content=\"515\" \/>\n\t<meta property=\"og:image:type\" content=\"image\/jpeg\" \/>\n<meta name=\"author\" content=\"Thalles Cristiano\" \/>\n<meta name=\"twitter:card\" content=\"summary_large_image\" \/>\n<meta name=\"twitter:creator\" content=\"@PrefCapivari\" \/>\n<meta name=\"twitter:site\" content=\"@PrefCapivari\" \/>\n<meta name=\"twitter:label1\" content=\"Escrito por\" \/>\n\t<meta name=\"twitter:data1\" content=\"Thalles Cristiano\" \/>\n\t<meta name=\"twitter:label2\" content=\"Est. tempo de leitura\" \/>\n\t<meta name=\"twitter:data2\" content=\"1 minuto\" \/>\n<script type=\"application\/ld+json\" class=\"yoast-schema-graph\">{\"@context\":\"https:\\\/\\\/schema.org\",\"@graph\":[{\"@type\":\"Article\",\"@id\":\"https:\\\/\\\/capivari.sp.gov.br\\\/portal\\\/homem-e-preso-por-trafico-de-drogas-no-bairro-castelani\\\/#article\",\"isPartOf\":{\"@id\":\"https:\\\/\\\/capivari.sp.gov.br\\\/portal\\\/homem-e-preso-por-trafico-de-drogas-no-bairro-castelani\\\/\"},\"author\":{\"name\":\"Thalles Cristiano\",\"@id\":\"https:\\\/\\\/capivari.sp.gov.br\\\/portal\\\/#\\\/schema\\\/person\\\/98801614a91d449946b0687ae2db9f29\"},\"headline\":\"Homem \u00e9 preso por tr\u00e1fico de drogas no bairro Castelani\",\"datePublished\":\"2023-01-09T13:41:27+00:00\",\"mainEntityOfPage\":{\"@id\":\"https:\\\/\\\/capivari.sp.gov.br\\\/portal\\\/homem-e-preso-por-trafico-de-drogas-no-bairro-castelani\\\/\"},\"wordCount\":187,\"commentCount\":0,\"publisher\":{\"@id\":\"https:\\\/\\\/capivari.sp.gov.br\\\/portal\\\/#organization\"},\"image\":{\"@id\":\"https:\\\/\\\/capivari.sp.gov.br\\\/portal\\\/homem-e-preso-por-trafico-de-drogas-no-bairro-castelani\\\/#primaryimage\"},\"thumbnailUrl\":\"https:\\\/\\\/capivari.sp.gov.br\\\/portal\\\/wp-content\\\/uploads\\\/2023\\\/01\\\/APREENSAO-31-12.jpeg\",\"articleSection\":[\"Destaque\"],\"inLanguage\":\"pt-BR\",\"potentialAction\":[{\"@type\":\"CommentAction\",\"name\":\"Comment\",\"target\":[\"https:\\\/\\\/capivari.sp.gov.br\\\/portal\\\/homem-e-preso-por-trafico-de-drogas-no-bairro-castelani\\\/#respond\"]}]},{\"@type\":\"WebPage\",\"@id\":\"https:\\\/\\\/capivari.sp.gov.br\\\/portal\\\/homem-e-preso-por-trafico-de-drogas-no-bairro-castelani\\\/\",\"url\":\"https:\\\/\\\/capivari.sp.gov.br\\\/portal\\\/homem-e-preso-por-trafico-de-drogas-no-bairro-castelani\\\/\",\"name\":\"Homem \u00e9 preso por tr\u00e1fico de drogas no bairro Castelani - Prefeitura de Capivari\",\"isPartOf\":{\"@id\":\"https:\\\/\\\/capivari.sp.gov.br\\\/portal\\\/#website\"},\"primaryImageOfPage\":{\"@id\":\"https:\\\/\\\/capivari.sp.gov.br\\\/portal\\\/homem-e-preso-por-trafico-de-drogas-no-bairro-castelani\\\/#primaryimage\"},\"image\":{\"@id\":\"https:\\\/\\\/capivari.sp.gov.br\\\/portal\\\/homem-e-preso-por-trafico-de-drogas-no-bairro-castelani\\\/#primaryimage\"},\"thumbnailUrl\":\"https:\\\/\\\/capivari.sp.gov.br\\\/portal\\\/wp-content\\\/uploads\\\/2023\\\/01\\\/APREENSAO-31-12.jpeg\",\"datePublished\":\"2023-01-09T13:41:27+00:00\",\"breadcrumb\":{\"@id\":\"https:\\\/\\\/capivari.sp.gov.br\\\/portal\\\/homem-e-preso-por-trafico-de-drogas-no-bairro-castelani\\\/#breadcrumb\"},\"inLanguage\":\"pt-BR\",\"potentialAction\":[{\"@type\":\"ReadAction\",\"target\":[\"https:\\\/\\\/capivari.sp.gov.br\\\/portal\\\/homem-e-preso-por-trafico-de-drogas-no-bairro-castelani\\\/\"]}]},{\"@type\":\"ImageObject\",\"inLanguage\":\"pt-BR\",\"@id\":\"https:\\\/\\\/capivari.sp.gov.br\\\/portal\\\/homem-e-preso-por-trafico-de-drogas-no-bairro-castelani\\\/#primaryimage\",\"url\":\"https:\\\/\\\/capivari.sp.gov.br\\\/portal\\\/wp-content\\\/uploads\\\/2023\\\/01\\\/APREENSAO-31-12.jpeg\",\"contentUrl\":\"https:\\\/\\\/capivari.sp.gov.br\\\/portal\\\/wp-content\\\/uploads\\\/2023\\\/01\\\/APREENSAO-31-12.jpeg\",\"width\":583,\"height\":515},{\"@type\":\"BreadcrumbList\",\"@id\":\"https:\\\/\\\/capivari.sp.gov.br\\\/portal\\\/homem-e-preso-por-trafico-de-drogas-no-bairro-castelani\\\/#breadcrumb\",\"itemListElement\":[{\"@type\":\"ListItem\",\"position\":1,\"name\":\"In\u00edcio\",\"item\":\"https:\\\/\\\/capivari.sp.gov.br\\\/portal\\\/\"},{\"@type\":\"ListItem\",\"position\":2,\"name\":\"Homem \u00e9 preso por tr\u00e1fico de drogas no bairro Castelani\"}]},{\"@type\":\"WebSite\",\"@id\":\"https:\\\/\\\/capivari.sp.gov.br\\\/portal\\\/#website\",\"url\":\"https:\\\/\\\/capivari.sp.gov.br\\\/portal\\\/\",\"name\":\"Prefeitura de Capivari\",\"description\":\"Prefeitura de Capivari\",\"publisher\":{\"@id\":\"https:\\\/\\\/capivari.sp.gov.br\\\/portal\\\/#organization\"},\"potentialAction\":[{\"@type\":\"SearchAction\",\"target\":{\"@type\":\"EntryPoint\",\"urlTemplate\":\"https:\\\/\\\/capivari.sp.gov.br\\\/portal\\\/?s={search_term_string}\"},\"query-input\":{\"@type\":\"PropertyValueSpecification\",\"valueRequired\":true,\"valueName\":\"search_term_string\"}}],\"inLanguage\":\"pt-BR\"},{\"@type\":\"Organization\",\"@id\":\"https:\\\/\\\/capivari.sp.gov.br\\\/portal\\\/#organization\",\"name\":\"Prefeitura de Capivari\",\"url\":\"https:\\\/\\\/capivari.sp.gov.br\\\/portal\\\/\",\"logo\":{\"@type\":\"ImageObject\",\"inLanguage\":\"pt-BR\",\"@id\":\"https:\\\/\\\/capivari.sp.gov.br\\\/portal\\\/#\\\/schema\\\/logo\\\/image\\\/\",\"url\":\"https:\\\/\\\/capivari.sp.gov.br\\\/portal\\\/wp-content\\\/uploads\\\/2021\\\/09\\\/logo-prefeitura-de-capivari.png\",\"contentUrl\":\"https:\\\/\\\/capivari.sp.gov.br\\\/portal\\\/wp-content\\\/uploads\\\/2021\\\/09\\\/logo-prefeitura-de-capivari.png\",\"width\":200,\"height\":147,\"caption\":\"Prefeitura de Capivari\"},\"image\":{\"@id\":\"https:\\\/\\\/capivari.sp.gov.br\\\/portal\\\/#\\\/schema\\\/logo\\\/image\\\/\"},\"sameAs\":[\"https:\\\/\\\/www.facebook.com\\\/PrefeituradeCapivari\\\/\",\"https:\\\/\\\/x.com\\\/PrefCapivari\",\"https:\\\/\\\/www.instagram.com\\\/prefeituracapivari\\\/\"]},{\"@type\":\"Person\",\"@id\":\"https:\\\/\\\/capivari.sp.gov.br\\\/portal\\\/#\\\/schema\\\/person\\\/98801614a91d449946b0687ae2db9f29\",\"name\":\"Thalles Cristiano\",\"image\":{\"@type\":\"ImageObject\",\"inLanguage\":\"pt-BR\",\"@id\":\"https:\\\/\\\/secure.gravatar.com\\\/avatar\\\/0d1b9a4bdcde99ab11a8cd27abdcd088993749b82c4355c0301135023dc52b3d?s=96&d=mm&r=g\",\"url\":\"https:\\\/\\\/secure.gravatar.com\\\/avatar\\\/0d1b9a4bdcde99ab11a8cd27abdcd088993749b82c4355c0301135023dc52b3d?s=96&d=mm&r=g\",\"contentUrl\":\"https:\\\/\\\/secure.gravatar.com\\\/avatar\\\/0d1b9a4bdcde99ab11a8cd27abdcd088993749b82c4355c0301135023dc52b3d?s=96&d=mm&r=g\",\"caption\":\"Thalles Cristiano\"},\"url\":\"https:\\\/\\\/capivari.sp.gov.br\\\/portal\\\/author\\\/thalles-cristiano\\\/\"}]}<\/script>\n<!-- \/ Yoast SEO plugin. -->","yoast_head_json":{"title":"Homem \u00e9 preso por tr\u00e1fico de drogas no bairro Castelani - Prefeitura de Capivari","robots":{"index":"index","follow":"follow","max-snippet":"max-snippet:-1","max-image-preview":"max-image-preview:large","max-video-preview":"max-video-preview:-1"},"canonical":"https:\/\/capivari.sp.gov.br\/portal\/homem-e-preso-por-trafico-de-drogas-no-bairro-castelani\/","og_locale":"pt_BR","og_type":"article","og_title":"Homem \u00e9 preso por tr\u00e1fico de drogas no bairro Castelani - Prefeitura de Capivari","og_description":"Durante patrulhamento preventivo no bairro Castelani na \u00faltima semana, oficiais da Guarda Civil de Capivari faziam a ronda em um ponto conhecido pelo com\u00e9rcio de drogas, quando notaram um homem sentado em um ponto de \u00f4nibus. Ele por sua vez, quando visualizou as viaturas levantou de forma repentina, o que gerou suspeitas entre os agentes [&hellip;]","og_url":"https:\/\/capivari.sp.gov.br\/portal\/homem-e-preso-por-trafico-de-drogas-no-bairro-castelani\/","og_site_name":"Prefeitura de Capivari","article_publisher":"https:\/\/www.facebook.com\/PrefeituradeCapivari\/","article_published_time":"2023-01-09T13:41:27+00:00","og_image":[{"width":583,"height":515,"url":"https:\/\/capivari.sp.gov.br\/portal\/wp-content\/uploads\/2023\/01\/APREENSAO-31-12.jpeg","type":"image\/jpeg"}],"author":"Thalles Cristiano","twitter_card":"summary_large_image","twitter_creator":"@PrefCapivari","twitter_site":"@PrefCapivari","twitter_misc":{"Escrito por":"Thalles Cristiano","Est. tempo de leitura":"1 minuto"},"schema":{"@context":"https:\/\/schema.org","@graph":[{"@type":"Article","@id":"https:\/\/capivari.sp.gov.br\/portal\/homem-e-preso-por-trafico-de-drogas-no-bairro-castelani\/#article","isPartOf":{"@id":"https:\/\/capivari.sp.gov.br\/portal\/homem-e-preso-por-trafico-de-drogas-no-bairro-castelani\/"},"author":{"name":"Thalles Cristiano","@id":"https:\/\/capivari.sp.gov.br\/portal\/#\/schema\/person\/98801614a91d449946b0687ae2db9f29"},"headline":"Homem \u00e9 preso por tr\u00e1fico de drogas no bairro Castelani","datePublished":"2023-01-09T13:41:27+00:00","mainEntityOfPage":{"@id":"https:\/\/capivari.sp.gov.br\/portal\/homem-e-preso-por-trafico-de-drogas-no-bairro-castelani\/"},"wordCount":187,"commentCount":0,"publisher":{"@id":"https:\/\/capivari.sp.gov.br\/portal\/#organization"},"image":{"@id":"https:\/\/capivari.sp.gov.br\/portal\/homem-e-preso-por-trafico-de-drogas-no-bairro-castelani\/#primaryimage"},"thumbnailUrl":"https:\/\/capivari.sp.gov.br\/portal\/wp-content\/uploads\/2023\/01\/APREENSAO-31-12.jpeg","articleSection":["Destaque"],"inLanguage":"pt-BR","potentialAction":[{"@type":"CommentAction","name":"Comment","target":["https:\/\/capivari.sp.gov.br\/portal\/homem-e-preso-por-trafico-de-drogas-no-bairro-castelani\/#respond"]}]},{"@type":"WebPage","@id":"https:\/\/capivari.sp.gov.br\/portal\/homem-e-preso-por-trafico-de-drogas-no-bairro-castelani\/","url":"https:\/\/capivari.sp.gov.br\/portal\/homem-e-preso-por-trafico-de-drogas-no-bairro-castelani\/","name":"Homem \u00e9 preso por tr\u00e1fico de drogas no bairro Castelani - Prefeitura de Capivari","isPartOf":{"@id":"https:\/\/capivari.sp.gov.br\/portal\/#website"},"primaryImageOfPage":{"@id":"https:\/\/capivari.sp.gov.br\/portal\/homem-e-preso-por-trafico-de-drogas-no-bairro-castelani\/#primaryimage"},"image":{"@id":"https:\/\/capivari.sp.gov.br\/portal\/homem-e-preso-por-trafico-de-drogas-no-bairro-castelani\/#primaryimage"},"thumbnailUrl":"https:\/\/capivari.sp.gov.br\/portal\/wp-content\/uploads\/2023\/01\/APREENSAO-31-12.jpeg","datePublished":"2023-01-09T13:41:27+00:00","breadcrumb":{"@id":"https:\/\/capivari.sp.gov.br\/portal\/homem-e-preso-por-trafico-de-drogas-no-bairro-castelani\/#breadcrumb"},"inLanguage":"pt-BR","potentialAction":[{"@type":"ReadAction","target":["https:\/\/capivari.sp.gov.br\/portal\/homem-e-preso-por-trafico-de-drogas-no-bairro-castelani\/"]}]},{"@type":"ImageObject","inLanguage":"pt-BR","@id":"https:\/\/capivari.sp.gov.br\/portal\/homem-e-preso-por-trafico-de-drogas-no-bairro-castelani\/#primaryimage","url":"https:\/\/capivari.sp.gov.br\/portal\/wp-content\/uploads\/2023\/01\/APREENSAO-31-12.jpeg","contentUrl":"https:\/\/capivari.sp.gov.br\/portal\/wp-content\/uploads\/2023\/01\/APREENSAO-31-12.jpeg","width":583,"height":515},{"@type":"BreadcrumbList","@id":"https:\/\/capivari.sp.gov.br\/portal\/homem-e-preso-por-trafico-de-drogas-no-bairro-castelani\/#breadcrumb","itemListElement":[{"@type":"ListItem","position":1,"name":"In\u00edcio","item":"https:\/\/capivari.sp.gov.br\/portal\/"},{"@type":"ListItem","position":2,"name":"Homem \u00e9 preso por tr\u00e1fico de drogas no bairro Castelani"}]},{"@type":"WebSite","@id":"https:\/\/capivari.sp.gov.br\/portal\/#website","url":"https:\/\/capivari.sp.gov.br\/portal\/","name":"Prefeitura de Capivari","description":"Prefeitura de Capivari","publisher":{"@id":"https:\/\/capivari.sp.gov.br\/portal\/#organization"},"potentialAction":[{"@type":"SearchAction","target":{"@type":"EntryPoint","urlTemplate":"https:\/\/capivari.sp.gov.br\/portal\/?s={search_term_string}"},"query-input":{"@type":"PropertyValueSpecification","valueRequired":true,"valueName":"search_term_string"}}],"inLanguage":"pt-BR"},{"@type":"Organization","@id":"https:\/\/capivari.sp.gov.br\/portal\/#organization","name":"Prefeitura de Capivari","url":"https:\/\/capivari.sp.gov.br\/portal\/","logo":{"@type":"ImageObject","inLanguage":"pt-BR","@id":"https:\/\/capivari.sp.gov.br\/portal\/#\/schema\/logo\/image\/","url":"https:\/\/capivari.sp.gov.br\/portal\/wp-content\/uploads\/2021\/09\/logo-prefeitura-de-capivari.png","contentUrl":"https:\/\/capivari.sp.gov.br\/portal\/wp-content\/uploads\/2021\/09\/logo-prefeitura-de-capivari.png","width":200,"height":147,"caption":"Prefeitura de Capivari"},"image":{"@id":"https:\/\/capivari.sp.gov.br\/portal\/#\/schema\/logo\/image\/"},"sameAs":["https:\/\/www.facebook.com\/PrefeituradeCapivari\/","https:\/\/x.com\/PrefCapivari","https:\/\/www.instagram.com\/prefeituracapivari\/"]},{"@type":"Person","@id":"https:\/\/capivari.sp.gov.br\/portal\/#\/schema\/person\/98801614a91d449946b0687ae2db9f29","name":"Thalles Cristiano","image":{"@type":"ImageObject","inLanguage":"pt-BR","@id":"https:\/\/secure.gravatar.com\/avatar\/0d1b9a4bdcde99ab11a8cd27abdcd088993749b82c4355c0301135023dc52b3d?s=96&d=mm&r=g","url":"https:\/\/secure.gravatar.com\/avatar\/0d1b9a4bdcde99ab11a8cd27abdcd088993749b82c4355c0301135023dc52b3d?s=96&d=mm&r=g","contentUrl":"https:\/\/secure.gravatar.com\/avatar\/0d1b9a4bdcde99ab11a8cd27abdcd088993749b82c4355c0301135023dc52b3d?s=96&d=mm&r=g","caption":"Thalles Cristiano"},"url":"https:\/\/capivari.sp.gov.br\/portal\/author\/thalles-cristiano\/"}]}},"_links":{"self":[{"href":"https:\/\/capivari.sp.gov.br\/portal\/wp-json\/wp\/v2\/posts\/7966","targetHints":{"allow":["GET"]}}],"collection":[{"href":"https:\/\/capivari.sp.gov.br\/portal\/wp-json\/wp\/v2\/posts"}],"about":[{"href":"https:\/\/capivari.sp.gov.br\/portal\/wp-json\/wp\/v2\/types\/post"}],"author":[{"embeddable":true,"href":"https:\/\/capivari.sp.gov.br\/portal\/wp-json\/wp\/v2\/users\/2"}],"replies":[{"embeddable":true,"href":"https:\/\/capivari.sp.gov.br\/portal\/wp-json\/wp\/v2\/comments?post=7966"}],"version-history":[{"count":1,"href":"https:\/\/capivari.sp.gov.br\/portal\/wp-json\/wp\/v2\/posts\/7966\/revisions"}],"predecessor-version":[{"id":7971,"href":"https:\/\/capivari.sp.gov.br\/portal\/wp-json\/wp\/v2\/posts\/7966\/revisions\/7971"}],"wp:featuredmedia":[{"embeddable":true,"href":"https:\/\/capivari.sp.gov.br\/portal\/wp-json\/wp\/v2\/media\/7970"}],"wp:attachment":[{"href":"https:\/\/capivari.sp.gov.br\/portal\/wp-json\/wp\/v2\/media?parent=7966"}],"wp:term":[{"taxonomy":"category","embeddable":true,"href":"https:\/\/capivari.sp.gov.br\/portal\/wp-json\/wp\/v2\/categories?post=7966"},{"taxonomy":"post_tag","embeddable":true,"href":"https:\/\/capivari.sp.gov.br\/portal\/wp-json\/wp\/v2\/tags?post=7966"}],"curies":[{"name":"wp","href":"https:\/\/api.w.org\/{rel}","templated":true}]}}