{"id":8177,"date":"2023-01-19T08:28:14","date_gmt":"2023-01-19T11:28:14","guid":{"rendered":"https:\/\/capivari.sp.gov.br\/portal\/?p=8177"},"modified":"2023-01-19T08:28:14","modified_gmt":"2023-01-19T11:28:14","slug":"secretaria-de-saude-organiza-acao-na-praca-central-em-prol-do-janeiro-branco-no-proximo-dia-27","status":"publish","type":"post","link":"https:\/\/capivari.sp.gov.br\/portal\/secretaria-de-saude-organiza-acao-na-praca-central-em-prol-do-janeiro-branco-no-proximo-dia-27\/","title":{"rendered":"Secretaria de Sa\u00fade organiza a\u00e7\u00e3o na Pra\u00e7a Central em prol do Janeiro Branco, no pr\u00f3ximo dia 27"},"content":{"rendered":"<p><span style=\"color: #000000;\"><span style=\"font-family: Liberation Serif, serif;\"><span style=\"font-size: medium;\">Durante todo o m\u00eas de janeiro \u00e9 celebrado o \u201cJaneiro Branco\u201d &#8211; campanha que visa a sa\u00fade mental da popula\u00e7\u00e3o. Neste ano o tema <\/span><\/span><\/span><span style=\"color: #000000;\"><span style=\"font-family: Liberation Serif, serif;\"><span style=\"font-size: medium;\">\u00e9 <\/span><\/span><\/span><span style=\"color: #000000;\"><span style=\"font-family: Liberation Serif, serif;\"><span style=\"font-size: medium;\">\u201cA Vida Pede Equil\u00edbrio\u201d. Pensando nisso, a Secretaria de Sa\u00fade organiza na sexta-feira, dia 27, uma a\u00e7\u00e3o na Pra\u00e7a Central para conscientizar a popula\u00e7\u00e3o sobre esse assunto. O evento come\u00e7a \u00e0s 09h30.<\/span><\/span><\/span><\/p>\n<p><span style=\"color: #000000;\"><span style=\"font-family: Liberation Serif, serif;\"><span style=\"font-size: medium;\"><br \/>\nNa ocasi\u00e3o, ser\u00e1 organizada a distribui\u00e7\u00e3o de frases de incentivo \u00e0s pessoas que passarem pelo local, al\u00e9m da organiza\u00e7\u00e3o de rodas de conversa, m\u00fasica e exposi\u00e7\u00e3o de trabalhos desempenhados por pacientes do Caps AD \u201cRenascer\u201d. A campanha contar\u00e1 tamb\u00e9m com profissionais de outras unidades voltadas \u00e0 Sa\u00fade Mental presentes no munic\u00edpio, como o CAPS II \u201cReviver\u201d e o Ambulat\u00f3rio de Sa\u00fade Mental.<\/span><\/span><\/span><\/p>\n<p><span style=\"color: #000000;\"><span style=\"font-family: Liberation Serif, serif;\"><span style=\"font-size: medium;\"><br \/>\nComo recomenda\u00e7\u00f5es para melhorar a qualidade de vida neste quesito, manter h\u00e1bitos saud\u00e1veis contribuem para o equil\u00edbrio mental. Exerc\u00edcios como atividades f\u00edsicas e boa alimenta\u00e7\u00e3o tamb\u00e9m podem contribuir, assim como o refor\u00e7o das amizades atrav\u00e9s de encontros e rodas de conversas, que ajudam o indiv\u00edduo a atravessar momentos dif\u00edceis sem maiores danos \u00e0 Sa\u00fade. Recomenda\u00e7\u00e3o que tamb\u00e9m \u00e9 bem-vinda para estreitar la\u00e7os familiares.<\/span><\/span><\/span><\/p>\n<p><span style=\"color: #000000;\"><span style=\"font-family: Liberation Serif, serif;\"><span style=\"font-size: medium;\"><br \/>\nEm Capivari, os setores especializados em Sa\u00fade Mental est\u00e3o dispon\u00edveis para atender quem precisa de ajuda. O Ambulat\u00f3rio Sa\u00fade Mental \u00e9 especializado no atendimento de crian\u00e7as, adolescentes e adultos com transtorno mental leve e moderado e fica na rua Jo\u00e3o Vaz, 262, Centro. Al\u00e9m disso, a unidade atende pelo telefone (19) 3492-4199.<\/span><\/span><\/span><\/p>\n<p><span style=\"color: #000000;\"> <span style=\"font-family: Liberation Serif, serif;\"><span style=\"font-size: medium;\"><br \/>\nJ\u00e1 o CAPS II tem como prioridade as pessoas com transtornos mentais graves e persistentes, sendo localizado na rua Sinharinha Frota, 290, Centro, atendendo pelo telefone (19) 3492-1533. O CAPS AD \u201cRenascer\u201d, situado na Rua Bar\u00e3o do Rio Branco, 43, Centro, tem como especialidade o atendimento de pessoas com transtornos causados pelo uso excessivo de \u00e1lcool e drogas. O telefone para contato (19) 3492-5626.<\/span><\/span><\/span><\/p>\n","protected":false},"excerpt":{"rendered":"<p>Durante todo o m\u00eas de janeiro \u00e9 celebrado o \u201cJaneiro Branco\u201d &#8211; campanha que visa a sa\u00fade mental da popula\u00e7\u00e3o. Neste ano o tema \u00e9 \u201cA Vida Pede Equil\u00edbrio\u201d. Pensando nisso, a Secretaria de Sa\u00fade organiza na sexta-feira, dia 27, uma a\u00e7\u00e3o na Pra\u00e7a Central para conscientizar a popula\u00e7\u00e3o sobre esse assunto. O evento come\u00e7a [&hellip;]<\/p>\n","protected":false},"author":2,"featured_media":8178,"comment_status":"open","ping_status":"open","sticky":false,"template":"","format":"standard","meta":{"ocean_post_layout":"","ocean_both_sidebars_style":"","ocean_both_sidebars_content_width":0,"ocean_both_sidebars_sidebars_width":0,"ocean_sidebar":"","ocean_second_sidebar":"","ocean_disable_margins":"enable","ocean_add_body_class":"","ocean_shortcode_before_top_bar":"","ocean_shortcode_after_top_bar":"","ocean_shortcode_before_header":"","ocean_shortcode_after_header":"","ocean_has_shortcode":"","ocean_shortcode_after_title":"","ocean_shortcode_before_footer_widgets":"","ocean_shortcode_after_footer_widgets":"","ocean_shortcode_before_footer_bottom":"","ocean_shortcode_after_footer_bottom":"","ocean_display_top_bar":"default","ocean_display_header":"default","ocean_header_style":"","ocean_center_header_left_menu":"","ocean_custom_header_template":"","ocean_custom_logo":0,"ocean_custom_retina_logo":0,"ocean_custom_logo_max_width":0,"ocean_custom_logo_tablet_max_width":0,"ocean_custom_logo_mobile_max_width":0,"ocean_custom_logo_max_height":0,"ocean_custom_logo_tablet_max_height":0,"ocean_custom_logo_mobile_max_height":0,"ocean_header_custom_menu":"","ocean_menu_typo_font_family":"","ocean_menu_typo_font_subset":"","ocean_menu_typo_font_size":0,"ocean_menu_typo_font_size_tablet":0,"ocean_menu_typo_font_size_mobile":0,"ocean_menu_typo_font_size_unit":"px","ocean_menu_typo_font_weight":"","ocean_menu_typo_font_weight_tablet":"","ocean_menu_typo_font_weight_mobile":"","ocean_menu_typo_transform":"","ocean_menu_typo_transform_tablet":"","ocean_menu_typo_transform_mobile":"","ocean_menu_typo_line_height":0,"ocean_menu_typo_line_height_tablet":0,"ocean_menu_typo_line_height_mobile":0,"ocean_menu_typo_line_height_unit":"","ocean_menu_typo_spacing":0,"ocean_menu_typo_spacing_tablet":0,"ocean_menu_typo_spacing_mobile":0,"ocean_menu_typo_spacing_unit":"","ocean_menu_link_color":"","ocean_menu_link_color_hover":"","ocean_menu_link_color_active":"","ocean_menu_link_background":"","ocean_menu_link_hover_background":"","ocean_menu_link_active_background":"","ocean_menu_social_links_bg":"","ocean_menu_social_hover_links_bg":"","ocean_menu_social_links_color":"","ocean_menu_social_hover_links_color":"","ocean_disable_title":"default","ocean_disable_heading":"default","ocean_post_title":"","ocean_post_subheading":"","ocean_post_title_style":"","ocean_post_title_background_color":"","ocean_post_title_background":0,"ocean_post_title_bg_image_position":"","ocean_post_title_bg_image_attachment":"","ocean_post_title_bg_image_repeat":"","ocean_post_title_bg_image_size":"","ocean_post_title_height":0,"ocean_post_title_bg_overlay":0.5,"ocean_post_title_bg_overlay_color":"","ocean_disable_breadcrumbs":"default","ocean_breadcrumbs_color":"","ocean_breadcrumbs_separator_color":"","ocean_breadcrumbs_links_color":"","ocean_breadcrumbs_links_hover_color":"","ocean_display_footer_widgets":"default","ocean_display_footer_bottom":"default","ocean_custom_footer_template":"","ocean_post_oembed":"","ocean_post_self_hosted_media":"","ocean_post_video_embed":"","ocean_link_format":"","ocean_link_format_target":"self","ocean_quote_format":"","ocean_quote_format_link":"post","ocean_gallery_link_images":"off","ocean_gallery_id":[],"footnotes":""},"categories":[4,5,31],"tags":[],"class_list":["post-8177","post","type-post","status-publish","format-standard","has-post-thumbnail","hentry","category-destaque","category-geral","category-saude","entry","has-media"],"yoast_head":"<!-- This site is optimized with the Yoast SEO plugin v27.5 - https:\/\/yoast.com\/product\/yoast-seo-wordpress\/ -->\n<title>Secretaria de Sa\u00fade organiza a\u00e7\u00e3o na Pra\u00e7a Central em prol do Janeiro Branco, no pr\u00f3ximo dia 27 - Prefeitura de Capivari<\/title>\n<meta name=\"robots\" content=\"index, follow, max-snippet:-1, max-image-preview:large, max-video-preview:-1\" \/>\n<link rel=\"canonical\" href=\"https:\/\/capivari.sp.gov.br\/portal\/secretaria-de-saude-organiza-acao-na-praca-central-em-prol-do-janeiro-branco-no-proximo-dia-27\/\" \/>\n<meta property=\"og:locale\" content=\"pt_BR\" \/>\n<meta property=\"og:type\" content=\"article\" \/>\n<meta property=\"og:title\" content=\"Secretaria de Sa\u00fade organiza a\u00e7\u00e3o na Pra\u00e7a Central em prol do Janeiro Branco, no pr\u00f3ximo dia 27 - Prefeitura de Capivari\" \/>\n<meta property=\"og:description\" content=\"Durante todo o m\u00eas de janeiro \u00e9 celebrado o \u201cJaneiro Branco\u201d &#8211; campanha que visa a sa\u00fade mental da popula\u00e7\u00e3o. Neste ano o tema \u00e9 \u201cA Vida Pede Equil\u00edbrio\u201d. Pensando nisso, a Secretaria de Sa\u00fade organiza na sexta-feira, dia 27, uma a\u00e7\u00e3o na Pra\u00e7a Central para conscientizar a popula\u00e7\u00e3o sobre esse assunto. O evento come\u00e7a [&hellip;]\" \/>\n<meta property=\"og:url\" content=\"https:\/\/capivari.sp.gov.br\/portal\/secretaria-de-saude-organiza-acao-na-praca-central-em-prol-do-janeiro-branco-no-proximo-dia-27\/\" \/>\n<meta property=\"og:site_name\" content=\"Prefeitura de Capivari\" \/>\n<meta property=\"article:publisher\" content=\"https:\/\/www.facebook.com\/PrefeituradeCapivari\/\" \/>\n<meta property=\"article:published_time\" content=\"2023-01-19T11:28:14+00:00\" \/>\n<meta property=\"og:image\" content=\"https:\/\/capivari.sp.gov.br\/portal\/wp-content\/uploads\/2023\/01\/IMG_4974-scaled.jpg\" \/>\n\t<meta property=\"og:image:width\" content=\"2560\" \/>\n\t<meta property=\"og:image:height\" content=\"1707\" \/>\n\t<meta property=\"og:image:type\" content=\"image\/jpeg\" \/>\n<meta name=\"author\" content=\"Thalles Cristiano\" \/>\n<meta name=\"twitter:card\" content=\"summary_large_image\" \/>\n<meta name=\"twitter:creator\" content=\"@PrefCapivari\" \/>\n<meta name=\"twitter:site\" content=\"@PrefCapivari\" \/>\n<meta name=\"twitter:label1\" content=\"Escrito por\" \/>\n\t<meta name=\"twitter:data1\" content=\"Thalles Cristiano\" \/>\n\t<meta name=\"twitter:label2\" content=\"Est. tempo de leitura\" \/>\n\t<meta name=\"twitter:data2\" content=\"2 minutos\" \/>\n<script type=\"application\/ld+json\" class=\"yoast-schema-graph\">{\"@context\":\"https:\\\/\\\/schema.org\",\"@graph\":[{\"@type\":\"Article\",\"@id\":\"https:\\\/\\\/capivari.sp.gov.br\\\/portal\\\/secretaria-de-saude-organiza-acao-na-praca-central-em-prol-do-janeiro-branco-no-proximo-dia-27\\\/#article\",\"isPartOf\":{\"@id\":\"https:\\\/\\\/capivari.sp.gov.br\\\/portal\\\/secretaria-de-saude-organiza-acao-na-praca-central-em-prol-do-janeiro-branco-no-proximo-dia-27\\\/\"},\"author\":{\"name\":\"Thalles Cristiano\",\"@id\":\"https:\\\/\\\/capivari.sp.gov.br\\\/portal\\\/#\\\/schema\\\/person\\\/98801614a91d449946b0687ae2db9f29\"},\"headline\":\"Secretaria de Sa\u00fade organiza a\u00e7\u00e3o na Pra\u00e7a Central em prol do Janeiro Branco, no pr\u00f3ximo dia 27\",\"datePublished\":\"2023-01-19T11:28:14+00:00\",\"mainEntityOfPage\":{\"@id\":\"https:\\\/\\\/capivari.sp.gov.br\\\/portal\\\/secretaria-de-saude-organiza-acao-na-praca-central-em-prol-do-janeiro-branco-no-proximo-dia-27\\\/\"},\"wordCount\":350,\"commentCount\":0,\"publisher\":{\"@id\":\"https:\\\/\\\/capivari.sp.gov.br\\\/portal\\\/#organization\"},\"image\":{\"@id\":\"https:\\\/\\\/capivari.sp.gov.br\\\/portal\\\/secretaria-de-saude-organiza-acao-na-praca-central-em-prol-do-janeiro-branco-no-proximo-dia-27\\\/#primaryimage\"},\"thumbnailUrl\":\"https:\\\/\\\/capivari.sp.gov.br\\\/portal\\\/wp-content\\\/uploads\\\/2023\\\/01\\\/IMG_4974-scaled.jpg\",\"articleSection\":[\"Destaque\",\"Geral\",\"Sa\u00fade\"],\"inLanguage\":\"pt-BR\",\"potentialAction\":[{\"@type\":\"CommentAction\",\"name\":\"Comment\",\"target\":[\"https:\\\/\\\/capivari.sp.gov.br\\\/portal\\\/secretaria-de-saude-organiza-acao-na-praca-central-em-prol-do-janeiro-branco-no-proximo-dia-27\\\/#respond\"]}]},{\"@type\":\"WebPage\",\"@id\":\"https:\\\/\\\/capivari.sp.gov.br\\\/portal\\\/secretaria-de-saude-organiza-acao-na-praca-central-em-prol-do-janeiro-branco-no-proximo-dia-27\\\/\",\"url\":\"https:\\\/\\\/capivari.sp.gov.br\\\/portal\\\/secretaria-de-saude-organiza-acao-na-praca-central-em-prol-do-janeiro-branco-no-proximo-dia-27\\\/\",\"name\":\"Secretaria de Sa\u00fade organiza a\u00e7\u00e3o na Pra\u00e7a Central em prol do Janeiro Branco, no pr\u00f3ximo dia 27 - Prefeitura de Capivari\",\"isPartOf\":{\"@id\":\"https:\\\/\\\/capivari.sp.gov.br\\\/portal\\\/#website\"},\"primaryImageOfPage\":{\"@id\":\"https:\\\/\\\/capivari.sp.gov.br\\\/portal\\\/secretaria-de-saude-organiza-acao-na-praca-central-em-prol-do-janeiro-branco-no-proximo-dia-27\\\/#primaryimage\"},\"image\":{\"@id\":\"https:\\\/\\\/capivari.sp.gov.br\\\/portal\\\/secretaria-de-saude-organiza-acao-na-praca-central-em-prol-do-janeiro-branco-no-proximo-dia-27\\\/#primaryimage\"},\"thumbnailUrl\":\"https:\\\/\\\/capivari.sp.gov.br\\\/portal\\\/wp-content\\\/uploads\\\/2023\\\/01\\\/IMG_4974-scaled.jpg\",\"datePublished\":\"2023-01-19T11:28:14+00:00\",\"breadcrumb\":{\"@id\":\"https:\\\/\\\/capivari.sp.gov.br\\\/portal\\\/secretaria-de-saude-organiza-acao-na-praca-central-em-prol-do-janeiro-branco-no-proximo-dia-27\\\/#breadcrumb\"},\"inLanguage\":\"pt-BR\",\"potentialAction\":[{\"@type\":\"ReadAction\",\"target\":[\"https:\\\/\\\/capivari.sp.gov.br\\\/portal\\\/secretaria-de-saude-organiza-acao-na-praca-central-em-prol-do-janeiro-branco-no-proximo-dia-27\\\/\"]}]},{\"@type\":\"ImageObject\",\"inLanguage\":\"pt-BR\",\"@id\":\"https:\\\/\\\/capivari.sp.gov.br\\\/portal\\\/secretaria-de-saude-organiza-acao-na-praca-central-em-prol-do-janeiro-branco-no-proximo-dia-27\\\/#primaryimage\",\"url\":\"https:\\\/\\\/capivari.sp.gov.br\\\/portal\\\/wp-content\\\/uploads\\\/2023\\\/01\\\/IMG_4974-scaled.jpg\",\"contentUrl\":\"https:\\\/\\\/capivari.sp.gov.br\\\/portal\\\/wp-content\\\/uploads\\\/2023\\\/01\\\/IMG_4974-scaled.jpg\",\"width\":2560,\"height\":1707},{\"@type\":\"BreadcrumbList\",\"@id\":\"https:\\\/\\\/capivari.sp.gov.br\\\/portal\\\/secretaria-de-saude-organiza-acao-na-praca-central-em-prol-do-janeiro-branco-no-proximo-dia-27\\\/#breadcrumb\",\"itemListElement\":[{\"@type\":\"ListItem\",\"position\":1,\"name\":\"In\u00edcio\",\"item\":\"https:\\\/\\\/capivari.sp.gov.br\\\/portal\\\/\"},{\"@type\":\"ListItem\",\"position\":2,\"name\":\"Secretaria de Sa\u00fade organiza a\u00e7\u00e3o na Pra\u00e7a Central em prol do Janeiro Branco, no pr\u00f3ximo dia 27\"}]},{\"@type\":\"WebSite\",\"@id\":\"https:\\\/\\\/capivari.sp.gov.br\\\/portal\\\/#website\",\"url\":\"https:\\\/\\\/capivari.sp.gov.br\\\/portal\\\/\",\"name\":\"Prefeitura de Capivari\",\"description\":\"Prefeitura de Capivari\",\"publisher\":{\"@id\":\"https:\\\/\\\/capivari.sp.gov.br\\\/portal\\\/#organization\"},\"potentialAction\":[{\"@type\":\"SearchAction\",\"target\":{\"@type\":\"EntryPoint\",\"urlTemplate\":\"https:\\\/\\\/capivari.sp.gov.br\\\/portal\\\/?s={search_term_string}\"},\"query-input\":{\"@type\":\"PropertyValueSpecification\",\"valueRequired\":true,\"valueName\":\"search_term_string\"}}],\"inLanguage\":\"pt-BR\"},{\"@type\":\"Organization\",\"@id\":\"https:\\\/\\\/capivari.sp.gov.br\\\/portal\\\/#organization\",\"name\":\"Prefeitura de Capivari\",\"url\":\"https:\\\/\\\/capivari.sp.gov.br\\\/portal\\\/\",\"logo\":{\"@type\":\"ImageObject\",\"inLanguage\":\"pt-BR\",\"@id\":\"https:\\\/\\\/capivari.sp.gov.br\\\/portal\\\/#\\\/schema\\\/logo\\\/image\\\/\",\"url\":\"https:\\\/\\\/capivari.sp.gov.br\\\/portal\\\/wp-content\\\/uploads\\\/2021\\\/09\\\/logo-prefeitura-de-capivari.png\",\"contentUrl\":\"https:\\\/\\\/capivari.sp.gov.br\\\/portal\\\/wp-content\\\/uploads\\\/2021\\\/09\\\/logo-prefeitura-de-capivari.png\",\"width\":200,\"height\":147,\"caption\":\"Prefeitura de Capivari\"},\"image\":{\"@id\":\"https:\\\/\\\/capivari.sp.gov.br\\\/portal\\\/#\\\/schema\\\/logo\\\/image\\\/\"},\"sameAs\":[\"https:\\\/\\\/www.facebook.com\\\/PrefeituradeCapivari\\\/\",\"https:\\\/\\\/x.com\\\/PrefCapivari\",\"https:\\\/\\\/www.instagram.com\\\/prefeituracapivari\\\/\"]},{\"@type\":\"Person\",\"@id\":\"https:\\\/\\\/capivari.sp.gov.br\\\/portal\\\/#\\\/schema\\\/person\\\/98801614a91d449946b0687ae2db9f29\",\"name\":\"Thalles Cristiano\",\"image\":{\"@type\":\"ImageObject\",\"inLanguage\":\"pt-BR\",\"@id\":\"https:\\\/\\\/secure.gravatar.com\\\/avatar\\\/0d1b9a4bdcde99ab11a8cd27abdcd088993749b82c4355c0301135023dc52b3d?s=96&d=mm&r=g\",\"url\":\"https:\\\/\\\/secure.gravatar.com\\\/avatar\\\/0d1b9a4bdcde99ab11a8cd27abdcd088993749b82c4355c0301135023dc52b3d?s=96&d=mm&r=g\",\"contentUrl\":\"https:\\\/\\\/secure.gravatar.com\\\/avatar\\\/0d1b9a4bdcde99ab11a8cd27abdcd088993749b82c4355c0301135023dc52b3d?s=96&d=mm&r=g\",\"caption\":\"Thalles Cristiano\"},\"url\":\"https:\\\/\\\/capivari.sp.gov.br\\\/portal\\\/author\\\/thalles-cristiano\\\/\"}]}<\/script>\n<!-- \/ Yoast SEO plugin. -->","yoast_head_json":{"title":"Secretaria de Sa\u00fade organiza a\u00e7\u00e3o na Pra\u00e7a Central em prol do Janeiro Branco, no pr\u00f3ximo dia 27 - Prefeitura de Capivari","robots":{"index":"index","follow":"follow","max-snippet":"max-snippet:-1","max-image-preview":"max-image-preview:large","max-video-preview":"max-video-preview:-1"},"canonical":"https:\/\/capivari.sp.gov.br\/portal\/secretaria-de-saude-organiza-acao-na-praca-central-em-prol-do-janeiro-branco-no-proximo-dia-27\/","og_locale":"pt_BR","og_type":"article","og_title":"Secretaria de Sa\u00fade organiza a\u00e7\u00e3o na Pra\u00e7a Central em prol do Janeiro Branco, no pr\u00f3ximo dia 27 - Prefeitura de Capivari","og_description":"Durante todo o m\u00eas de janeiro \u00e9 celebrado o \u201cJaneiro Branco\u201d &#8211; campanha que visa a sa\u00fade mental da popula\u00e7\u00e3o. Neste ano o tema \u00e9 \u201cA Vida Pede Equil\u00edbrio\u201d. Pensando nisso, a Secretaria de Sa\u00fade organiza na sexta-feira, dia 27, uma a\u00e7\u00e3o na Pra\u00e7a Central para conscientizar a popula\u00e7\u00e3o sobre esse assunto. O evento come\u00e7a [&hellip;]","og_url":"https:\/\/capivari.sp.gov.br\/portal\/secretaria-de-saude-organiza-acao-na-praca-central-em-prol-do-janeiro-branco-no-proximo-dia-27\/","og_site_name":"Prefeitura de Capivari","article_publisher":"https:\/\/www.facebook.com\/PrefeituradeCapivari\/","article_published_time":"2023-01-19T11:28:14+00:00","og_image":[{"width":2560,"height":1707,"url":"https:\/\/capivari.sp.gov.br\/portal\/wp-content\/uploads\/2023\/01\/IMG_4974-scaled.jpg","type":"image\/jpeg"}],"author":"Thalles Cristiano","twitter_card":"summary_large_image","twitter_creator":"@PrefCapivari","twitter_site":"@PrefCapivari","twitter_misc":{"Escrito por":"Thalles Cristiano","Est. tempo de leitura":"2 minutos"},"schema":{"@context":"https:\/\/schema.org","@graph":[{"@type":"Article","@id":"https:\/\/capivari.sp.gov.br\/portal\/secretaria-de-saude-organiza-acao-na-praca-central-em-prol-do-janeiro-branco-no-proximo-dia-27\/#article","isPartOf":{"@id":"https:\/\/capivari.sp.gov.br\/portal\/secretaria-de-saude-organiza-acao-na-praca-central-em-prol-do-janeiro-branco-no-proximo-dia-27\/"},"author":{"name":"Thalles Cristiano","@id":"https:\/\/capivari.sp.gov.br\/portal\/#\/schema\/person\/98801614a91d449946b0687ae2db9f29"},"headline":"Secretaria de Sa\u00fade organiza a\u00e7\u00e3o na Pra\u00e7a Central em prol do Janeiro Branco, no pr\u00f3ximo dia 27","datePublished":"2023-01-19T11:28:14+00:00","mainEntityOfPage":{"@id":"https:\/\/capivari.sp.gov.br\/portal\/secretaria-de-saude-organiza-acao-na-praca-central-em-prol-do-janeiro-branco-no-proximo-dia-27\/"},"wordCount":350,"commentCount":0,"publisher":{"@id":"https:\/\/capivari.sp.gov.br\/portal\/#organization"},"image":{"@id":"https:\/\/capivari.sp.gov.br\/portal\/secretaria-de-saude-organiza-acao-na-praca-central-em-prol-do-janeiro-branco-no-proximo-dia-27\/#primaryimage"},"thumbnailUrl":"https:\/\/capivari.sp.gov.br\/portal\/wp-content\/uploads\/2023\/01\/IMG_4974-scaled.jpg","articleSection":["Destaque","Geral","Sa\u00fade"],"inLanguage":"pt-BR","potentialAction":[{"@type":"CommentAction","name":"Comment","target":["https:\/\/capivari.sp.gov.br\/portal\/secretaria-de-saude-organiza-acao-na-praca-central-em-prol-do-janeiro-branco-no-proximo-dia-27\/#respond"]}]},{"@type":"WebPage","@id":"https:\/\/capivari.sp.gov.br\/portal\/secretaria-de-saude-organiza-acao-na-praca-central-em-prol-do-janeiro-branco-no-proximo-dia-27\/","url":"https:\/\/capivari.sp.gov.br\/portal\/secretaria-de-saude-organiza-acao-na-praca-central-em-prol-do-janeiro-branco-no-proximo-dia-27\/","name":"Secretaria de Sa\u00fade organiza a\u00e7\u00e3o na Pra\u00e7a Central em prol do Janeiro Branco, no pr\u00f3ximo dia 27 - Prefeitura de Capivari","isPartOf":{"@id":"https:\/\/capivari.sp.gov.br\/portal\/#website"},"primaryImageOfPage":{"@id":"https:\/\/capivari.sp.gov.br\/portal\/secretaria-de-saude-organiza-acao-na-praca-central-em-prol-do-janeiro-branco-no-proximo-dia-27\/#primaryimage"},"image":{"@id":"https:\/\/capivari.sp.gov.br\/portal\/secretaria-de-saude-organiza-acao-na-praca-central-em-prol-do-janeiro-branco-no-proximo-dia-27\/#primaryimage"},"thumbnailUrl":"https:\/\/capivari.sp.gov.br\/portal\/wp-content\/uploads\/2023\/01\/IMG_4974-scaled.jpg","datePublished":"2023-01-19T11:28:14+00:00","breadcrumb":{"@id":"https:\/\/capivari.sp.gov.br\/portal\/secretaria-de-saude-organiza-acao-na-praca-central-em-prol-do-janeiro-branco-no-proximo-dia-27\/#breadcrumb"},"inLanguage":"pt-BR","potentialAction":[{"@type":"ReadAction","target":["https:\/\/capivari.sp.gov.br\/portal\/secretaria-de-saude-organiza-acao-na-praca-central-em-prol-do-janeiro-branco-no-proximo-dia-27\/"]}]},{"@type":"ImageObject","inLanguage":"pt-BR","@id":"https:\/\/capivari.sp.gov.br\/portal\/secretaria-de-saude-organiza-acao-na-praca-central-em-prol-do-janeiro-branco-no-proximo-dia-27\/#primaryimage","url":"https:\/\/capivari.sp.gov.br\/portal\/wp-content\/uploads\/2023\/01\/IMG_4974-scaled.jpg","contentUrl":"https:\/\/capivari.sp.gov.br\/portal\/wp-content\/uploads\/2023\/01\/IMG_4974-scaled.jpg","width":2560,"height":1707},{"@type":"BreadcrumbList","@id":"https:\/\/capivari.sp.gov.br\/portal\/secretaria-de-saude-organiza-acao-na-praca-central-em-prol-do-janeiro-branco-no-proximo-dia-27\/#breadcrumb","itemListElement":[{"@type":"ListItem","position":1,"name":"In\u00edcio","item":"https:\/\/capivari.sp.gov.br\/portal\/"},{"@type":"ListItem","position":2,"name":"Secretaria de Sa\u00fade organiza a\u00e7\u00e3o na Pra\u00e7a Central em prol do Janeiro Branco, no pr\u00f3ximo dia 27"}]},{"@type":"WebSite","@id":"https:\/\/capivari.sp.gov.br\/portal\/#website","url":"https:\/\/capivari.sp.gov.br\/portal\/","name":"Prefeitura de Capivari","description":"Prefeitura de Capivari","publisher":{"@id":"https:\/\/capivari.sp.gov.br\/portal\/#organization"},"potentialAction":[{"@type":"SearchAction","target":{"@type":"EntryPoint","urlTemplate":"https:\/\/capivari.sp.gov.br\/portal\/?s={search_term_string}"},"query-input":{"@type":"PropertyValueSpecification","valueRequired":true,"valueName":"search_term_string"}}],"inLanguage":"pt-BR"},{"@type":"Organization","@id":"https:\/\/capivari.sp.gov.br\/portal\/#organization","name":"Prefeitura de Capivari","url":"https:\/\/capivari.sp.gov.br\/portal\/","logo":{"@type":"ImageObject","inLanguage":"pt-BR","@id":"https:\/\/capivari.sp.gov.br\/portal\/#\/schema\/logo\/image\/","url":"https:\/\/capivari.sp.gov.br\/portal\/wp-content\/uploads\/2021\/09\/logo-prefeitura-de-capivari.png","contentUrl":"https:\/\/capivari.sp.gov.br\/portal\/wp-content\/uploads\/2021\/09\/logo-prefeitura-de-capivari.png","width":200,"height":147,"caption":"Prefeitura de Capivari"},"image":{"@id":"https:\/\/capivari.sp.gov.br\/portal\/#\/schema\/logo\/image\/"},"sameAs":["https:\/\/www.facebook.com\/PrefeituradeCapivari\/","https:\/\/x.com\/PrefCapivari","https:\/\/www.instagram.com\/prefeituracapivari\/"]},{"@type":"Person","@id":"https:\/\/capivari.sp.gov.br\/portal\/#\/schema\/person\/98801614a91d449946b0687ae2db9f29","name":"Thalles Cristiano","image":{"@type":"ImageObject","inLanguage":"pt-BR","@id":"https:\/\/secure.gravatar.com\/avatar\/0d1b9a4bdcde99ab11a8cd27abdcd088993749b82c4355c0301135023dc52b3d?s=96&d=mm&r=g","url":"https:\/\/secure.gravatar.com\/avatar\/0d1b9a4bdcde99ab11a8cd27abdcd088993749b82c4355c0301135023dc52b3d?s=96&d=mm&r=g","contentUrl":"https:\/\/secure.gravatar.com\/avatar\/0d1b9a4bdcde99ab11a8cd27abdcd088993749b82c4355c0301135023dc52b3d?s=96&d=mm&r=g","caption":"Thalles Cristiano"},"url":"https:\/\/capivari.sp.gov.br\/portal\/author\/thalles-cristiano\/"}]}},"_links":{"self":[{"href":"https:\/\/capivari.sp.gov.br\/portal\/wp-json\/wp\/v2\/posts\/8177","targetHints":{"allow":["GET"]}}],"collection":[{"href":"https:\/\/capivari.sp.gov.br\/portal\/wp-json\/wp\/v2\/posts"}],"about":[{"href":"https:\/\/capivari.sp.gov.br\/portal\/wp-json\/wp\/v2\/types\/post"}],"author":[{"embeddable":true,"href":"https:\/\/capivari.sp.gov.br\/portal\/wp-json\/wp\/v2\/users\/2"}],"replies":[{"embeddable":true,"href":"https:\/\/capivari.sp.gov.br\/portal\/wp-json\/wp\/v2\/comments?post=8177"}],"version-history":[{"count":1,"href":"https:\/\/capivari.sp.gov.br\/portal\/wp-json\/wp\/v2\/posts\/8177\/revisions"}],"predecessor-version":[{"id":8179,"href":"https:\/\/capivari.sp.gov.br\/portal\/wp-json\/wp\/v2\/posts\/8177\/revisions\/8179"}],"wp:featuredmedia":[{"embeddable":true,"href":"https:\/\/capivari.sp.gov.br\/portal\/wp-json\/wp\/v2\/media\/8178"}],"wp:attachment":[{"href":"https:\/\/capivari.sp.gov.br\/portal\/wp-json\/wp\/v2\/media?parent=8177"}],"wp:term":[{"taxonomy":"category","embeddable":true,"href":"https:\/\/capivari.sp.gov.br\/portal\/wp-json\/wp\/v2\/categories?post=8177"},{"taxonomy":"post_tag","embeddable":true,"href":"https:\/\/capivari.sp.gov.br\/portal\/wp-json\/wp\/v2\/tags?post=8177"}],"curies":[{"name":"wp","href":"https:\/\/api.w.org\/{rel}","templated":true}]}}