{"id":8183,"date":"2023-01-19T11:05:54","date_gmt":"2023-01-19T14:05:54","guid":{"rendered":"https:\/\/capivari.sp.gov.br\/portal\/?p=8183"},"modified":"2023-01-19T11:05:54","modified_gmt":"2023-01-19T14:05:54","slug":"prefeito-e-vice-prefeito-anunciam-apostila-e-instrumentos-musicais-para-a-rede-municipal-de-ensino","status":"publish","type":"post","link":"https:\/\/capivari.sp.gov.br\/portal\/prefeito-e-vice-prefeito-anunciam-apostila-e-instrumentos-musicais-para-a-rede-municipal-de-ensino\/","title":{"rendered":"Prefeito e Vice-Prefeito anunciam apostila e instrumentos musicais para a Rede Municipal de Ensino"},"content":{"rendered":"<p>Os alunos da Rede Municipal de Ensino ter\u00e3o mais uma novidade na volta \u00e0s aulas neste 2023. Em pronunciamento pelas redes sociais nesta quarta-feira, dia 18, o Prefeito de Capivari, Vit\u00e3o Riccomini, acompanhado do Vice-Prefeito, Bruno Barnab\u00e9, e do Secret\u00e1rio da Educa\u00e7\u00e3o, Jos\u00e9 Lucas de Moraes, fizeram mais um an\u00fancio importante.<\/p>\n<p>A partir deste ano de 2023, as crian\u00e7as ter\u00e3o aulas de m\u00fasica, seguindo apostilas especiais, que foram elaboradas pelos pr\u00f3prios professores: Adriano Pascoal Capellari Vicente, Camila Silva Coelho, Elizandra Martins Miranda, Larissa Aline Filier Guimar\u00e3es, William Silva de Jesus Leite, Bruna Zuin Mazzafero e Denise de Carvalho Cardoso.<\/p>\n<p>Al\u00e9m da apostila, que \u00e9 um documento norteador do professor, a Secretaria da Educa\u00e7\u00e3o ter\u00e1 mais uma boa not\u00edcia para os estudantes. Agora os alunos n\u00e3o precisar\u00e3o mais revezar os instrumentos enquanto aprendem, pois cada um ter\u00e1 o seu. Foram comprados Caxixis, Tamburetes, Pandeiros, Flautas Doce, Tri\u00e2ngulos, Bolinhas, Baquetas e outros.<\/p>\n<p>O material ser\u00e1 utilizado durante o per\u00edodo de sete anos, iniciando no Pr\u00e9 I e finalizando no 5\u00ba ano escolar, com aulas sincronizadas. Por exemplo, as aulas que forem dadas na escola Jos\u00e9 Benedito Pinto Antunes, ser\u00e3o dadas tamb\u00e9m na escola Jos\u00e9 Annicchino Fu Paulo.<\/p>\n<p>\u201cNa Educa\u00e7\u00e3o \u00e9 que come\u00e7amos a pensar no futuro. Ningu\u00e9m vai mudar a personalidade de uma crian\u00e7a dentro de uma escola, mas \u00e9 na escola que voc\u00ea potencializa aquilo que cada cidad\u00e3o tem de melhor. Gra\u00e7as ao trabalho dos nossos profissionais e apoio irrestrito da Secretaria da Educa\u00e7\u00e3o e da administra\u00e7\u00e3o como um todo, \u00e9 que temos a felicidade de apresentar este projeto in\u00e9dito desenvolvido pelos nossos colaboradores\u201d, disse Vit\u00e3o Riccomini, Prefeito de Capivari.<\/p>\n<p>O Secret\u00e1rio da Educa\u00e7\u00e3o, Jos\u00e9 Lucas de Moraes, tamb\u00e9m deixou sua palavra. \u201cQueria parabenizar toda a equipe, porque esta apostila n\u00e3o \u00e9 apenas para as crian\u00e7as, ele \u00e9 autoral, ele \u00e9 um material de Capivari. Se voc\u00ea for em outra cidade, n\u00e3o vai encontrar um igual a este. Acredito que 2023, para a nossa Educa\u00e7\u00e3o, ser\u00e1 um ano muito importante. \u00c9 o pontap\u00e9 para fazer uma Capivari diferente para as nossas crian\u00e7as\u201d, disse.<\/p>\n<p>Neste novo momento em que a Educa\u00e7\u00e3o vive, os professores e organizadores do projeto est\u00e3o deixando um legado. Uma das maneiras mais bela de educar uma pessoa, \u00e9 atrav\u00e9s da m\u00fasica, colaborando com a evolu\u00e7\u00e3o da pessoa e o despertar do artista.<\/p>\n","protected":false},"excerpt":{"rendered":"<p>Os alunos da Rede Municipal de Ensino ter\u00e3o mais uma novidade na volta \u00e0s aulas neste 2023. Em pronunciamento pelas redes sociais nesta quarta-feira, dia 18, o Prefeito de Capivari, Vit\u00e3o Riccomini, acompanhado do Vice-Prefeito, Bruno Barnab\u00e9, e do Secret\u00e1rio da Educa\u00e7\u00e3o, Jos\u00e9 Lucas de Moraes, fizeram mais um an\u00fancio importante. A partir deste ano [&hellip;]<\/p>\n","protected":false},"author":3,"featured_media":8184,"comment_status":"open","ping_status":"open","sticky":false,"template":"","format":"standard","meta":{"ocean_post_layout":"","ocean_both_sidebars_style":"","ocean_both_sidebars_content_width":0,"ocean_both_sidebars_sidebars_width":0,"ocean_sidebar":"0","ocean_second_sidebar":"0","ocean_disable_margins":"enable","ocean_add_body_class":"","ocean_shortcode_before_top_bar":"","ocean_shortcode_after_top_bar":"","ocean_shortcode_before_header":"","ocean_shortcode_after_header":"","ocean_has_shortcode":"","ocean_shortcode_after_title":"","ocean_shortcode_before_footer_widgets":"","ocean_shortcode_after_footer_widgets":"","ocean_shortcode_before_footer_bottom":"","ocean_shortcode_after_footer_bottom":"","ocean_display_top_bar":"default","ocean_display_header":"default","ocean_header_style":"","ocean_center_header_left_menu":"0","ocean_custom_header_template":"0","ocean_custom_logo":0,"ocean_custom_retina_logo":0,"ocean_custom_logo_max_width":0,"ocean_custom_logo_tablet_max_width":0,"ocean_custom_logo_mobile_max_width":0,"ocean_custom_logo_max_height":0,"ocean_custom_logo_tablet_max_height":0,"ocean_custom_logo_mobile_max_height":0,"ocean_header_custom_menu":"0","ocean_menu_typo_font_family":"0","ocean_menu_typo_font_subset":"","ocean_menu_typo_font_size":0,"ocean_menu_typo_font_size_tablet":0,"ocean_menu_typo_font_size_mobile":0,"ocean_menu_typo_font_size_unit":"px","ocean_menu_typo_font_weight":"","ocean_menu_typo_font_weight_tablet":"","ocean_menu_typo_font_weight_mobile":"","ocean_menu_typo_transform":"","ocean_menu_typo_transform_tablet":"","ocean_menu_typo_transform_mobile":"","ocean_menu_typo_line_height":0,"ocean_menu_typo_line_height_tablet":0,"ocean_menu_typo_line_height_mobile":0,"ocean_menu_typo_line_height_unit":"","ocean_menu_typo_spacing":0,"ocean_menu_typo_spacing_tablet":0,"ocean_menu_typo_spacing_mobile":0,"ocean_menu_typo_spacing_unit":"","ocean_menu_link_color":"","ocean_menu_link_color_hover":"","ocean_menu_link_color_active":"","ocean_menu_link_background":"","ocean_menu_link_hover_background":"","ocean_menu_link_active_background":"","ocean_menu_social_links_bg":"","ocean_menu_social_hover_links_bg":"","ocean_menu_social_links_color":"","ocean_menu_social_hover_links_color":"","ocean_disable_title":"default","ocean_disable_heading":"default","ocean_post_title":"","ocean_post_subheading":"","ocean_post_title_style":"","ocean_post_title_background_color":"","ocean_post_title_background":0,"ocean_post_title_bg_image_position":"","ocean_post_title_bg_image_attachment":"","ocean_post_title_bg_image_repeat":"","ocean_post_title_bg_image_size":"","ocean_post_title_height":0,"ocean_post_title_bg_overlay":0.5,"ocean_post_title_bg_overlay_color":"","ocean_disable_breadcrumbs":"default","ocean_breadcrumbs_color":"","ocean_breadcrumbs_separator_color":"","ocean_breadcrumbs_links_color":"","ocean_breadcrumbs_links_hover_color":"","ocean_display_footer_widgets":"default","ocean_display_footer_bottom":"default","ocean_custom_footer_template":"0","ocean_post_oembed":"","ocean_post_self_hosted_media":"","ocean_post_video_embed":"","ocean_link_format":"","ocean_link_format_target":"self","ocean_quote_format":"","ocean_quote_format_link":"post","ocean_gallery_link_images":"off","ocean_gallery_id":[],"footnotes":""},"categories":[4,21,5],"tags":[],"class_list":["post-8183","post","type-post","status-publish","format-standard","has-post-thumbnail","hentry","category-destaque","category-educacao","category-geral","entry","has-media"],"yoast_head":"<!-- This site is optimized with the Yoast SEO plugin v27.5 - https:\/\/yoast.com\/product\/yoast-seo-wordpress\/ -->\n<title>Prefeito e Vice-Prefeito anunciam apostila e instrumentos musicais para a Rede Municipal de Ensino - Prefeitura de Capivari<\/title>\n<meta name=\"robots\" content=\"index, follow, max-snippet:-1, max-image-preview:large, max-video-preview:-1\" \/>\n<link rel=\"canonical\" href=\"https:\/\/capivari.sp.gov.br\/portal\/prefeito-e-vice-prefeito-anunciam-apostila-e-instrumentos-musicais-para-a-rede-municipal-de-ensino\/\" \/>\n<meta property=\"og:locale\" content=\"pt_BR\" \/>\n<meta property=\"og:type\" content=\"article\" \/>\n<meta property=\"og:title\" content=\"Prefeito e Vice-Prefeito anunciam apostila e instrumentos musicais para a Rede Municipal de Ensino - Prefeitura de Capivari\" \/>\n<meta property=\"og:description\" content=\"Os alunos da Rede Municipal de Ensino ter\u00e3o mais uma novidade na volta \u00e0s aulas neste 2023. Em pronunciamento pelas redes sociais nesta quarta-feira, dia 18, o Prefeito de Capivari, Vit\u00e3o Riccomini, acompanhado do Vice-Prefeito, Bruno Barnab\u00e9, e do Secret\u00e1rio da Educa\u00e7\u00e3o, Jos\u00e9 Lucas de Moraes, fizeram mais um an\u00fancio importante. A partir deste ano [&hellip;]\" \/>\n<meta property=\"og:url\" content=\"https:\/\/capivari.sp.gov.br\/portal\/prefeito-e-vice-prefeito-anunciam-apostila-e-instrumentos-musicais-para-a-rede-municipal-de-ensino\/\" \/>\n<meta property=\"og:site_name\" content=\"Prefeitura de Capivari\" \/>\n<meta property=\"article:publisher\" content=\"https:\/\/www.facebook.com\/PrefeituradeCapivari\/\" \/>\n<meta property=\"article:published_time\" content=\"2023-01-19T14:05:54+00:00\" \/>\n<meta property=\"og:image\" content=\"https:\/\/capivari.sp.gov.br\/portal\/wp-content\/uploads\/2023\/01\/WhatsApp-Image-2023-01-19-at-10.47.13.jpeg\" \/>\n\t<meta property=\"og:image:width\" content=\"1280\" \/>\n\t<meta property=\"og:image:height\" content=\"958\" \/>\n\t<meta property=\"og:image:type\" content=\"image\/jpeg\" \/>\n<meta name=\"author\" content=\"Rafaella Uvini\" \/>\n<meta name=\"twitter:card\" content=\"summary_large_image\" \/>\n<meta name=\"twitter:creator\" content=\"@PrefCapivari\" \/>\n<meta name=\"twitter:site\" content=\"@PrefCapivari\" \/>\n<meta name=\"twitter:label1\" content=\"Escrito por\" \/>\n\t<meta name=\"twitter:data1\" content=\"Rafaella Uvini\" \/>\n\t<meta name=\"twitter:label2\" content=\"Est. tempo de leitura\" \/>\n\t<meta name=\"twitter:data2\" content=\"3 minutos\" \/>\n<script type=\"application\/ld+json\" class=\"yoast-schema-graph\">{\"@context\":\"https:\\\/\\\/schema.org\",\"@graph\":[{\"@type\":\"Article\",\"@id\":\"https:\\\/\\\/capivari.sp.gov.br\\\/portal\\\/prefeito-e-vice-prefeito-anunciam-apostila-e-instrumentos-musicais-para-a-rede-municipal-de-ensino\\\/#article\",\"isPartOf\":{\"@id\":\"https:\\\/\\\/capivari.sp.gov.br\\\/portal\\\/prefeito-e-vice-prefeito-anunciam-apostila-e-instrumentos-musicais-para-a-rede-municipal-de-ensino\\\/\"},\"author\":{\"name\":\"Rafaella Uvini\",\"@id\":\"https:\\\/\\\/capivari.sp.gov.br\\\/portal\\\/#\\\/schema\\\/person\\\/d7b1048525ce907b55245fe0fcaea2e5\"},\"headline\":\"Prefeito e Vice-Prefeito anunciam apostila e instrumentos musicais para a Rede Municipal de Ensino\",\"datePublished\":\"2023-01-19T14:05:54+00:00\",\"mainEntityOfPage\":{\"@id\":\"https:\\\/\\\/capivari.sp.gov.br\\\/portal\\\/prefeito-e-vice-prefeito-anunciam-apostila-e-instrumentos-musicais-para-a-rede-municipal-de-ensino\\\/\"},\"wordCount\":426,\"commentCount\":0,\"publisher\":{\"@id\":\"https:\\\/\\\/capivari.sp.gov.br\\\/portal\\\/#organization\"},\"image\":{\"@id\":\"https:\\\/\\\/capivari.sp.gov.br\\\/portal\\\/prefeito-e-vice-prefeito-anunciam-apostila-e-instrumentos-musicais-para-a-rede-municipal-de-ensino\\\/#primaryimage\"},\"thumbnailUrl\":\"https:\\\/\\\/capivari.sp.gov.br\\\/portal\\\/wp-content\\\/uploads\\\/2023\\\/01\\\/WhatsApp-Image-2023-01-19-at-10.47.13.jpeg\",\"articleSection\":[\"Destaque\",\"Educa\u00e7\u00e3o\",\"Geral\"],\"inLanguage\":\"pt-BR\",\"potentialAction\":[{\"@type\":\"CommentAction\",\"name\":\"Comment\",\"target\":[\"https:\\\/\\\/capivari.sp.gov.br\\\/portal\\\/prefeito-e-vice-prefeito-anunciam-apostila-e-instrumentos-musicais-para-a-rede-municipal-de-ensino\\\/#respond\"]}]},{\"@type\":\"WebPage\",\"@id\":\"https:\\\/\\\/capivari.sp.gov.br\\\/portal\\\/prefeito-e-vice-prefeito-anunciam-apostila-e-instrumentos-musicais-para-a-rede-municipal-de-ensino\\\/\",\"url\":\"https:\\\/\\\/capivari.sp.gov.br\\\/portal\\\/prefeito-e-vice-prefeito-anunciam-apostila-e-instrumentos-musicais-para-a-rede-municipal-de-ensino\\\/\",\"name\":\"Prefeito e Vice-Prefeito anunciam apostila e instrumentos musicais para a Rede Municipal de Ensino - Prefeitura de Capivari\",\"isPartOf\":{\"@id\":\"https:\\\/\\\/capivari.sp.gov.br\\\/portal\\\/#website\"},\"primaryImageOfPage\":{\"@id\":\"https:\\\/\\\/capivari.sp.gov.br\\\/portal\\\/prefeito-e-vice-prefeito-anunciam-apostila-e-instrumentos-musicais-para-a-rede-municipal-de-ensino\\\/#primaryimage\"},\"image\":{\"@id\":\"https:\\\/\\\/capivari.sp.gov.br\\\/portal\\\/prefeito-e-vice-prefeito-anunciam-apostila-e-instrumentos-musicais-para-a-rede-municipal-de-ensino\\\/#primaryimage\"},\"thumbnailUrl\":\"https:\\\/\\\/capivari.sp.gov.br\\\/portal\\\/wp-content\\\/uploads\\\/2023\\\/01\\\/WhatsApp-Image-2023-01-19-at-10.47.13.jpeg\",\"datePublished\":\"2023-01-19T14:05:54+00:00\",\"breadcrumb\":{\"@id\":\"https:\\\/\\\/capivari.sp.gov.br\\\/portal\\\/prefeito-e-vice-prefeito-anunciam-apostila-e-instrumentos-musicais-para-a-rede-municipal-de-ensino\\\/#breadcrumb\"},\"inLanguage\":\"pt-BR\",\"potentialAction\":[{\"@type\":\"ReadAction\",\"target\":[\"https:\\\/\\\/capivari.sp.gov.br\\\/portal\\\/prefeito-e-vice-prefeito-anunciam-apostila-e-instrumentos-musicais-para-a-rede-municipal-de-ensino\\\/\"]}]},{\"@type\":\"ImageObject\",\"inLanguage\":\"pt-BR\",\"@id\":\"https:\\\/\\\/capivari.sp.gov.br\\\/portal\\\/prefeito-e-vice-prefeito-anunciam-apostila-e-instrumentos-musicais-para-a-rede-municipal-de-ensino\\\/#primaryimage\",\"url\":\"https:\\\/\\\/capivari.sp.gov.br\\\/portal\\\/wp-content\\\/uploads\\\/2023\\\/01\\\/WhatsApp-Image-2023-01-19-at-10.47.13.jpeg\",\"contentUrl\":\"https:\\\/\\\/capivari.sp.gov.br\\\/portal\\\/wp-content\\\/uploads\\\/2023\\\/01\\\/WhatsApp-Image-2023-01-19-at-10.47.13.jpeg\",\"width\":1280,\"height\":958},{\"@type\":\"BreadcrumbList\",\"@id\":\"https:\\\/\\\/capivari.sp.gov.br\\\/portal\\\/prefeito-e-vice-prefeito-anunciam-apostila-e-instrumentos-musicais-para-a-rede-municipal-de-ensino\\\/#breadcrumb\",\"itemListElement\":[{\"@type\":\"ListItem\",\"position\":1,\"name\":\"In\u00edcio\",\"item\":\"https:\\\/\\\/capivari.sp.gov.br\\\/portal\\\/\"},{\"@type\":\"ListItem\",\"position\":2,\"name\":\"Prefeito e Vice-Prefeito anunciam apostila e instrumentos musicais para a Rede Municipal de Ensino\"}]},{\"@type\":\"WebSite\",\"@id\":\"https:\\\/\\\/capivari.sp.gov.br\\\/portal\\\/#website\",\"url\":\"https:\\\/\\\/capivari.sp.gov.br\\\/portal\\\/\",\"name\":\"Prefeitura de Capivari\",\"description\":\"Prefeitura de Capivari\",\"publisher\":{\"@id\":\"https:\\\/\\\/capivari.sp.gov.br\\\/portal\\\/#organization\"},\"potentialAction\":[{\"@type\":\"SearchAction\",\"target\":{\"@type\":\"EntryPoint\",\"urlTemplate\":\"https:\\\/\\\/capivari.sp.gov.br\\\/portal\\\/?s={search_term_string}\"},\"query-input\":{\"@type\":\"PropertyValueSpecification\",\"valueRequired\":true,\"valueName\":\"search_term_string\"}}],\"inLanguage\":\"pt-BR\"},{\"@type\":\"Organization\",\"@id\":\"https:\\\/\\\/capivari.sp.gov.br\\\/portal\\\/#organization\",\"name\":\"Prefeitura de Capivari\",\"url\":\"https:\\\/\\\/capivari.sp.gov.br\\\/portal\\\/\",\"logo\":{\"@type\":\"ImageObject\",\"inLanguage\":\"pt-BR\",\"@id\":\"https:\\\/\\\/capivari.sp.gov.br\\\/portal\\\/#\\\/schema\\\/logo\\\/image\\\/\",\"url\":\"https:\\\/\\\/capivari.sp.gov.br\\\/portal\\\/wp-content\\\/uploads\\\/2021\\\/09\\\/logo-prefeitura-de-capivari.png\",\"contentUrl\":\"https:\\\/\\\/capivari.sp.gov.br\\\/portal\\\/wp-content\\\/uploads\\\/2021\\\/09\\\/logo-prefeitura-de-capivari.png\",\"width\":200,\"height\":147,\"caption\":\"Prefeitura de Capivari\"},\"image\":{\"@id\":\"https:\\\/\\\/capivari.sp.gov.br\\\/portal\\\/#\\\/schema\\\/logo\\\/image\\\/\"},\"sameAs\":[\"https:\\\/\\\/www.facebook.com\\\/PrefeituradeCapivari\\\/\",\"https:\\\/\\\/x.com\\\/PrefCapivari\",\"https:\\\/\\\/www.instagram.com\\\/prefeituracapivari\\\/\"]},{\"@type\":\"Person\",\"@id\":\"https:\\\/\\\/capivari.sp.gov.br\\\/portal\\\/#\\\/schema\\\/person\\\/d7b1048525ce907b55245fe0fcaea2e5\",\"name\":\"Rafaella Uvini\",\"image\":{\"@type\":\"ImageObject\",\"inLanguage\":\"pt-BR\",\"@id\":\"https:\\\/\\\/secure.gravatar.com\\\/avatar\\\/698757f92517b418dbefa88732eb599ad7eed21dcca72e22815a04b2d6270e91?s=96&d=mm&r=g\",\"url\":\"https:\\\/\\\/secure.gravatar.com\\\/avatar\\\/698757f92517b418dbefa88732eb599ad7eed21dcca72e22815a04b2d6270e91?s=96&d=mm&r=g\",\"contentUrl\":\"https:\\\/\\\/secure.gravatar.com\\\/avatar\\\/698757f92517b418dbefa88732eb599ad7eed21dcca72e22815a04b2d6270e91?s=96&d=mm&r=g\",\"caption\":\"Rafaella Uvini\"},\"url\":\"https:\\\/\\\/capivari.sp.gov.br\\\/portal\\\/author\\\/rafaella-uvini\\\/\"}]}<\/script>\n<!-- \/ Yoast SEO plugin. -->","yoast_head_json":{"title":"Prefeito e Vice-Prefeito anunciam apostila e instrumentos musicais para a Rede Municipal de Ensino - Prefeitura de Capivari","robots":{"index":"index","follow":"follow","max-snippet":"max-snippet:-1","max-image-preview":"max-image-preview:large","max-video-preview":"max-video-preview:-1"},"canonical":"https:\/\/capivari.sp.gov.br\/portal\/prefeito-e-vice-prefeito-anunciam-apostila-e-instrumentos-musicais-para-a-rede-municipal-de-ensino\/","og_locale":"pt_BR","og_type":"article","og_title":"Prefeito e Vice-Prefeito anunciam apostila e instrumentos musicais para a Rede Municipal de Ensino - Prefeitura de Capivari","og_description":"Os alunos da Rede Municipal de Ensino ter\u00e3o mais uma novidade na volta \u00e0s aulas neste 2023. Em pronunciamento pelas redes sociais nesta quarta-feira, dia 18, o Prefeito de Capivari, Vit\u00e3o Riccomini, acompanhado do Vice-Prefeito, Bruno Barnab\u00e9, e do Secret\u00e1rio da Educa\u00e7\u00e3o, Jos\u00e9 Lucas de Moraes, fizeram mais um an\u00fancio importante. A partir deste ano [&hellip;]","og_url":"https:\/\/capivari.sp.gov.br\/portal\/prefeito-e-vice-prefeito-anunciam-apostila-e-instrumentos-musicais-para-a-rede-municipal-de-ensino\/","og_site_name":"Prefeitura de Capivari","article_publisher":"https:\/\/www.facebook.com\/PrefeituradeCapivari\/","article_published_time":"2023-01-19T14:05:54+00:00","og_image":[{"width":1280,"height":958,"url":"https:\/\/capivari.sp.gov.br\/portal\/wp-content\/uploads\/2023\/01\/WhatsApp-Image-2023-01-19-at-10.47.13.jpeg","type":"image\/jpeg"}],"author":"Rafaella Uvini","twitter_card":"summary_large_image","twitter_creator":"@PrefCapivari","twitter_site":"@PrefCapivari","twitter_misc":{"Escrito por":"Rafaella Uvini","Est. tempo de leitura":"3 minutos"},"schema":{"@context":"https:\/\/schema.org","@graph":[{"@type":"Article","@id":"https:\/\/capivari.sp.gov.br\/portal\/prefeito-e-vice-prefeito-anunciam-apostila-e-instrumentos-musicais-para-a-rede-municipal-de-ensino\/#article","isPartOf":{"@id":"https:\/\/capivari.sp.gov.br\/portal\/prefeito-e-vice-prefeito-anunciam-apostila-e-instrumentos-musicais-para-a-rede-municipal-de-ensino\/"},"author":{"name":"Rafaella Uvini","@id":"https:\/\/capivari.sp.gov.br\/portal\/#\/schema\/person\/d7b1048525ce907b55245fe0fcaea2e5"},"headline":"Prefeito e Vice-Prefeito anunciam apostila e instrumentos musicais para a Rede Municipal de Ensino","datePublished":"2023-01-19T14:05:54+00:00","mainEntityOfPage":{"@id":"https:\/\/capivari.sp.gov.br\/portal\/prefeito-e-vice-prefeito-anunciam-apostila-e-instrumentos-musicais-para-a-rede-municipal-de-ensino\/"},"wordCount":426,"commentCount":0,"publisher":{"@id":"https:\/\/capivari.sp.gov.br\/portal\/#organization"},"image":{"@id":"https:\/\/capivari.sp.gov.br\/portal\/prefeito-e-vice-prefeito-anunciam-apostila-e-instrumentos-musicais-para-a-rede-municipal-de-ensino\/#primaryimage"},"thumbnailUrl":"https:\/\/capivari.sp.gov.br\/portal\/wp-content\/uploads\/2023\/01\/WhatsApp-Image-2023-01-19-at-10.47.13.jpeg","articleSection":["Destaque","Educa\u00e7\u00e3o","Geral"],"inLanguage":"pt-BR","potentialAction":[{"@type":"CommentAction","name":"Comment","target":["https:\/\/capivari.sp.gov.br\/portal\/prefeito-e-vice-prefeito-anunciam-apostila-e-instrumentos-musicais-para-a-rede-municipal-de-ensino\/#respond"]}]},{"@type":"WebPage","@id":"https:\/\/capivari.sp.gov.br\/portal\/prefeito-e-vice-prefeito-anunciam-apostila-e-instrumentos-musicais-para-a-rede-municipal-de-ensino\/","url":"https:\/\/capivari.sp.gov.br\/portal\/prefeito-e-vice-prefeito-anunciam-apostila-e-instrumentos-musicais-para-a-rede-municipal-de-ensino\/","name":"Prefeito e Vice-Prefeito anunciam apostila e instrumentos musicais para a Rede Municipal de Ensino - Prefeitura de Capivari","isPartOf":{"@id":"https:\/\/capivari.sp.gov.br\/portal\/#website"},"primaryImageOfPage":{"@id":"https:\/\/capivari.sp.gov.br\/portal\/prefeito-e-vice-prefeito-anunciam-apostila-e-instrumentos-musicais-para-a-rede-municipal-de-ensino\/#primaryimage"},"image":{"@id":"https:\/\/capivari.sp.gov.br\/portal\/prefeito-e-vice-prefeito-anunciam-apostila-e-instrumentos-musicais-para-a-rede-municipal-de-ensino\/#primaryimage"},"thumbnailUrl":"https:\/\/capivari.sp.gov.br\/portal\/wp-content\/uploads\/2023\/01\/WhatsApp-Image-2023-01-19-at-10.47.13.jpeg","datePublished":"2023-01-19T14:05:54+00:00","breadcrumb":{"@id":"https:\/\/capivari.sp.gov.br\/portal\/prefeito-e-vice-prefeito-anunciam-apostila-e-instrumentos-musicais-para-a-rede-municipal-de-ensino\/#breadcrumb"},"inLanguage":"pt-BR","potentialAction":[{"@type":"ReadAction","target":["https:\/\/capivari.sp.gov.br\/portal\/prefeito-e-vice-prefeito-anunciam-apostila-e-instrumentos-musicais-para-a-rede-municipal-de-ensino\/"]}]},{"@type":"ImageObject","inLanguage":"pt-BR","@id":"https:\/\/capivari.sp.gov.br\/portal\/prefeito-e-vice-prefeito-anunciam-apostila-e-instrumentos-musicais-para-a-rede-municipal-de-ensino\/#primaryimage","url":"https:\/\/capivari.sp.gov.br\/portal\/wp-content\/uploads\/2023\/01\/WhatsApp-Image-2023-01-19-at-10.47.13.jpeg","contentUrl":"https:\/\/capivari.sp.gov.br\/portal\/wp-content\/uploads\/2023\/01\/WhatsApp-Image-2023-01-19-at-10.47.13.jpeg","width":1280,"height":958},{"@type":"BreadcrumbList","@id":"https:\/\/capivari.sp.gov.br\/portal\/prefeito-e-vice-prefeito-anunciam-apostila-e-instrumentos-musicais-para-a-rede-municipal-de-ensino\/#breadcrumb","itemListElement":[{"@type":"ListItem","position":1,"name":"In\u00edcio","item":"https:\/\/capivari.sp.gov.br\/portal\/"},{"@type":"ListItem","position":2,"name":"Prefeito e Vice-Prefeito anunciam apostila e instrumentos musicais para a Rede Municipal de Ensino"}]},{"@type":"WebSite","@id":"https:\/\/capivari.sp.gov.br\/portal\/#website","url":"https:\/\/capivari.sp.gov.br\/portal\/","name":"Prefeitura de Capivari","description":"Prefeitura de Capivari","publisher":{"@id":"https:\/\/capivari.sp.gov.br\/portal\/#organization"},"potentialAction":[{"@type":"SearchAction","target":{"@type":"EntryPoint","urlTemplate":"https:\/\/capivari.sp.gov.br\/portal\/?s={search_term_string}"},"query-input":{"@type":"PropertyValueSpecification","valueRequired":true,"valueName":"search_term_string"}}],"inLanguage":"pt-BR"},{"@type":"Organization","@id":"https:\/\/capivari.sp.gov.br\/portal\/#organization","name":"Prefeitura de Capivari","url":"https:\/\/capivari.sp.gov.br\/portal\/","logo":{"@type":"ImageObject","inLanguage":"pt-BR","@id":"https:\/\/capivari.sp.gov.br\/portal\/#\/schema\/logo\/image\/","url":"https:\/\/capivari.sp.gov.br\/portal\/wp-content\/uploads\/2021\/09\/logo-prefeitura-de-capivari.png","contentUrl":"https:\/\/capivari.sp.gov.br\/portal\/wp-content\/uploads\/2021\/09\/logo-prefeitura-de-capivari.png","width":200,"height":147,"caption":"Prefeitura de Capivari"},"image":{"@id":"https:\/\/capivari.sp.gov.br\/portal\/#\/schema\/logo\/image\/"},"sameAs":["https:\/\/www.facebook.com\/PrefeituradeCapivari\/","https:\/\/x.com\/PrefCapivari","https:\/\/www.instagram.com\/prefeituracapivari\/"]},{"@type":"Person","@id":"https:\/\/capivari.sp.gov.br\/portal\/#\/schema\/person\/d7b1048525ce907b55245fe0fcaea2e5","name":"Rafaella Uvini","image":{"@type":"ImageObject","inLanguage":"pt-BR","@id":"https:\/\/secure.gravatar.com\/avatar\/698757f92517b418dbefa88732eb599ad7eed21dcca72e22815a04b2d6270e91?s=96&d=mm&r=g","url":"https:\/\/secure.gravatar.com\/avatar\/698757f92517b418dbefa88732eb599ad7eed21dcca72e22815a04b2d6270e91?s=96&d=mm&r=g","contentUrl":"https:\/\/secure.gravatar.com\/avatar\/698757f92517b418dbefa88732eb599ad7eed21dcca72e22815a04b2d6270e91?s=96&d=mm&r=g","caption":"Rafaella Uvini"},"url":"https:\/\/capivari.sp.gov.br\/portal\/author\/rafaella-uvini\/"}]}},"_links":{"self":[{"href":"https:\/\/capivari.sp.gov.br\/portal\/wp-json\/wp\/v2\/posts\/8183","targetHints":{"allow":["GET"]}}],"collection":[{"href":"https:\/\/capivari.sp.gov.br\/portal\/wp-json\/wp\/v2\/posts"}],"about":[{"href":"https:\/\/capivari.sp.gov.br\/portal\/wp-json\/wp\/v2\/types\/post"}],"author":[{"embeddable":true,"href":"https:\/\/capivari.sp.gov.br\/portal\/wp-json\/wp\/v2\/users\/3"}],"replies":[{"embeddable":true,"href":"https:\/\/capivari.sp.gov.br\/portal\/wp-json\/wp\/v2\/comments?post=8183"}],"version-history":[{"count":1,"href":"https:\/\/capivari.sp.gov.br\/portal\/wp-json\/wp\/v2\/posts\/8183\/revisions"}],"predecessor-version":[{"id":8185,"href":"https:\/\/capivari.sp.gov.br\/portal\/wp-json\/wp\/v2\/posts\/8183\/revisions\/8185"}],"wp:featuredmedia":[{"embeddable":true,"href":"https:\/\/capivari.sp.gov.br\/portal\/wp-json\/wp\/v2\/media\/8184"}],"wp:attachment":[{"href":"https:\/\/capivari.sp.gov.br\/portal\/wp-json\/wp\/v2\/media?parent=8183"}],"wp:term":[{"taxonomy":"category","embeddable":true,"href":"https:\/\/capivari.sp.gov.br\/portal\/wp-json\/wp\/v2\/categories?post=8183"},{"taxonomy":"post_tag","embeddable":true,"href":"https:\/\/capivari.sp.gov.br\/portal\/wp-json\/wp\/v2\/tags?post=8183"}],"curies":[{"name":"wp","href":"https:\/\/api.w.org\/{rel}","templated":true}]}}